{"id":21290,"date":"2025-03-03T09:10:15","date_gmt":"2025-03-03T08:10:15","guid":{"rendered":"https:\/\/www.fitt.com\/?p=21290"},"modified":"2025-03-04T09:28:11","modified_gmt":"2025-03-04T08:28:11","slug":"fitt-aderisce-a-make-it-zero-un-passo-decisivo-verso-la-decarbonizzazione-del-settore-del-fai-da-te","status":"publish","type":"post","link":"https:\/\/www.fitt.com\/it\/news\/fitt-aderisce-a-make-it-zero-un-passo-decisivo-verso-la-decarbonizzazione-del-settore-del-fai-da-te\/","title":{"rendered":"FITT aderisce a Make It Zero, un passo decisivo verso la decarbonizzazione del settore del fai-da-te"},"content":{"rendered":"<p>La divisione Garden di FITT annuncia il suo ingresso in <strong>Make It Zero, l&#8217;iniziativa globale lanciata da EDRA\/GHIN per fronteggiare le emissioni di gas serra nel settore del fai-da-te<\/strong>. Con un focus particolare sulle emissioni Scope 3, Make It Zero mira a mobilitare rivenditori e fornitori di tutto il mondo per collaborare ed espandere le iniziative di decarbonizzazione.<\/p>\n<h2><strong>Obiettivi e impegno condivisi<\/strong><\/h2>\n<p>Make It Zero fornisce strumenti e una rete collaborativa per permettere alle aziende di interagire efficacemente con le loro catene di fornitura, nonch\u00e9 di calcolare e di ridurre <strong>le emissioni Scope 3<\/strong>. Queste emissioni, <strong>generate indirettamente dalla catena di fornitura e dall&#8217;uso e lo smaltimento dei prodotti<\/strong>, sono spesso le pi\u00f9 difficili da controllare e ridurre.<\/p>\n<p>Per potenziare ulteriormente questo impegno, EDRA\/GHIN, che rappresenta 230 aziende del settore del fai-da-te in 78 paesi, ha richiesto a tutti i membri di <strong>firmare un impegno formale<\/strong> per la decarbonizzazione di Scope 3. Tale impegno assicura che le aziende affrontino non solo le proprie emissioni operative, ma anche quelle della propria catena di fornitura.<\/p>\n<h2><strong>Un&#8217;azione globale guidata da leader del settore<\/strong><\/h2>\n<p>L&#8217;iniziativa \u00e8 stata presentata per la prima volta nel giugno 2023 da Thierry Garnier, Presidente di EDRA\/GHIN e CEO di Kingfisher, e John W. Herbert, Segretario Generale di EDRA\/GHIN, durante il 9\u00b0 Global DIY Summit a Berlino. Successivamente, nel corso dell&#8217;anno, \u00e8 stata annunciata una partnership con Ricardo, una rinomata societ\u00e0 di consulenza ambientale e ingegneristica, per aiutare il settore a identificare e ridurre le emissioni di Scope 3.<\/p>\n<p>Insieme hanno sviluppato una strategia e una tabella di marcia per Scope 3, delineando una serie di azioni chiare che i rivenditori del settore del fai-da-te possono intraprendere per accelerare la decarbonizzazione della catena del valore.<\/p>\n<p>Nel settembre 2024, l&#8217;iniziativa Scope 3 \u00e8 stata ufficialmente rinominata in Make it Zero.<\/p>\n<h2><strong>Verso un futuro pi\u00f9 sostenibile con Make It Zero<\/strong><\/h2>\n<p>L\u2019ingresso in Make It Zero segna un passo ulteriore nel percorso di FITT verso la sostenibilit\u00e0, aprendo a nuove opportunit\u00e0 di collaborazione e condivisione di risorse e conoscenze.<br \/>\nFITT, gi\u00e0 Societ\u00e0 Benefit e certificata B-Corp dal 2024, prosegue quindi il suo impegno ambientale sulla linea gi\u00e0 tracciata con la strategia di sostenibilit\u00e0 &#8220;The Responsible Flow&#8221;, che mira a ottimizzare l&#8217;impatto ambientale dell&#8217;azienda in tutti i suoi aspetti operativi.<\/p>\n<p>Per maggiori dettagli sulla strategia e la roadmap di Scope 3, <a href=\"https:\/\/www.makeit-zero.com\/\" target=\"_blank\" rel=\"noopener\">visita il sito Make It Zero<\/a>.<br \/>\nPer tutti i dettagli sull&#8217;impegno di FITT in ambito sostenibilit\u00e0, <a href=\"https:\/\/www.fitt.com\/it\/sostenibilita\/\" target=\"_blank\" rel=\"noopener\">visita la sezione del sito dedicata<\/a>.<\/p>\n","protected":false},"excerpt":{"rendered":"<p>La divisione Garden di FITT annuncia il suo ingresso in Make It Zero, l&#8217;iniziativa globale lanciata da EDRA\/GHIN per fronteggiare le emissioni di gas serra nel settore del fai-da-te. Con un focus particolare sulle emissioni Scope 3, Make It Zero mira a mobilitare rivenditori e fornitori di tutto il mondo per collaborare ed espandere le [&hellip;]<\/p>\n","protected":false},"author":5,"featured_media":21297,"comment_status":"closed","ping_status":"closed","sticky":false,"template":"","format":"standard","meta":{"_acf_changed":false,"footnotes":""},"categories":[16,121,24],"tags":[],"class_list":["post-21290","post","type-post","status-publish","format-standard","has-post-thumbnail","hentry","category-garden","category-news-en","category-sustainability"],"acf":[],"yoast_head":"<!-- This site is optimized with the Yoast SEO Premium plugin v24.1 (Yoast SEO v27.3) - https:\/\/yoast.com\/product\/yoast-seo-premium-wordpress\/ -->\n<title>FITT aderisce a Make It Zero, un passo decisivo verso la decarbonizzazione del settore del fai-da-te - FITT<\/title>\n<meta name=\"robots\" content=\"index, follow, max-snippet:-1, max-image-preview:large, max-video-preview:-1\" \/>\n<link rel=\"canonical\" href=\"https:\/\/www.fitt.com\/it\/news\/fitt-aderisce-a-make-it-zero-un-passo-decisivo-verso-la-decarbonizzazione-del-settore-del-fai-da-te\/\" \/>\n<meta property=\"og:locale\" content=\"it_IT\" \/>\n<meta property=\"og:type\" content=\"article\" \/>\n<meta property=\"og:title\" content=\"FITT aderisce a Make It Zero, un passo decisivo verso la decarbonizzazione del settore del fai-da-te\" \/>\n<meta property=\"og:description\" content=\"La divisione Garden di FITT annuncia il suo ingresso in Make It Zero, l&#8217;iniziativa globale lanciata da EDRA\/GHIN per fronteggiare le emissioni di gas serra nel settore del fai-da-te. Con un focus particolare sulle emissioni Scope 3, Make It Zero mira a mobilitare rivenditori e fornitori di tutto il mondo per collaborare ed espandere le [&hellip;]\" \/>\n<meta property=\"og:url\" content=\"https:\/\/www.fitt.com\/it\/news\/fitt-aderisce-a-make-it-zero-un-passo-decisivo-verso-la-decarbonizzazione-del-settore-del-fai-da-te\/\" \/>\n<meta property=\"og:site_name\" content=\"FITT\" \/>\n<meta property=\"article:published_time\" content=\"2025-03-03T08:10:15+00:00\" \/>\n<meta property=\"article:modified_time\" content=\"2025-03-04T08:28:11+00:00\" \/>\n<meta property=\"og:image\" content=\"https:\/\/www.fitt.com\/wp-content\/uploads\/2025\/03\/make-it-zero-fitt-1.jpg\" \/>\n\t<meta property=\"og:image:width\" content=\"1200\" \/>\n\t<meta property=\"og:image:height\" content=\"456\" \/>\n\t<meta property=\"og:image:type\" content=\"image\/jpeg\" \/>\n<meta name=\"author\" content=\"digital-team\" \/>\n<meta name=\"twitter:card\" content=\"summary_large_image\" \/>\n<meta name=\"twitter:label1\" content=\"Scritto da\" \/>\n\t<meta name=\"twitter:data1\" content=\"digital-team\" \/>\n\t<meta name=\"twitter:label2\" content=\"Tempo di lettura stimato\" \/>\n\t<meta name=\"twitter:data2\" content=\"2 minuti\" \/>\n<script type=\"application\/ld+json\" class=\"yoast-schema-graph\">{\"@context\":\"https:\\\/\\\/schema.org\",\"@graph\":[{\"@type\":\"Article\",\"@id\":\"https:\\\/\\\/www.fitt.com\\\/it\\\/news\\\/fitt-aderisce-a-make-it-zero-un-passo-decisivo-verso-la-decarbonizzazione-del-settore-del-fai-da-te\\\/#article\",\"isPartOf\":{\"@id\":\"https:\\\/\\\/www.fitt.com\\\/it\\\/news\\\/fitt-aderisce-a-make-it-zero-un-passo-decisivo-verso-la-decarbonizzazione-del-settore-del-fai-da-te\\\/\"},\"author\":{\"name\":\"digital-team\",\"@id\":\"https:\\\/\\\/www.fitt.com\\\/it\\\/#\\\/schema\\\/person\\\/dcf4ccbfb4c9980e6a3babe2db2acb48\"},\"headline\":\"FITT aderisce a Make It Zero, un passo decisivo verso la decarbonizzazione del settore del fai-da-te\",\"datePublished\":\"2025-03-03T08:10:15+00:00\",\"dateModified\":\"2025-03-04T08:28:11+00:00\",\"mainEntityOfPage\":{\"@id\":\"https:\\\/\\\/www.fitt.com\\\/it\\\/news\\\/fitt-aderisce-a-make-it-zero-un-passo-decisivo-verso-la-decarbonizzazione-del-settore-del-fai-da-te\\\/\"},\"wordCount\":423,\"publisher\":{\"@id\":\"https:\\\/\\\/www.fitt.com\\\/it\\\/#organization\"},\"image\":{\"@id\":\"https:\\\/\\\/www.fitt.com\\\/it\\\/news\\\/fitt-aderisce-a-make-it-zero-un-passo-decisivo-verso-la-decarbonizzazione-del-settore-del-fai-da-te\\\/#primaryimage\"},\"thumbnailUrl\":\"https:\\\/\\\/www.fitt.com\\\/wp-content\\\/uploads\\\/2025\\\/03\\\/make-it-zero-fitt-1.jpg\",\"articleSection\":[\"Garden\",\"News\",\"Sustainability\"],\"inLanguage\":\"it-IT\"},{\"@type\":\"WebPage\",\"@id\":\"https:\\\/\\\/www.fitt.com\\\/it\\\/news\\\/fitt-aderisce-a-make-it-zero-un-passo-decisivo-verso-la-decarbonizzazione-del-settore-del-fai-da-te\\\/\",\"url\":\"https:\\\/\\\/www.fitt.com\\\/it\\\/news\\\/fitt-aderisce-a-make-it-zero-un-passo-decisivo-verso-la-decarbonizzazione-del-settore-del-fai-da-te\\\/\",\"name\":\"FITT aderisce a Make It Zero, un passo decisivo verso la decarbonizzazione del settore del fai-da-te - FITT\",\"isPartOf\":{\"@id\":\"https:\\\/\\\/www.fitt.com\\\/it\\\/#website\"},\"primaryImageOfPage\":{\"@id\":\"https:\\\/\\\/www.fitt.com\\\/it\\\/news\\\/fitt-aderisce-a-make-it-zero-un-passo-decisivo-verso-la-decarbonizzazione-del-settore-del-fai-da-te\\\/#primaryimage\"},\"image\":{\"@id\":\"https:\\\/\\\/www.fitt.com\\\/it\\\/news\\\/fitt-aderisce-a-make-it-zero-un-passo-decisivo-verso-la-decarbonizzazione-del-settore-del-fai-da-te\\\/#primaryimage\"},\"thumbnailUrl\":\"https:\\\/\\\/www.fitt.com\\\/wp-content\\\/uploads\\\/2025\\\/03\\\/make-it-zero-fitt-1.jpg\",\"datePublished\":\"2025-03-03T08:10:15+00:00\",\"dateModified\":\"2025-03-04T08:28:11+00:00\",\"breadcrumb\":{\"@id\":\"https:\\\/\\\/www.fitt.com\\\/it\\\/news\\\/fitt-aderisce-a-make-it-zero-un-passo-decisivo-verso-la-decarbonizzazione-del-settore-del-fai-da-te\\\/#breadcrumb\"},\"inLanguage\":\"it-IT\",\"potentialAction\":[{\"@type\":\"ReadAction\",\"target\":[\"https:\\\/\\\/www.fitt.com\\\/it\\\/news\\\/fitt-aderisce-a-make-it-zero-un-passo-decisivo-verso-la-decarbonizzazione-del-settore-del-fai-da-te\\\/\"]}]},{\"@type\":\"ImageObject\",\"inLanguage\":\"it-IT\",\"@id\":\"https:\\\/\\\/www.fitt.com\\\/it\\\/news\\\/fitt-aderisce-a-make-it-zero-un-passo-decisivo-verso-la-decarbonizzazione-del-settore-del-fai-da-te\\\/#primaryimage\",\"url\":\"https:\\\/\\\/www.fitt.com\\\/wp-content\\\/uploads\\\/2025\\\/03\\\/make-it-zero-fitt-1.jpg\",\"contentUrl\":\"https:\\\/\\\/www.fitt.com\\\/wp-content\\\/uploads\\\/2025\\\/03\\\/make-it-zero-fitt-1.jpg\",\"width\":1200,\"height\":456},{\"@type\":\"BreadcrumbList\",\"@id\":\"https:\\\/\\\/www.fitt.com\\\/it\\\/news\\\/fitt-aderisce-a-make-it-zero-un-passo-decisivo-verso-la-decarbonizzazione-del-settore-del-fai-da-te\\\/#breadcrumb\",\"itemListElement\":[{\"@type\":\"ListItem\",\"position\":1,\"name\":\"Home\",\"item\":\"https:\\\/\\\/www.fitt.com\\\/it\\\/\"},{\"@type\":\"ListItem\",\"position\":2,\"name\":\"FITT aderisce a Make It Zero, un passo decisivo verso la decarbonizzazione del settore del fai-da-te\"}]},{\"@type\":\"WebSite\",\"@id\":\"https:\\\/\\\/www.fitt.com\\\/it\\\/#website\",\"url\":\"https:\\\/\\\/www.fitt.com\\\/it\\\/\",\"name\":\"FITT\",\"description\":\"FITT Spa\",\"publisher\":{\"@id\":\"https:\\\/\\\/www.fitt.com\\\/it\\\/#organization\"},\"potentialAction\":[{\"@type\":\"SearchAction\",\"target\":{\"@type\":\"EntryPoint\",\"urlTemplate\":\"https:\\\/\\\/www.fitt.com\\\/it\\\/?s={search_term_string}\"},\"query-input\":{\"@type\":\"PropertyValueSpecification\",\"valueRequired\":true,\"valueName\":\"search_term_string\"}}],\"inLanguage\":\"it-IT\"},{\"@type\":\"Organization\",\"@id\":\"https:\\\/\\\/www.fitt.com\\\/it\\\/#organization\",\"name\":\"Fitt SPA\",\"url\":\"https:\\\/\\\/www.fitt.com\\\/it\\\/\",\"logo\":{\"@type\":\"ImageObject\",\"inLanguage\":\"it-IT\",\"@id\":\"https:\\\/\\\/www.fitt.com\\\/it\\\/#\\\/schema\\\/logo\\\/image\\\/\",\"url\":\"https:\\\/\\\/www.fitt.com\\\/wp-content\\\/uploads\\\/2022\\\/05\\\/logo-light.png\",\"contentUrl\":\"https:\\\/\\\/www.fitt.com\\\/wp-content\\\/uploads\\\/2022\\\/05\\\/logo-light.png\",\"width\":827,\"height\":508,\"caption\":\"Fitt SPA\"},\"image\":{\"@id\":\"https:\\\/\\\/www.fitt.com\\\/it\\\/#\\\/schema\\\/logo\\\/image\\\/\"}},{\"@type\":\"Person\",\"@id\":\"https:\\\/\\\/www.fitt.com\\\/it\\\/#\\\/schema\\\/person\\\/dcf4ccbfb4c9980e6a3babe2db2acb48\",\"name\":\"digital-team\"}]}<\/script>\n<!-- \/ Yoast SEO Premium plugin. -->","yoast_head_json":{"title":"FITT aderisce a Make It Zero, un passo decisivo verso la decarbonizzazione del settore del fai-da-te - FITT","robots":{"index":"index","follow":"follow","max-snippet":"max-snippet:-1","max-image-preview":"max-image-preview:large","max-video-preview":"max-video-preview:-1"},"canonical":"https:\/\/www.fitt.com\/it\/news\/fitt-aderisce-a-make-it-zero-un-passo-decisivo-verso-la-decarbonizzazione-del-settore-del-fai-da-te\/","og_locale":"it_IT","og_type":"article","og_title":"FITT aderisce a Make It Zero, un passo decisivo verso la decarbonizzazione del settore del fai-da-te","og_description":"La divisione Garden di FITT annuncia il suo ingresso in Make It Zero, l&#8217;iniziativa globale lanciata da EDRA\/GHIN per fronteggiare le emissioni di gas serra nel settore del fai-da-te. Con un focus particolare sulle emissioni Scope 3, Make It Zero mira a mobilitare rivenditori e fornitori di tutto il mondo per collaborare ed espandere le [&hellip;]","og_url":"https:\/\/www.fitt.com\/it\/news\/fitt-aderisce-a-make-it-zero-un-passo-decisivo-verso-la-decarbonizzazione-del-settore-del-fai-da-te\/","og_site_name":"FITT","article_published_time":"2025-03-03T08:10:15+00:00","article_modified_time":"2025-03-04T08:28:11+00:00","og_image":[{"width":1200,"height":456,"url":"https:\/\/www.fitt.com\/wp-content\/uploads\/2025\/03\/make-it-zero-fitt-1.jpg","type":"image\/jpeg"}],"author":"digital-team","twitter_card":"summary_large_image","twitter_misc":{"Scritto da":"digital-team","Tempo di lettura stimato":"2 minuti"},"schema":{"@context":"https:\/\/schema.org","@graph":[{"@type":"Article","@id":"https:\/\/www.fitt.com\/it\/news\/fitt-aderisce-a-make-it-zero-un-passo-decisivo-verso-la-decarbonizzazione-del-settore-del-fai-da-te\/#article","isPartOf":{"@id":"https:\/\/www.fitt.com\/it\/news\/fitt-aderisce-a-make-it-zero-un-passo-decisivo-verso-la-decarbonizzazione-del-settore-del-fai-da-te\/"},"author":{"name":"digital-team","@id":"https:\/\/www.fitt.com\/it\/#\/schema\/person\/dcf4ccbfb4c9980e6a3babe2db2acb48"},"headline":"FITT aderisce a Make It Zero, un passo decisivo verso la decarbonizzazione del settore del fai-da-te","datePublished":"2025-03-03T08:10:15+00:00","dateModified":"2025-03-04T08:28:11+00:00","mainEntityOfPage":{"@id":"https:\/\/www.fitt.com\/it\/news\/fitt-aderisce-a-make-it-zero-un-passo-decisivo-verso-la-decarbonizzazione-del-settore-del-fai-da-te\/"},"wordCount":423,"publisher":{"@id":"https:\/\/www.fitt.com\/it\/#organization"},"image":{"@id":"https:\/\/www.fitt.com\/it\/news\/fitt-aderisce-a-make-it-zero-un-passo-decisivo-verso-la-decarbonizzazione-del-settore-del-fai-da-te\/#primaryimage"},"thumbnailUrl":"https:\/\/www.fitt.com\/wp-content\/uploads\/2025\/03\/make-it-zero-fitt-1.jpg","articleSection":["Garden","News","Sustainability"],"inLanguage":"it-IT"},{"@type":"WebPage","@id":"https:\/\/www.fitt.com\/it\/news\/fitt-aderisce-a-make-it-zero-un-passo-decisivo-verso-la-decarbonizzazione-del-settore-del-fai-da-te\/","url":"https:\/\/www.fitt.com\/it\/news\/fitt-aderisce-a-make-it-zero-un-passo-decisivo-verso-la-decarbonizzazione-del-settore-del-fai-da-te\/","name":"FITT aderisce a Make It Zero, un passo decisivo verso la decarbonizzazione del settore del fai-da-te - FITT","isPartOf":{"@id":"https:\/\/www.fitt.com\/it\/#website"},"primaryImageOfPage":{"@id":"https:\/\/www.fitt.com\/it\/news\/fitt-aderisce-a-make-it-zero-un-passo-decisivo-verso-la-decarbonizzazione-del-settore-del-fai-da-te\/#primaryimage"},"image":{"@id":"https:\/\/www.fitt.com\/it\/news\/fitt-aderisce-a-make-it-zero-un-passo-decisivo-verso-la-decarbonizzazione-del-settore-del-fai-da-te\/#primaryimage"},"thumbnailUrl":"https:\/\/www.fitt.com\/wp-content\/uploads\/2025\/03\/make-it-zero-fitt-1.jpg","datePublished":"2025-03-03T08:10:15+00:00","dateModified":"2025-03-04T08:28:11+00:00","breadcrumb":{"@id":"https:\/\/www.fitt.com\/it\/news\/fitt-aderisce-a-make-it-zero-un-passo-decisivo-verso-la-decarbonizzazione-del-settore-del-fai-da-te\/#breadcrumb"},"inLanguage":"it-IT","potentialAction":[{"@type":"ReadAction","target":["https:\/\/www.fitt.com\/it\/news\/fitt-aderisce-a-make-it-zero-un-passo-decisivo-verso-la-decarbonizzazione-del-settore-del-fai-da-te\/"]}]},{"@type":"ImageObject","inLanguage":"it-IT","@id":"https:\/\/www.fitt.com\/it\/news\/fitt-aderisce-a-make-it-zero-un-passo-decisivo-verso-la-decarbonizzazione-del-settore-del-fai-da-te\/#primaryimage","url":"https:\/\/www.fitt.com\/wp-content\/uploads\/2025\/03\/make-it-zero-fitt-1.jpg","contentUrl":"https:\/\/www.fitt.com\/wp-content\/uploads\/2025\/03\/make-it-zero-fitt-1.jpg","width":1200,"height":456},{"@type":"BreadcrumbList","@id":"https:\/\/www.fitt.com\/it\/news\/fitt-aderisce-a-make-it-zero-un-passo-decisivo-verso-la-decarbonizzazione-del-settore-del-fai-da-te\/#breadcrumb","itemListElement":[{"@type":"ListItem","position":1,"name":"Home","item":"https:\/\/www.fitt.com\/it\/"},{"@type":"ListItem","position":2,"name":"FITT aderisce a Make It Zero, un passo decisivo verso la decarbonizzazione del settore del fai-da-te"}]},{"@type":"WebSite","@id":"https:\/\/www.fitt.com\/it\/#website","url":"https:\/\/www.fitt.com\/it\/","name":"FITT","description":"FITT Spa","publisher":{"@id":"https:\/\/www.fitt.com\/it\/#organization"},"potentialAction":[{"@type":"SearchAction","target":{"@type":"EntryPoint","urlTemplate":"https:\/\/www.fitt.com\/it\/?s={search_term_string}"},"query-input":{"@type":"PropertyValueSpecification","valueRequired":true,"valueName":"search_term_string"}}],"inLanguage":"it-IT"},{"@type":"Organization","@id":"https:\/\/www.fitt.com\/it\/#organization","name":"Fitt SPA","url":"https:\/\/www.fitt.com\/it\/","logo":{"@type":"ImageObject","inLanguage":"it-IT","@id":"https:\/\/www.fitt.com\/it\/#\/schema\/logo\/image\/","url":"https:\/\/www.fitt.com\/wp-content\/uploads\/2022\/05\/logo-light.png","contentUrl":"https:\/\/www.fitt.com\/wp-content\/uploads\/2022\/05\/logo-light.png","width":827,"height":508,"caption":"Fitt SPA"},"image":{"@id":"https:\/\/www.fitt.com\/it\/#\/schema\/logo\/image\/"}},{"@type":"Person","@id":"https:\/\/www.fitt.com\/it\/#\/schema\/person\/dcf4ccbfb4c9980e6a3babe2db2acb48","name":"digital-team"}]}},"_links":{"self":[{"href":"https:\/\/www.fitt.com\/it\/wp-json\/wp\/v2\/posts\/21290","targetHints":{"allow":["GET"]}}],"collection":[{"href":"https:\/\/www.fitt.com\/it\/wp-json\/wp\/v2\/posts"}],"about":[{"href":"https:\/\/www.fitt.com\/it\/wp-json\/wp\/v2\/types\/post"}],"author":[{"embeddable":true,"href":"https:\/\/www.fitt.com\/it\/wp-json\/wp\/v2\/users\/5"}],"replies":[{"embeddable":true,"href":"https:\/\/www.fitt.com\/it\/wp-json\/wp\/v2\/comments?post=21290"}],"version-history":[{"count":3,"href":"https:\/\/www.fitt.com\/it\/wp-json\/wp\/v2\/posts\/21290\/revisions"}],"predecessor-version":[{"id":21333,"href":"https:\/\/www.fitt.com\/it\/wp-json\/wp\/v2\/posts\/21290\/revisions\/21333"}],"wp:featuredmedia":[{"embeddable":true,"href":"https:\/\/www.fitt.com\/it\/wp-json\/wp\/v2\/media\/21297"}],"wp:attachment":[{"href":"https:\/\/www.fitt.com\/it\/wp-json\/wp\/v2\/media?parent=21290"}],"wp:term":[{"taxonomy":"category","embeddable":true,"href":"https:\/\/www.fitt.com\/it\/wp-json\/wp\/v2\/categories?post=21290"},{"taxonomy":"post_tag","embeddable":true,"href":"https:\/\/www.fitt.com\/it\/wp-json\/wp\/v2\/tags?post=21290"}],"curies":[{"name":"wp","href":"https:\/\/api.w.org\/{rel}","templated":true}]}}