{"id":1682,"date":"2021-11-08T00:00:00","date_gmt":"2021-11-07T23:00:00","guid":{"rendered":"https:\/\/www.fitt.com\/cop26-un-momento-decisivo-nella-lotta-ai-cambiamenti-climatici\/"},"modified":"2022-04-29T16:41:39","modified_gmt":"2022-04-29T14:41:39","slug":"cop26-un-momento-decisivo-nella-lotta-ai-cambiamenti-climatici","status":"publish","type":"post","link":"https:\/\/www.fitt.com\/it\/news\/cop26-un-momento-decisivo-nella-lotta-ai-cambiamenti-climatici\/","title":{"rendered":"COP26: un momento decisivo nella lotta ai cambiamenti climatici"},"content":{"rendered":"<p>Negli ultimi anni, il <strong>cambiamento climatico<\/strong> \u00e8 diventato una <strong>priorit\u00e0 globale<\/strong> perch\u00e9 i fenomeni climatici che il Pianeta affronta sono sempre pi\u00f9 estremi e frequenti. Le mutazioni climatiche in corso sono il risultato delle attivit\u00e0 umane, che nel tempo hanno generato un aumento fuori misura dei gas serra immessi nell\u0092atmosfera portando alla diffusione di fenomeni come: siccit\u00e0, inondazioni, crisi dei sistemi agricoli, crisi idrica, estinzione di specie, dissesto idrogeologico e diffusione di malattie.<\/p>\n<p>Dunque, bisogna agire per limitare il riscaldamento globale.<\/p>\n<p>\u00c8 su questo che verte la\u00a0<strong>COP26<\/strong> \u0096 il\u00a0<strong>26eismo vertice annuale delle Nazioni Unite\u00a0<\/strong><strong>sui cambiamenti climatici <\/strong>\u0096\u00a0presieduta dal Regno Unito,\u00a0in partenariato con l&#8217;Italia,\u00a0a\u00a0<strong>Glasgow<\/strong>,\u00a0in questi giorni, <strong>dal 31 ottobre al 12 novembre<\/strong>.<\/p>\n<p><strong>Un<\/strong> <strong>evento importante che vede riuniti i leader dei Paesi di tutto il mondo per raggiungere un accordo su come intensificare l&#8217;azione globale<\/strong> &#8211; attraverso la riduzione delle emissioni di gas a effetto serra, misure specifiche e finanziamenti a favore dell&#8217;azione per il clima \u0096 <strong>al fine di risolvere la crisi climatica<\/strong>. Un&#8217;opportunit\u00e0 per agire insieme e rapidamente.<\/p>\n<h2 class=\"text-align-center\"><strong>La nascita della COP e il ruolo dell&#8217;ONU<\/strong><\/h2>\n<p>La prima COP nasce ormai <strong>quasi 30 anni fa<\/strong> quando l\u0092ONU ha riunito per la prima volta i leader mondiali per affrontare insieme il tema dei cambiamenti climatici, invitandoli con l\u0092occasione a <strong>firmare una convenzione<\/strong> <strong>sul clima<\/strong> che avrebbe impegnato ciascun Paese a ridurre le emissioni di gas a effetto serra.<\/p>\n<p>Da quel momento, i Paesi firmatari della convenzione \u0096 denominati &#8220;parti&#8221; \u0096 si sono incontrati con cadenza annuale per discutere dei progressi fatti e delle nuove sfide da affrontare. Da qui il nome COP, <strong>&#8220;Conference of the parties\u0094<\/strong> (Conferenza delle parti), <strong>della convenzione delle Nazioni Unite sui cambiamenti climatici<\/strong> (UNFCCC &#8211; Convenzione quadro delle Nazioni Unite sui cambiamenti).<\/p>\n<h2 class=\"text-align-center\"><strong>Gli obiettivi della COP26<\/strong><\/h2>\n<p><strong>La COP26<\/strong>, rispetto alle precedenti edizioni, \u00e8 particolarmente impegnativa se si considera la sua <strong>straordinaria urgenza<\/strong>.<\/p>\n<p>Durante la COP21 del 2015, <strong>i Paesi coinvolti firmarono l\u0092Accordo di Parigi<\/strong> \u0096 il primo accordo universale e giuridicamente vincolante sui cambiamenti climatici \u0096, <strong>impegnandosi a collaborare<\/strong> <strong>per limitare l\u0092aumento della temperatura fino ad un massimo di 1,5 gradi<\/strong>, attraverso un piano nazionale indicante la misura della riduzione delle proprie emissioni.<\/p>\n<p>Questo per\u00f2 <strong>non \u00e8 pi\u00f9 sufficiente<\/strong> perch\u00e9 la finestra temporale, il 2030, entro cui raggiungere questo obiettivo si sta chiudendo. I Paesi dovranno andare ben oltre rispetto a quanto preventivato a Parigi aggiornando i loro piani d\u0092azione, soprattutto se si considera che molte delle promesse fatte in questi anni sono state talvolta disattese.<\/p>\n<p>Dai calcoli dell\u0092Ipcc (Gruppo intergovernativo sul cambiamento climatico),\u00a0infatti, <strong>all\u0092attuale tasso di emissioni,\u00a0la quantit\u00e0 di CO2<\/strong>\u00a0\u0096 ovvero il nostro carbon budget \u0096\u00a0<strong>che possiamo ancora emettere, per avere due possibilit\u00e0 su tre di non superare quella soglia, si esaurir\u00e0 tra circa sette anni<\/strong>.<\/p>\n<h2 class=\"text-align-center\"><strong>Cosa possiamo fare <\/strong><\/h2>\n<p><strong>La correlazione tra l&#8217;intervento dell&#8217;uomo e il cambiamento climatico \u00e8 fondamentale per aiutare il Pianeta<\/strong>.<\/p>\n<p>Oltre alle azioni di nazioni e governi, <strong>ciascuno di noi deve sentirsi coinvolto nella lotta ai cambiamenti climatici<\/strong> concentrandosi, come primo passo, sull\u0092efficienza e sul risparmio energetico.<\/p>\n<p><strong>Anche FITT si sta impegnando<\/strong> in questo senso, lavorando assieme ai propri collaboratori nello<strong> sviluppo di una strategia volta ad ridurre le proprie emissioni di CO2<\/strong>, anche attraverso sinergie con tutti gli attori della filiera, <strong>per tutelare e proteggere gli ecosistemi naturali e la comunit\u00e0<\/strong>.<\/p>\n","protected":false},"excerpt":{"rendered":"<p>Negli ultimi anni, il cambiamento climatico \u00e8 diventato una priorit\u00e0 globale perch\u00e9 i fenomeni climatici che il Pianeta affronta sono sempre pi\u00f9 estremi e frequenti. Le mutazioni climatiche in corso sono il risultato delle attivit\u00e0 umane, che nel tempo hanno generato un aumento fuori misura dei gas serra immessi nell\u0092atmosfera portando alla diffusione di fenomeni [&hellip;]<\/p>\n","protected":false},"author":1,"featured_media":1726,"comment_status":"closed","ping_status":"open","sticky":false,"template":"","format":"standard","meta":{"_acf_changed":false,"footnotes":""},"categories":[20,24],"tags":[55],"class_list":["post-1682","post","type-post","status-publish","format-standard","has-post-thumbnail","hentry","category-non-categorizzato","category-sustainability","tag-testing"],"acf":[],"yoast_head":"<!-- This site is optimized with the Yoast SEO Premium plugin v24.1 (Yoast SEO v27.3) - https:\/\/yoast.com\/product\/yoast-seo-premium-wordpress\/ -->\n<title>COP26: un momento decisivo nella lotta ai cambiamenti climatici - FITT<\/title>\n<meta name=\"robots\" content=\"index, follow, max-snippet:-1, max-image-preview:large, max-video-preview:-1\" \/>\n<link rel=\"canonical\" href=\"https:\/\/www.fitt.com\/it\/news\/cop26-un-momento-decisivo-nella-lotta-ai-cambiamenti-climatici\/\" \/>\n<meta property=\"og:locale\" content=\"it_IT\" \/>\n<meta property=\"og:type\" content=\"article\" \/>\n<meta property=\"og:title\" content=\"COP26: un momento decisivo nella lotta ai cambiamenti climatici\" \/>\n<meta property=\"og:description\" content=\"Negli ultimi anni, il cambiamento climatico \u00e8 diventato una priorit\u00e0 globale perch\u00e9 i fenomeni climatici che il Pianeta affronta sono sempre pi\u00f9 estremi e frequenti. Le mutazioni climatiche in corso sono il risultato delle attivit\u00e0 umane, che nel tempo hanno generato un aumento fuori misura dei gas serra immessi nell\u0092atmosfera portando alla diffusione di fenomeni [&hellip;]\" \/>\n<meta property=\"og:url\" content=\"https:\/\/www.fitt.com\/it\/news\/cop26-un-momento-decisivo-nella-lotta-ai-cambiamenti-climatici\/\" \/>\n<meta property=\"og:site_name\" content=\"FITT\" \/>\n<meta property=\"article:published_time\" content=\"2021-11-07T23:00:00+00:00\" \/>\n<meta property=\"article:modified_time\" content=\"2022-04-29T14:41:39+00:00\" \/>\n<meta property=\"og:image\" content=\"https:\/\/www.fitt.com\/wp-content\/uploads\/2021\/11\/COP26-un-momento-decisivo-nella-lotta-ai-cambiamenti-climatici.jpg\" \/>\n\t<meta property=\"og:image:width\" content=\"1600\" \/>\n\t<meta property=\"og:image:height\" content=\"650\" \/>\n\t<meta property=\"og:image:type\" content=\"image\/jpeg\" \/>\n<meta name=\"author\" content=\"system\" \/>\n<meta name=\"twitter:card\" content=\"summary_large_image\" \/>\n<meta name=\"twitter:label1\" content=\"Scritto da\" \/>\n\t<meta name=\"twitter:data1\" content=\"system\" \/>\n\t<meta name=\"twitter:label2\" content=\"Tempo di lettura stimato\" \/>\n\t<meta name=\"twitter:data2\" content=\"3 minuti\" \/>\n<script type=\"application\/ld+json\" class=\"yoast-schema-graph\">{\"@context\":\"https:\\\/\\\/schema.org\",\"@graph\":[{\"@type\":\"Article\",\"@id\":\"https:\\\/\\\/www.fitt.com\\\/it\\\/news\\\/cop26-un-momento-decisivo-nella-lotta-ai-cambiamenti-climatici\\\/#article\",\"isPartOf\":{\"@id\":\"https:\\\/\\\/www.fitt.com\\\/it\\\/news\\\/cop26-un-momento-decisivo-nella-lotta-ai-cambiamenti-climatici\\\/\"},\"author\":{\"name\":\"system\",\"@id\":\"https:\\\/\\\/www.fitt.com\\\/it\\\/#\\\/schema\\\/person\\\/88ed5d9863be31118f9ec9ee37f028a2\"},\"headline\":\"COP26: un momento decisivo nella lotta ai cambiamenti climatici\",\"datePublished\":\"2021-11-07T23:00:00+00:00\",\"dateModified\":\"2022-04-29T14:41:39+00:00\",\"mainEntityOfPage\":{\"@id\":\"https:\\\/\\\/www.fitt.com\\\/it\\\/news\\\/cop26-un-momento-decisivo-nella-lotta-ai-cambiamenti-climatici\\\/\"},\"wordCount\":558,\"publisher\":{\"@id\":\"https:\\\/\\\/www.fitt.com\\\/it\\\/#organization\"},\"image\":{\"@id\":\"https:\\\/\\\/www.fitt.com\\\/it\\\/news\\\/cop26-un-momento-decisivo-nella-lotta-ai-cambiamenti-climatici\\\/#primaryimage\"},\"thumbnailUrl\":\"https:\\\/\\\/www.fitt.com\\\/wp-content\\\/uploads\\\/2021\\\/11\\\/COP26-un-momento-decisivo-nella-lotta-ai-cambiamenti-climatici.jpg\",\"keywords\":[\"Testing\"],\"articleSection\":[\"Non categorizzato\",\"Sustainability\"],\"inLanguage\":\"it-IT\"},{\"@type\":\"WebPage\",\"@id\":\"https:\\\/\\\/www.fitt.com\\\/it\\\/news\\\/cop26-un-momento-decisivo-nella-lotta-ai-cambiamenti-climatici\\\/\",\"url\":\"https:\\\/\\\/www.fitt.com\\\/it\\\/news\\\/cop26-un-momento-decisivo-nella-lotta-ai-cambiamenti-climatici\\\/\",\"name\":\"COP26: un momento decisivo nella lotta ai cambiamenti climatici - FITT\",\"isPartOf\":{\"@id\":\"https:\\\/\\\/www.fitt.com\\\/it\\\/#website\"},\"primaryImageOfPage\":{\"@id\":\"https:\\\/\\\/www.fitt.com\\\/it\\\/news\\\/cop26-un-momento-decisivo-nella-lotta-ai-cambiamenti-climatici\\\/#primaryimage\"},\"image\":{\"@id\":\"https:\\\/\\\/www.fitt.com\\\/it\\\/news\\\/cop26-un-momento-decisivo-nella-lotta-ai-cambiamenti-climatici\\\/#primaryimage\"},\"thumbnailUrl\":\"https:\\\/\\\/www.fitt.com\\\/wp-content\\\/uploads\\\/2021\\\/11\\\/COP26-un-momento-decisivo-nella-lotta-ai-cambiamenti-climatici.jpg\",\"datePublished\":\"2021-11-07T23:00:00+00:00\",\"dateModified\":\"2022-04-29T14:41:39+00:00\",\"breadcrumb\":{\"@id\":\"https:\\\/\\\/www.fitt.com\\\/it\\\/news\\\/cop26-un-momento-decisivo-nella-lotta-ai-cambiamenti-climatici\\\/#breadcrumb\"},\"inLanguage\":\"it-IT\",\"potentialAction\":[{\"@type\":\"ReadAction\",\"target\":[\"https:\\\/\\\/www.fitt.com\\\/it\\\/news\\\/cop26-un-momento-decisivo-nella-lotta-ai-cambiamenti-climatici\\\/\"]}]},{\"@type\":\"ImageObject\",\"inLanguage\":\"it-IT\",\"@id\":\"https:\\\/\\\/www.fitt.com\\\/it\\\/news\\\/cop26-un-momento-decisivo-nella-lotta-ai-cambiamenti-climatici\\\/#primaryimage\",\"url\":\"https:\\\/\\\/www.fitt.com\\\/wp-content\\\/uploads\\\/2021\\\/11\\\/COP26-un-momento-decisivo-nella-lotta-ai-cambiamenti-climatici.jpg\",\"contentUrl\":\"https:\\\/\\\/www.fitt.com\\\/wp-content\\\/uploads\\\/2021\\\/11\\\/COP26-un-momento-decisivo-nella-lotta-ai-cambiamenti-climatici.jpg\",\"width\":1600,\"height\":650},{\"@type\":\"BreadcrumbList\",\"@id\":\"https:\\\/\\\/www.fitt.com\\\/it\\\/news\\\/cop26-un-momento-decisivo-nella-lotta-ai-cambiamenti-climatici\\\/#breadcrumb\",\"itemListElement\":[{\"@type\":\"ListItem\",\"position\":1,\"name\":\"Home\",\"item\":\"https:\\\/\\\/www.fitt.com\\\/it\\\/\"},{\"@type\":\"ListItem\",\"position\":2,\"name\":\"COP26: un momento decisivo nella lotta ai cambiamenti climatici\"}]},{\"@type\":\"WebSite\",\"@id\":\"https:\\\/\\\/www.fitt.com\\\/it\\\/#website\",\"url\":\"https:\\\/\\\/www.fitt.com\\\/it\\\/\",\"name\":\"FITT\",\"description\":\"FITT Spa\",\"publisher\":{\"@id\":\"https:\\\/\\\/www.fitt.com\\\/it\\\/#organization\"},\"potentialAction\":[{\"@type\":\"SearchAction\",\"target\":{\"@type\":\"EntryPoint\",\"urlTemplate\":\"https:\\\/\\\/www.fitt.com\\\/it\\\/?s={search_term_string}\"},\"query-input\":{\"@type\":\"PropertyValueSpecification\",\"valueRequired\":true,\"valueName\":\"search_term_string\"}}],\"inLanguage\":\"it-IT\"},{\"@type\":\"Organization\",\"@id\":\"https:\\\/\\\/www.fitt.com\\\/it\\\/#organization\",\"name\":\"Fitt SPA\",\"url\":\"https:\\\/\\\/www.fitt.com\\\/it\\\/\",\"logo\":{\"@type\":\"ImageObject\",\"inLanguage\":\"it-IT\",\"@id\":\"https:\\\/\\\/www.fitt.com\\\/it\\\/#\\\/schema\\\/logo\\\/image\\\/\",\"url\":\"https:\\\/\\\/www.fitt.com\\\/wp-content\\\/uploads\\\/2022\\\/05\\\/logo-light.png\",\"contentUrl\":\"https:\\\/\\\/www.fitt.com\\\/wp-content\\\/uploads\\\/2022\\\/05\\\/logo-light.png\",\"width\":827,\"height\":508,\"caption\":\"Fitt SPA\"},\"image\":{\"@id\":\"https:\\\/\\\/www.fitt.com\\\/it\\\/#\\\/schema\\\/logo\\\/image\\\/\"}},{\"@type\":\"Person\",\"@id\":\"https:\\\/\\\/www.fitt.com\\\/it\\\/#\\\/schema\\\/person\\\/88ed5d9863be31118f9ec9ee37f028a2\",\"name\":\"system\",\"sameAs\":[\"https:\\\/\\\/www.fitt.com\\\/\"]}]}<\/script>\n<!-- \/ Yoast SEO Premium plugin. -->","yoast_head_json":{"title":"COP26: un momento decisivo nella lotta ai cambiamenti climatici - FITT","robots":{"index":"index","follow":"follow","max-snippet":"max-snippet:-1","max-image-preview":"max-image-preview:large","max-video-preview":"max-video-preview:-1"},"canonical":"https:\/\/www.fitt.com\/it\/news\/cop26-un-momento-decisivo-nella-lotta-ai-cambiamenti-climatici\/","og_locale":"it_IT","og_type":"article","og_title":"COP26: un momento decisivo nella lotta ai cambiamenti climatici","og_description":"Negli ultimi anni, il cambiamento climatico \u00e8 diventato una priorit\u00e0 globale perch\u00e9 i fenomeni climatici che il Pianeta affronta sono sempre pi\u00f9 estremi e frequenti. Le mutazioni climatiche in corso sono il risultato delle attivit\u00e0 umane, che nel tempo hanno generato un aumento fuori misura dei gas serra immessi nell\u0092atmosfera portando alla diffusione di fenomeni [&hellip;]","og_url":"https:\/\/www.fitt.com\/it\/news\/cop26-un-momento-decisivo-nella-lotta-ai-cambiamenti-climatici\/","og_site_name":"FITT","article_published_time":"2021-11-07T23:00:00+00:00","article_modified_time":"2022-04-29T14:41:39+00:00","og_image":[{"width":1600,"height":650,"url":"https:\/\/www.fitt.com\/wp-content\/uploads\/2021\/11\/COP26-un-momento-decisivo-nella-lotta-ai-cambiamenti-climatici.jpg","type":"image\/jpeg"}],"author":"system","twitter_card":"summary_large_image","twitter_misc":{"Scritto da":"system","Tempo di lettura stimato":"3 minuti"},"schema":{"@context":"https:\/\/schema.org","@graph":[{"@type":"Article","@id":"https:\/\/www.fitt.com\/it\/news\/cop26-un-momento-decisivo-nella-lotta-ai-cambiamenti-climatici\/#article","isPartOf":{"@id":"https:\/\/www.fitt.com\/it\/news\/cop26-un-momento-decisivo-nella-lotta-ai-cambiamenti-climatici\/"},"author":{"name":"system","@id":"https:\/\/www.fitt.com\/it\/#\/schema\/person\/88ed5d9863be31118f9ec9ee37f028a2"},"headline":"COP26: un momento decisivo nella lotta ai cambiamenti climatici","datePublished":"2021-11-07T23:00:00+00:00","dateModified":"2022-04-29T14:41:39+00:00","mainEntityOfPage":{"@id":"https:\/\/www.fitt.com\/it\/news\/cop26-un-momento-decisivo-nella-lotta-ai-cambiamenti-climatici\/"},"wordCount":558,"publisher":{"@id":"https:\/\/www.fitt.com\/it\/#organization"},"image":{"@id":"https:\/\/www.fitt.com\/it\/news\/cop26-un-momento-decisivo-nella-lotta-ai-cambiamenti-climatici\/#primaryimage"},"thumbnailUrl":"https:\/\/www.fitt.com\/wp-content\/uploads\/2021\/11\/COP26-un-momento-decisivo-nella-lotta-ai-cambiamenti-climatici.jpg","keywords":["Testing"],"articleSection":["Non categorizzato","Sustainability"],"inLanguage":"it-IT"},{"@type":"WebPage","@id":"https:\/\/www.fitt.com\/it\/news\/cop26-un-momento-decisivo-nella-lotta-ai-cambiamenti-climatici\/","url":"https:\/\/www.fitt.com\/it\/news\/cop26-un-momento-decisivo-nella-lotta-ai-cambiamenti-climatici\/","name":"COP26: un momento decisivo nella lotta ai cambiamenti climatici - FITT","isPartOf":{"@id":"https:\/\/www.fitt.com\/it\/#website"},"primaryImageOfPage":{"@id":"https:\/\/www.fitt.com\/it\/news\/cop26-un-momento-decisivo-nella-lotta-ai-cambiamenti-climatici\/#primaryimage"},"image":{"@id":"https:\/\/www.fitt.com\/it\/news\/cop26-un-momento-decisivo-nella-lotta-ai-cambiamenti-climatici\/#primaryimage"},"thumbnailUrl":"https:\/\/www.fitt.com\/wp-content\/uploads\/2021\/11\/COP26-un-momento-decisivo-nella-lotta-ai-cambiamenti-climatici.jpg","datePublished":"2021-11-07T23:00:00+00:00","dateModified":"2022-04-29T14:41:39+00:00","breadcrumb":{"@id":"https:\/\/www.fitt.com\/it\/news\/cop26-un-momento-decisivo-nella-lotta-ai-cambiamenti-climatici\/#breadcrumb"},"inLanguage":"it-IT","potentialAction":[{"@type":"ReadAction","target":["https:\/\/www.fitt.com\/it\/news\/cop26-un-momento-decisivo-nella-lotta-ai-cambiamenti-climatici\/"]}]},{"@type":"ImageObject","inLanguage":"it-IT","@id":"https:\/\/www.fitt.com\/it\/news\/cop26-un-momento-decisivo-nella-lotta-ai-cambiamenti-climatici\/#primaryimage","url":"https:\/\/www.fitt.com\/wp-content\/uploads\/2021\/11\/COP26-un-momento-decisivo-nella-lotta-ai-cambiamenti-climatici.jpg","contentUrl":"https:\/\/www.fitt.com\/wp-content\/uploads\/2021\/11\/COP26-un-momento-decisivo-nella-lotta-ai-cambiamenti-climatici.jpg","width":1600,"height":650},{"@type":"BreadcrumbList","@id":"https:\/\/www.fitt.com\/it\/news\/cop26-un-momento-decisivo-nella-lotta-ai-cambiamenti-climatici\/#breadcrumb","itemListElement":[{"@type":"ListItem","position":1,"name":"Home","item":"https:\/\/www.fitt.com\/it\/"},{"@type":"ListItem","position":2,"name":"COP26: un momento decisivo nella lotta ai cambiamenti climatici"}]},{"@type":"WebSite","@id":"https:\/\/www.fitt.com\/it\/#website","url":"https:\/\/www.fitt.com\/it\/","name":"FITT","description":"FITT Spa","publisher":{"@id":"https:\/\/www.fitt.com\/it\/#organization"},"potentialAction":[{"@type":"SearchAction","target":{"@type":"EntryPoint","urlTemplate":"https:\/\/www.fitt.com\/it\/?s={search_term_string}"},"query-input":{"@type":"PropertyValueSpecification","valueRequired":true,"valueName":"search_term_string"}}],"inLanguage":"it-IT"},{"@type":"Organization","@id":"https:\/\/www.fitt.com\/it\/#organization","name":"Fitt SPA","url":"https:\/\/www.fitt.com\/it\/","logo":{"@type":"ImageObject","inLanguage":"it-IT","@id":"https:\/\/www.fitt.com\/it\/#\/schema\/logo\/image\/","url":"https:\/\/www.fitt.com\/wp-content\/uploads\/2022\/05\/logo-light.png","contentUrl":"https:\/\/www.fitt.com\/wp-content\/uploads\/2022\/05\/logo-light.png","width":827,"height":508,"caption":"Fitt SPA"},"image":{"@id":"https:\/\/www.fitt.com\/it\/#\/schema\/logo\/image\/"}},{"@type":"Person","@id":"https:\/\/www.fitt.com\/it\/#\/schema\/person\/88ed5d9863be31118f9ec9ee37f028a2","name":"system","sameAs":["https:\/\/www.fitt.com\/"]}]}},"_links":{"self":[{"href":"https:\/\/www.fitt.com\/it\/wp-json\/wp\/v2\/posts\/1682","targetHints":{"allow":["GET"]}}],"collection":[{"href":"https:\/\/www.fitt.com\/it\/wp-json\/wp\/v2\/posts"}],"about":[{"href":"https:\/\/www.fitt.com\/it\/wp-json\/wp\/v2\/types\/post"}],"author":[{"embeddable":true,"href":"https:\/\/www.fitt.com\/it\/wp-json\/wp\/v2\/users\/1"}],"replies":[{"embeddable":true,"href":"https:\/\/www.fitt.com\/it\/wp-json\/wp\/v2\/comments?post=1682"}],"version-history":[{"count":3,"href":"https:\/\/www.fitt.com\/it\/wp-json\/wp\/v2\/posts\/1682\/revisions"}],"predecessor-version":[{"id":3779,"href":"https:\/\/www.fitt.com\/it\/wp-json\/wp\/v2\/posts\/1682\/revisions\/3779"}],"wp:featuredmedia":[{"embeddable":true,"href":"https:\/\/www.fitt.com\/it\/wp-json\/wp\/v2\/media\/1726"}],"wp:attachment":[{"href":"https:\/\/www.fitt.com\/it\/wp-json\/wp\/v2\/media?parent=1682"}],"wp:term":[{"taxonomy":"category","embeddable":true,"href":"https:\/\/www.fitt.com\/it\/wp-json\/wp\/v2\/categories?post=1682"},{"taxonomy":"post_tag","embeddable":true,"href":"https:\/\/www.fitt.com\/it\/wp-json\/wp\/v2\/tags?post=1682"}],"curies":[{"name":"wp","href":"https:\/\/api.w.org\/{rel}","templated":true}]}}