{"id":1665,"date":"2020-05-26T17:53:28","date_gmt":"2020-05-26T15:53:28","guid":{"rendered":"https:\/\/www.fitt.com\/fitt-tra-quot\/"},"modified":"2022-05-01T22:32:58","modified_gmt":"2022-05-01T20:32:58","slug":"fitt-tra-i-volti","status":"publish","type":"post","link":"https:\/\/www.fitt.com\/it\/news\/fitt-tra-i-volti\/","title":{"rendered":"FITT tra \u201cI VOLTI DELLA SOSTENIBILIT\u00c0\u201d al salone della CSR e dell\u2019Innovazione Sociale"},"content":{"rendered":"<p>Giunto alla sua ottava edizione,<a href=\"http:\/\/www.csreinnovazionesociale.it\/\">\u00a0<strong><em>Il Salone della CSR e dell\u2019innovazione sociale<\/em>\u00a0<\/strong><\/a>\u00e8 dal 2013 il pi\u00f9 importante evento italiano dedicato alla sostenibilit\u00e0. L\u2019evento nazionale che si terr\u00e0 il prossimo autunno all\u2019Universit\u00e0 Bocconi \u00e8\u00a0<strong>preceduto da\u00a0<em>Il Giro d\u2019Italia della CSR<\/em><\/strong>: una serie di incontri in 14 citt\u00e0 differenti, che hanno l\u2019obiettivo di\u00a0<strong>promuovere un approccio sostenibile al business, valorizzare le esperienze delle imprese e dei territori e stimolare un\u2019emulazione virtuosa<\/strong>.<\/p>\n<p>L\u2019edizione 2020 de\u00a0<em>Il Salone della CSR e dell\u2019innovazione sociale<\/em>\u00a0ha come tema\u00a0<strong>\u201c<em>I volti della sostenibilit\u00e0<\/em>\u201d<\/strong>: un viaggio tra i volti delle persone che danno voce all\u2019argomento, che sono impegnate in prima linea, che hanno come unico obiettivo guidare il modo di vivere, di consumare e di produrre lungo direttrici sostenibili.<\/p>\n<p>In questo scenario fatto di testimonianze e di persone,\u00a0<strong>anche noi di FITT abbiamo accettato di metterci la faccia<\/strong>, non solo perch\u00e9 la\u00a0<strong>sostenibilit\u00e0\u00a0<\/strong>\u00e8 un\u00a0<strong>driver strategico delle scelte aziendali di oggi e di domani<\/strong>, ma anche perch\u00e9 abbiamo deciso di\u00a0<strong>diffondere la cultura della sostenibilit\u00e0 a tutti i livelli<\/strong>, portando a bordo tutti i collaboratori tramite la formazione e il buon esempio.<br \/>\n<strong>In FITT ogni collaboratore \u00e8 un volto della sostenibilit\u00e0<\/strong>: la cultura partecipativa \u00e8 la modalit\u00e0 su cui si fonda il nostro fare impresa, perch\u00e9 oggi un\u2019organizzazione esiste e scrive il proprio futuro con la partecipazione e l\u2019impegno di tutti coloro che ne fanno parte.<\/p>\n<p>La nostra idea di\u00a0<strong>sostenibilit\u00e0\u00a0<\/strong>parte quindi dal<strong>\u00a0coinvolgimento delle persone<\/strong>\u00a0e dalla\u00a0<strong>formazione\u00a0<\/strong>per poi calarsi nella\u00a0<strong>pratica\u00a0<\/strong>e nelle\u00a0<strong>attivit\u00e0\u00a0<\/strong>produttive di tutti i giorni.<\/p>\n<p>Da qualche anno in FITT abbiamo infatti implementato una\u00a0<strong>strategia di sviluppo prodotti basata su linee di ecodesign<\/strong>\u00a0che ci vede impegnati in due direzioni: da un lato la\u00a0<strong>ricerca sui materiali di riciclo<\/strong>, grazie ad una filiera interna che vanta lo scarto zero di produzione, unita all\u2019alta efficienza energetica, ottenuta per mezzo di due impianti di cogenerazione presenti sui principali siti produttivi. Dall\u2019altro lato stiamo sviluppando\u00a0<strong>prodotti con materiali innovativi<\/strong>, che a performance migliori associano l\u2019impiego di minor materia prima e la massima compatibilit\u00e0 dei componenti in fase di smaltimento.<\/p>\n<p>La sostenibilit\u00e0 per\u00f2 non si inventa e non si approssima: per questo motivo ci siamo affidiamo a dati trasparenti, scientifici, misurabili e certificati come nel caso della\u00a0<strong>dichiarazione ambientale di prodotto<\/strong>\u00a0\u2013 EPD \u2013\u00a0<strong>del sistema\u00a0<a title=\"FITT Bluforce\" href=\"https:\/\/bluforce.fitt.com\/\" target=\"_blank\" rel=\"noopener\">FITT Bluforce<\/a><\/strong>, le tubazioni per acquedotto in PVC-A.<strong>\u00a0Un\u2019etichetta ambientale volontaria<\/strong>, che pone l\u2019accento sul senso di responsabilit\u00e0 che nutriamo nei confronti del territorio, dei partner, degli stakeholder e dei consumatori.<\/p>\n<p><strong>Dalle persone all\u2019impresa, passando per i prodotti, i processi e le certificazioni<\/strong>: questa la nostra visione integrata di sostenibilit\u00e0.<\/p>\n","protected":false},"excerpt":{"rendered":"<p>Giunto alla sua ottava edizione,\u00a0Il Salone della CSR e dell\u2019innovazione sociale\u00a0\u00e8 dal 2013 il pi\u00f9 importante evento italiano dedicato alla sostenibilit\u00e0. L\u2019evento nazionale che si terr\u00e0 il prossimo autunno all\u2019Universit\u00e0 Bocconi \u00e8\u00a0preceduto da\u00a0Il Giro d\u2019Italia della CSR: una serie di incontri in 14 citt\u00e0 differenti, che hanno l\u2019obiettivo di\u00a0promuovere un approccio sostenibile al business, valorizzare [&hellip;]<\/p>\n","protected":false},"author":1,"featured_media":3698,"comment_status":"closed","ping_status":"open","sticky":false,"template":"","format":"standard","meta":{"_acf_changed":false,"footnotes":""},"categories":[15,20,24],"tags":[],"class_list":["post-1665","post","type-post","status-publish","format-standard","has-post-thumbnail","hentry","category-eventi","category-non-categorizzato","category-sustainability"],"acf":[],"yoast_head":"<!-- This site is optimized with the Yoast SEO Premium plugin v24.1 (Yoast SEO v27.3) - https:\/\/yoast.com\/product\/yoast-seo-premium-wordpress\/ -->\n<title>FITT tra \u201cI VOLTI DELLA SOSTENIBILIT\u00c0\u201d al salone della CSR e dell\u2019Innovazione Sociale - FITT<\/title>\n<meta name=\"robots\" content=\"index, follow, max-snippet:-1, max-image-preview:large, max-video-preview:-1\" \/>\n<link rel=\"canonical\" href=\"https:\/\/www.fitt.com\/it\/news\/fitt-tra-i-volti\/\" \/>\n<meta property=\"og:locale\" content=\"it_IT\" \/>\n<meta property=\"og:type\" content=\"article\" \/>\n<meta property=\"og:title\" content=\"FITT tra \u201cI VOLTI DELLA SOSTENIBILIT\u00c0\u201d al salone della CSR e dell\u2019Innovazione Sociale\" \/>\n<meta property=\"og:description\" content=\"Giunto alla sua ottava edizione,\u00a0Il Salone della CSR e dell\u2019innovazione sociale\u00a0\u00e8 dal 2013 il pi\u00f9 importante evento italiano dedicato alla sostenibilit\u00e0. L\u2019evento nazionale che si terr\u00e0 il prossimo autunno all\u2019Universit\u00e0 Bocconi \u00e8\u00a0preceduto da\u00a0Il Giro d\u2019Italia della CSR: una serie di incontri in 14 citt\u00e0 differenti, che hanno l\u2019obiettivo di\u00a0promuovere un approccio sostenibile al business, valorizzare [&hellip;]\" \/>\n<meta property=\"og:url\" content=\"https:\/\/www.fitt.com\/it\/news\/fitt-tra-i-volti\/\" \/>\n<meta property=\"og:site_name\" content=\"FITT\" \/>\n<meta property=\"article:published_time\" content=\"2020-05-26T15:53:28+00:00\" \/>\n<meta property=\"article:modified_time\" content=\"2022-05-01T20:32:58+00:00\" \/>\n<meta property=\"og:image\" content=\"https:\/\/www.fitt.com\/wp-content\/uploads\/2020\/05\/FITT-tra-I-volti-della-sostenibilita-al-Salone-della-CSR-e-dellinnovazione-sociale.jpg\" \/>\n\t<meta property=\"og:image:width\" content=\"1600\" \/>\n\t<meta property=\"og:image:height\" content=\"650\" \/>\n\t<meta property=\"og:image:type\" content=\"image\/jpeg\" \/>\n<meta name=\"author\" content=\"system\" \/>\n<meta name=\"twitter:card\" content=\"summary_large_image\" \/>\n<meta name=\"twitter:label1\" content=\"Scritto da\" \/>\n\t<meta name=\"twitter:data1\" content=\"system\" \/>\n\t<meta name=\"twitter:label2\" content=\"Tempo di lettura stimato\" \/>\n\t<meta name=\"twitter:data2\" content=\"2 minuti\" \/>\n<script type=\"application\/ld+json\" class=\"yoast-schema-graph\">{\"@context\":\"https:\\\/\\\/schema.org\",\"@graph\":[{\"@type\":\"Article\",\"@id\":\"https:\\\/\\\/www.fitt.com\\\/it\\\/news\\\/fitt-tra-i-volti\\\/#article\",\"isPartOf\":{\"@id\":\"https:\\\/\\\/www.fitt.com\\\/it\\\/news\\\/fitt-tra-i-volti\\\/\"},\"author\":{\"name\":\"system\",\"@id\":\"https:\\\/\\\/www.fitt.com\\\/it\\\/#\\\/schema\\\/person\\\/88ed5d9863be31118f9ec9ee37f028a2\"},\"headline\":\"FITT tra \u201cI VOLTI DELLA SOSTENIBILIT\u00c0\u201d al salone della CSR e dell\u2019Innovazione Sociale\",\"datePublished\":\"2020-05-26T15:53:28+00:00\",\"dateModified\":\"2022-05-01T20:32:58+00:00\",\"mainEntityOfPage\":{\"@id\":\"https:\\\/\\\/www.fitt.com\\\/it\\\/news\\\/fitt-tra-i-volti\\\/\"},\"wordCount\":456,\"publisher\":{\"@id\":\"https:\\\/\\\/www.fitt.com\\\/it\\\/#organization\"},\"image\":{\"@id\":\"https:\\\/\\\/www.fitt.com\\\/it\\\/news\\\/fitt-tra-i-volti\\\/#primaryimage\"},\"thumbnailUrl\":\"https:\\\/\\\/www.fitt.com\\\/wp-content\\\/uploads\\\/2020\\\/05\\\/FITT-tra-I-volti-della-sostenibilita-al-Salone-della-CSR-e-dellinnovazione-sociale.jpg\",\"articleSection\":[\"Eventi\",\"Non categorizzato\",\"Sustainability\"],\"inLanguage\":\"it-IT\"},{\"@type\":\"WebPage\",\"@id\":\"https:\\\/\\\/www.fitt.com\\\/it\\\/news\\\/fitt-tra-i-volti\\\/\",\"url\":\"https:\\\/\\\/www.fitt.com\\\/it\\\/news\\\/fitt-tra-i-volti\\\/\",\"name\":\"FITT tra \u201cI VOLTI DELLA SOSTENIBILIT\u00c0\u201d al salone della CSR e dell\u2019Innovazione Sociale - FITT\",\"isPartOf\":{\"@id\":\"https:\\\/\\\/www.fitt.com\\\/it\\\/#website\"},\"primaryImageOfPage\":{\"@id\":\"https:\\\/\\\/www.fitt.com\\\/it\\\/news\\\/fitt-tra-i-volti\\\/#primaryimage\"},\"image\":{\"@id\":\"https:\\\/\\\/www.fitt.com\\\/it\\\/news\\\/fitt-tra-i-volti\\\/#primaryimage\"},\"thumbnailUrl\":\"https:\\\/\\\/www.fitt.com\\\/wp-content\\\/uploads\\\/2020\\\/05\\\/FITT-tra-I-volti-della-sostenibilita-al-Salone-della-CSR-e-dellinnovazione-sociale.jpg\",\"datePublished\":\"2020-05-26T15:53:28+00:00\",\"dateModified\":\"2022-05-01T20:32:58+00:00\",\"breadcrumb\":{\"@id\":\"https:\\\/\\\/www.fitt.com\\\/it\\\/news\\\/fitt-tra-i-volti\\\/#breadcrumb\"},\"inLanguage\":\"it-IT\",\"potentialAction\":[{\"@type\":\"ReadAction\",\"target\":[\"https:\\\/\\\/www.fitt.com\\\/it\\\/news\\\/fitt-tra-i-volti\\\/\"]}]},{\"@type\":\"ImageObject\",\"inLanguage\":\"it-IT\",\"@id\":\"https:\\\/\\\/www.fitt.com\\\/it\\\/news\\\/fitt-tra-i-volti\\\/#primaryimage\",\"url\":\"https:\\\/\\\/www.fitt.com\\\/wp-content\\\/uploads\\\/2020\\\/05\\\/FITT-tra-I-volti-della-sostenibilita-al-Salone-della-CSR-e-dellinnovazione-sociale.jpg\",\"contentUrl\":\"https:\\\/\\\/www.fitt.com\\\/wp-content\\\/uploads\\\/2020\\\/05\\\/FITT-tra-I-volti-della-sostenibilita-al-Salone-della-CSR-e-dellinnovazione-sociale.jpg\",\"width\":1600,\"height\":650},{\"@type\":\"BreadcrumbList\",\"@id\":\"https:\\\/\\\/www.fitt.com\\\/it\\\/news\\\/fitt-tra-i-volti\\\/#breadcrumb\",\"itemListElement\":[{\"@type\":\"ListItem\",\"position\":1,\"name\":\"Home\",\"item\":\"https:\\\/\\\/www.fitt.com\\\/it\\\/\"},{\"@type\":\"ListItem\",\"position\":2,\"name\":\"FITT tra \u201cI VOLTI DELLA SOSTENIBILIT\u00c0\u201d al salone della CSR e dell\u2019Innovazione Sociale\"}]},{\"@type\":\"WebSite\",\"@id\":\"https:\\\/\\\/www.fitt.com\\\/it\\\/#website\",\"url\":\"https:\\\/\\\/www.fitt.com\\\/it\\\/\",\"name\":\"FITT\",\"description\":\"FITT Spa\",\"publisher\":{\"@id\":\"https:\\\/\\\/www.fitt.com\\\/it\\\/#organization\"},\"potentialAction\":[{\"@type\":\"SearchAction\",\"target\":{\"@type\":\"EntryPoint\",\"urlTemplate\":\"https:\\\/\\\/www.fitt.com\\\/it\\\/?s={search_term_string}\"},\"query-input\":{\"@type\":\"PropertyValueSpecification\",\"valueRequired\":true,\"valueName\":\"search_term_string\"}}],\"inLanguage\":\"it-IT\"},{\"@type\":\"Organization\",\"@id\":\"https:\\\/\\\/www.fitt.com\\\/it\\\/#organization\",\"name\":\"Fitt SPA\",\"url\":\"https:\\\/\\\/www.fitt.com\\\/it\\\/\",\"logo\":{\"@type\":\"ImageObject\",\"inLanguage\":\"it-IT\",\"@id\":\"https:\\\/\\\/www.fitt.com\\\/it\\\/#\\\/schema\\\/logo\\\/image\\\/\",\"url\":\"https:\\\/\\\/www.fitt.com\\\/wp-content\\\/uploads\\\/2022\\\/05\\\/logo-light.png\",\"contentUrl\":\"https:\\\/\\\/www.fitt.com\\\/wp-content\\\/uploads\\\/2022\\\/05\\\/logo-light.png\",\"width\":827,\"height\":508,\"caption\":\"Fitt SPA\"},\"image\":{\"@id\":\"https:\\\/\\\/www.fitt.com\\\/it\\\/#\\\/schema\\\/logo\\\/image\\\/\"}},{\"@type\":\"Person\",\"@id\":\"https:\\\/\\\/www.fitt.com\\\/it\\\/#\\\/schema\\\/person\\\/88ed5d9863be31118f9ec9ee37f028a2\",\"name\":\"system\",\"sameAs\":[\"https:\\\/\\\/www.fitt.com\\\/\"]}]}<\/script>\n<!-- \/ Yoast SEO Premium plugin. -->","yoast_head_json":{"title":"FITT tra \u201cI VOLTI DELLA SOSTENIBILIT\u00c0\u201d al salone della CSR e dell\u2019Innovazione Sociale - FITT","robots":{"index":"index","follow":"follow","max-snippet":"max-snippet:-1","max-image-preview":"max-image-preview:large","max-video-preview":"max-video-preview:-1"},"canonical":"https:\/\/www.fitt.com\/it\/news\/fitt-tra-i-volti\/","og_locale":"it_IT","og_type":"article","og_title":"FITT tra \u201cI VOLTI DELLA SOSTENIBILIT\u00c0\u201d al salone della CSR e dell\u2019Innovazione Sociale","og_description":"Giunto alla sua ottava edizione,\u00a0Il Salone della CSR e dell\u2019innovazione sociale\u00a0\u00e8 dal 2013 il pi\u00f9 importante evento italiano dedicato alla sostenibilit\u00e0. L\u2019evento nazionale che si terr\u00e0 il prossimo autunno all\u2019Universit\u00e0 Bocconi \u00e8\u00a0preceduto da\u00a0Il Giro d\u2019Italia della CSR: una serie di incontri in 14 citt\u00e0 differenti, che hanno l\u2019obiettivo di\u00a0promuovere un approccio sostenibile al business, valorizzare [&hellip;]","og_url":"https:\/\/www.fitt.com\/it\/news\/fitt-tra-i-volti\/","og_site_name":"FITT","article_published_time":"2020-05-26T15:53:28+00:00","article_modified_time":"2022-05-01T20:32:58+00:00","og_image":[{"width":1600,"height":650,"url":"https:\/\/www.fitt.com\/wp-content\/uploads\/2020\/05\/FITT-tra-I-volti-della-sostenibilita-al-Salone-della-CSR-e-dellinnovazione-sociale.jpg","type":"image\/jpeg"}],"author":"system","twitter_card":"summary_large_image","twitter_misc":{"Scritto da":"system","Tempo di lettura stimato":"2 minuti"},"schema":{"@context":"https:\/\/schema.org","@graph":[{"@type":"Article","@id":"https:\/\/www.fitt.com\/it\/news\/fitt-tra-i-volti\/#article","isPartOf":{"@id":"https:\/\/www.fitt.com\/it\/news\/fitt-tra-i-volti\/"},"author":{"name":"system","@id":"https:\/\/www.fitt.com\/it\/#\/schema\/person\/88ed5d9863be31118f9ec9ee37f028a2"},"headline":"FITT tra \u201cI VOLTI DELLA SOSTENIBILIT\u00c0\u201d al salone della CSR e dell\u2019Innovazione Sociale","datePublished":"2020-05-26T15:53:28+00:00","dateModified":"2022-05-01T20:32:58+00:00","mainEntityOfPage":{"@id":"https:\/\/www.fitt.com\/it\/news\/fitt-tra-i-volti\/"},"wordCount":456,"publisher":{"@id":"https:\/\/www.fitt.com\/it\/#organization"},"image":{"@id":"https:\/\/www.fitt.com\/it\/news\/fitt-tra-i-volti\/#primaryimage"},"thumbnailUrl":"https:\/\/www.fitt.com\/wp-content\/uploads\/2020\/05\/FITT-tra-I-volti-della-sostenibilita-al-Salone-della-CSR-e-dellinnovazione-sociale.jpg","articleSection":["Eventi","Non categorizzato","Sustainability"],"inLanguage":"it-IT"},{"@type":"WebPage","@id":"https:\/\/www.fitt.com\/it\/news\/fitt-tra-i-volti\/","url":"https:\/\/www.fitt.com\/it\/news\/fitt-tra-i-volti\/","name":"FITT tra \u201cI VOLTI DELLA SOSTENIBILIT\u00c0\u201d al salone della CSR e dell\u2019Innovazione Sociale - FITT","isPartOf":{"@id":"https:\/\/www.fitt.com\/it\/#website"},"primaryImageOfPage":{"@id":"https:\/\/www.fitt.com\/it\/news\/fitt-tra-i-volti\/#primaryimage"},"image":{"@id":"https:\/\/www.fitt.com\/it\/news\/fitt-tra-i-volti\/#primaryimage"},"thumbnailUrl":"https:\/\/www.fitt.com\/wp-content\/uploads\/2020\/05\/FITT-tra-I-volti-della-sostenibilita-al-Salone-della-CSR-e-dellinnovazione-sociale.jpg","datePublished":"2020-05-26T15:53:28+00:00","dateModified":"2022-05-01T20:32:58+00:00","breadcrumb":{"@id":"https:\/\/www.fitt.com\/it\/news\/fitt-tra-i-volti\/#breadcrumb"},"inLanguage":"it-IT","potentialAction":[{"@type":"ReadAction","target":["https:\/\/www.fitt.com\/it\/news\/fitt-tra-i-volti\/"]}]},{"@type":"ImageObject","inLanguage":"it-IT","@id":"https:\/\/www.fitt.com\/it\/news\/fitt-tra-i-volti\/#primaryimage","url":"https:\/\/www.fitt.com\/wp-content\/uploads\/2020\/05\/FITT-tra-I-volti-della-sostenibilita-al-Salone-della-CSR-e-dellinnovazione-sociale.jpg","contentUrl":"https:\/\/www.fitt.com\/wp-content\/uploads\/2020\/05\/FITT-tra-I-volti-della-sostenibilita-al-Salone-della-CSR-e-dellinnovazione-sociale.jpg","width":1600,"height":650},{"@type":"BreadcrumbList","@id":"https:\/\/www.fitt.com\/it\/news\/fitt-tra-i-volti\/#breadcrumb","itemListElement":[{"@type":"ListItem","position":1,"name":"Home","item":"https:\/\/www.fitt.com\/it\/"},{"@type":"ListItem","position":2,"name":"FITT tra \u201cI VOLTI DELLA SOSTENIBILIT\u00c0\u201d al salone della CSR e dell\u2019Innovazione Sociale"}]},{"@type":"WebSite","@id":"https:\/\/www.fitt.com\/it\/#website","url":"https:\/\/www.fitt.com\/it\/","name":"FITT","description":"FITT Spa","publisher":{"@id":"https:\/\/www.fitt.com\/it\/#organization"},"potentialAction":[{"@type":"SearchAction","target":{"@type":"EntryPoint","urlTemplate":"https:\/\/www.fitt.com\/it\/?s={search_term_string}"},"query-input":{"@type":"PropertyValueSpecification","valueRequired":true,"valueName":"search_term_string"}}],"inLanguage":"it-IT"},{"@type":"Organization","@id":"https:\/\/www.fitt.com\/it\/#organization","name":"Fitt SPA","url":"https:\/\/www.fitt.com\/it\/","logo":{"@type":"ImageObject","inLanguage":"it-IT","@id":"https:\/\/www.fitt.com\/it\/#\/schema\/logo\/image\/","url":"https:\/\/www.fitt.com\/wp-content\/uploads\/2022\/05\/logo-light.png","contentUrl":"https:\/\/www.fitt.com\/wp-content\/uploads\/2022\/05\/logo-light.png","width":827,"height":508,"caption":"Fitt SPA"},"image":{"@id":"https:\/\/www.fitt.com\/it\/#\/schema\/logo\/image\/"}},{"@type":"Person","@id":"https:\/\/www.fitt.com\/it\/#\/schema\/person\/88ed5d9863be31118f9ec9ee37f028a2","name":"system","sameAs":["https:\/\/www.fitt.com\/"]}]}},"_links":{"self":[{"href":"https:\/\/www.fitt.com\/it\/wp-json\/wp\/v2\/posts\/1665","targetHints":{"allow":["GET"]}}],"collection":[{"href":"https:\/\/www.fitt.com\/it\/wp-json\/wp\/v2\/posts"}],"about":[{"href":"https:\/\/www.fitt.com\/it\/wp-json\/wp\/v2\/types\/post"}],"author":[{"embeddable":true,"href":"https:\/\/www.fitt.com\/it\/wp-json\/wp\/v2\/users\/1"}],"replies":[{"embeddable":true,"href":"https:\/\/www.fitt.com\/it\/wp-json\/wp\/v2\/comments?post=1665"}],"version-history":[{"count":3,"href":"https:\/\/www.fitt.com\/it\/wp-json\/wp\/v2\/posts\/1665\/revisions"}],"predecessor-version":[{"id":3829,"href":"https:\/\/www.fitt.com\/it\/wp-json\/wp\/v2\/posts\/1665\/revisions\/3829"}],"wp:featuredmedia":[{"embeddable":true,"href":"https:\/\/www.fitt.com\/it\/wp-json\/wp\/v2\/media\/3698"}],"wp:attachment":[{"href":"https:\/\/www.fitt.com\/it\/wp-json\/wp\/v2\/media?parent=1665"}],"wp:term":[{"taxonomy":"category","embeddable":true,"href":"https:\/\/www.fitt.com\/it\/wp-json\/wp\/v2\/categories?post=1665"},{"taxonomy":"post_tag","embeddable":true,"href":"https:\/\/www.fitt.com\/it\/wp-json\/wp\/v2\/tags?post=1665"}],"curies":[{"name":"wp","href":"https:\/\/api.w.org\/{rel}","templated":true}]}}