{"id":1644,"date":"2019-09-10T00:00:00","date_gmt":"2019-09-09T22:00:00","guid":{"rendered":"https:\/\/www.fitt.com\/gafa-2019-sostenibilita-futuro-e-persone-al-centro\/"},"modified":"2022-05-10T23:28:54","modified_gmt":"2022-05-10T21:28:54","slug":"gafa-2019-sostenibilita-futuro-e-persone-al-centro","status":"publish","type":"post","link":"https:\/\/www.fitt.com\/it\/news\/gafa-2019-sostenibilita-futuro-e-persone-al-centro\/","title":{"rendered":"Gafa 2019: sostenibilit\u00e0, futuro e persone al centro"},"content":{"rendered":"<div class='custom_gallery' data-module='gallery-modal'>\n<div class='outside-gallery-container row'>\n<div class='col-md-4 col-sm-6 btn-modal'>\n<div class='image-container' data-index='0'>\n<img decoding=\"async\" src=\"https:\/\/www.fitt.com\/wp-content\/uploads\/2019\/09\/69454280_2395016920768183_4256757892545249280_o.jpg\"><\/div>\n<\/div>\n<div class='col-md-4 col-sm-6 btn-modal'>\n<div class='image-container' data-index='1'>\n<img decoding=\"async\" src=\"https:\/\/www.fitt.com\/wp-content\/uploads\/2019\/09\/DSCF0889.jpg\"><\/div>\n<\/div>\n<div class='col-md-4 col-sm-6 btn-modal'>\n<div class='image-container' data-index='2'>\n<img decoding=\"async\" src=\"https:\/\/www.fitt.com\/wp-content\/uploads\/2019\/09\/DSCF0829.jpg\"><\/div>\n<\/div>\n<div class='col-md-4 col-sm-6 btn-modal'>\n<div class='image-container' data-index='3'>\n<img decoding=\"async\" src=\"https:\/\/www.fitt.com\/wp-content\/uploads\/2019\/09\/DSCF0822.jpg\"><\/div>\n<\/div>\n<div class='col-md-4 col-sm-6 btn-modal'>\n<div class='image-container' data-index='4'>\n<img decoding=\"async\" src=\"https:\/\/www.fitt.com\/wp-content\/uploads\/2019\/09\/DSCF0815.jpg\"><\/div>\n<\/div>\n<div class='col-md-4 col-sm-6 btn-modal'>\n<div class='image-container' data-index='5'>\n<img decoding=\"async\" src=\"https:\/\/www.fitt.com\/wp-content\/uploads\/2019\/09\/DSCF0788.jpg\"><\/div>\n<\/div>\n<div class='col-md-4 col-sm-6 btn-modal'>\n<div class='image-container' data-index='6'>\n<img decoding=\"async\" src=\"https:\/\/www.fitt.com\/wp-content\/uploads\/2019\/09\/Il-concept-di-tubo-biodegradabile.jpg\"><\/div>\n<\/div>\n<div class='col-md-4 col-sm-6 btn-modal'>\n<div class='image-container' data-index='7'>\n<img decoding=\"async\" src=\"https:\/\/www.fitt.com\/wp-content\/uploads\/2019\/09\/La-timeline-di-sostenibilita-di-FITT.jpg\"><\/div>\n<\/div>\n<div class='col-md-4 col-sm-6 btn-modal'>\n<div class='image-container' data-index='8'>\n<img decoding=\"async\" src=\"https:\/\/www.fitt.com\/wp-content\/uploads\/2019\/09\/Lo-stand-di-FITT-a-Gafa-2019.jpg\"><\/div>\n<\/div>\n<div class='col-md-4 col-sm-6 btn-modal'>\n<div class='image-container' data-index='9'>\n<img decoding=\"async\" src=\"https:\/\/www.fitt.com\/wp-content\/uploads\/2019\/09\/DSCF0967.jpg\"><\/div>\n<\/div>\n<div class='col-md-4 col-sm-6 btn-modal'>\n<div class='image-container' data-index='10'>\n<img decoding=\"async\" src=\"https:\/\/www.fitt.com\/wp-content\/uploads\/2019\/09\/DSCF0957.jpg\"><\/div>\n<\/div>\n<div class='col-md-4 col-sm-6 btn-modal'>\n<div class='image-container' data-index='11'>\n<img decoding=\"async\" src=\"https:\/\/www.fitt.com\/wp-content\/uploads\/2019\/09\/G0014523.jpg\"><\/div>\n<\/div>\n<div class='col-md-4 col-sm-6 btn-modal'>\n<div class='image-container' data-index='12'>\n<img decoding=\"async\" src=\"https:\/\/www.fitt.com\/wp-content\/uploads\/2019\/09\/DSCF0927.jpg\"><\/div>\n<\/div>\n<div class='col-md-4 col-sm-6 btn-modal'>\n<div class='image-container' data-index='13'>\n<img decoding=\"async\" src=\"https:\/\/www.fitt.com\/wp-content\/uploads\/2019\/09\/DSCF0893.jpg\"><\/div>\n<\/div>\n<\/div>\n\n      <div class=\"ud_modal modal-js js_gallery\">\n        <div class=\"box\">\n          <div class=\"btn-close\">\n            <span class=\"icon-close\">\n              <svg viewBox=\"0 0 27 27\" xmlns=\"http:\/\/www.w3.org\/2000\/svg\">\n                <rect id=\"rect-1\" x=\"2.25146\" y=\"0.129944\" width=\"35\" height=\"3\" rx=\"1.5\" transform=\"rotate(45 2.25146 0.129944)\"\/>\n                <rect id=\"rect-2\" width=\"35\" height=\"3\" rx=\"1.5\" transform=\"matrix(-0.707107 0.707107 0.707107 0.707107 24.8135 0.0649719)\"\/>\n              <\/svg>\n            <\/span>\n          <\/div>\n          <div class=\"content mx-md-n32\">\n            <div class=\"slider\">\n              <div class=\"swiper-wrapper\">\n                <div class='swiper-slide'>\n<img decoding=\"async\" src=\"https:\/\/www.fitt.com\/wp-content\/uploads\/2019\/09\/69454280_2395016920768183_4256757892545249280_o.jpg\"><\/div>\n<div class='swiper-slide'>\n<img decoding=\"async\" src=\"https:\/\/www.fitt.com\/wp-content\/uploads\/2019\/09\/DSCF0889.jpg\"><\/div>\n<div class='swiper-slide'>\n<img decoding=\"async\" src=\"https:\/\/www.fitt.com\/wp-content\/uploads\/2019\/09\/DSCF0829.jpg\"><\/div>\n<div class='swiper-slide'>\n<img decoding=\"async\" src=\"https:\/\/www.fitt.com\/wp-content\/uploads\/2019\/09\/DSCF0822.jpg\"><\/div>\n<div class='swiper-slide'>\n<img decoding=\"async\" src=\"https:\/\/www.fitt.com\/wp-content\/uploads\/2019\/09\/DSCF0815.jpg\"><\/div>\n<div class='swiper-slide'>\n<img decoding=\"async\" src=\"https:\/\/www.fitt.com\/wp-content\/uploads\/2019\/09\/DSCF0788.jpg\"><\/div>\n<div class='swiper-slide'>\n<img decoding=\"async\" src=\"https:\/\/www.fitt.com\/wp-content\/uploads\/2019\/09\/Il-concept-di-tubo-biodegradabile.jpg\"><\/div>\n<div class='swiper-slide'>\n<img decoding=\"async\" src=\"https:\/\/www.fitt.com\/wp-content\/uploads\/2019\/09\/La-timeline-di-sostenibilita-di-FITT.jpg\"><\/div>\n<div class='swiper-slide'>\n<img decoding=\"async\" src=\"https:\/\/www.fitt.com\/wp-content\/uploads\/2019\/09\/Lo-stand-di-FITT-a-Gafa-2019.jpg\"><\/div>\n<div class='swiper-slide'>\n<img decoding=\"async\" src=\"https:\/\/www.fitt.com\/wp-content\/uploads\/2019\/09\/DSCF0967.jpg\"><\/div>\n<div class='swiper-slide'>\n<img decoding=\"async\" src=\"https:\/\/www.fitt.com\/wp-content\/uploads\/2019\/09\/DSCF0957.jpg\"><\/div>\n<div class='swiper-slide'>\n<img decoding=\"async\" src=\"https:\/\/www.fitt.com\/wp-content\/uploads\/2019\/09\/G0014523.jpg\"><\/div>\n<div class='swiper-slide'>\n<img decoding=\"async\" src=\"https:\/\/www.fitt.com\/wp-content\/uploads\/2019\/09\/DSCF0927.jpg\"><\/div>\n<div class='swiper-slide'>\n<img decoding=\"async\" src=\"https:\/\/www.fitt.com\/wp-content\/uploads\/2019\/09\/DSCF0893.jpg\"><\/div>\n\n              <\/div>\n            <\/div>\n          <\/div>\n\n          <div class=\"ud_slider__nav--prev\">\n            <svg fill=\"none\" height=\"20\" viewBox=\"0 0 14 20\" width=\"14\" xmlns=\"http:\/\/www.w3.org\/2000\/svg\">\n              <path d=\"m12.9706 9.20759c.52.40031.52 1.18451 0 1.58481l-10.8606 8.3605c-.65757.5062-1.609999.0375-1.609999-.7924l-.000001-16.72102c0-.829843.95243-1.298607 1.60999-.79241z\" fill=\"#000\"><\/path>\n            <\/svg>\n          <\/div>\n          <div class=\"ud_slider__nav--next\">\n            <svg fill=\"none\" height=\"20\" viewBox=\"0 0 14 20\" width=\"14\" xmlns=\"http:\/\/www.w3.org\/2000\/svg\">\n              <path d=\"m12.9706 9.20759c.52.40031.52 1.18451 0 1.58481l-10.8606 8.3605c-.65757.5062-1.609999.0375-1.609999-.7924l-.000001-16.72102c0-.829843.95243-1.298607 1.60999-.79241z\" fill=\"#000\"><\/path>\n            <\/svg>\n          <\/div>\n        <\/div>\n      <\/div>\n    <\/div>\n<p>Si sono spenti i riflettori sull&#8217;edizione 2019 di <a title=\"Gafa\" href=\"https:\/\/www.spogagafa.com\/\" target=\"_blank\" rel=\"noopener\"><strong>Gafa<\/strong><\/a>, che ha portato con s\u00e9 la <strong>consapevolezza <\/strong>e il nostro <strong>impegno nella sostenibilit\u00e0<\/strong>, e anche la felicit\u00e0 e l&#8217;orgoglio di aver festeggiato i nostri primi 50 anni di impresa con i nostri <strong>partner<\/strong>.<\/p>\n<p>In uno <strong>spazio<\/strong> <strong>verde<\/strong> realizzato con <strong>materiali sostenibili<\/strong>, che richiamava l&#8217;dea di un vero e proprio giardino, abbiamo presentato un <strong>nuovissimo concept di tubo 100% biodegradabile<\/strong> ottenuto da fonti rinnovabili.<\/p>\n<p><strong>L&#8217;economia circolare<\/strong> \u00e8 oggi la nuova frontiera: <strong>\u00e8 verso questa direzione che ci stiamo muovendo<\/strong>, grazie alla nostra <strong>cinquantennale esperienza<\/strong> e un team di 40 ricercatori che, giorno dopo giorno, lavorano su materiali innovativi, che permettono di sostituire il tradizionale PVC o diminuire notevolmente la quantit\u00e0 di materia prima nei nostri prodotti.<\/p>\n<p>Il prototipo presentato a Gafa non \u00e8 per\u00f2 il nostro primo passo verso la sostenibilit\u00e0: come mostrava la timeline materica sullo sfondo dello stand, <strong>il rispetto per l&#8217;ambiente<\/strong> e <strong>per le persone<\/strong> <strong>hanno da sempre guidato le nostre attivit\u00e0 di ricerca e sviluppo<\/strong>. Nel <strong>2007<\/strong>, infatti, sono nati <strong>Acua<\/strong>, il primo tubo in PVC senza ftalati brevettato FCU &#8211; Food Contact Use &#8211; e <strong>Native<\/strong>, il primo tubo senza PVC. Nel <strong>2010<\/strong> abbiamo lanciato la linea brevettata <strong>Bios<\/strong>, una gamma di tubi ottenuti con componenti vegetali.<\/p>\n<p>Non solo <strong>sostenibilit\u00e0 di prodotti<\/strong>, ma anche <strong>sostenibilit\u00e0 nei processi<\/strong>. Ecco perch\u00e9 ogni anno impieghiamo pi\u00f9 di 8.000 tonnellate di granulo di <strong>PVC rigenerato<\/strong>, il 30% del quale provenie da processi di trasformazione sviluppati internamente &#8211; con il riuso totale degli scarti di produzione &#8211; e il restante 70% proviene da scarti di altri mercati, come l&#8217;automotive e l&#8217;edilizia. Inoltre, abbiamo installato <strong>due impianti di cogenerazione<\/strong> negli stabilimenti di Sandrigo e Fara Vicentino, che ci permettono di <strong>aumentare la nostra efficienza energetica<\/strong>, di <strong>ridurre l&#8217;emissione di anidride carbonica<\/strong> e di <strong>evitare il prelievo d&#8217;acqua dalla falda<\/strong>.<\/p>\n<p>Gafa \u00e8 stato per noi il momento per <strong>guardare al futuro <\/strong>e<strong> alla responsabilit\u00e0<\/strong> che sentiamo nei confronti delle prossime generazioni, e anche l&#8217;occasione per guardarci alle spalle e celebrare i nostri primi 50 anni di storia insieme ai nostri partner.<\/p>\n<p><strong>50 anni di impresa<\/strong> <strong>consapevole,<\/strong> <strong>responsabile,<\/strong> <strong>sostenibile, e<\/strong> <strong>partecipata<\/strong>. Questo \u00e8 il nostro modo di essere e fare impresa, da sempre. E non importano la pressione o la densit\u00e0 delle sfide che ci attendono, che si tratti dello scorrere del tempo o del fluire di un liquido questo \u00e8 anche lo <strong>spirito imprenditoriale che continuer\u00e0 ad ispirare <\/strong>i nostri<strong> valori<\/strong>, le nostre <strong>relazioni<\/strong>, i nostri <strong>progetti<\/strong>, <strong>prodotti<\/strong> e <strong>servizi<\/strong>.<\/p>\n<p><iframe loading=\"lazy\" id=\"eywly\" src=\"https:\/\/fitt-cdn.thron.com\/shared\/plugins\/embed\/current\/fitt\/eb96e720-ea24-490b-8691-b4daddc73dc1\/oledzq\" width=\"100%\" height=\"450px\" frameborder=\"0\" scrolling=\"no\" allowfullscreen=\"allowfullscreen\"><\/iframe><\/p>\n","protected":false},"excerpt":{"rendered":"<p>Si sono spenti i riflettori sull&#8217;edizione 2019 di Gafa, che ha portato con s\u00e9 la consapevolezza e il nostro impegno nella sostenibilit\u00e0, e anche la felicit\u00e0 e l&#8217;orgoglio di aver festeggiato i nostri primi 50 anni di impresa con i nostri partner. In uno spazio verde realizzato con materiali sostenibili, che richiamava l&#8217;dea di un [&hellip;]<\/p>\n","protected":false},"author":1,"featured_media":3761,"comment_status":"closed","ping_status":"open","sticky":false,"template":"","format":"standard","meta":{"_acf_changed":false,"footnotes":""},"categories":[15,16,20,24],"tags":[],"class_list":["post-1644","post","type-post","status-publish","format-standard","has-post-thumbnail","hentry","category-eventi","category-garden","category-non-categorizzato","category-sustainability"],"acf":[],"yoast_head":"<!-- This site is optimized with the Yoast SEO Premium plugin v24.1 (Yoast SEO v27.3) - https:\/\/yoast.com\/product\/yoast-seo-premium-wordpress\/ -->\n<title>Gafa 2019: sostenibilit\u00e0, futuro e persone al centro - FITT<\/title>\n<meta name=\"robots\" content=\"index, follow, max-snippet:-1, max-image-preview:large, max-video-preview:-1\" \/>\n<link rel=\"canonical\" href=\"https:\/\/www.fitt.com\/it\/news\/gafa-2019-sostenibilita-futuro-e-persone-al-centro\/\" \/>\n<meta property=\"og:locale\" content=\"it_IT\" \/>\n<meta property=\"og:type\" content=\"article\" \/>\n<meta property=\"og:title\" content=\"Gafa 2019: sostenibilit\u00e0, futuro e persone al centro\" \/>\n<meta property=\"og:description\" content=\"Si sono spenti i riflettori sull&#8217;edizione 2019 di Gafa, che ha portato con s\u00e9 la consapevolezza e il nostro impegno nella sostenibilit\u00e0, e anche la felicit\u00e0 e l&#8217;orgoglio di aver festeggiato i nostri primi 50 anni di impresa con i nostri partner. In uno spazio verde realizzato con materiali sostenibili, che richiamava l&#8217;dea di un [&hellip;]\" \/>\n<meta property=\"og:url\" content=\"https:\/\/www.fitt.com\/it\/news\/gafa-2019-sostenibilita-futuro-e-persone-al-centro\/\" \/>\n<meta property=\"og:site_name\" content=\"FITT\" \/>\n<meta property=\"article:published_time\" content=\"2019-09-09T22:00:00+00:00\" \/>\n<meta property=\"article:modified_time\" content=\"2022-05-10T21:28:54+00:00\" \/>\n<meta property=\"og:image\" content=\"https:\/\/www.fitt.com\/wp-content\/uploads\/2019\/09\/Gafa-2019-sostenibilita-futuro-e-persone-al-centro.jpg\" \/>\n\t<meta property=\"og:image:width\" content=\"1600\" \/>\n\t<meta property=\"og:image:height\" content=\"650\" \/>\n\t<meta property=\"og:image:type\" content=\"image\/jpeg\" \/>\n<meta name=\"author\" content=\"system\" \/>\n<meta name=\"twitter:card\" content=\"summary_large_image\" \/>\n<meta name=\"twitter:label1\" content=\"Scritto da\" \/>\n\t<meta name=\"twitter:data1\" content=\"system\" \/>\n\t<meta name=\"twitter:label2\" content=\"Tempo di lettura stimato\" \/>\n\t<meta name=\"twitter:data2\" content=\"2 minuti\" \/>\n<script type=\"application\/ld+json\" class=\"yoast-schema-graph\">{\"@context\":\"https:\\\/\\\/schema.org\",\"@graph\":[{\"@type\":\"Article\",\"@id\":\"https:\\\/\\\/www.fitt.com\\\/it\\\/news\\\/gafa-2019-sostenibilita-futuro-e-persone-al-centro\\\/#article\",\"isPartOf\":{\"@id\":\"https:\\\/\\\/www.fitt.com\\\/it\\\/news\\\/gafa-2019-sostenibilita-futuro-e-persone-al-centro\\\/\"},\"author\":{\"name\":\"system\",\"@id\":\"https:\\\/\\\/www.fitt.com\\\/it\\\/#\\\/schema\\\/person\\\/88ed5d9863be31118f9ec9ee37f028a2\"},\"headline\":\"Gafa 2019: sostenibilit\u00e0, futuro e persone al centro\",\"datePublished\":\"2019-09-09T22:00:00+00:00\",\"dateModified\":\"2022-05-10T21:28:54+00:00\",\"mainEntityOfPage\":{\"@id\":\"https:\\\/\\\/www.fitt.com\\\/it\\\/news\\\/gafa-2019-sostenibilita-futuro-e-persone-al-centro\\\/\"},\"wordCount\":418,\"publisher\":{\"@id\":\"https:\\\/\\\/www.fitt.com\\\/it\\\/#organization\"},\"image\":{\"@id\":\"https:\\\/\\\/www.fitt.com\\\/it\\\/news\\\/gafa-2019-sostenibilita-futuro-e-persone-al-centro\\\/#primaryimage\"},\"thumbnailUrl\":\"https:\\\/\\\/www.fitt.com\\\/wp-content\\\/uploads\\\/2019\\\/09\\\/Gafa-2019-sostenibilita-futuro-e-persone-al-centro.jpg\",\"articleSection\":[\"Eventi\",\"Garden\",\"Non categorizzato\",\"Sustainability\"],\"inLanguage\":\"it-IT\"},{\"@type\":\"WebPage\",\"@id\":\"https:\\\/\\\/www.fitt.com\\\/it\\\/news\\\/gafa-2019-sostenibilita-futuro-e-persone-al-centro\\\/\",\"url\":\"https:\\\/\\\/www.fitt.com\\\/it\\\/news\\\/gafa-2019-sostenibilita-futuro-e-persone-al-centro\\\/\",\"name\":\"Gafa 2019: sostenibilit\u00e0, futuro e persone al centro - FITT\",\"isPartOf\":{\"@id\":\"https:\\\/\\\/www.fitt.com\\\/it\\\/#website\"},\"primaryImageOfPage\":{\"@id\":\"https:\\\/\\\/www.fitt.com\\\/it\\\/news\\\/gafa-2019-sostenibilita-futuro-e-persone-al-centro\\\/#primaryimage\"},\"image\":{\"@id\":\"https:\\\/\\\/www.fitt.com\\\/it\\\/news\\\/gafa-2019-sostenibilita-futuro-e-persone-al-centro\\\/#primaryimage\"},\"thumbnailUrl\":\"https:\\\/\\\/www.fitt.com\\\/wp-content\\\/uploads\\\/2019\\\/09\\\/Gafa-2019-sostenibilita-futuro-e-persone-al-centro.jpg\",\"datePublished\":\"2019-09-09T22:00:00+00:00\",\"dateModified\":\"2022-05-10T21:28:54+00:00\",\"breadcrumb\":{\"@id\":\"https:\\\/\\\/www.fitt.com\\\/it\\\/news\\\/gafa-2019-sostenibilita-futuro-e-persone-al-centro\\\/#breadcrumb\"},\"inLanguage\":\"it-IT\",\"potentialAction\":[{\"@type\":\"ReadAction\",\"target\":[\"https:\\\/\\\/www.fitt.com\\\/it\\\/news\\\/gafa-2019-sostenibilita-futuro-e-persone-al-centro\\\/\"]}]},{\"@type\":\"ImageObject\",\"inLanguage\":\"it-IT\",\"@id\":\"https:\\\/\\\/www.fitt.com\\\/it\\\/news\\\/gafa-2019-sostenibilita-futuro-e-persone-al-centro\\\/#primaryimage\",\"url\":\"https:\\\/\\\/www.fitt.com\\\/wp-content\\\/uploads\\\/2019\\\/09\\\/Gafa-2019-sostenibilita-futuro-e-persone-al-centro.jpg\",\"contentUrl\":\"https:\\\/\\\/www.fitt.com\\\/wp-content\\\/uploads\\\/2019\\\/09\\\/Gafa-2019-sostenibilita-futuro-e-persone-al-centro.jpg\",\"width\":1600,\"height\":650},{\"@type\":\"BreadcrumbList\",\"@id\":\"https:\\\/\\\/www.fitt.com\\\/it\\\/news\\\/gafa-2019-sostenibilita-futuro-e-persone-al-centro\\\/#breadcrumb\",\"itemListElement\":[{\"@type\":\"ListItem\",\"position\":1,\"name\":\"Home\",\"item\":\"https:\\\/\\\/www.fitt.com\\\/it\\\/\"},{\"@type\":\"ListItem\",\"position\":2,\"name\":\"Gafa 2019: sostenibilit\u00e0, futuro e persone al centro\"}]},{\"@type\":\"WebSite\",\"@id\":\"https:\\\/\\\/www.fitt.com\\\/it\\\/#website\",\"url\":\"https:\\\/\\\/www.fitt.com\\\/it\\\/\",\"name\":\"FITT\",\"description\":\"FITT Spa\",\"publisher\":{\"@id\":\"https:\\\/\\\/www.fitt.com\\\/it\\\/#organization\"},\"potentialAction\":[{\"@type\":\"SearchAction\",\"target\":{\"@type\":\"EntryPoint\",\"urlTemplate\":\"https:\\\/\\\/www.fitt.com\\\/it\\\/?s={search_term_string}\"},\"query-input\":{\"@type\":\"PropertyValueSpecification\",\"valueRequired\":true,\"valueName\":\"search_term_string\"}}],\"inLanguage\":\"it-IT\"},{\"@type\":\"Organization\",\"@id\":\"https:\\\/\\\/www.fitt.com\\\/it\\\/#organization\",\"name\":\"Fitt SPA\",\"url\":\"https:\\\/\\\/www.fitt.com\\\/it\\\/\",\"logo\":{\"@type\":\"ImageObject\",\"inLanguage\":\"it-IT\",\"@id\":\"https:\\\/\\\/www.fitt.com\\\/it\\\/#\\\/schema\\\/logo\\\/image\\\/\",\"url\":\"https:\\\/\\\/www.fitt.com\\\/wp-content\\\/uploads\\\/2022\\\/05\\\/logo-light.png\",\"contentUrl\":\"https:\\\/\\\/www.fitt.com\\\/wp-content\\\/uploads\\\/2022\\\/05\\\/logo-light.png\",\"width\":827,\"height\":508,\"caption\":\"Fitt SPA\"},\"image\":{\"@id\":\"https:\\\/\\\/www.fitt.com\\\/it\\\/#\\\/schema\\\/logo\\\/image\\\/\"}},{\"@type\":\"Person\",\"@id\":\"https:\\\/\\\/www.fitt.com\\\/it\\\/#\\\/schema\\\/person\\\/88ed5d9863be31118f9ec9ee37f028a2\",\"name\":\"system\",\"sameAs\":[\"https:\\\/\\\/www.fitt.com\\\/\"]}]}<\/script>\n<!-- \/ Yoast SEO Premium plugin. -->","yoast_head_json":{"title":"Gafa 2019: sostenibilit\u00e0, futuro e persone al centro - FITT","robots":{"index":"index","follow":"follow","max-snippet":"max-snippet:-1","max-image-preview":"max-image-preview:large","max-video-preview":"max-video-preview:-1"},"canonical":"https:\/\/www.fitt.com\/it\/news\/gafa-2019-sostenibilita-futuro-e-persone-al-centro\/","og_locale":"it_IT","og_type":"article","og_title":"Gafa 2019: sostenibilit\u00e0, futuro e persone al centro","og_description":"Si sono spenti i riflettori sull&#8217;edizione 2019 di Gafa, che ha portato con s\u00e9 la consapevolezza e il nostro impegno nella sostenibilit\u00e0, e anche la felicit\u00e0 e l&#8217;orgoglio di aver festeggiato i nostri primi 50 anni di impresa con i nostri partner. In uno spazio verde realizzato con materiali sostenibili, che richiamava l&#8217;dea di un [&hellip;]","og_url":"https:\/\/www.fitt.com\/it\/news\/gafa-2019-sostenibilita-futuro-e-persone-al-centro\/","og_site_name":"FITT","article_published_time":"2019-09-09T22:00:00+00:00","article_modified_time":"2022-05-10T21:28:54+00:00","og_image":[{"width":1600,"height":650,"url":"https:\/\/www.fitt.com\/wp-content\/uploads\/2019\/09\/Gafa-2019-sostenibilita-futuro-e-persone-al-centro.jpg","type":"image\/jpeg"}],"author":"system","twitter_card":"summary_large_image","twitter_misc":{"Scritto da":"system","Tempo di lettura stimato":"2 minuti"},"schema":{"@context":"https:\/\/schema.org","@graph":[{"@type":"Article","@id":"https:\/\/www.fitt.com\/it\/news\/gafa-2019-sostenibilita-futuro-e-persone-al-centro\/#article","isPartOf":{"@id":"https:\/\/www.fitt.com\/it\/news\/gafa-2019-sostenibilita-futuro-e-persone-al-centro\/"},"author":{"name":"system","@id":"https:\/\/www.fitt.com\/it\/#\/schema\/person\/88ed5d9863be31118f9ec9ee37f028a2"},"headline":"Gafa 2019: sostenibilit\u00e0, futuro e persone al centro","datePublished":"2019-09-09T22:00:00+00:00","dateModified":"2022-05-10T21:28:54+00:00","mainEntityOfPage":{"@id":"https:\/\/www.fitt.com\/it\/news\/gafa-2019-sostenibilita-futuro-e-persone-al-centro\/"},"wordCount":418,"publisher":{"@id":"https:\/\/www.fitt.com\/it\/#organization"},"image":{"@id":"https:\/\/www.fitt.com\/it\/news\/gafa-2019-sostenibilita-futuro-e-persone-al-centro\/#primaryimage"},"thumbnailUrl":"https:\/\/www.fitt.com\/wp-content\/uploads\/2019\/09\/Gafa-2019-sostenibilita-futuro-e-persone-al-centro.jpg","articleSection":["Eventi","Garden","Non categorizzato","Sustainability"],"inLanguage":"it-IT"},{"@type":"WebPage","@id":"https:\/\/www.fitt.com\/it\/news\/gafa-2019-sostenibilita-futuro-e-persone-al-centro\/","url":"https:\/\/www.fitt.com\/it\/news\/gafa-2019-sostenibilita-futuro-e-persone-al-centro\/","name":"Gafa 2019: sostenibilit\u00e0, futuro e persone al centro - FITT","isPartOf":{"@id":"https:\/\/www.fitt.com\/it\/#website"},"primaryImageOfPage":{"@id":"https:\/\/www.fitt.com\/it\/news\/gafa-2019-sostenibilita-futuro-e-persone-al-centro\/#primaryimage"},"image":{"@id":"https:\/\/www.fitt.com\/it\/news\/gafa-2019-sostenibilita-futuro-e-persone-al-centro\/#primaryimage"},"thumbnailUrl":"https:\/\/www.fitt.com\/wp-content\/uploads\/2019\/09\/Gafa-2019-sostenibilita-futuro-e-persone-al-centro.jpg","datePublished":"2019-09-09T22:00:00+00:00","dateModified":"2022-05-10T21:28:54+00:00","breadcrumb":{"@id":"https:\/\/www.fitt.com\/it\/news\/gafa-2019-sostenibilita-futuro-e-persone-al-centro\/#breadcrumb"},"inLanguage":"it-IT","potentialAction":[{"@type":"ReadAction","target":["https:\/\/www.fitt.com\/it\/news\/gafa-2019-sostenibilita-futuro-e-persone-al-centro\/"]}]},{"@type":"ImageObject","inLanguage":"it-IT","@id":"https:\/\/www.fitt.com\/it\/news\/gafa-2019-sostenibilita-futuro-e-persone-al-centro\/#primaryimage","url":"https:\/\/www.fitt.com\/wp-content\/uploads\/2019\/09\/Gafa-2019-sostenibilita-futuro-e-persone-al-centro.jpg","contentUrl":"https:\/\/www.fitt.com\/wp-content\/uploads\/2019\/09\/Gafa-2019-sostenibilita-futuro-e-persone-al-centro.jpg","width":1600,"height":650},{"@type":"BreadcrumbList","@id":"https:\/\/www.fitt.com\/it\/news\/gafa-2019-sostenibilita-futuro-e-persone-al-centro\/#breadcrumb","itemListElement":[{"@type":"ListItem","position":1,"name":"Home","item":"https:\/\/www.fitt.com\/it\/"},{"@type":"ListItem","position":2,"name":"Gafa 2019: sostenibilit\u00e0, futuro e persone al centro"}]},{"@type":"WebSite","@id":"https:\/\/www.fitt.com\/it\/#website","url":"https:\/\/www.fitt.com\/it\/","name":"FITT","description":"FITT Spa","publisher":{"@id":"https:\/\/www.fitt.com\/it\/#organization"},"potentialAction":[{"@type":"SearchAction","target":{"@type":"EntryPoint","urlTemplate":"https:\/\/www.fitt.com\/it\/?s={search_term_string}"},"query-input":{"@type":"PropertyValueSpecification","valueRequired":true,"valueName":"search_term_string"}}],"inLanguage":"it-IT"},{"@type":"Organization","@id":"https:\/\/www.fitt.com\/it\/#organization","name":"Fitt SPA","url":"https:\/\/www.fitt.com\/it\/","logo":{"@type":"ImageObject","inLanguage":"it-IT","@id":"https:\/\/www.fitt.com\/it\/#\/schema\/logo\/image\/","url":"https:\/\/www.fitt.com\/wp-content\/uploads\/2022\/05\/logo-light.png","contentUrl":"https:\/\/www.fitt.com\/wp-content\/uploads\/2022\/05\/logo-light.png","width":827,"height":508,"caption":"Fitt SPA"},"image":{"@id":"https:\/\/www.fitt.com\/it\/#\/schema\/logo\/image\/"}},{"@type":"Person","@id":"https:\/\/www.fitt.com\/it\/#\/schema\/person\/88ed5d9863be31118f9ec9ee37f028a2","name":"system","sameAs":["https:\/\/www.fitt.com\/"]}]}},"_links":{"self":[{"href":"https:\/\/www.fitt.com\/it\/wp-json\/wp\/v2\/posts\/1644","targetHints":{"allow":["GET"]}}],"collection":[{"href":"https:\/\/www.fitt.com\/it\/wp-json\/wp\/v2\/posts"}],"about":[{"href":"https:\/\/www.fitt.com\/it\/wp-json\/wp\/v2\/types\/post"}],"author":[{"embeddable":true,"href":"https:\/\/www.fitt.com\/it\/wp-json\/wp\/v2\/users\/1"}],"replies":[{"embeddable":true,"href":"https:\/\/www.fitt.com\/it\/wp-json\/wp\/v2\/comments?post=1644"}],"version-history":[{"count":3,"href":"https:\/\/www.fitt.com\/it\/wp-json\/wp\/v2\/posts\/1644\/revisions"}],"predecessor-version":[{"id":5519,"href":"https:\/\/www.fitt.com\/it\/wp-json\/wp\/v2\/posts\/1644\/revisions\/5519"}],"wp:featuredmedia":[{"embeddable":true,"href":"https:\/\/www.fitt.com\/it\/wp-json\/wp\/v2\/media\/3761"}],"wp:attachment":[{"href":"https:\/\/www.fitt.com\/it\/wp-json\/wp\/v2\/media?parent=1644"}],"wp:term":[{"taxonomy":"category","embeddable":true,"href":"https:\/\/www.fitt.com\/it\/wp-json\/wp\/v2\/categories?post=1644"},{"taxonomy":"post_tag","embeddable":true,"href":"https:\/\/www.fitt.com\/it\/wp-json\/wp\/v2\/tags?post=1644"}],"curies":[{"name":"wp","href":"https:\/\/api.w.org\/{rel}","templated":true}]}}