{"id":1563,"date":"2018-02-19T00:00:00","date_gmt":"2018-02-18T23:00:00","guid":{"rendered":"https:\/\/www.fitt.com\/speciale-top-500-arriva-all%c2%92ottava-edizione\/"},"modified":"2022-05-10T22:02:14","modified_gmt":"2022-05-10T20:02:14","slug":"speciale-top-500-arriva-all%c2%92ottava-edizione","status":"publish","type":"post","link":"https:\/\/www.fitt.com\/it\/news\/speciale-top-500-arriva-all%c2%92ottava-edizione\/","title":{"rendered":"Speciale TOP 500 arriva all&#8217;ottava edizione"},"content":{"rendered":"<p>Questo pomeriggio si svolger\u00e0 nella sede del\u00a0<a href=\"https:\/\/www.cuoa.it\/ita\/eventi\/evento\/top-500-vicenza\" target=\"_blank\" rel=\"noopener\"><strong>CUOA Business School<\/strong><\/a> di Altavilla Vicentina l&#8217;<strong>ottava edizione<\/strong> dell&#8217;evento\u00a0<strong>TOP 500<\/strong>, l&#8217;inserto<strong>\u00a0speciale del Giornale di Vicenza<\/strong>\u00a0dedicato alle\u00a0<strong>migliori aziende per fatturato con sede legale nel vicentino<\/strong>.<\/p>\n<p>L&#8217;incarico di curare l&#8217;analisi dei diversi bilanci \u00e8 spettato al <strong>Dipartimento di Economia Aziendale dell&#8217;Universit\u00e0 di Verona<\/strong>\u00a0e al network di servizi professionali\u00a0<strong>PwC<\/strong>, uno studio complesso e approfondito, in grado di dare una lettura critica del panorama imprenditoriale della provincia.<\/p>\n<p>Il programma si articola tra momenti istituzionali e di confronto. Interverr\u00e0 l&#8217;Assessore alle Politiche dell&#8217;Istruzione, Formazione, Lavoro e Pari Opportunit\u00e0 della Regione del Veneto Elena Donazzan e si terr\u00e0 una <strong>tavola rotonda<\/strong>\u00a0di discussione alla quale parteciper\u00e0 il\u00a0<strong>CEO di\u00a0<a href=\"https:\/\/www.fitt.com\/\" target=\"_blank\" rel=\"noopener\">FITT\u00a0<\/a>Alessandro Mezzalira<\/strong>, insieme al Presidente di Cereal Docks Mauro Fanin e al Direttore scientifico Area Imprenditorialit\u00e0 del CUOA Paolo Gubitta, confronto moderato da Marino Smiderle de Il Giornale di Vicenza.<\/p>\n","protected":false},"excerpt":{"rendered":"<p>Questo pomeriggio si svolger\u00e0 nella sede del\u00a0CUOA Business School di Altavilla Vicentina l&#8217;ottava edizione dell&#8217;evento\u00a0TOP 500, l&#8217;inserto\u00a0speciale del Giornale di Vicenza\u00a0dedicato alle\u00a0migliori aziende per fatturato con sede legale nel vicentino. L&#8217;incarico di curare l&#8217;analisi dei diversi bilanci \u00e8 spettato al Dipartimento di Economia Aziendale dell&#8217;Universit\u00e0 di Verona\u00a0e al network di servizi professionali\u00a0PwC, uno studio complesso [&hellip;]<\/p>\n","protected":false},"author":1,"featured_media":5062,"comment_status":"closed","ping_status":"open","sticky":false,"template":"","format":"standard","meta":{"_acf_changed":false,"footnotes":""},"categories":[20],"tags":[],"class_list":["post-1563","post","type-post","status-publish","format-standard","has-post-thumbnail","hentry","category-non-categorizzato"],"acf":[],"yoast_head":"<!-- This site is optimized with the Yoast SEO Premium plugin v24.1 (Yoast SEO v27.3) - https:\/\/yoast.com\/product\/yoast-seo-premium-wordpress\/ -->\n<title>Speciale TOP 500 arriva all&#039;ottava edizione - FITT<\/title>\n<meta name=\"robots\" content=\"index, follow, max-snippet:-1, max-image-preview:large, max-video-preview:-1\" \/>\n<link rel=\"canonical\" href=\"https:\/\/www.fitt.com\/it\/news\/speciale-top-500-arriva-all%c2%92ottava-edizione\/\" \/>\n<meta property=\"og:locale\" content=\"it_IT\" \/>\n<meta property=\"og:type\" content=\"article\" \/>\n<meta property=\"og:title\" content=\"Speciale TOP 500 arriva all&#039;ottava edizione\" \/>\n<meta property=\"og:description\" content=\"Questo pomeriggio si svolger\u00e0 nella sede del\u00a0CUOA Business School di Altavilla Vicentina l&#8217;ottava edizione dell&#8217;evento\u00a0TOP 500, l&#8217;inserto\u00a0speciale del Giornale di Vicenza\u00a0dedicato alle\u00a0migliori aziende per fatturato con sede legale nel vicentino. L&#8217;incarico di curare l&#8217;analisi dei diversi bilanci \u00e8 spettato al Dipartimento di Economia Aziendale dell&#8217;Universit\u00e0 di Verona\u00a0e al network di servizi professionali\u00a0PwC, uno studio complesso [&hellip;]\" \/>\n<meta property=\"og:url\" content=\"https:\/\/www.fitt.com\/it\/news\/speciale-top-500-arriva-all%c2%92ottava-edizione\/\" \/>\n<meta property=\"og:site_name\" content=\"FITT\" \/>\n<meta property=\"article:published_time\" content=\"2018-02-18T23:00:00+00:00\" \/>\n<meta property=\"article:modified_time\" content=\"2022-05-10T20:02:14+00:00\" \/>\n<meta property=\"og:image\" content=\"https:\/\/www.fitt.com\/wp-content\/uploads\/2018\/02\/banner_top500_2018-1600x650-1.jpg\" \/>\n\t<meta property=\"og:image:width\" content=\"1280\" \/>\n\t<meta property=\"og:image:height\" content=\"520\" \/>\n\t<meta property=\"og:image:type\" content=\"image\/jpeg\" \/>\n<meta name=\"author\" content=\"system\" \/>\n<meta name=\"twitter:card\" content=\"summary_large_image\" \/>\n<meta name=\"twitter:label1\" content=\"Scritto da\" \/>\n\t<meta name=\"twitter:data1\" content=\"system\" \/>\n\t<meta name=\"twitter:label2\" content=\"Tempo di lettura stimato\" \/>\n\t<meta name=\"twitter:data2\" content=\"1 minuto\" \/>\n<script type=\"application\/ld+json\" class=\"yoast-schema-graph\">{\"@context\":\"https:\\\/\\\/schema.org\",\"@graph\":[{\"@type\":\"Article\",\"@id\":\"https:\\\/\\\/www.fitt.com\\\/it\\\/news\\\/speciale-top-500-arriva-all%c2%92ottava-edizione\\\/#article\",\"isPartOf\":{\"@id\":\"https:\\\/\\\/www.fitt.com\\\/it\\\/news\\\/speciale-top-500-arriva-all%c2%92ottava-edizione\\\/\"},\"author\":{\"name\":\"system\",\"@id\":\"https:\\\/\\\/www.fitt.com\\\/it\\\/#\\\/schema\\\/person\\\/88ed5d9863be31118f9ec9ee37f028a2\"},\"headline\":\"Speciale TOP 500 arriva all&#8217;ottava edizione\",\"datePublished\":\"2018-02-18T23:00:00+00:00\",\"dateModified\":\"2022-05-10T20:02:14+00:00\",\"mainEntityOfPage\":{\"@id\":\"https:\\\/\\\/www.fitt.com\\\/it\\\/news\\\/speciale-top-500-arriva-all%c2%92ottava-edizione\\\/\"},\"wordCount\":159,\"publisher\":{\"@id\":\"https:\\\/\\\/www.fitt.com\\\/it\\\/#organization\"},\"image\":{\"@id\":\"https:\\\/\\\/www.fitt.com\\\/it\\\/news\\\/speciale-top-500-arriva-all%c2%92ottava-edizione\\\/#primaryimage\"},\"thumbnailUrl\":\"https:\\\/\\\/www.fitt.com\\\/wp-content\\\/uploads\\\/2018\\\/02\\\/banner_top500_2018-1600x650-1.jpg\",\"articleSection\":[\"Non categorizzato\"],\"inLanguage\":\"it-IT\"},{\"@type\":\"WebPage\",\"@id\":\"https:\\\/\\\/www.fitt.com\\\/it\\\/news\\\/speciale-top-500-arriva-all%c2%92ottava-edizione\\\/\",\"url\":\"https:\\\/\\\/www.fitt.com\\\/it\\\/news\\\/speciale-top-500-arriva-all%c2%92ottava-edizione\\\/\",\"name\":\"Speciale TOP 500 arriva all'ottava edizione - FITT\",\"isPartOf\":{\"@id\":\"https:\\\/\\\/www.fitt.com\\\/it\\\/#website\"},\"primaryImageOfPage\":{\"@id\":\"https:\\\/\\\/www.fitt.com\\\/it\\\/news\\\/speciale-top-500-arriva-all%c2%92ottava-edizione\\\/#primaryimage\"},\"image\":{\"@id\":\"https:\\\/\\\/www.fitt.com\\\/it\\\/news\\\/speciale-top-500-arriva-all%c2%92ottava-edizione\\\/#primaryimage\"},\"thumbnailUrl\":\"https:\\\/\\\/www.fitt.com\\\/wp-content\\\/uploads\\\/2018\\\/02\\\/banner_top500_2018-1600x650-1.jpg\",\"datePublished\":\"2018-02-18T23:00:00+00:00\",\"dateModified\":\"2022-05-10T20:02:14+00:00\",\"breadcrumb\":{\"@id\":\"https:\\\/\\\/www.fitt.com\\\/it\\\/news\\\/speciale-top-500-arriva-all%c2%92ottava-edizione\\\/#breadcrumb\"},\"inLanguage\":\"it-IT\",\"potentialAction\":[{\"@type\":\"ReadAction\",\"target\":[\"https:\\\/\\\/www.fitt.com\\\/it\\\/news\\\/speciale-top-500-arriva-all%c2%92ottava-edizione\\\/\"]}]},{\"@type\":\"ImageObject\",\"inLanguage\":\"it-IT\",\"@id\":\"https:\\\/\\\/www.fitt.com\\\/it\\\/news\\\/speciale-top-500-arriva-all%c2%92ottava-edizione\\\/#primaryimage\",\"url\":\"https:\\\/\\\/www.fitt.com\\\/wp-content\\\/uploads\\\/2018\\\/02\\\/banner_top500_2018-1600x650-1.jpg\",\"contentUrl\":\"https:\\\/\\\/www.fitt.com\\\/wp-content\\\/uploads\\\/2018\\\/02\\\/banner_top500_2018-1600x650-1.jpg\",\"width\":1280,\"height\":520},{\"@type\":\"BreadcrumbList\",\"@id\":\"https:\\\/\\\/www.fitt.com\\\/it\\\/news\\\/speciale-top-500-arriva-all%c2%92ottava-edizione\\\/#breadcrumb\",\"itemListElement\":[{\"@type\":\"ListItem\",\"position\":1,\"name\":\"Home\",\"item\":\"https:\\\/\\\/www.fitt.com\\\/it\\\/\"},{\"@type\":\"ListItem\",\"position\":2,\"name\":\"Speciale TOP 500 arriva all&#8217;ottava edizione\"}]},{\"@type\":\"WebSite\",\"@id\":\"https:\\\/\\\/www.fitt.com\\\/it\\\/#website\",\"url\":\"https:\\\/\\\/www.fitt.com\\\/it\\\/\",\"name\":\"FITT\",\"description\":\"FITT Spa\",\"publisher\":{\"@id\":\"https:\\\/\\\/www.fitt.com\\\/it\\\/#organization\"},\"potentialAction\":[{\"@type\":\"SearchAction\",\"target\":{\"@type\":\"EntryPoint\",\"urlTemplate\":\"https:\\\/\\\/www.fitt.com\\\/it\\\/?s={search_term_string}\"},\"query-input\":{\"@type\":\"PropertyValueSpecification\",\"valueRequired\":true,\"valueName\":\"search_term_string\"}}],\"inLanguage\":\"it-IT\"},{\"@type\":\"Organization\",\"@id\":\"https:\\\/\\\/www.fitt.com\\\/it\\\/#organization\",\"name\":\"Fitt SPA\",\"url\":\"https:\\\/\\\/www.fitt.com\\\/it\\\/\",\"logo\":{\"@type\":\"ImageObject\",\"inLanguage\":\"it-IT\",\"@id\":\"https:\\\/\\\/www.fitt.com\\\/it\\\/#\\\/schema\\\/logo\\\/image\\\/\",\"url\":\"https:\\\/\\\/www.fitt.com\\\/wp-content\\\/uploads\\\/2022\\\/05\\\/logo-light.png\",\"contentUrl\":\"https:\\\/\\\/www.fitt.com\\\/wp-content\\\/uploads\\\/2022\\\/05\\\/logo-light.png\",\"width\":827,\"height\":508,\"caption\":\"Fitt SPA\"},\"image\":{\"@id\":\"https:\\\/\\\/www.fitt.com\\\/it\\\/#\\\/schema\\\/logo\\\/image\\\/\"}},{\"@type\":\"Person\",\"@id\":\"https:\\\/\\\/www.fitt.com\\\/it\\\/#\\\/schema\\\/person\\\/88ed5d9863be31118f9ec9ee37f028a2\",\"name\":\"system\",\"sameAs\":[\"https:\\\/\\\/www.fitt.com\\\/\"]}]}<\/script>\n<!-- \/ Yoast SEO Premium plugin. -->","yoast_head_json":{"title":"Speciale TOP 500 arriva all'ottava edizione - FITT","robots":{"index":"index","follow":"follow","max-snippet":"max-snippet:-1","max-image-preview":"max-image-preview:large","max-video-preview":"max-video-preview:-1"},"canonical":"https:\/\/www.fitt.com\/it\/news\/speciale-top-500-arriva-all%c2%92ottava-edizione\/","og_locale":"it_IT","og_type":"article","og_title":"Speciale TOP 500 arriva all'ottava edizione","og_description":"Questo pomeriggio si svolger\u00e0 nella sede del\u00a0CUOA Business School di Altavilla Vicentina l&#8217;ottava edizione dell&#8217;evento\u00a0TOP 500, l&#8217;inserto\u00a0speciale del Giornale di Vicenza\u00a0dedicato alle\u00a0migliori aziende per fatturato con sede legale nel vicentino. L&#8217;incarico di curare l&#8217;analisi dei diversi bilanci \u00e8 spettato al Dipartimento di Economia Aziendale dell&#8217;Universit\u00e0 di Verona\u00a0e al network di servizi professionali\u00a0PwC, uno studio complesso [&hellip;]","og_url":"https:\/\/www.fitt.com\/it\/news\/speciale-top-500-arriva-all%c2%92ottava-edizione\/","og_site_name":"FITT","article_published_time":"2018-02-18T23:00:00+00:00","article_modified_time":"2022-05-10T20:02:14+00:00","og_image":[{"width":1280,"height":520,"url":"https:\/\/www.fitt.com\/wp-content\/uploads\/2018\/02\/banner_top500_2018-1600x650-1.jpg","type":"image\/jpeg"}],"author":"system","twitter_card":"summary_large_image","twitter_misc":{"Scritto da":"system","Tempo di lettura stimato":"1 minuto"},"schema":{"@context":"https:\/\/schema.org","@graph":[{"@type":"Article","@id":"https:\/\/www.fitt.com\/it\/news\/speciale-top-500-arriva-all%c2%92ottava-edizione\/#article","isPartOf":{"@id":"https:\/\/www.fitt.com\/it\/news\/speciale-top-500-arriva-all%c2%92ottava-edizione\/"},"author":{"name":"system","@id":"https:\/\/www.fitt.com\/it\/#\/schema\/person\/88ed5d9863be31118f9ec9ee37f028a2"},"headline":"Speciale TOP 500 arriva all&#8217;ottava edizione","datePublished":"2018-02-18T23:00:00+00:00","dateModified":"2022-05-10T20:02:14+00:00","mainEntityOfPage":{"@id":"https:\/\/www.fitt.com\/it\/news\/speciale-top-500-arriva-all%c2%92ottava-edizione\/"},"wordCount":159,"publisher":{"@id":"https:\/\/www.fitt.com\/it\/#organization"},"image":{"@id":"https:\/\/www.fitt.com\/it\/news\/speciale-top-500-arriva-all%c2%92ottava-edizione\/#primaryimage"},"thumbnailUrl":"https:\/\/www.fitt.com\/wp-content\/uploads\/2018\/02\/banner_top500_2018-1600x650-1.jpg","articleSection":["Non categorizzato"],"inLanguage":"it-IT"},{"@type":"WebPage","@id":"https:\/\/www.fitt.com\/it\/news\/speciale-top-500-arriva-all%c2%92ottava-edizione\/","url":"https:\/\/www.fitt.com\/it\/news\/speciale-top-500-arriva-all%c2%92ottava-edizione\/","name":"Speciale TOP 500 arriva all'ottava edizione - FITT","isPartOf":{"@id":"https:\/\/www.fitt.com\/it\/#website"},"primaryImageOfPage":{"@id":"https:\/\/www.fitt.com\/it\/news\/speciale-top-500-arriva-all%c2%92ottava-edizione\/#primaryimage"},"image":{"@id":"https:\/\/www.fitt.com\/it\/news\/speciale-top-500-arriva-all%c2%92ottava-edizione\/#primaryimage"},"thumbnailUrl":"https:\/\/www.fitt.com\/wp-content\/uploads\/2018\/02\/banner_top500_2018-1600x650-1.jpg","datePublished":"2018-02-18T23:00:00+00:00","dateModified":"2022-05-10T20:02:14+00:00","breadcrumb":{"@id":"https:\/\/www.fitt.com\/it\/news\/speciale-top-500-arriva-all%c2%92ottava-edizione\/#breadcrumb"},"inLanguage":"it-IT","potentialAction":[{"@type":"ReadAction","target":["https:\/\/www.fitt.com\/it\/news\/speciale-top-500-arriva-all%c2%92ottava-edizione\/"]}]},{"@type":"ImageObject","inLanguage":"it-IT","@id":"https:\/\/www.fitt.com\/it\/news\/speciale-top-500-arriva-all%c2%92ottava-edizione\/#primaryimage","url":"https:\/\/www.fitt.com\/wp-content\/uploads\/2018\/02\/banner_top500_2018-1600x650-1.jpg","contentUrl":"https:\/\/www.fitt.com\/wp-content\/uploads\/2018\/02\/banner_top500_2018-1600x650-1.jpg","width":1280,"height":520},{"@type":"BreadcrumbList","@id":"https:\/\/www.fitt.com\/it\/news\/speciale-top-500-arriva-all%c2%92ottava-edizione\/#breadcrumb","itemListElement":[{"@type":"ListItem","position":1,"name":"Home","item":"https:\/\/www.fitt.com\/it\/"},{"@type":"ListItem","position":2,"name":"Speciale TOP 500 arriva all&#8217;ottava edizione"}]},{"@type":"WebSite","@id":"https:\/\/www.fitt.com\/it\/#website","url":"https:\/\/www.fitt.com\/it\/","name":"FITT","description":"FITT Spa","publisher":{"@id":"https:\/\/www.fitt.com\/it\/#organization"},"potentialAction":[{"@type":"SearchAction","target":{"@type":"EntryPoint","urlTemplate":"https:\/\/www.fitt.com\/it\/?s={search_term_string}"},"query-input":{"@type":"PropertyValueSpecification","valueRequired":true,"valueName":"search_term_string"}}],"inLanguage":"it-IT"},{"@type":"Organization","@id":"https:\/\/www.fitt.com\/it\/#organization","name":"Fitt SPA","url":"https:\/\/www.fitt.com\/it\/","logo":{"@type":"ImageObject","inLanguage":"it-IT","@id":"https:\/\/www.fitt.com\/it\/#\/schema\/logo\/image\/","url":"https:\/\/www.fitt.com\/wp-content\/uploads\/2022\/05\/logo-light.png","contentUrl":"https:\/\/www.fitt.com\/wp-content\/uploads\/2022\/05\/logo-light.png","width":827,"height":508,"caption":"Fitt SPA"},"image":{"@id":"https:\/\/www.fitt.com\/it\/#\/schema\/logo\/image\/"}},{"@type":"Person","@id":"https:\/\/www.fitt.com\/it\/#\/schema\/person\/88ed5d9863be31118f9ec9ee37f028a2","name":"system","sameAs":["https:\/\/www.fitt.com\/"]}]}},"_links":{"self":[{"href":"https:\/\/www.fitt.com\/it\/wp-json\/wp\/v2\/posts\/1563","targetHints":{"allow":["GET"]}}],"collection":[{"href":"https:\/\/www.fitt.com\/it\/wp-json\/wp\/v2\/posts"}],"about":[{"href":"https:\/\/www.fitt.com\/it\/wp-json\/wp\/v2\/types\/post"}],"author":[{"embeddable":true,"href":"https:\/\/www.fitt.com\/it\/wp-json\/wp\/v2\/users\/1"}],"replies":[{"embeddable":true,"href":"https:\/\/www.fitt.com\/it\/wp-json\/wp\/v2\/comments?post=1563"}],"version-history":[{"count":1,"href":"https:\/\/www.fitt.com\/it\/wp-json\/wp\/v2\/posts\/1563\/revisions"}],"predecessor-version":[{"id":5064,"href":"https:\/\/www.fitt.com\/it\/wp-json\/wp\/v2\/posts\/1563\/revisions\/5064"}],"wp:featuredmedia":[{"embeddable":true,"href":"https:\/\/www.fitt.com\/it\/wp-json\/wp\/v2\/media\/5062"}],"wp:attachment":[{"href":"https:\/\/www.fitt.com\/it\/wp-json\/wp\/v2\/media?parent=1563"}],"wp:term":[{"taxonomy":"category","embeddable":true,"href":"https:\/\/www.fitt.com\/it\/wp-json\/wp\/v2\/categories?post=1563"},{"taxonomy":"post_tag","embeddable":true,"href":"https:\/\/www.fitt.com\/it\/wp-json\/wp\/v2\/tags?post=1563"}],"curies":[{"name":"wp","href":"https:\/\/api.w.org\/{rel}","templated":true}]}}