{"id":23185,"date":"2025-11-25T10:50:55","date_gmt":"2025-11-25T09:50:55","guid":{"rendered":"https:\/\/www.fitt.com\/?p=23185"},"modified":"2025-11-25T11:23:17","modified_gmt":"2025-11-25T10:23:17","slug":"unite-2025-orange-the-world-lengagement-du-groupe-fitt-contre-la-violence-numerique-fondee-sur-le-genre","status":"publish","type":"post","link":"https:\/\/www.fitt.com\/fr\/news\/unite-2025-orange-the-world-lengagement-du-groupe-fitt-contre-la-violence-numerique-fondee-sur-le-genre\/","title":{"rendered":"UNiTE 2025 \u2013 Orange the World : l\u2019engagement du Groupe FITT contre la violence num\u00e9rique fond\u00e9e sur le genre"},"content":{"rendered":"<p>Le Groupe FITT rejoint la campagne <strong>UNiTE 2025 \u2013 Orange the World<\/strong> \u00e0 l\u2019occasion de la Journ\u00e9e internationale pour l\u2019\u00e9limination de la violence \u00e0 l\u2019\u00e9gard des femmes, le 25 novembre, en parant ses dispositifs num\u00e9riques de la couleur orange.<\/p>\n<p>Cette adh\u00e9sion, qui rassemble institutions, entreprises et citoyens dans la lutte contre les violences faites aux femmes, s\u2019inscrit dans la d\u00e9marche de responsabilit\u00e9 sociale d\u00e9velopp\u00e9e par FITT ces derni\u00e8res ann\u00e9es, marqu\u00e9e par :<br \/>\n\u2022 l\u2019adh\u00e9sion aux <strong>Women\u2019s Empowerment Principles (WEPs)<\/strong> en 2024,<br \/>\n\u2022 l\u2019\u00e9volution de sa strat\u00e9gie People, centr\u00e9e sur l\u2019inclusion, le respect et le bien-\u00eatre.<\/p>\n<p><strong>Le th\u00e8me de l\u2019\u00e9dition 2025<\/strong><\/p>\n<p>La campagne UNiTE vise \u00e0 briser le silence, promouvoir une culture du respect et encourager une responsabilit\u00e9 partag\u00e9e.<br \/>\nL\u2019\u00e9dition 2025 met en lumi\u00e8re la <strong>violence num\u00e9rique fond\u00e9e sur le genre<\/strong>, une forme d\u2019abus en forte expansion, souvent invisible mais aux cons\u00e9quences profondes sur la s\u00e9curit\u00e9, la dignit\u00e9 et la vie des victimes.<\/p>\n<p>La violence num\u00e9rique reste largement sous-estim\u00e9e et comprend diverses formes d\u2019abus en ligne qui :<br \/>\n\u2022 touchent des femmes et des filles partout dans le monde,<br \/>\n\u2022 r\u00e9duisent leur libert\u00e9 d\u2019expression et leur participation publique, entra\u00eenant des dommages psychologiques, sociaux et \u00e9conomiques,<br \/>\n\u2022 pr\u00e9c\u00e8dent ou accompagnent souvent des violences hors ligne, telles que le harc\u00e8lement, les agressions ou les f\u00e9minicides.<\/p>\n<p><strong>Un geste symbolique qui devient source d\u2019information<\/strong><\/p>\n<p>Pour contribuer \u00e0 la sensibilisation, le Groupe FITT d\u00e9ploie une s\u00e9rie d\u2019<strong>\u00e9crans de veille th\u00e9matiques<\/strong> qui, en plus d\u2019adopter la couleur orange \u2014 symbole de la campagne \u2014, int\u00e8grent de courtes capsules d\u2019information d\u00e9di\u00e9es aux principaux enjeux de la violence num\u00e9rique fond\u00e9e sur le genre.<br \/>\nUn geste simple mais significatif, qui apporte des contenus p\u00e9dagogiques directement dans les outils de travail quotidiens.<\/p>\n<p>FITT souligne l\u2019importance d\u2019un engagement collectif pour b\u00e2tir un avenir o\u00f9 les femmes et les filles peuvent vivre libres et en s\u00e9curit\u00e9 \u2014 y compris dans les espaces num\u00e9riques.<\/p>\n","protected":false},"excerpt":{"rendered":"<p>Le Groupe FITT rejoint la campagne UNiTE 2025 \u2013 Orange the World \u00e0 l\u2019occasion de la Journ\u00e9e internationale pour l\u2019\u00e9limination de la violence \u00e0 l\u2019\u00e9gard des femmes, le 25 novembre, en parant ses dispositifs num\u00e9riques de la couleur orange. Cette adh\u00e9sion, qui rassemble institutions, entreprises et citoyens dans la lutte contre les violences faites aux [&hellip;]<\/p>\n","protected":false},"author":5,"featured_media":23193,"comment_status":"closed","ping_status":"closed","sticky":false,"template":"","format":"standard","meta":{"_acf_changed":false,"footnotes":""},"categories":[375,372],"tags":[],"class_list":["post-23185","post","type-post","status-publish","format-standard","has-post-thumbnail","hentry","category-social-responsibility-fr","category-sustainability-fr"],"acf":[],"yoast_head":"<!-- This site is optimized with the Yoast SEO Premium plugin v24.1 (Yoast SEO v27.3) - https:\/\/yoast.com\/product\/yoast-seo-premium-wordpress\/ -->\n<title>UNiTE 2025 \u2013 Orange the World : l\u2019engagement du Groupe FITT contre la violence num\u00e9rique fond\u00e9e sur le genre - FITT<\/title>\n<meta name=\"description\" content=\"Le Groupe FITT rejoint la campagne UNiTE 2025 \u2013 Orange the World \u00e0 l\u2019occasion de la Journ\u00e9e internationale pour l\u2019\u00e9limination de la violence \u00e0 l\u2019\u00e9gard des femmes, le 25 novembre, en parant ses dispositifs num\u00e9riques de la couleur orange.\" \/>\n<meta name=\"robots\" content=\"index, follow, max-snippet:-1, max-image-preview:large, max-video-preview:-1\" \/>\n<link rel=\"canonical\" href=\"https:\/\/www.fitt.com\/fr\/news\/unite-2025-orange-the-world-lengagement-du-groupe-fitt-contre-la-violence-numerique-fondee-sur-le-genre\/\" \/>\n<meta property=\"og:locale\" content=\"fr_FR\" \/>\n<meta property=\"og:type\" content=\"article\" \/>\n<meta property=\"og:title\" content=\"UNiTE 2025 \u2013 Orange the World : l\u2019engagement du Groupe FITT contre la violence num\u00e9rique fond\u00e9e sur le genre\" \/>\n<meta property=\"og:description\" content=\"Le Groupe FITT rejoint la campagne UNiTE 2025 \u2013 Orange the World \u00e0 l\u2019occasion de la Journ\u00e9e internationale pour l\u2019\u00e9limination de la violence \u00e0 l\u2019\u00e9gard des femmes, le 25 novembre, en parant ses dispositifs num\u00e9riques de la couleur orange.\" \/>\n<meta property=\"og:url\" content=\"https:\/\/www.fitt.com\/fr\/news\/unite-2025-orange-the-world-lengagement-du-groupe-fitt-contre-la-violence-numerique-fondee-sur-le-genre\/\" \/>\n<meta property=\"og:site_name\" content=\"FITT\" \/>\n<meta property=\"article:published_time\" content=\"2025-11-25T09:50:55+00:00\" \/>\n<meta property=\"article:modified_time\" content=\"2025-11-25T10:23:17+00:00\" \/>\n<meta property=\"og:image\" content=\"https:\/\/www.fitt.com\/wp-content\/uploads\/2025\/11\/Header-News-Campagna-Unite.jpg\" \/>\n\t<meta property=\"og:image:width\" content=\"800\" \/>\n\t<meta property=\"og:image:height\" content=\"304\" \/>\n\t<meta property=\"og:image:type\" content=\"image\/jpeg\" \/>\n<meta name=\"author\" content=\"digital-team\" \/>\n<meta name=\"twitter:card\" content=\"summary_large_image\" \/>\n<meta name=\"twitter:label1\" content=\"\u00c9crit par\" \/>\n\t<meta name=\"twitter:data1\" content=\"digital-team\" \/>\n\t<meta name=\"twitter:label2\" content=\"Dur\u00e9e de lecture estim\u00e9e\" \/>\n\t<meta name=\"twitter:data2\" content=\"2 minutes\" \/>\n<script type=\"application\/ld+json\" class=\"yoast-schema-graph\">{\"@context\":\"https:\\\/\\\/schema.org\",\"@graph\":[{\"@type\":\"Article\",\"@id\":\"https:\\\/\\\/www.fitt.com\\\/fr\\\/news\\\/unite-2025-orange-the-world-lengagement-du-groupe-fitt-contre-la-violence-numerique-fondee-sur-le-genre\\\/#article\",\"isPartOf\":{\"@id\":\"https:\\\/\\\/www.fitt.com\\\/fr\\\/news\\\/unite-2025-orange-the-world-lengagement-du-groupe-fitt-contre-la-violence-numerique-fondee-sur-le-genre\\\/\"},\"author\":{\"name\":\"digital-team\",\"@id\":\"https:\\\/\\\/www.fitt.com\\\/fr\\\/#\\\/schema\\\/person\\\/dcf4ccbfb4c9980e6a3babe2db2acb48\"},\"headline\":\"UNiTE 2025 \u2013 Orange the World : l\u2019engagement du Groupe FITT contre la violence num\u00e9rique fond\u00e9e sur le genre\",\"datePublished\":\"2025-11-25T09:50:55+00:00\",\"dateModified\":\"2025-11-25T10:23:17+00:00\",\"mainEntityOfPage\":{\"@id\":\"https:\\\/\\\/www.fitt.com\\\/fr\\\/news\\\/unite-2025-orange-the-world-lengagement-du-groupe-fitt-contre-la-violence-numerique-fondee-sur-le-genre\\\/\"},\"wordCount\":368,\"publisher\":{\"@id\":\"https:\\\/\\\/www.fitt.com\\\/fr\\\/#organization\"},\"image\":{\"@id\":\"https:\\\/\\\/www.fitt.com\\\/fr\\\/news\\\/unite-2025-orange-the-world-lengagement-du-groupe-fitt-contre-la-violence-numerique-fondee-sur-le-genre\\\/#primaryimage\"},\"thumbnailUrl\":\"https:\\\/\\\/www.fitt.com\\\/wp-content\\\/uploads\\\/2025\\\/11\\\/Header-News-Campagna-Unite-1.png\",\"articleSection\":[\"Social Responsibility\",\"Sustainability\"],\"inLanguage\":\"fr-FR\"},{\"@type\":\"WebPage\",\"@id\":\"https:\\\/\\\/www.fitt.com\\\/fr\\\/news\\\/unite-2025-orange-the-world-lengagement-du-groupe-fitt-contre-la-violence-numerique-fondee-sur-le-genre\\\/\",\"url\":\"https:\\\/\\\/www.fitt.com\\\/fr\\\/news\\\/unite-2025-orange-the-world-lengagement-du-groupe-fitt-contre-la-violence-numerique-fondee-sur-le-genre\\\/\",\"name\":\"UNiTE 2025 \u2013 Orange the World : l\u2019engagement du Groupe FITT contre la violence num\u00e9rique fond\u00e9e sur le genre - FITT\",\"isPartOf\":{\"@id\":\"https:\\\/\\\/www.fitt.com\\\/fr\\\/#website\"},\"primaryImageOfPage\":{\"@id\":\"https:\\\/\\\/www.fitt.com\\\/fr\\\/news\\\/unite-2025-orange-the-world-lengagement-du-groupe-fitt-contre-la-violence-numerique-fondee-sur-le-genre\\\/#primaryimage\"},\"image\":{\"@id\":\"https:\\\/\\\/www.fitt.com\\\/fr\\\/news\\\/unite-2025-orange-the-world-lengagement-du-groupe-fitt-contre-la-violence-numerique-fondee-sur-le-genre\\\/#primaryimage\"},\"thumbnailUrl\":\"https:\\\/\\\/www.fitt.com\\\/wp-content\\\/uploads\\\/2025\\\/11\\\/Header-News-Campagna-Unite-1.png\",\"datePublished\":\"2025-11-25T09:50:55+00:00\",\"dateModified\":\"2025-11-25T10:23:17+00:00\",\"description\":\"Le Groupe FITT rejoint la campagne UNiTE 2025 \u2013 Orange the World \u00e0 l\u2019occasion de la Journ\u00e9e internationale pour l\u2019\u00e9limination de la violence \u00e0 l\u2019\u00e9gard des femmes, le 25 novembre, en parant ses dispositifs num\u00e9riques de la couleur orange.\",\"breadcrumb\":{\"@id\":\"https:\\\/\\\/www.fitt.com\\\/fr\\\/news\\\/unite-2025-orange-the-world-lengagement-du-groupe-fitt-contre-la-violence-numerique-fondee-sur-le-genre\\\/#breadcrumb\"},\"inLanguage\":\"fr-FR\",\"potentialAction\":[{\"@type\":\"ReadAction\",\"target\":[\"https:\\\/\\\/www.fitt.com\\\/fr\\\/news\\\/unite-2025-orange-the-world-lengagement-du-groupe-fitt-contre-la-violence-numerique-fondee-sur-le-genre\\\/\"]}]},{\"@type\":\"ImageObject\",\"inLanguage\":\"fr-FR\",\"@id\":\"https:\\\/\\\/www.fitt.com\\\/fr\\\/news\\\/unite-2025-orange-the-world-lengagement-du-groupe-fitt-contre-la-violence-numerique-fondee-sur-le-genre\\\/#primaryimage\",\"url\":\"https:\\\/\\\/www.fitt.com\\\/wp-content\\\/uploads\\\/2025\\\/11\\\/Header-News-Campagna-Unite-1.png\",\"contentUrl\":\"https:\\\/\\\/www.fitt.com\\\/wp-content\\\/uploads\\\/2025\\\/11\\\/Header-News-Campagna-Unite-1.png\",\"width\":3125,\"height\":1188},{\"@type\":\"BreadcrumbList\",\"@id\":\"https:\\\/\\\/www.fitt.com\\\/fr\\\/news\\\/unite-2025-orange-the-world-lengagement-du-groupe-fitt-contre-la-violence-numerique-fondee-sur-le-genre\\\/#breadcrumb\",\"itemListElement\":[{\"@type\":\"ListItem\",\"position\":1,\"name\":\"Home\",\"item\":\"https:\\\/\\\/www.fitt.com\\\/fr\\\/\"},{\"@type\":\"ListItem\",\"position\":2,\"name\":\"UNiTE 2025 \u2013 Orange the World : l\u2019engagement du Groupe FITT contre la violence num\u00e9rique fond\u00e9e sur le genre\"}]},{\"@type\":\"WebSite\",\"@id\":\"https:\\\/\\\/www.fitt.com\\\/fr\\\/#website\",\"url\":\"https:\\\/\\\/www.fitt.com\\\/fr\\\/\",\"name\":\"FITT\",\"description\":\"FITT Spa\",\"publisher\":{\"@id\":\"https:\\\/\\\/www.fitt.com\\\/fr\\\/#organization\"},\"potentialAction\":[{\"@type\":\"SearchAction\",\"target\":{\"@type\":\"EntryPoint\",\"urlTemplate\":\"https:\\\/\\\/www.fitt.com\\\/fr\\\/?s={search_term_string}\"},\"query-input\":{\"@type\":\"PropertyValueSpecification\",\"valueRequired\":true,\"valueName\":\"search_term_string\"}}],\"inLanguage\":\"fr-FR\"},{\"@type\":\"Organization\",\"@id\":\"https:\\\/\\\/www.fitt.com\\\/fr\\\/#organization\",\"name\":\"Fitt SPA\",\"url\":\"https:\\\/\\\/www.fitt.com\\\/fr\\\/\",\"logo\":{\"@type\":\"ImageObject\",\"inLanguage\":\"fr-FR\",\"@id\":\"https:\\\/\\\/www.fitt.com\\\/fr\\\/#\\\/schema\\\/logo\\\/image\\\/\",\"url\":\"https:\\\/\\\/www.fitt.com\\\/wp-content\\\/uploads\\\/2022\\\/05\\\/logo-light.png\",\"contentUrl\":\"https:\\\/\\\/www.fitt.com\\\/wp-content\\\/uploads\\\/2022\\\/05\\\/logo-light.png\",\"width\":827,\"height\":508,\"caption\":\"Fitt SPA\"},\"image\":{\"@id\":\"https:\\\/\\\/www.fitt.com\\\/fr\\\/#\\\/schema\\\/logo\\\/image\\\/\"}},{\"@type\":\"Person\",\"@id\":\"https:\\\/\\\/www.fitt.com\\\/fr\\\/#\\\/schema\\\/person\\\/dcf4ccbfb4c9980e6a3babe2db2acb48\",\"name\":\"digital-team\"}]}<\/script>\n<!-- \/ Yoast SEO Premium plugin. -->","yoast_head_json":{"title":"UNiTE 2025 \u2013 Orange the World : l\u2019engagement du Groupe FITT contre la violence num\u00e9rique fond\u00e9e sur le genre - FITT","description":"Le Groupe FITT rejoint la campagne UNiTE 2025 \u2013 Orange the World \u00e0 l\u2019occasion de la Journ\u00e9e internationale pour l\u2019\u00e9limination de la violence \u00e0 l\u2019\u00e9gard des femmes, le 25 novembre, en parant ses dispositifs num\u00e9riques de la couleur orange.","robots":{"index":"index","follow":"follow","max-snippet":"max-snippet:-1","max-image-preview":"max-image-preview:large","max-video-preview":"max-video-preview:-1"},"canonical":"https:\/\/www.fitt.com\/fr\/news\/unite-2025-orange-the-world-lengagement-du-groupe-fitt-contre-la-violence-numerique-fondee-sur-le-genre\/","og_locale":"fr_FR","og_type":"article","og_title":"UNiTE 2025 \u2013 Orange the World : l\u2019engagement du Groupe FITT contre la violence num\u00e9rique fond\u00e9e sur le genre","og_description":"Le Groupe FITT rejoint la campagne UNiTE 2025 \u2013 Orange the World \u00e0 l\u2019occasion de la Journ\u00e9e internationale pour l\u2019\u00e9limination de la violence \u00e0 l\u2019\u00e9gard des femmes, le 25 novembre, en parant ses dispositifs num\u00e9riques de la couleur orange.","og_url":"https:\/\/www.fitt.com\/fr\/news\/unite-2025-orange-the-world-lengagement-du-groupe-fitt-contre-la-violence-numerique-fondee-sur-le-genre\/","og_site_name":"FITT","article_published_time":"2025-11-25T09:50:55+00:00","article_modified_time":"2025-11-25T10:23:17+00:00","og_image":[{"width":800,"height":304,"url":"https:\/\/www.fitt.com\/wp-content\/uploads\/2025\/11\/Header-News-Campagna-Unite.jpg","type":"image\/jpeg"}],"author":"digital-team","twitter_card":"summary_large_image","twitter_misc":{"\u00c9crit par":"digital-team","Dur\u00e9e de lecture estim\u00e9e":"2 minutes"},"schema":{"@context":"https:\/\/schema.org","@graph":[{"@type":"Article","@id":"https:\/\/www.fitt.com\/fr\/news\/unite-2025-orange-the-world-lengagement-du-groupe-fitt-contre-la-violence-numerique-fondee-sur-le-genre\/#article","isPartOf":{"@id":"https:\/\/www.fitt.com\/fr\/news\/unite-2025-orange-the-world-lengagement-du-groupe-fitt-contre-la-violence-numerique-fondee-sur-le-genre\/"},"author":{"name":"digital-team","@id":"https:\/\/www.fitt.com\/fr\/#\/schema\/person\/dcf4ccbfb4c9980e6a3babe2db2acb48"},"headline":"UNiTE 2025 \u2013 Orange the World : l\u2019engagement du Groupe FITT contre la violence num\u00e9rique fond\u00e9e sur le genre","datePublished":"2025-11-25T09:50:55+00:00","dateModified":"2025-11-25T10:23:17+00:00","mainEntityOfPage":{"@id":"https:\/\/www.fitt.com\/fr\/news\/unite-2025-orange-the-world-lengagement-du-groupe-fitt-contre-la-violence-numerique-fondee-sur-le-genre\/"},"wordCount":368,"publisher":{"@id":"https:\/\/www.fitt.com\/fr\/#organization"},"image":{"@id":"https:\/\/www.fitt.com\/fr\/news\/unite-2025-orange-the-world-lengagement-du-groupe-fitt-contre-la-violence-numerique-fondee-sur-le-genre\/#primaryimage"},"thumbnailUrl":"https:\/\/www.fitt.com\/wp-content\/uploads\/2025\/11\/Header-News-Campagna-Unite-1.png","articleSection":["Social Responsibility","Sustainability"],"inLanguage":"fr-FR"},{"@type":"WebPage","@id":"https:\/\/www.fitt.com\/fr\/news\/unite-2025-orange-the-world-lengagement-du-groupe-fitt-contre-la-violence-numerique-fondee-sur-le-genre\/","url":"https:\/\/www.fitt.com\/fr\/news\/unite-2025-orange-the-world-lengagement-du-groupe-fitt-contre-la-violence-numerique-fondee-sur-le-genre\/","name":"UNiTE 2025 \u2013 Orange the World : l\u2019engagement du Groupe FITT contre la violence num\u00e9rique fond\u00e9e sur le genre - FITT","isPartOf":{"@id":"https:\/\/www.fitt.com\/fr\/#website"},"primaryImageOfPage":{"@id":"https:\/\/www.fitt.com\/fr\/news\/unite-2025-orange-the-world-lengagement-du-groupe-fitt-contre-la-violence-numerique-fondee-sur-le-genre\/#primaryimage"},"image":{"@id":"https:\/\/www.fitt.com\/fr\/news\/unite-2025-orange-the-world-lengagement-du-groupe-fitt-contre-la-violence-numerique-fondee-sur-le-genre\/#primaryimage"},"thumbnailUrl":"https:\/\/www.fitt.com\/wp-content\/uploads\/2025\/11\/Header-News-Campagna-Unite-1.png","datePublished":"2025-11-25T09:50:55+00:00","dateModified":"2025-11-25T10:23:17+00:00","description":"Le Groupe FITT rejoint la campagne UNiTE 2025 \u2013 Orange the World \u00e0 l\u2019occasion de la Journ\u00e9e internationale pour l\u2019\u00e9limination de la violence \u00e0 l\u2019\u00e9gard des femmes, le 25 novembre, en parant ses dispositifs num\u00e9riques de la couleur orange.","breadcrumb":{"@id":"https:\/\/www.fitt.com\/fr\/news\/unite-2025-orange-the-world-lengagement-du-groupe-fitt-contre-la-violence-numerique-fondee-sur-le-genre\/#breadcrumb"},"inLanguage":"fr-FR","potentialAction":[{"@type":"ReadAction","target":["https:\/\/www.fitt.com\/fr\/news\/unite-2025-orange-the-world-lengagement-du-groupe-fitt-contre-la-violence-numerique-fondee-sur-le-genre\/"]}]},{"@type":"ImageObject","inLanguage":"fr-FR","@id":"https:\/\/www.fitt.com\/fr\/news\/unite-2025-orange-the-world-lengagement-du-groupe-fitt-contre-la-violence-numerique-fondee-sur-le-genre\/#primaryimage","url":"https:\/\/www.fitt.com\/wp-content\/uploads\/2025\/11\/Header-News-Campagna-Unite-1.png","contentUrl":"https:\/\/www.fitt.com\/wp-content\/uploads\/2025\/11\/Header-News-Campagna-Unite-1.png","width":3125,"height":1188},{"@type":"BreadcrumbList","@id":"https:\/\/www.fitt.com\/fr\/news\/unite-2025-orange-the-world-lengagement-du-groupe-fitt-contre-la-violence-numerique-fondee-sur-le-genre\/#breadcrumb","itemListElement":[{"@type":"ListItem","position":1,"name":"Home","item":"https:\/\/www.fitt.com\/fr\/"},{"@type":"ListItem","position":2,"name":"UNiTE 2025 \u2013 Orange the World : l\u2019engagement du Groupe FITT contre la violence num\u00e9rique fond\u00e9e sur le genre"}]},{"@type":"WebSite","@id":"https:\/\/www.fitt.com\/fr\/#website","url":"https:\/\/www.fitt.com\/fr\/","name":"FITT","description":"FITT Spa","publisher":{"@id":"https:\/\/www.fitt.com\/fr\/#organization"},"potentialAction":[{"@type":"SearchAction","target":{"@type":"EntryPoint","urlTemplate":"https:\/\/www.fitt.com\/fr\/?s={search_term_string}"},"query-input":{"@type":"PropertyValueSpecification","valueRequired":true,"valueName":"search_term_string"}}],"inLanguage":"fr-FR"},{"@type":"Organization","@id":"https:\/\/www.fitt.com\/fr\/#organization","name":"Fitt SPA","url":"https:\/\/www.fitt.com\/fr\/","logo":{"@type":"ImageObject","inLanguage":"fr-FR","@id":"https:\/\/www.fitt.com\/fr\/#\/schema\/logo\/image\/","url":"https:\/\/www.fitt.com\/wp-content\/uploads\/2022\/05\/logo-light.png","contentUrl":"https:\/\/www.fitt.com\/wp-content\/uploads\/2022\/05\/logo-light.png","width":827,"height":508,"caption":"Fitt SPA"},"image":{"@id":"https:\/\/www.fitt.com\/fr\/#\/schema\/logo\/image\/"}},{"@type":"Person","@id":"https:\/\/www.fitt.com\/fr\/#\/schema\/person\/dcf4ccbfb4c9980e6a3babe2db2acb48","name":"digital-team"}]}},"_links":{"self":[{"href":"https:\/\/www.fitt.com\/fr\/wp-json\/wp\/v2\/posts\/23185","targetHints":{"allow":["GET"]}}],"collection":[{"href":"https:\/\/www.fitt.com\/fr\/wp-json\/wp\/v2\/posts"}],"about":[{"href":"https:\/\/www.fitt.com\/fr\/wp-json\/wp\/v2\/types\/post"}],"author":[{"embeddable":true,"href":"https:\/\/www.fitt.com\/fr\/wp-json\/wp\/v2\/users\/5"}],"replies":[{"embeddable":true,"href":"https:\/\/www.fitt.com\/fr\/wp-json\/wp\/v2\/comments?post=23185"}],"version-history":[{"count":1,"href":"https:\/\/www.fitt.com\/fr\/wp-json\/wp\/v2\/posts\/23185\/revisions"}],"predecessor-version":[{"id":23186,"href":"https:\/\/www.fitt.com\/fr\/wp-json\/wp\/v2\/posts\/23185\/revisions\/23186"}],"wp:featuredmedia":[{"embeddable":true,"href":"https:\/\/www.fitt.com\/fr\/wp-json\/wp\/v2\/media\/23193"}],"wp:attachment":[{"href":"https:\/\/www.fitt.com\/fr\/wp-json\/wp\/v2\/media?parent=23185"}],"wp:term":[{"taxonomy":"category","embeddable":true,"href":"https:\/\/www.fitt.com\/fr\/wp-json\/wp\/v2\/categories?post=23185"},{"taxonomy":"post_tag","embeddable":true,"href":"https:\/\/www.fitt.com\/fr\/wp-json\/wp\/v2\/tags?post=23185"}],"curies":[{"name":"wp","href":"https:\/\/api.w.org\/{rel}","templated":true}]}}