{"id":16561,"date":"2023-03-15T10:39:09","date_gmt":"2023-03-15T09:39:09","guid":{"rendered":"https:\/\/www.fitt.com\/?p=16561"},"modified":"2023-03-15T10:40:05","modified_gmt":"2023-03-15T09:40:05","slug":"comment-calculer-limpact-environnemental-des-plastiques","status":"publish","type":"post","link":"https:\/\/www.fitt.com\/fr\/news\/comment-calculer-limpact-environnemental-des-plastiques\/","title":{"rendered":"Comment calculer l\u2019impact environnemental des plastiques"},"content":{"rendered":"<p>Le sujet des plastiques est extr\u00eamement complexe et <strong>pour \u00e9valuer la durabilit\u00e9 r\u00e9elle d&rsquo;un plastique, il est n\u00e9cessaire de prendre en compte les cons\u00e9quences tout au long de son cycle de vie<\/strong> : des impacts g\u00e9n\u00e9r\u00e9s pendant le processus d&rsquo;extraction des mati\u00e8res premi\u00e8res et leur traitement ult\u00e9rieur, aux performances garanties pendant la phase d&rsquo;utilisation du produit, en passant par sa gestion et sa fin de vie.<\/p>\n<p>En outre, <strong>il est<\/strong> <strong>essentiel de ne pas g\u00e9n\u00e9raliser\u00a0: <\/strong><\/p>\n<p style=\"text-align: center;\"><em><strong>la strat\u00e9gie de durabilit\u00e9 doit \u00eatre con\u00e7ue pour le mat\u00e9riau et le domaine d&rsquo;application sp\u00e9cifiques.<\/strong><\/em><\/p>\n<p>Une entreprise qui souhaite innover ses produits dans l\u2019optique du d\u00e9veloppement durable a besoin d&rsquo;un outil qui lui permette d&rsquo;effectuer une <strong>\u00e9valuation globale des impacts potentiels dans les diff\u00e9rents compartiments environnementaux<\/strong> tout au long du cycle de vie du produit.<\/p>\n<h2>ACV Analyse du cycle de vie\u00a0: de quoi s\u2019agit-il et comment elle fonctionne<\/h2>\n<p>La <strong>m\u00e9thodologie internationalement reconnue<\/strong> pour \u00e9valuer la <strong>durabilit\u00e9 environnementale<\/strong> d&rsquo;un produit est l&rsquo;<a href=\"https:\/\/ec.europa.eu\/environment\/ipp\/lca.htm\"><strong>analyse du cycle de vie (ACV)<\/strong><\/a> : normalis\u00e9e selon les <strong>normes internationales ISO 14040 et 140044<\/strong>, l&rsquo;ACV analyse les <strong>aspects environnementaux et les impacts environnementaux potentiels du produit tout au long de son cycle de vie<\/strong>, de l&rsquo;acquisition des mati\u00e8res premi\u00e8res \u00e0 la production, de l&rsquo;utilisation \u00e0 la fin de vie (du berceau \u00e0 la tombe).<\/p>\n<p>Selon la norme ISO 14040, <strong>une \u00e9tude ACV doit \u00eatre structur\u00e9e en quatre \u00e9tapes cons\u00e9cutives<\/strong> : d\u00e9finition de l&rsquo;objectif et de la port\u00e9e, analyse de l&rsquo;inventaire, \u00e9valuation de l&rsquo;impact et interpr\u00e9tation et am\u00e9lioration.<\/p>\n<h2>La phase de D\u00e9finition de l\u2019objectif et de la port\u00e9e<\/h2>\n<p>Cette phase d\u00e9finit <strong>l&rsquo;objectif de l&rsquo;\u00e9tude, l&rsquo;unit\u00e9 fonctionnelle, c&rsquo;est-\u00e0-dire l&rsquo;unit\u00e9 de produit sur laquelle portera l&rsquo;analyse<\/strong>, et les phases du cycle de vie consid\u00e9r\u00e9es dans l&rsquo;\u00e9tude, qui sont divis\u00e9es en :<\/p>\n<ul>\n<li><strong>\u00ab\u00a0<em>From Cradle to Gate<\/em>\u00bb<\/strong> : du berceau \u00e0 la porte, c&rsquo;est-\u00e0-dire de l&rsquo;extraction des mati\u00e8res premi\u00e8res \u00e0 la sortie du produit du site de production ;<\/li>\n<li><strong>\u00ab\u00a0<em>From Cradle to Grave<\/em>\u00bb<\/strong> : du berceau \u00e0 la tombe, \u00e0 savoir de l&rsquo;extraction des mati\u00e8res premi\u00e8res \u00e0 la fin de vie du produit.<\/li>\n<\/ul>\n<p><img loading=\"lazy\" decoding=\"async\" class=\"aligncenter wp-image-16572 size-full\" src=\"https:\/\/www.fitt.com\/wp-content\/uploads\/2023\/03\/Grafico-FITTGreen-4-EN.jpg\" alt=\"\" width=\"714\" height=\"419\" srcset=\"https:\/\/www.fitt.com\/wp-content\/uploads\/2023\/03\/Grafico-FITTGreen-4-EN.jpg 714w, https:\/\/www.fitt.com\/wp-content\/uploads\/2023\/03\/Grafico-FITTGreen-4-EN-300x176.jpg 300w, https:\/\/www.fitt.com\/wp-content\/uploads\/2023\/03\/Grafico-FITTGreen-4-EN-400x235.jpg 400w, https:\/\/www.fitt.com\/wp-content\/uploads\/2023\/03\/Grafico-FITTGreen-4-EN-600x352.jpg 600w\" sizes=\"auto, (max-width: 714px) 100vw, 714px\" \/><\/p>\n<h2>Les phases d\u2019analyse de l\u2019inventaire<\/h2>\n<p>Cette phase comprend la <strong>collecte de toutes les donn\u00e9es d&rsquo;entr\u00e9e et de sortie relatives au syst\u00e8me \u00e0 \u00e9tudier, \u00e0 travers la construction d\u2019un mod\u00e8le<\/strong> qui le repr\u00e9sente aussi fid\u00e8lement que possible<\/p>\n<h2>La phase d\u2019\u00e9valuation de l\u2019impact<\/h2>\n<p>Dans cette troisi\u00e8me phase, <strong>les donn\u00e9es d&rsquo;inventaire<\/strong> (phase deux) <strong>sont associ\u00e9es \u00e0 des cat\u00e9gories d&rsquo;impact environnemental sp\u00e9cifiques. <\/strong>Les <strong>cat\u00e9gories d&rsquo;impact environnemental<\/strong> sont les suivantes :<\/p>\n<ul>\n<li><strong>\u00c9puisement des ressources abiotiques et \u00e9puisement des ressources biotiques<\/strong> : elles pr\u00e9voient la protection du bien-\u00eatre humain, de la sant\u00e9 humaine et de la sant\u00e9 des \u00e9cosyst\u00e8mes, ainsi que l&rsquo;extraction de min\u00e9raux et de combustibles fossiles.<\/li>\n<li><strong>Acidification<\/strong> : elle se r\u00e9f\u00e8re aux substances acidifiantes qui provoquent un large \u00e9ventail d&rsquo;impacts sur les sols, les eaux souterraines, les eaux de surface, les organismes, les \u00e9cosyst\u00e8mes et les mat\u00e9riaux (b\u00e2timents).<\/li>\n<li><strong>\u00c9puisement de l&rsquo;ozone atmosph\u00e9rique\u00a0: <\/strong>concerne l&rsquo;appauvrissement de l&rsquo;ozone stratosph\u00e9rique, qui peut avoir des effets n\u00e9fastes sur la sant\u00e9 humaine, la sant\u00e9 animale, les \u00e9cosyst\u00e8mes terrestres et aquatiques, les cycles biochimiques et les mat\u00e9riaux.<\/li>\n<li><strong>Changement climatique :<\/strong> mesur\u00e9 en \u00e9quivalent CO<sub>2<\/sub>, il est li\u00e9 aux \u00e9missions de gaz \u00e0 effet de serre dans l&rsquo;atmosph\u00e8re et peut avoir des effets n\u00e9fastes sur la sant\u00e9 des \u00e9cosyst\u00e8mes, la sant\u00e9 humaine et le bien-\u00eatre mat\u00e9riel.<\/li>\n<li><strong>Eutrophisation<\/strong> : comprend tous les impacts dus \u00e0 des niveaux excessifs de macronutriments dans l&rsquo;environnement, caus\u00e9s par des \u00e9missions de nutriments dans l&rsquo;air, l&rsquo;eau et le sol.<\/li>\n<li><strong>Formation de photo-oxydants<\/strong> : il s&rsquo;agit de la formation de substances r\u00e9actives (principalement de l&rsquo;ozone) qui sont nocives pour la sant\u00e9 humaine et les \u00e9cosyst\u00e8mes et peuvent \u00e9galement endommager les cultures. Ce probl\u00e8me est \u00e9galement appel\u00e9 smog d&rsquo;\u00e9t\u00e9, tandis que le smog d&rsquo;hiver n&rsquo;entre pas dans cette cat\u00e9gorie.<\/li>\n<li><strong>Consommation d&rsquo;eau<\/strong> : cet indicateur \u00e9value le potentiel de privation de la ressource en eau, aussi bien pour les \u00eatres humains que pour les \u00e9cosyst\u00e8mes, en supposant que moins il reste d\u2019eau disponible, plus il est probable qu\u2019un autre utilisateur, qu\u2019il s\u2019agisse d\u2019un \u00eatre humain ou d&rsquo;un \u00e9cosyst\u00e8me, en soit priv\u00e9 (Boulay et al., 2016).<\/li>\n<\/ul>\n<p><strong>\u00a0<\/strong><\/p>\n<h2>La phase d\u2019interpr\u00e9tation des r\u00e9sultats<\/h2>\n<p>Il s&rsquo;agit de l&rsquo;<strong>\u00e9tape finale de la proc\u00e9dure d&rsquo;ACV<\/strong>, au cours de laquelle <strong>les r\u00e9sultats sont r\u00e9sum\u00e9s et discut\u00e9s<\/strong> en fonction de la d\u00e9finition de l&rsquo;objectif et du champ d&rsquo;application.<\/p>\n<p>Dans cette phase, l<strong>es r\u00e9sultats de l&rsquo;\u00e9tude r\u00e9alis\u00e9e sont pr\u00e9sent\u00e9s de mani\u00e8re claire et transparente\u00a0:<\/strong> en identifiant les composants sur lesquels il est possible d&rsquo;agir, des changements peuvent \u00eatre apport\u00e9s pour r\u00e9duire l&rsquo;impact environnemental de l&rsquo;ensemble du syst\u00e8me.<\/p>\n<h2>FITT et la mesure de son impact environnemental<\/h2>\n<p>De m\u00eame, FITT, en partenariat avec le <a href=\"https:\/\/www.dii.unipd.it\/cesqa\"><strong>Centre d&rsquo;\u00e9tudes sur la qualit\u00e9 et l&rsquo;environnement &#8211; CESQA &#8211; du d\u00e9partement d&rsquo;ing\u00e9nierie industrielle de l&rsquo;universit\u00e9 de Padoue<\/strong><\/a>, a choisi de <strong>mesurer les impacts environnementaux de ses principaux produits par le biais de l&rsquo;ACV.<\/strong><\/p>\n<p>L&rsquo;analyse du cycle de vie (ACV) est un outil empirique bas\u00e9 sur la collecte et l&rsquo;analyse de donn\u00e9es qui permet de dresser une <strong>cartographie scientifique des impacts, d&rsquo;identifier les domaines \u00e0 am\u00e9liorer et de les communiquer de mani\u00e8re transparente \u00e0 toutes les parties prenantes<\/strong>. <strong>La transparence<\/strong>, l&rsquo;<strong>innovation<\/strong> visant \u00e0 cr\u00e9er des produits meilleurs, plus performants et ayant moins d&rsquo;impact, ainsi que l&rsquo;<strong>interd\u00e9pendance<\/strong> en impliquant de mani\u00e8re proactive tous les acteurs de la cha\u00eene d&rsquo;approvisionnement, sont les trois principes sur lesquels repose la strat\u00e9gie de responsabilit\u00e9 de FITT.<\/p>\n<p>L&rsquo;objectif de FITT est de <strong>mesurer l&rsquo;impact environnemental de 80% de ses produits d&rsquo;ici 2030<\/strong>.<\/p>\n","protected":false},"excerpt":{"rendered":"<p>Le sujet des plastiques est extr\u00eamement complexe et pour \u00e9valuer la durabilit\u00e9 r\u00e9elle d&rsquo;un plastique, il est n\u00e9cessaire de prendre en compte les cons\u00e9quences tout au long de son cycle de vie : des impacts g\u00e9n\u00e9r\u00e9s pendant le processus d&rsquo;extraction des mati\u00e8res premi\u00e8res et leur traitement ult\u00e9rieur, aux performances garanties pendant la phase d&rsquo;utilisation du [&hellip;]<\/p>\n","protected":false},"author":5,"featured_media":20679,"comment_status":"closed","ping_status":"closed","sticky":false,"template":"","format":"standard","meta":{"_acf_changed":false,"footnotes":""},"categories":[364,372],"tags":[],"class_list":["post-16561","post","type-post","status-publish","format-standard","has-post-thumbnail","hentry","category-news-fr","category-sustainability-fr"],"acf":[],"yoast_head":"<!-- This site is optimized with the Yoast SEO Premium plugin v24.1 (Yoast SEO v27.3) - https:\/\/yoast.com\/product\/yoast-seo-premium-wordpress\/ -->\n<title>Comment calculer l\u2019impact environnemental des plastiques - FITT<\/title>\n<meta name=\"description\" content=\"Le sujet des plastiques est extr\u00eamement complexe et pour \u00e9valuer la durabilit\u00e9 r\u00e9elle d&#039;un plastique, il est n\u00e9cessaire de prendre en compte les cons\u00e9quences tout au long de son cycle de vie.\" \/>\n<meta name=\"robots\" content=\"index, follow, max-snippet:-1, max-image-preview:large, max-video-preview:-1\" \/>\n<link rel=\"canonical\" href=\"https:\/\/www.fitt.com\/fr\/news\/comment-calculer-limpact-environnemental-des-plastiques\/\" \/>\n<meta property=\"og:locale\" content=\"fr_FR\" \/>\n<meta property=\"og:type\" content=\"article\" \/>\n<meta property=\"og:title\" content=\"Comment calculer l\u2019impact environnemental des plastiques\" \/>\n<meta property=\"og:description\" content=\"Le sujet des plastiques est extr\u00eamement complexe et pour \u00e9valuer la durabilit\u00e9 r\u00e9elle d&#039;un plastique, il est n\u00e9cessaire de prendre en compte les cons\u00e9quences tout au long de son cycle de vie.\" \/>\n<meta property=\"og:url\" content=\"https:\/\/www.fitt.com\/fr\/news\/comment-calculer-limpact-environnemental-des-plastiques\/\" \/>\n<meta property=\"og:site_name\" content=\"FITT\" \/>\n<meta property=\"article:published_time\" content=\"2023-03-15T09:39:09+00:00\" \/>\n<meta property=\"article:modified_time\" content=\"2023-03-15T09:40:05+00:00\" \/>\n<meta property=\"og:image\" content=\"https:\/\/www.fitt.com\/wp-content\/uploads\/2023\/03\/LCA-Header-magazine.jpg\" \/>\n\t<meta property=\"og:image:width\" content=\"1280\" \/>\n\t<meta property=\"og:image:height\" content=\"520\" \/>\n\t<meta property=\"og:image:type\" content=\"image\/jpeg\" \/>\n<meta name=\"author\" content=\"digital-team\" \/>\n<meta name=\"twitter:card\" content=\"summary_large_image\" \/>\n<meta name=\"twitter:label1\" content=\"\u00c9crit par\" \/>\n\t<meta name=\"twitter:data1\" content=\"digital-team\" \/>\n\t<meta name=\"twitter:label2\" content=\"Dur\u00e9e de lecture estim\u00e9e\" \/>\n\t<meta name=\"twitter:data2\" content=\"5 minutes\" \/>\n<script type=\"application\/ld+json\" class=\"yoast-schema-graph\">{\"@context\":\"https:\\\/\\\/schema.org\",\"@graph\":[{\"@type\":\"Article\",\"@id\":\"https:\\\/\\\/www.fitt.com\\\/fr\\\/news\\\/comment-calculer-limpact-environnemental-des-plastiques\\\/#article\",\"isPartOf\":{\"@id\":\"https:\\\/\\\/www.fitt.com\\\/fr\\\/news\\\/comment-calculer-limpact-environnemental-des-plastiques\\\/\"},\"author\":{\"name\":\"digital-team\",\"@id\":\"https:\\\/\\\/www.fitt.com\\\/fr\\\/#\\\/schema\\\/person\\\/dcf4ccbfb4c9980e6a3babe2db2acb48\"},\"headline\":\"Comment calculer l\u2019impact environnemental des plastiques\",\"datePublished\":\"2023-03-15T09:39:09+00:00\",\"dateModified\":\"2023-03-15T09:40:05+00:00\",\"mainEntityOfPage\":{\"@id\":\"https:\\\/\\\/www.fitt.com\\\/fr\\\/news\\\/comment-calculer-limpact-environnemental-des-plastiques\\\/\"},\"wordCount\":1053,\"publisher\":{\"@id\":\"https:\\\/\\\/www.fitt.com\\\/fr\\\/#organization\"},\"image\":{\"@id\":\"https:\\\/\\\/www.fitt.com\\\/fr\\\/news\\\/comment-calculer-limpact-environnemental-des-plastiques\\\/#primaryimage\"},\"thumbnailUrl\":\"https:\\\/\\\/www.fitt.com\\\/wp-content\\\/uploads\\\/2023\\\/03\\\/FITTgreen-header-website4-scaled.jpg\",\"articleSection\":[\"News\",\"Sustainability\"],\"inLanguage\":\"fr-FR\"},{\"@type\":\"WebPage\",\"@id\":\"https:\\\/\\\/www.fitt.com\\\/fr\\\/news\\\/comment-calculer-limpact-environnemental-des-plastiques\\\/\",\"url\":\"https:\\\/\\\/www.fitt.com\\\/fr\\\/news\\\/comment-calculer-limpact-environnemental-des-plastiques\\\/\",\"name\":\"Comment calculer l\u2019impact environnemental des plastiques - FITT\",\"isPartOf\":{\"@id\":\"https:\\\/\\\/www.fitt.com\\\/fr\\\/#website\"},\"primaryImageOfPage\":{\"@id\":\"https:\\\/\\\/www.fitt.com\\\/fr\\\/news\\\/comment-calculer-limpact-environnemental-des-plastiques\\\/#primaryimage\"},\"image\":{\"@id\":\"https:\\\/\\\/www.fitt.com\\\/fr\\\/news\\\/comment-calculer-limpact-environnemental-des-plastiques\\\/#primaryimage\"},\"thumbnailUrl\":\"https:\\\/\\\/www.fitt.com\\\/wp-content\\\/uploads\\\/2023\\\/03\\\/FITTgreen-header-website4-scaled.jpg\",\"datePublished\":\"2023-03-15T09:39:09+00:00\",\"dateModified\":\"2023-03-15T09:40:05+00:00\",\"description\":\"Le sujet des plastiques est extr\u00eamement complexe et pour \u00e9valuer la durabilit\u00e9 r\u00e9elle d'un plastique, il est n\u00e9cessaire de prendre en compte les cons\u00e9quences tout au long de son cycle de vie.\",\"breadcrumb\":{\"@id\":\"https:\\\/\\\/www.fitt.com\\\/fr\\\/news\\\/comment-calculer-limpact-environnemental-des-plastiques\\\/#breadcrumb\"},\"inLanguage\":\"fr-FR\",\"potentialAction\":[{\"@type\":\"ReadAction\",\"target\":[\"https:\\\/\\\/www.fitt.com\\\/fr\\\/news\\\/comment-calculer-limpact-environnemental-des-plastiques\\\/\"]}]},{\"@type\":\"ImageObject\",\"inLanguage\":\"fr-FR\",\"@id\":\"https:\\\/\\\/www.fitt.com\\\/fr\\\/news\\\/comment-calculer-limpact-environnemental-des-plastiques\\\/#primaryimage\",\"url\":\"https:\\\/\\\/www.fitt.com\\\/wp-content\\\/uploads\\\/2023\\\/03\\\/FITTgreen-header-website4-scaled.jpg\",\"contentUrl\":\"https:\\\/\\\/www.fitt.com\\\/wp-content\\\/uploads\\\/2023\\\/03\\\/FITTgreen-header-website4-scaled.jpg\",\"width\":2560,\"height\":1040},{\"@type\":\"BreadcrumbList\",\"@id\":\"https:\\\/\\\/www.fitt.com\\\/fr\\\/news\\\/comment-calculer-limpact-environnemental-des-plastiques\\\/#breadcrumb\",\"itemListElement\":[{\"@type\":\"ListItem\",\"position\":1,\"name\":\"Home\",\"item\":\"https:\\\/\\\/www.fitt.com\\\/fr\\\/\"},{\"@type\":\"ListItem\",\"position\":2,\"name\":\"Comment calculer l\u2019impact environnemental des plastiques\"}]},{\"@type\":\"WebSite\",\"@id\":\"https:\\\/\\\/www.fitt.com\\\/fr\\\/#website\",\"url\":\"https:\\\/\\\/www.fitt.com\\\/fr\\\/\",\"name\":\"FITT\",\"description\":\"FITT Spa\",\"publisher\":{\"@id\":\"https:\\\/\\\/www.fitt.com\\\/fr\\\/#organization\"},\"potentialAction\":[{\"@type\":\"SearchAction\",\"target\":{\"@type\":\"EntryPoint\",\"urlTemplate\":\"https:\\\/\\\/www.fitt.com\\\/fr\\\/?s={search_term_string}\"},\"query-input\":{\"@type\":\"PropertyValueSpecification\",\"valueRequired\":true,\"valueName\":\"search_term_string\"}}],\"inLanguage\":\"fr-FR\"},{\"@type\":\"Organization\",\"@id\":\"https:\\\/\\\/www.fitt.com\\\/fr\\\/#organization\",\"name\":\"Fitt SPA\",\"url\":\"https:\\\/\\\/www.fitt.com\\\/fr\\\/\",\"logo\":{\"@type\":\"ImageObject\",\"inLanguage\":\"fr-FR\",\"@id\":\"https:\\\/\\\/www.fitt.com\\\/fr\\\/#\\\/schema\\\/logo\\\/image\\\/\",\"url\":\"https:\\\/\\\/www.fitt.com\\\/wp-content\\\/uploads\\\/2022\\\/05\\\/logo-light.png\",\"contentUrl\":\"https:\\\/\\\/www.fitt.com\\\/wp-content\\\/uploads\\\/2022\\\/05\\\/logo-light.png\",\"width\":827,\"height\":508,\"caption\":\"Fitt SPA\"},\"image\":{\"@id\":\"https:\\\/\\\/www.fitt.com\\\/fr\\\/#\\\/schema\\\/logo\\\/image\\\/\"}},{\"@type\":\"Person\",\"@id\":\"https:\\\/\\\/www.fitt.com\\\/fr\\\/#\\\/schema\\\/person\\\/dcf4ccbfb4c9980e6a3babe2db2acb48\",\"name\":\"digital-team\"}]}<\/script>\n<!-- \/ Yoast SEO Premium plugin. -->","yoast_head_json":{"title":"Comment calculer l\u2019impact environnemental des plastiques - FITT","description":"Le sujet des plastiques est extr\u00eamement complexe et pour \u00e9valuer la durabilit\u00e9 r\u00e9elle d'un plastique, il est n\u00e9cessaire de prendre en compte les cons\u00e9quences tout au long de son cycle de vie.","robots":{"index":"index","follow":"follow","max-snippet":"max-snippet:-1","max-image-preview":"max-image-preview:large","max-video-preview":"max-video-preview:-1"},"canonical":"https:\/\/www.fitt.com\/fr\/news\/comment-calculer-limpact-environnemental-des-plastiques\/","og_locale":"fr_FR","og_type":"article","og_title":"Comment calculer l\u2019impact environnemental des plastiques","og_description":"Le sujet des plastiques est extr\u00eamement complexe et pour \u00e9valuer la durabilit\u00e9 r\u00e9elle d'un plastique, il est n\u00e9cessaire de prendre en compte les cons\u00e9quences tout au long de son cycle de vie.","og_url":"https:\/\/www.fitt.com\/fr\/news\/comment-calculer-limpact-environnemental-des-plastiques\/","og_site_name":"FITT","article_published_time":"2023-03-15T09:39:09+00:00","article_modified_time":"2023-03-15T09:40:05+00:00","og_image":[{"width":1280,"height":520,"url":"https:\/\/www.fitt.com\/wp-content\/uploads\/2023\/03\/LCA-Header-magazine.jpg","type":"image\/jpeg"}],"author":"digital-team","twitter_card":"summary_large_image","twitter_misc":{"\u00c9crit par":"digital-team","Dur\u00e9e de lecture estim\u00e9e":"5 minutes"},"schema":{"@context":"https:\/\/schema.org","@graph":[{"@type":"Article","@id":"https:\/\/www.fitt.com\/fr\/news\/comment-calculer-limpact-environnemental-des-plastiques\/#article","isPartOf":{"@id":"https:\/\/www.fitt.com\/fr\/news\/comment-calculer-limpact-environnemental-des-plastiques\/"},"author":{"name":"digital-team","@id":"https:\/\/www.fitt.com\/fr\/#\/schema\/person\/dcf4ccbfb4c9980e6a3babe2db2acb48"},"headline":"Comment calculer l\u2019impact environnemental des plastiques","datePublished":"2023-03-15T09:39:09+00:00","dateModified":"2023-03-15T09:40:05+00:00","mainEntityOfPage":{"@id":"https:\/\/www.fitt.com\/fr\/news\/comment-calculer-limpact-environnemental-des-plastiques\/"},"wordCount":1053,"publisher":{"@id":"https:\/\/www.fitt.com\/fr\/#organization"},"image":{"@id":"https:\/\/www.fitt.com\/fr\/news\/comment-calculer-limpact-environnemental-des-plastiques\/#primaryimage"},"thumbnailUrl":"https:\/\/www.fitt.com\/wp-content\/uploads\/2023\/03\/FITTgreen-header-website4-scaled.jpg","articleSection":["News","Sustainability"],"inLanguage":"fr-FR"},{"@type":"WebPage","@id":"https:\/\/www.fitt.com\/fr\/news\/comment-calculer-limpact-environnemental-des-plastiques\/","url":"https:\/\/www.fitt.com\/fr\/news\/comment-calculer-limpact-environnemental-des-plastiques\/","name":"Comment calculer l\u2019impact environnemental des plastiques - FITT","isPartOf":{"@id":"https:\/\/www.fitt.com\/fr\/#website"},"primaryImageOfPage":{"@id":"https:\/\/www.fitt.com\/fr\/news\/comment-calculer-limpact-environnemental-des-plastiques\/#primaryimage"},"image":{"@id":"https:\/\/www.fitt.com\/fr\/news\/comment-calculer-limpact-environnemental-des-plastiques\/#primaryimage"},"thumbnailUrl":"https:\/\/www.fitt.com\/wp-content\/uploads\/2023\/03\/FITTgreen-header-website4-scaled.jpg","datePublished":"2023-03-15T09:39:09+00:00","dateModified":"2023-03-15T09:40:05+00:00","description":"Le sujet des plastiques est extr\u00eamement complexe et pour \u00e9valuer la durabilit\u00e9 r\u00e9elle d'un plastique, il est n\u00e9cessaire de prendre en compte les cons\u00e9quences tout au long de son cycle de vie.","breadcrumb":{"@id":"https:\/\/www.fitt.com\/fr\/news\/comment-calculer-limpact-environnemental-des-plastiques\/#breadcrumb"},"inLanguage":"fr-FR","potentialAction":[{"@type":"ReadAction","target":["https:\/\/www.fitt.com\/fr\/news\/comment-calculer-limpact-environnemental-des-plastiques\/"]}]},{"@type":"ImageObject","inLanguage":"fr-FR","@id":"https:\/\/www.fitt.com\/fr\/news\/comment-calculer-limpact-environnemental-des-plastiques\/#primaryimage","url":"https:\/\/www.fitt.com\/wp-content\/uploads\/2023\/03\/FITTgreen-header-website4-scaled.jpg","contentUrl":"https:\/\/www.fitt.com\/wp-content\/uploads\/2023\/03\/FITTgreen-header-website4-scaled.jpg","width":2560,"height":1040},{"@type":"BreadcrumbList","@id":"https:\/\/www.fitt.com\/fr\/news\/comment-calculer-limpact-environnemental-des-plastiques\/#breadcrumb","itemListElement":[{"@type":"ListItem","position":1,"name":"Home","item":"https:\/\/www.fitt.com\/fr\/"},{"@type":"ListItem","position":2,"name":"Comment calculer l\u2019impact environnemental des plastiques"}]},{"@type":"WebSite","@id":"https:\/\/www.fitt.com\/fr\/#website","url":"https:\/\/www.fitt.com\/fr\/","name":"FITT","description":"FITT Spa","publisher":{"@id":"https:\/\/www.fitt.com\/fr\/#organization"},"potentialAction":[{"@type":"SearchAction","target":{"@type":"EntryPoint","urlTemplate":"https:\/\/www.fitt.com\/fr\/?s={search_term_string}"},"query-input":{"@type":"PropertyValueSpecification","valueRequired":true,"valueName":"search_term_string"}}],"inLanguage":"fr-FR"},{"@type":"Organization","@id":"https:\/\/www.fitt.com\/fr\/#organization","name":"Fitt SPA","url":"https:\/\/www.fitt.com\/fr\/","logo":{"@type":"ImageObject","inLanguage":"fr-FR","@id":"https:\/\/www.fitt.com\/fr\/#\/schema\/logo\/image\/","url":"https:\/\/www.fitt.com\/wp-content\/uploads\/2022\/05\/logo-light.png","contentUrl":"https:\/\/www.fitt.com\/wp-content\/uploads\/2022\/05\/logo-light.png","width":827,"height":508,"caption":"Fitt SPA"},"image":{"@id":"https:\/\/www.fitt.com\/fr\/#\/schema\/logo\/image\/"}},{"@type":"Person","@id":"https:\/\/www.fitt.com\/fr\/#\/schema\/person\/dcf4ccbfb4c9980e6a3babe2db2acb48","name":"digital-team"}]}},"_links":{"self":[{"href":"https:\/\/www.fitt.com\/fr\/wp-json\/wp\/v2\/posts\/16561","targetHints":{"allow":["GET"]}}],"collection":[{"href":"https:\/\/www.fitt.com\/fr\/wp-json\/wp\/v2\/posts"}],"about":[{"href":"https:\/\/www.fitt.com\/fr\/wp-json\/wp\/v2\/types\/post"}],"author":[{"embeddable":true,"href":"https:\/\/www.fitt.com\/fr\/wp-json\/wp\/v2\/users\/5"}],"replies":[{"embeddable":true,"href":"https:\/\/www.fitt.com\/fr\/wp-json\/wp\/v2\/comments?post=16561"}],"version-history":[{"count":2,"href":"https:\/\/www.fitt.com\/fr\/wp-json\/wp\/v2\/posts\/16561\/revisions"}],"predecessor-version":[{"id":16577,"href":"https:\/\/www.fitt.com\/fr\/wp-json\/wp\/v2\/posts\/16561\/revisions\/16577"}],"wp:featuredmedia":[{"embeddable":true,"href":"https:\/\/www.fitt.com\/fr\/wp-json\/wp\/v2\/media\/20679"}],"wp:attachment":[{"href":"https:\/\/www.fitt.com\/fr\/wp-json\/wp\/v2\/media?parent=16561"}],"wp:term":[{"taxonomy":"category","embeddable":true,"href":"https:\/\/www.fitt.com\/fr\/wp-json\/wp\/v2\/categories?post=16561"},{"taxonomy":"post_tag","embeddable":true,"href":"https:\/\/www.fitt.com\/fr\/wp-json\/wp\/v2\/tags?post=16561"}],"curies":[{"name":"wp","href":"https:\/\/api.w.org\/{rel}","templated":true}]}}