{"id":16436,"date":"2023-03-08T12:58:35","date_gmt":"2023-03-08T11:58:35","guid":{"rendered":"https:\/\/www.fitt.com\/?p=16436"},"modified":"2023-03-08T13:11:27","modified_gmt":"2023-03-08T12:11:27","slug":"fitt-et-women-for-freedom","status":"publish","type":"post","link":"https:\/\/www.fitt.com\/fr\/news\/fitt-et-women-for-freedom\/","title":{"rendered":"FITT et Women for Freedom"},"content":{"rendered":"<p><em>The responsible flow<\/em>, la strat\u00e9gie de d\u00e9veloppement durable de FITT \u00e0 l\u2019horizon 2030 ax\u00e9e sur l&rsquo;innovation, l&rsquo;interd\u00e9pendance et la transparence, voit le <strong>crit\u00e8re S<\/strong> &#8211; Social &#8211; mis en \u0153uvre \u00e0 travers le <strong>soutien d&rsquo;initiatives sociales et environnementales locales et internationales, principalement dans les domaines de la sant\u00e9, des femmes, des jeunes et des personnes handicap\u00e9es.<\/strong><\/p>\n<p>Pour FITT, le travail d\u2019entreprise est aujourd\u2019hui synonyme d\u2019une relation ouverte et active avec le territoire dans lequel elle op\u00e8re\u00a0: elle choisit donc d&rsquo;abandonner la logique de la simple production de profit <strong>en faveur d&rsquo;une logique de g\u00e9n\u00e9ration de valeur, qui ne peut ignorer la valeur sociale et environnementale.<\/strong><\/p>\n<p>C&rsquo;est dans ce contexte que s&rsquo;inscrit le partenariat avec <strong>Women For Freedom, une organisation humanitaire ind\u00e9pendante et impartiale<\/strong> <strong>dont l&rsquo;objectif est d&rsquo;aider les femmes et les enfants victimes de discrimination et vivant dans la pr\u00e9carit\u00e9, l&rsquo;urgence ou la pauvret\u00e9.<\/strong><\/p>\n<p>Une volont\u00e9 commune, celle de la FITT et de Women For Freedom, fond\u00e9e sur des <strong>valeurs universelles telles que la culture, le respect, l&rsquo;inclusion, l&rsquo;\u00e9galit\u00e9, l&rsquo;\u00e9coute et l&rsquo;\u00e9panouissement personnel.<br \/>\n<\/strong>Le partenariat entre FITT et Women For Freedom d\u00e9bouchera sur des activit\u00e9s conjointes portant sur des questions sociales, environnementales et communautaires, qui donneront lieu \u00e0 des conf\u00e9rences, des r\u00e9unions, des expositions, des collectes de fonds, des journ\u00e9es d&rsquo;\u00e9tude et de formation.<\/p>\n<p>Ces partenariats inclusifs, <strong>fond\u00e9s sur des principes et des valeurs, sur une vision commune et des objectifs partag\u00e9s qui placent les personnes et la plan\u00e8te au centre<\/strong>, sont n\u00e9cessaires aux niveaux mondial, r\u00e9gional, national et local pour mener \u00e0 bien le programme de d\u00e9veloppement durable.<\/p>\n","protected":false},"excerpt":{"rendered":"<p>The responsible flow, la strat\u00e9gie de d\u00e9veloppement durable de FITT \u00e0 l\u2019horizon 2030 ax\u00e9e sur l&rsquo;innovation, l&rsquo;interd\u00e9pendance et la transparence, voit le crit\u00e8re S &#8211; Social &#8211; mis en \u0153uvre \u00e0 travers le soutien d&rsquo;initiatives sociales et environnementales locales et internationales, principalement dans les domaines de la sant\u00e9, des femmes, des jeunes et des personnes [&hellip;]<\/p>\n","protected":false},"author":5,"featured_media":16441,"comment_status":"closed","ping_status":"closed","sticky":false,"template":"","format":"standard","meta":{"_acf_changed":false,"footnotes":""},"categories":[364,375,372],"tags":[],"class_list":["post-16436","post","type-post","status-publish","format-standard","has-post-thumbnail","hentry","category-news-fr","category-social-responsibility-fr","category-sustainability-fr"],"acf":[],"yoast_head":"<!-- This site is optimized with the Yoast SEO Premium plugin v24.1 (Yoast SEO v27.3) - https:\/\/yoast.com\/product\/yoast-seo-premium-wordpress\/ -->\n<title>FITT et Women for Freedom - FITT<\/title>\n<meta name=\"description\" content=\"The responsible flow, la strat\u00e9gie de d\u00e9veloppement durable de FITT \u00e0 l\u2019horizon 2030 ax\u00e9e sur l&#039;innovation, l&#039;interd\u00e9pendance et la transparence, voit le crit\u00e8re S - Social - mis en \u0153uvre \u00e0 travers le soutien d&#039;initiatives sociales et environnementales locales et internationales, principalement dans les domaines de la sant\u00e9, des femmes, des jeunes et des personnes handicap\u00e9es.\" \/>\n<meta name=\"robots\" content=\"index, follow, max-snippet:-1, max-image-preview:large, max-video-preview:-1\" \/>\n<link rel=\"canonical\" href=\"https:\/\/www.fitt.com\/fr\/news\/fitt-et-women-for-freedom\/\" \/>\n<meta property=\"og:locale\" content=\"fr_FR\" \/>\n<meta property=\"og:type\" content=\"article\" \/>\n<meta property=\"og:title\" content=\"FITT et Women for Freedom\" \/>\n<meta property=\"og:description\" content=\"The responsible flow, la strat\u00e9gie de d\u00e9veloppement durable de FITT \u00e0 l\u2019horizon 2030 ax\u00e9e sur l&#039;innovation, l&#039;interd\u00e9pendance et la transparence, voit le crit\u00e8re S - Social - mis en \u0153uvre \u00e0 travers le soutien d&#039;initiatives sociales et environnementales locales et internationales, principalement dans les domaines de la sant\u00e9, des femmes, des jeunes et des personnes handicap\u00e9es.\" \/>\n<meta property=\"og:url\" content=\"https:\/\/www.fitt.com\/fr\/news\/fitt-et-women-for-freedom\/\" \/>\n<meta property=\"og:site_name\" content=\"FITT\" \/>\n<meta property=\"article:published_time\" content=\"2023-03-08T11:58:35+00:00\" \/>\n<meta property=\"article:modified_time\" content=\"2023-03-08T12:11:27+00:00\" \/>\n<meta property=\"og:image\" content=\"https:\/\/www.fitt.com\/wp-content\/uploads\/2023\/03\/FITT-WFF_1200_FittComNews.jpg\" \/>\n\t<meta property=\"og:image:width\" content=\"1200\" \/>\n\t<meta property=\"og:image:height\" content=\"456\" \/>\n\t<meta property=\"og:image:type\" content=\"image\/jpeg\" \/>\n<meta name=\"author\" content=\"digital-team\" \/>\n<meta name=\"twitter:card\" content=\"summary_large_image\" \/>\n<meta name=\"twitter:label1\" content=\"\u00c9crit par\" \/>\n\t<meta name=\"twitter:data1\" content=\"digital-team\" \/>\n\t<meta name=\"twitter:label2\" content=\"Dur\u00e9e de lecture estim\u00e9e\" \/>\n\t<meta name=\"twitter:data2\" content=\"2 minutes\" \/>\n<script type=\"application\/ld+json\" class=\"yoast-schema-graph\">{\"@context\":\"https:\\\/\\\/schema.org\",\"@graph\":[{\"@type\":\"Article\",\"@id\":\"https:\\\/\\\/www.fitt.com\\\/fr\\\/news\\\/fitt-et-women-for-freedom\\\/#article\",\"isPartOf\":{\"@id\":\"https:\\\/\\\/www.fitt.com\\\/fr\\\/news\\\/fitt-et-women-for-freedom\\\/\"},\"author\":{\"name\":\"digital-team\",\"@id\":\"https:\\\/\\\/www.fitt.com\\\/fr\\\/#\\\/schema\\\/person\\\/dcf4ccbfb4c9980e6a3babe2db2acb48\"},\"headline\":\"FITT et Women for Freedom\",\"datePublished\":\"2023-03-08T11:58:35+00:00\",\"dateModified\":\"2023-03-08T12:11:27+00:00\",\"mainEntityOfPage\":{\"@id\":\"https:\\\/\\\/www.fitt.com\\\/fr\\\/news\\\/fitt-et-women-for-freedom\\\/\"},\"wordCount\":301,\"publisher\":{\"@id\":\"https:\\\/\\\/www.fitt.com\\\/fr\\\/#organization\"},\"image\":{\"@id\":\"https:\\\/\\\/www.fitt.com\\\/fr\\\/news\\\/fitt-et-women-for-freedom\\\/#primaryimage\"},\"thumbnailUrl\":\"https:\\\/\\\/www.fitt.com\\\/wp-content\\\/uploads\\\/2023\\\/03\\\/FITT-WFF_1200_FittComNews.jpg\",\"articleSection\":[\"News\",\"Social Responsibility\",\"Sustainability\"],\"inLanguage\":\"fr-FR\"},{\"@type\":\"WebPage\",\"@id\":\"https:\\\/\\\/www.fitt.com\\\/fr\\\/news\\\/fitt-et-women-for-freedom\\\/\",\"url\":\"https:\\\/\\\/www.fitt.com\\\/fr\\\/news\\\/fitt-et-women-for-freedom\\\/\",\"name\":\"FITT et Women for Freedom - FITT\",\"isPartOf\":{\"@id\":\"https:\\\/\\\/www.fitt.com\\\/fr\\\/#website\"},\"primaryImageOfPage\":{\"@id\":\"https:\\\/\\\/www.fitt.com\\\/fr\\\/news\\\/fitt-et-women-for-freedom\\\/#primaryimage\"},\"image\":{\"@id\":\"https:\\\/\\\/www.fitt.com\\\/fr\\\/news\\\/fitt-et-women-for-freedom\\\/#primaryimage\"},\"thumbnailUrl\":\"https:\\\/\\\/www.fitt.com\\\/wp-content\\\/uploads\\\/2023\\\/03\\\/FITT-WFF_1200_FittComNews.jpg\",\"datePublished\":\"2023-03-08T11:58:35+00:00\",\"dateModified\":\"2023-03-08T12:11:27+00:00\",\"description\":\"The responsible flow, la strat\u00e9gie de d\u00e9veloppement durable de FITT \u00e0 l\u2019horizon 2030 ax\u00e9e sur l'innovation, l'interd\u00e9pendance et la transparence, voit le crit\u00e8re S - Social - mis en \u0153uvre \u00e0 travers le soutien d'initiatives sociales et environnementales locales et internationales, principalement dans les domaines de la sant\u00e9, des femmes, des jeunes et des personnes handicap\u00e9es.\",\"breadcrumb\":{\"@id\":\"https:\\\/\\\/www.fitt.com\\\/fr\\\/news\\\/fitt-et-women-for-freedom\\\/#breadcrumb\"},\"inLanguage\":\"fr-FR\",\"potentialAction\":[{\"@type\":\"ReadAction\",\"target\":[\"https:\\\/\\\/www.fitt.com\\\/fr\\\/news\\\/fitt-et-women-for-freedom\\\/\"]}]},{\"@type\":\"ImageObject\",\"inLanguage\":\"fr-FR\",\"@id\":\"https:\\\/\\\/www.fitt.com\\\/fr\\\/news\\\/fitt-et-women-for-freedom\\\/#primaryimage\",\"url\":\"https:\\\/\\\/www.fitt.com\\\/wp-content\\\/uploads\\\/2023\\\/03\\\/FITT-WFF_1200_FittComNews.jpg\",\"contentUrl\":\"https:\\\/\\\/www.fitt.com\\\/wp-content\\\/uploads\\\/2023\\\/03\\\/FITT-WFF_1200_FittComNews.jpg\",\"width\":1200,\"height\":456},{\"@type\":\"BreadcrumbList\",\"@id\":\"https:\\\/\\\/www.fitt.com\\\/fr\\\/news\\\/fitt-et-women-for-freedom\\\/#breadcrumb\",\"itemListElement\":[{\"@type\":\"ListItem\",\"position\":1,\"name\":\"Home\",\"item\":\"https:\\\/\\\/www.fitt.com\\\/fr\\\/\"},{\"@type\":\"ListItem\",\"position\":2,\"name\":\"FITT et Women for Freedom\"}]},{\"@type\":\"WebSite\",\"@id\":\"https:\\\/\\\/www.fitt.com\\\/fr\\\/#website\",\"url\":\"https:\\\/\\\/www.fitt.com\\\/fr\\\/\",\"name\":\"FITT\",\"description\":\"FITT Spa\",\"publisher\":{\"@id\":\"https:\\\/\\\/www.fitt.com\\\/fr\\\/#organization\"},\"potentialAction\":[{\"@type\":\"SearchAction\",\"target\":{\"@type\":\"EntryPoint\",\"urlTemplate\":\"https:\\\/\\\/www.fitt.com\\\/fr\\\/?s={search_term_string}\"},\"query-input\":{\"@type\":\"PropertyValueSpecification\",\"valueRequired\":true,\"valueName\":\"search_term_string\"}}],\"inLanguage\":\"fr-FR\"},{\"@type\":\"Organization\",\"@id\":\"https:\\\/\\\/www.fitt.com\\\/fr\\\/#organization\",\"name\":\"Fitt SPA\",\"url\":\"https:\\\/\\\/www.fitt.com\\\/fr\\\/\",\"logo\":{\"@type\":\"ImageObject\",\"inLanguage\":\"fr-FR\",\"@id\":\"https:\\\/\\\/www.fitt.com\\\/fr\\\/#\\\/schema\\\/logo\\\/image\\\/\",\"url\":\"https:\\\/\\\/www.fitt.com\\\/wp-content\\\/uploads\\\/2022\\\/05\\\/logo-light.png\",\"contentUrl\":\"https:\\\/\\\/www.fitt.com\\\/wp-content\\\/uploads\\\/2022\\\/05\\\/logo-light.png\",\"width\":827,\"height\":508,\"caption\":\"Fitt SPA\"},\"image\":{\"@id\":\"https:\\\/\\\/www.fitt.com\\\/fr\\\/#\\\/schema\\\/logo\\\/image\\\/\"}},{\"@type\":\"Person\",\"@id\":\"https:\\\/\\\/www.fitt.com\\\/fr\\\/#\\\/schema\\\/person\\\/dcf4ccbfb4c9980e6a3babe2db2acb48\",\"name\":\"digital-team\"}]}<\/script>\n<!-- \/ Yoast SEO Premium plugin. -->","yoast_head_json":{"title":"FITT et Women for Freedom - FITT","description":"The responsible flow, la strat\u00e9gie de d\u00e9veloppement durable de FITT \u00e0 l\u2019horizon 2030 ax\u00e9e sur l'innovation, l'interd\u00e9pendance et la transparence, voit le crit\u00e8re S - Social - mis en \u0153uvre \u00e0 travers le soutien d'initiatives sociales et environnementales locales et internationales, principalement dans les domaines de la sant\u00e9, des femmes, des jeunes et des personnes handicap\u00e9es.","robots":{"index":"index","follow":"follow","max-snippet":"max-snippet:-1","max-image-preview":"max-image-preview:large","max-video-preview":"max-video-preview:-1"},"canonical":"https:\/\/www.fitt.com\/fr\/news\/fitt-et-women-for-freedom\/","og_locale":"fr_FR","og_type":"article","og_title":"FITT et Women for Freedom","og_description":"The responsible flow, la strat\u00e9gie de d\u00e9veloppement durable de FITT \u00e0 l\u2019horizon 2030 ax\u00e9e sur l'innovation, l'interd\u00e9pendance et la transparence, voit le crit\u00e8re S - Social - mis en \u0153uvre \u00e0 travers le soutien d'initiatives sociales et environnementales locales et internationales, principalement dans les domaines de la sant\u00e9, des femmes, des jeunes et des personnes handicap\u00e9es.","og_url":"https:\/\/www.fitt.com\/fr\/news\/fitt-et-women-for-freedom\/","og_site_name":"FITT","article_published_time":"2023-03-08T11:58:35+00:00","article_modified_time":"2023-03-08T12:11:27+00:00","og_image":[{"width":1200,"height":456,"url":"https:\/\/www.fitt.com\/wp-content\/uploads\/2023\/03\/FITT-WFF_1200_FittComNews.jpg","type":"image\/jpeg"}],"author":"digital-team","twitter_card":"summary_large_image","twitter_misc":{"\u00c9crit par":"digital-team","Dur\u00e9e de lecture estim\u00e9e":"2 minutes"},"schema":{"@context":"https:\/\/schema.org","@graph":[{"@type":"Article","@id":"https:\/\/www.fitt.com\/fr\/news\/fitt-et-women-for-freedom\/#article","isPartOf":{"@id":"https:\/\/www.fitt.com\/fr\/news\/fitt-et-women-for-freedom\/"},"author":{"name":"digital-team","@id":"https:\/\/www.fitt.com\/fr\/#\/schema\/person\/dcf4ccbfb4c9980e6a3babe2db2acb48"},"headline":"FITT et Women for Freedom","datePublished":"2023-03-08T11:58:35+00:00","dateModified":"2023-03-08T12:11:27+00:00","mainEntityOfPage":{"@id":"https:\/\/www.fitt.com\/fr\/news\/fitt-et-women-for-freedom\/"},"wordCount":301,"publisher":{"@id":"https:\/\/www.fitt.com\/fr\/#organization"},"image":{"@id":"https:\/\/www.fitt.com\/fr\/news\/fitt-et-women-for-freedom\/#primaryimage"},"thumbnailUrl":"https:\/\/www.fitt.com\/wp-content\/uploads\/2023\/03\/FITT-WFF_1200_FittComNews.jpg","articleSection":["News","Social Responsibility","Sustainability"],"inLanguage":"fr-FR"},{"@type":"WebPage","@id":"https:\/\/www.fitt.com\/fr\/news\/fitt-et-women-for-freedom\/","url":"https:\/\/www.fitt.com\/fr\/news\/fitt-et-women-for-freedom\/","name":"FITT et Women for Freedom - FITT","isPartOf":{"@id":"https:\/\/www.fitt.com\/fr\/#website"},"primaryImageOfPage":{"@id":"https:\/\/www.fitt.com\/fr\/news\/fitt-et-women-for-freedom\/#primaryimage"},"image":{"@id":"https:\/\/www.fitt.com\/fr\/news\/fitt-et-women-for-freedom\/#primaryimage"},"thumbnailUrl":"https:\/\/www.fitt.com\/wp-content\/uploads\/2023\/03\/FITT-WFF_1200_FittComNews.jpg","datePublished":"2023-03-08T11:58:35+00:00","dateModified":"2023-03-08T12:11:27+00:00","description":"The responsible flow, la strat\u00e9gie de d\u00e9veloppement durable de FITT \u00e0 l\u2019horizon 2030 ax\u00e9e sur l'innovation, l'interd\u00e9pendance et la transparence, voit le crit\u00e8re S - Social - mis en \u0153uvre \u00e0 travers le soutien d'initiatives sociales et environnementales locales et internationales, principalement dans les domaines de la sant\u00e9, des femmes, des jeunes et des personnes handicap\u00e9es.","breadcrumb":{"@id":"https:\/\/www.fitt.com\/fr\/news\/fitt-et-women-for-freedom\/#breadcrumb"},"inLanguage":"fr-FR","potentialAction":[{"@type":"ReadAction","target":["https:\/\/www.fitt.com\/fr\/news\/fitt-et-women-for-freedom\/"]}]},{"@type":"ImageObject","inLanguage":"fr-FR","@id":"https:\/\/www.fitt.com\/fr\/news\/fitt-et-women-for-freedom\/#primaryimage","url":"https:\/\/www.fitt.com\/wp-content\/uploads\/2023\/03\/FITT-WFF_1200_FittComNews.jpg","contentUrl":"https:\/\/www.fitt.com\/wp-content\/uploads\/2023\/03\/FITT-WFF_1200_FittComNews.jpg","width":1200,"height":456},{"@type":"BreadcrumbList","@id":"https:\/\/www.fitt.com\/fr\/news\/fitt-et-women-for-freedom\/#breadcrumb","itemListElement":[{"@type":"ListItem","position":1,"name":"Home","item":"https:\/\/www.fitt.com\/fr\/"},{"@type":"ListItem","position":2,"name":"FITT et Women for Freedom"}]},{"@type":"WebSite","@id":"https:\/\/www.fitt.com\/fr\/#website","url":"https:\/\/www.fitt.com\/fr\/","name":"FITT","description":"FITT Spa","publisher":{"@id":"https:\/\/www.fitt.com\/fr\/#organization"},"potentialAction":[{"@type":"SearchAction","target":{"@type":"EntryPoint","urlTemplate":"https:\/\/www.fitt.com\/fr\/?s={search_term_string}"},"query-input":{"@type":"PropertyValueSpecification","valueRequired":true,"valueName":"search_term_string"}}],"inLanguage":"fr-FR"},{"@type":"Organization","@id":"https:\/\/www.fitt.com\/fr\/#organization","name":"Fitt SPA","url":"https:\/\/www.fitt.com\/fr\/","logo":{"@type":"ImageObject","inLanguage":"fr-FR","@id":"https:\/\/www.fitt.com\/fr\/#\/schema\/logo\/image\/","url":"https:\/\/www.fitt.com\/wp-content\/uploads\/2022\/05\/logo-light.png","contentUrl":"https:\/\/www.fitt.com\/wp-content\/uploads\/2022\/05\/logo-light.png","width":827,"height":508,"caption":"Fitt SPA"},"image":{"@id":"https:\/\/www.fitt.com\/fr\/#\/schema\/logo\/image\/"}},{"@type":"Person","@id":"https:\/\/www.fitt.com\/fr\/#\/schema\/person\/dcf4ccbfb4c9980e6a3babe2db2acb48","name":"digital-team"}]}},"_links":{"self":[{"href":"https:\/\/www.fitt.com\/fr\/wp-json\/wp\/v2\/posts\/16436","targetHints":{"allow":["GET"]}}],"collection":[{"href":"https:\/\/www.fitt.com\/fr\/wp-json\/wp\/v2\/posts"}],"about":[{"href":"https:\/\/www.fitt.com\/fr\/wp-json\/wp\/v2\/types\/post"}],"author":[{"embeddable":true,"href":"https:\/\/www.fitt.com\/fr\/wp-json\/wp\/v2\/users\/5"}],"replies":[{"embeddable":true,"href":"https:\/\/www.fitt.com\/fr\/wp-json\/wp\/v2\/comments?post=16436"}],"version-history":[{"count":1,"href":"https:\/\/www.fitt.com\/fr\/wp-json\/wp\/v2\/posts\/16436\/revisions"}],"predecessor-version":[{"id":16448,"href":"https:\/\/www.fitt.com\/fr\/wp-json\/wp\/v2\/posts\/16436\/revisions\/16448"}],"wp:featuredmedia":[{"embeddable":true,"href":"https:\/\/www.fitt.com\/fr\/wp-json\/wp\/v2\/media\/16441"}],"wp:attachment":[{"href":"https:\/\/www.fitt.com\/fr\/wp-json\/wp\/v2\/media?parent=16436"}],"wp:term":[{"taxonomy":"category","embeddable":true,"href":"https:\/\/www.fitt.com\/fr\/wp-json\/wp\/v2\/categories?post=16436"},{"taxonomy":"post_tag","embeddable":true,"href":"https:\/\/www.fitt.com\/fr\/wp-json\/wp\/v2\/tags?post=16436"}],"curies":[{"name":"wp","href":"https:\/\/api.w.org\/{rel}","templated":true}]}}