{"id":15121,"date":"2021-10-25T00:00:00","date_gmt":"2021-10-24T22:00:00","guid":{"rendered":"https:\/\/www.fitt.com\/news\/la-giornata-delle-nazioni-unite-76-anni-di-attivita-allinsegna-di-pace-diritti-umani-e-sostenibilita\/"},"modified":"2022-08-08T16:45:22","modified_gmt":"2022-08-08T14:45:22","slug":"journee-des-nations-unies-76-ans-de-paix-de-droits-de-lhomme-et-de-developpement-durable","status":"publish","type":"post","link":"https:\/\/www.fitt.com\/fr\/news\/journee-des-nations-unies-76-ans-de-paix-de-droits-de-lhomme-et-de-developpement-durable\/","title":{"rendered":"Journ\u00e9e des Nations unies : 76 ans de paix, de droits de l&rsquo;homme et de d\u00e9veloppement durable"},"content":{"rendered":"<p>\u00ab\u00a0<\/p>\n<p>Nous vivons une \u00e9poque de grands changements et d&rsquo;incertitudes : transition \u00e9cologique, crise pand\u00e9mique, d\u00e9veloppement durable social et \u00e9conomique sont le contexte dans lequel chacun d&rsquo;entre nous grandit, travaille, se forme et s&rsquo;informe. Il s&rsquo;agit d&rsquo;une p\u00e9riode apparemment sans pr\u00e9c\u00e9dent, mais si nous revenons quelques d\u00e9cennies en arri\u00e8re, nous pouvons trouver un autre point de transformation et d&rsquo;\u00e9volution profonde : la fin de la Seconde Guerre mondiale et la naissance des Nations unies<strong>.<\/strong><\/p>\n<p class=\"\"text-align-center\"\"><strong>La naissance de l&rsquo;Organisation Mondiale et le r\u00f4le des Nations Unies<\/strong><\/p>\n<p>En 1945, alors que la Seconde Guerre mondiale touche \u00e0 sa fin, les nations sont en ruines et le monde souhaite la paix. C&rsquo;est ainsi que des repr\u00e9sentants de 50 pays se sont r\u00e9unis \u00e0 San Francisco lors d&rsquo;une conf\u00e9rence qui a abouti \u00e0 la r\u00e9daction de la <strong>Charte des Nations unies<\/strong>. Quatre mois plus tard, le <strong>24 octobre 1945<\/strong>, la Charte des Nations unies entre en vigueur et les Nations unies commencent officiellement leurs activit\u00e9s.&nbsp;<br \/>\nAu moment de leur fondation, les <strong>Nations Unies<\/strong> comptaient 51 \u00c9tats membres, un nombre qui a augment\u00e9 au fil des ans pour <strong>atteindre aujourd\u2019hui 193 pays<\/strong>.<\/p>\n<p>Plus de 75 ans apr\u00e8s sa cr\u00e9ation, l&rsquo;ONU s&#8217;emploie toujours \u00e0 <strong>maintenir la paix et la s\u00e9curit\u00e9 internationales, \u00e0 fournir une aide humanitaire \u00e0 ceux qui en ont besoin, \u00e0 prot\u00e9ger et \u00e0 promouvoir les droits de l&rsquo;homme et \u00e0 faire respecter le droit international.<\/strong><\/p>\n<p class=\"\"text-align-center\"\">\n<strong>Le d\u00e9veloppement durable<\/strong><\/p>\n<p>La notion de <strong>d\u00e9veloppement durable<\/strong> \u00e0 laquelle on se r\u00e9f\u00e8re aujourd&rsquo;hui est apparue pour la premi\u00e8re fois dans le rapport \u00ab&nbsp;<strong>Notre avenir \u00e0 tous (Our Common Future)<\/strong>&nbsp;\u00bb (\u00e9galement connu sous le nom de rapport Brundtland) <strong>publi\u00e9 en 1987 par la Commission Mondiale sur l\u2019Environnement et le D\u00e9veloppement de l&rsquo;Organisation des Nations unies, pr\u00e9sid\u00e9e par la Norv\u00e9gienne Gro Harlem Brundtland<\/strong>.<\/p>\n<p><em>\u00ab&nbsp;Le d\u00e9veloppement durable est un mode de d\u00e9veloppement qui r\u00e9pond aux besoins des g\u00e9n\u00e9rations pr\u00e9sentes sans compromettre la capacit\u00e9 des g\u00e9n\u00e9rations futures de r\u00e9pondre aux leurs&nbsp;\u00bb <\/em>&#8211; Gro Harlem Brundtland, Pr\u00e9sidente de la Commission Mondiale sur l&rsquo;Environnement et le D\u00e9veloppement 1987<\/p>\n<p>Ce concept, qui a ensuite \u00e9t\u00e9 approuv\u00e9 par l&rsquo;Organisation des Nations unies, est devenu la d\u00e9finition mondiale du d\u00e9veloppement durable.<\/p>\n<p class=\"\"text-align-center\"\"><strong>Le Pacte Mondial des Nations Unies<\/strong><\/p>\n<p><strong>Le Pacte mondial est n\u00e9 en 1999<\/strong> d&rsquo;une id\u00e9e du secr\u00e9taire g\u00e9n\u00e9ral des Nations unies de l&rsquo;\u00e9poque, Kofi Annan, qui a invit\u00e9 les leaders \u00e9conomiques mondiaux \u00e0 signer un \u00ab&nbsp;Pacte mondial&nbsp;\u00bb avec les Nations unies afin de <strong>promouvoir une \u00e9conomie responsable<\/strong>. Pour la premi\u00e8re fois, il y a eu une volont\u00e9 d&rsquo;aligner les objectifs de la communaut\u00e9 internationale sur ceux des int\u00e9r\u00eats commerciaux priv\u00e9s.<br \/>\nAujourd&rsquo;hui, le Pacte mondial des Nations unies est une <strong>initiative volontaire<\/strong> qui promeut 10 principes universels li\u00e9s aux <strong>droits de l&rsquo;homme, au travail, \u00e0 l&rsquo;environnement et \u00e0 la lutte contre la corruption<\/strong> par le biais d&rsquo;actions politiques, de pratiques commerciales et de comportements sociaux et civiques.<\/p>\n<p class=\"\"text-align-center\"\"><strong>FITT et l&rsquo;adh\u00e9sion au Pacte mondial des Nations unies<\/strong><\/p>\n<p>Pour le transport des liquides et des gaz, le plastique, en vertu de certaines propri\u00e9t\u00e9s sp\u00e9cifiques, offre encore les meilleures performances et, en m\u00eame temps, le plus faible impact sur l\u2019environnement parmi les alternatives disponibles de nos jours.<\/p>\n<p><strong>FITT continue donc \u00e0 travailler avec ce mat\u00e9riau, consciente que cette activit\u00e9, si elle est men\u00e9e de mani\u00e8re responsable, peut \u00eatre compatible et utile pour l&rsquo;avenir de la plan\u00e8te<\/strong>.<\/p>\n<p>Pour FITT, la voie de la responsabilit\u00e9 d&rsquo;entreprise repose sur trois principes fondamentaux&nbsp;: l&rsquo;<strong>innovation<\/strong>, pour cr\u00e9er des produits plus performants avec un impact environnemental r\u00e9duit. La <strong>transparence<\/strong>, pour mesurer et communiquer clairement son empreinte \u00e9cologique. Et, enfin, l&rsquo;<strong>interd\u00e9pendance<\/strong>, car l&rsquo;action synergique permet un changement plus rapide et plus efficace.<br \/>\nEn vertu du principe d&rsquo;interd\u00e9pendance, FITT a choisi d&rsquo;adopter des r\u00e9f\u00e9rences internationales et d&rsquo;adh\u00e9rer au Pacte mondial : <strong>elle s&rsquo;est publiquement engag\u00e9e aupr\u00e8s des Nations unies \u00e0 partager, soutenir et appliquer dans sa sph\u00e8re d&rsquo;influence un ensemble de principes fondamentaux concernant les droits de l&rsquo;homme, les normes de travail, la protection de l&rsquo;environnement et la lutte contre la corruption, afin de promouvoir une \u00e9conomie mondiale responsable.<\/strong><\/p>\n<p>\u00a0\u00bb<\/p>\n","protected":false},"excerpt":{"rendered":"<p>\u00ab\u00a0 Nous vivons une \u00e9poque de grands changements et d&rsquo;incertitudes : transition \u00e9cologique, crise pand\u00e9mique, d\u00e9veloppement durable social et \u00e9conomique sont le contexte dans lequel chacun d&rsquo;entre nous grandit, travaille, se forme et s&rsquo;informe. Il s&rsquo;agit d&rsquo;une p\u00e9riode apparemment sans pr\u00e9c\u00e9dent, mais si nous revenons quelques d\u00e9cennies en arri\u00e8re, nous pouvons trouver un autre point [&hellip;]<\/p>\n","protected":false},"author":1,"featured_media":12890,"comment_status":"closed","ping_status":"open","sticky":false,"template":"","format":"standard","meta":{"_acf_changed":false,"footnotes":""},"categories":[364,372],"tags":[376],"class_list":["post-15121","post","type-post","status-publish","format-standard","has-post-thumbnail","hentry","category-news-fr","category-sustainability-fr","tag-testing-fr"],"acf":[],"yoast_head":"<!-- This site is optimized with the Yoast SEO Premium plugin v24.1 (Yoast SEO v27.3) - https:\/\/yoast.com\/product\/yoast-seo-premium-wordpress\/ -->\n<title>Journ\u00e9e des Nations unies : 76 ans de paix, de droits de l&#039;homme et de d\u00e9veloppement durable - FITT<\/title>\n<meta name=\"robots\" content=\"index, follow, max-snippet:-1, max-image-preview:large, max-video-preview:-1\" \/>\n<link rel=\"canonical\" href=\"https:\/\/www.fitt.com\/fr\/news\/journee-des-nations-unies-76-ans-de-paix-de-droits-de-lhomme-et-de-developpement-durable\/\" \/>\n<meta property=\"og:locale\" content=\"fr_FR\" \/>\n<meta property=\"og:type\" content=\"article\" \/>\n<meta property=\"og:title\" content=\"Journ\u00e9e des Nations unies : 76 ans de paix, de droits de l&#039;homme et de d\u00e9veloppement durable\" \/>\n<meta property=\"og:description\" content=\"\u00ab\u00a0 Nous vivons une \u00e9poque de grands changements et d&rsquo;incertitudes : transition \u00e9cologique, crise pand\u00e9mique, d\u00e9veloppement durable social et \u00e9conomique sont le contexte dans lequel chacun d&rsquo;entre nous grandit, travaille, se forme et s&rsquo;informe. Il s&rsquo;agit d&rsquo;une p\u00e9riode apparemment sans pr\u00e9c\u00e9dent, mais si nous revenons quelques d\u00e9cennies en arri\u00e8re, nous pouvons trouver un autre point [&hellip;]\" \/>\n<meta property=\"og:url\" content=\"https:\/\/www.fitt.com\/fr\/news\/journee-des-nations-unies-76-ans-de-paix-de-droits-de-lhomme-et-de-developpement-durable\/\" \/>\n<meta property=\"og:site_name\" content=\"FITT\" \/>\n<meta property=\"article:published_time\" content=\"2021-10-24T22:00:00+00:00\" \/>\n<meta property=\"article:modified_time\" content=\"2022-08-08T14:45:22+00:00\" \/>\n<meta property=\"og:image\" content=\"https:\/\/www.fitt.com\/wp-content\/uploads\/2021\/10\/2021-10-25-FITT-Magazine-header.jpg\" \/>\n\t<meta property=\"og:image:width\" content=\"1280\" \/>\n\t<meta property=\"og:image:height\" content=\"520\" \/>\n\t<meta property=\"og:image:type\" content=\"image\/jpeg\" \/>\n<meta name=\"author\" content=\"system\" \/>\n<meta name=\"twitter:card\" content=\"summary_large_image\" \/>\n<meta name=\"twitter:label1\" content=\"\u00c9crit par\" \/>\n\t<meta name=\"twitter:data1\" content=\"system\" \/>\n\t<meta name=\"twitter:label2\" content=\"Dur\u00e9e de lecture estim\u00e9e\" \/>\n\t<meta name=\"twitter:data2\" content=\"4 minutes\" \/>\n<script type=\"application\/ld+json\" class=\"yoast-schema-graph\">{\"@context\":\"https:\\\/\\\/schema.org\",\"@graph\":[{\"@type\":\"Article\",\"@id\":\"https:\\\/\\\/www.fitt.com\\\/fr\\\/news\\\/journee-des-nations-unies-76-ans-de-paix-de-droits-de-lhomme-et-de-developpement-durable\\\/#article\",\"isPartOf\":{\"@id\":\"https:\\\/\\\/www.fitt.com\\\/fr\\\/news\\\/journee-des-nations-unies-76-ans-de-paix-de-droits-de-lhomme-et-de-developpement-durable\\\/\"},\"author\":{\"name\":\"system\",\"@id\":\"https:\\\/\\\/www.fitt.com\\\/fr\\\/#\\\/schema\\\/person\\\/88ed5d9863be31118f9ec9ee37f028a2\"},\"headline\":\"Journ\u00e9e des Nations unies : 76 ans de paix, de droits de l&rsquo;homme et de d\u00e9veloppement durable\",\"datePublished\":\"2021-10-24T22:00:00+00:00\",\"dateModified\":\"2022-08-08T14:45:22+00:00\",\"mainEntityOfPage\":{\"@id\":\"https:\\\/\\\/www.fitt.com\\\/fr\\\/news\\\/journee-des-nations-unies-76-ans-de-paix-de-droits-de-lhomme-et-de-developpement-durable\\\/\"},\"wordCount\":763,\"publisher\":{\"@id\":\"https:\\\/\\\/www.fitt.com\\\/fr\\\/#organization\"},\"image\":{\"@id\":\"https:\\\/\\\/www.fitt.com\\\/fr\\\/news\\\/journee-des-nations-unies-76-ans-de-paix-de-droits-de-lhomme-et-de-developpement-durable\\\/#primaryimage\"},\"thumbnailUrl\":\"https:\\\/\\\/www.fitt.com\\\/wp-content\\\/uploads\\\/2021\\\/10\\\/2021-10-25-FITT-Magazine-header.jpg\",\"keywords\":[\"Testing\"],\"articleSection\":[\"News\",\"Sustainability\"],\"inLanguage\":\"fr-FR\"},{\"@type\":\"WebPage\",\"@id\":\"https:\\\/\\\/www.fitt.com\\\/fr\\\/news\\\/journee-des-nations-unies-76-ans-de-paix-de-droits-de-lhomme-et-de-developpement-durable\\\/\",\"url\":\"https:\\\/\\\/www.fitt.com\\\/fr\\\/news\\\/journee-des-nations-unies-76-ans-de-paix-de-droits-de-lhomme-et-de-developpement-durable\\\/\",\"name\":\"Journ\u00e9e des Nations unies : 76 ans de paix, de droits de l'homme et de d\u00e9veloppement durable - FITT\",\"isPartOf\":{\"@id\":\"https:\\\/\\\/www.fitt.com\\\/fr\\\/#website\"},\"primaryImageOfPage\":{\"@id\":\"https:\\\/\\\/www.fitt.com\\\/fr\\\/news\\\/journee-des-nations-unies-76-ans-de-paix-de-droits-de-lhomme-et-de-developpement-durable\\\/#primaryimage\"},\"image\":{\"@id\":\"https:\\\/\\\/www.fitt.com\\\/fr\\\/news\\\/journee-des-nations-unies-76-ans-de-paix-de-droits-de-lhomme-et-de-developpement-durable\\\/#primaryimage\"},\"thumbnailUrl\":\"https:\\\/\\\/www.fitt.com\\\/wp-content\\\/uploads\\\/2021\\\/10\\\/2021-10-25-FITT-Magazine-header.jpg\",\"datePublished\":\"2021-10-24T22:00:00+00:00\",\"dateModified\":\"2022-08-08T14:45:22+00:00\",\"breadcrumb\":{\"@id\":\"https:\\\/\\\/www.fitt.com\\\/fr\\\/news\\\/journee-des-nations-unies-76-ans-de-paix-de-droits-de-lhomme-et-de-developpement-durable\\\/#breadcrumb\"},\"inLanguage\":\"fr-FR\",\"potentialAction\":[{\"@type\":\"ReadAction\",\"target\":[\"https:\\\/\\\/www.fitt.com\\\/fr\\\/news\\\/journee-des-nations-unies-76-ans-de-paix-de-droits-de-lhomme-et-de-developpement-durable\\\/\"]}]},{\"@type\":\"ImageObject\",\"inLanguage\":\"fr-FR\",\"@id\":\"https:\\\/\\\/www.fitt.com\\\/fr\\\/news\\\/journee-des-nations-unies-76-ans-de-paix-de-droits-de-lhomme-et-de-developpement-durable\\\/#primaryimage\",\"url\":\"https:\\\/\\\/www.fitt.com\\\/wp-content\\\/uploads\\\/2021\\\/10\\\/2021-10-25-FITT-Magazine-header.jpg\",\"contentUrl\":\"https:\\\/\\\/www.fitt.com\\\/wp-content\\\/uploads\\\/2021\\\/10\\\/2021-10-25-FITT-Magazine-header.jpg\",\"width\":1280,\"height\":520},{\"@type\":\"BreadcrumbList\",\"@id\":\"https:\\\/\\\/www.fitt.com\\\/fr\\\/news\\\/journee-des-nations-unies-76-ans-de-paix-de-droits-de-lhomme-et-de-developpement-durable\\\/#breadcrumb\",\"itemListElement\":[{\"@type\":\"ListItem\",\"position\":1,\"name\":\"Home\",\"item\":\"https:\\\/\\\/www.fitt.com\\\/fr\\\/\"},{\"@type\":\"ListItem\",\"position\":2,\"name\":\"Journ\u00e9e des Nations unies : 76 ans de paix, de droits de l&#8217;homme et de d\u00e9veloppement durable\"}]},{\"@type\":\"WebSite\",\"@id\":\"https:\\\/\\\/www.fitt.com\\\/fr\\\/#website\",\"url\":\"https:\\\/\\\/www.fitt.com\\\/fr\\\/\",\"name\":\"FITT\",\"description\":\"FITT Spa\",\"publisher\":{\"@id\":\"https:\\\/\\\/www.fitt.com\\\/fr\\\/#organization\"},\"potentialAction\":[{\"@type\":\"SearchAction\",\"target\":{\"@type\":\"EntryPoint\",\"urlTemplate\":\"https:\\\/\\\/www.fitt.com\\\/fr\\\/?s={search_term_string}\"},\"query-input\":{\"@type\":\"PropertyValueSpecification\",\"valueRequired\":true,\"valueName\":\"search_term_string\"}}],\"inLanguage\":\"fr-FR\"},{\"@type\":\"Organization\",\"@id\":\"https:\\\/\\\/www.fitt.com\\\/fr\\\/#organization\",\"name\":\"Fitt SPA\",\"url\":\"https:\\\/\\\/www.fitt.com\\\/fr\\\/\",\"logo\":{\"@type\":\"ImageObject\",\"inLanguage\":\"fr-FR\",\"@id\":\"https:\\\/\\\/www.fitt.com\\\/fr\\\/#\\\/schema\\\/logo\\\/image\\\/\",\"url\":\"https:\\\/\\\/www.fitt.com\\\/wp-content\\\/uploads\\\/2022\\\/05\\\/logo-light.png\",\"contentUrl\":\"https:\\\/\\\/www.fitt.com\\\/wp-content\\\/uploads\\\/2022\\\/05\\\/logo-light.png\",\"width\":827,\"height\":508,\"caption\":\"Fitt SPA\"},\"image\":{\"@id\":\"https:\\\/\\\/www.fitt.com\\\/fr\\\/#\\\/schema\\\/logo\\\/image\\\/\"}},{\"@type\":\"Person\",\"@id\":\"https:\\\/\\\/www.fitt.com\\\/fr\\\/#\\\/schema\\\/person\\\/88ed5d9863be31118f9ec9ee37f028a2\",\"name\":\"system\",\"sameAs\":[\"https:\\\/\\\/www.fitt.com\\\/\"]}]}<\/script>\n<!-- \/ Yoast SEO Premium plugin. -->","yoast_head_json":{"title":"Journ\u00e9e des Nations unies : 76 ans de paix, de droits de l'homme et de d\u00e9veloppement durable - FITT","robots":{"index":"index","follow":"follow","max-snippet":"max-snippet:-1","max-image-preview":"max-image-preview:large","max-video-preview":"max-video-preview:-1"},"canonical":"https:\/\/www.fitt.com\/fr\/news\/journee-des-nations-unies-76-ans-de-paix-de-droits-de-lhomme-et-de-developpement-durable\/","og_locale":"fr_FR","og_type":"article","og_title":"Journ\u00e9e des Nations unies : 76 ans de paix, de droits de l'homme et de d\u00e9veloppement durable","og_description":"\u00ab\u00a0 Nous vivons une \u00e9poque de grands changements et d&rsquo;incertitudes : transition \u00e9cologique, crise pand\u00e9mique, d\u00e9veloppement durable social et \u00e9conomique sont le contexte dans lequel chacun d&rsquo;entre nous grandit, travaille, se forme et s&rsquo;informe. Il s&rsquo;agit d&rsquo;une p\u00e9riode apparemment sans pr\u00e9c\u00e9dent, mais si nous revenons quelques d\u00e9cennies en arri\u00e8re, nous pouvons trouver un autre point [&hellip;]","og_url":"https:\/\/www.fitt.com\/fr\/news\/journee-des-nations-unies-76-ans-de-paix-de-droits-de-lhomme-et-de-developpement-durable\/","og_site_name":"FITT","article_published_time":"2021-10-24T22:00:00+00:00","article_modified_time":"2022-08-08T14:45:22+00:00","og_image":[{"width":1280,"height":520,"url":"https:\/\/www.fitt.com\/wp-content\/uploads\/2021\/10\/2021-10-25-FITT-Magazine-header.jpg","type":"image\/jpeg"}],"author":"system","twitter_card":"summary_large_image","twitter_misc":{"\u00c9crit par":"system","Dur\u00e9e de lecture estim\u00e9e":"4 minutes"},"schema":{"@context":"https:\/\/schema.org","@graph":[{"@type":"Article","@id":"https:\/\/www.fitt.com\/fr\/news\/journee-des-nations-unies-76-ans-de-paix-de-droits-de-lhomme-et-de-developpement-durable\/#article","isPartOf":{"@id":"https:\/\/www.fitt.com\/fr\/news\/journee-des-nations-unies-76-ans-de-paix-de-droits-de-lhomme-et-de-developpement-durable\/"},"author":{"name":"system","@id":"https:\/\/www.fitt.com\/fr\/#\/schema\/person\/88ed5d9863be31118f9ec9ee37f028a2"},"headline":"Journ\u00e9e des Nations unies : 76 ans de paix, de droits de l&rsquo;homme et de d\u00e9veloppement durable","datePublished":"2021-10-24T22:00:00+00:00","dateModified":"2022-08-08T14:45:22+00:00","mainEntityOfPage":{"@id":"https:\/\/www.fitt.com\/fr\/news\/journee-des-nations-unies-76-ans-de-paix-de-droits-de-lhomme-et-de-developpement-durable\/"},"wordCount":763,"publisher":{"@id":"https:\/\/www.fitt.com\/fr\/#organization"},"image":{"@id":"https:\/\/www.fitt.com\/fr\/news\/journee-des-nations-unies-76-ans-de-paix-de-droits-de-lhomme-et-de-developpement-durable\/#primaryimage"},"thumbnailUrl":"https:\/\/www.fitt.com\/wp-content\/uploads\/2021\/10\/2021-10-25-FITT-Magazine-header.jpg","keywords":["Testing"],"articleSection":["News","Sustainability"],"inLanguage":"fr-FR"},{"@type":"WebPage","@id":"https:\/\/www.fitt.com\/fr\/news\/journee-des-nations-unies-76-ans-de-paix-de-droits-de-lhomme-et-de-developpement-durable\/","url":"https:\/\/www.fitt.com\/fr\/news\/journee-des-nations-unies-76-ans-de-paix-de-droits-de-lhomme-et-de-developpement-durable\/","name":"Journ\u00e9e des Nations unies : 76 ans de paix, de droits de l'homme et de d\u00e9veloppement durable - FITT","isPartOf":{"@id":"https:\/\/www.fitt.com\/fr\/#website"},"primaryImageOfPage":{"@id":"https:\/\/www.fitt.com\/fr\/news\/journee-des-nations-unies-76-ans-de-paix-de-droits-de-lhomme-et-de-developpement-durable\/#primaryimage"},"image":{"@id":"https:\/\/www.fitt.com\/fr\/news\/journee-des-nations-unies-76-ans-de-paix-de-droits-de-lhomme-et-de-developpement-durable\/#primaryimage"},"thumbnailUrl":"https:\/\/www.fitt.com\/wp-content\/uploads\/2021\/10\/2021-10-25-FITT-Magazine-header.jpg","datePublished":"2021-10-24T22:00:00+00:00","dateModified":"2022-08-08T14:45:22+00:00","breadcrumb":{"@id":"https:\/\/www.fitt.com\/fr\/news\/journee-des-nations-unies-76-ans-de-paix-de-droits-de-lhomme-et-de-developpement-durable\/#breadcrumb"},"inLanguage":"fr-FR","potentialAction":[{"@type":"ReadAction","target":["https:\/\/www.fitt.com\/fr\/news\/journee-des-nations-unies-76-ans-de-paix-de-droits-de-lhomme-et-de-developpement-durable\/"]}]},{"@type":"ImageObject","inLanguage":"fr-FR","@id":"https:\/\/www.fitt.com\/fr\/news\/journee-des-nations-unies-76-ans-de-paix-de-droits-de-lhomme-et-de-developpement-durable\/#primaryimage","url":"https:\/\/www.fitt.com\/wp-content\/uploads\/2021\/10\/2021-10-25-FITT-Magazine-header.jpg","contentUrl":"https:\/\/www.fitt.com\/wp-content\/uploads\/2021\/10\/2021-10-25-FITT-Magazine-header.jpg","width":1280,"height":520},{"@type":"BreadcrumbList","@id":"https:\/\/www.fitt.com\/fr\/news\/journee-des-nations-unies-76-ans-de-paix-de-droits-de-lhomme-et-de-developpement-durable\/#breadcrumb","itemListElement":[{"@type":"ListItem","position":1,"name":"Home","item":"https:\/\/www.fitt.com\/fr\/"},{"@type":"ListItem","position":2,"name":"Journ\u00e9e des Nations unies : 76 ans de paix, de droits de l&#8217;homme et de d\u00e9veloppement durable"}]},{"@type":"WebSite","@id":"https:\/\/www.fitt.com\/fr\/#website","url":"https:\/\/www.fitt.com\/fr\/","name":"FITT","description":"FITT Spa","publisher":{"@id":"https:\/\/www.fitt.com\/fr\/#organization"},"potentialAction":[{"@type":"SearchAction","target":{"@type":"EntryPoint","urlTemplate":"https:\/\/www.fitt.com\/fr\/?s={search_term_string}"},"query-input":{"@type":"PropertyValueSpecification","valueRequired":true,"valueName":"search_term_string"}}],"inLanguage":"fr-FR"},{"@type":"Organization","@id":"https:\/\/www.fitt.com\/fr\/#organization","name":"Fitt SPA","url":"https:\/\/www.fitt.com\/fr\/","logo":{"@type":"ImageObject","inLanguage":"fr-FR","@id":"https:\/\/www.fitt.com\/fr\/#\/schema\/logo\/image\/","url":"https:\/\/www.fitt.com\/wp-content\/uploads\/2022\/05\/logo-light.png","contentUrl":"https:\/\/www.fitt.com\/wp-content\/uploads\/2022\/05\/logo-light.png","width":827,"height":508,"caption":"Fitt SPA"},"image":{"@id":"https:\/\/www.fitt.com\/fr\/#\/schema\/logo\/image\/"}},{"@type":"Person","@id":"https:\/\/www.fitt.com\/fr\/#\/schema\/person\/88ed5d9863be31118f9ec9ee37f028a2","name":"system","sameAs":["https:\/\/www.fitt.com\/"]}]}},"_links":{"self":[{"href":"https:\/\/www.fitt.com\/fr\/wp-json\/wp\/v2\/posts\/15121","targetHints":{"allow":["GET"]}}],"collection":[{"href":"https:\/\/www.fitt.com\/fr\/wp-json\/wp\/v2\/posts"}],"about":[{"href":"https:\/\/www.fitt.com\/fr\/wp-json\/wp\/v2\/types\/post"}],"author":[{"embeddable":true,"href":"https:\/\/www.fitt.com\/fr\/wp-json\/wp\/v2\/users\/1"}],"replies":[{"embeddable":true,"href":"https:\/\/www.fitt.com\/fr\/wp-json\/wp\/v2\/comments?post=15121"}],"version-history":[{"count":1,"href":"https:\/\/www.fitt.com\/fr\/wp-json\/wp\/v2\/posts\/15121\/revisions"}],"predecessor-version":[{"id":15122,"href":"https:\/\/www.fitt.com\/fr\/wp-json\/wp\/v2\/posts\/15121\/revisions\/15122"}],"wp:featuredmedia":[{"embeddable":true,"href":"https:\/\/www.fitt.com\/fr\/wp-json\/wp\/v2\/media\/12890"}],"wp:attachment":[{"href":"https:\/\/www.fitt.com\/fr\/wp-json\/wp\/v2\/media?parent=15121"}],"wp:term":[{"taxonomy":"category","embeddable":true,"href":"https:\/\/www.fitt.com\/fr\/wp-json\/wp\/v2\/categories?post=15121"},{"taxonomy":"post_tag","embeddable":true,"href":"https:\/\/www.fitt.com\/fr\/wp-json\/wp\/v2\/tags?post=15121"}],"curies":[{"name":"wp","href":"https:\/\/api.w.org\/{rel}","templated":true}]}}