{"id":15113,"date":"2021-07-13T00:00:00","date_gmt":"2021-07-12T22:00:00","guid":{"rendered":"https:\/\/www.fitt.com\/news\/green-week-la-prima-vetrina-di-responsabilita-dimpresa\/"},"modified":"2022-08-08T16:37:04","modified_gmt":"2022-08-08T14:37:04","slug":"fitt-presente-a-radici-future-levenement-pour-jeter-les-bases-dun-avenir-durable","status":"publish","type":"post","link":"https:\/\/www.fitt.com\/fr\/news\/fitt-presente-a-radici-future-levenement-pour-jeter-les-bases-dun-avenir-durable\/","title":{"rendered":"FITT pr\u00e9sente \u00e0 Radici Future : l&rsquo;\u00e9v\u00e9nement pour jeter les bases d&rsquo;un avenir durable"},"content":{"rendered":"<div class='custom_gallery' data-module='gallery-modal'>\n<div class='outside-gallery-container row'>\n<div class='col-md-4 col-sm-6 btn-modal'>\n<div class='image-container' data-index='0'>\n<img decoding=\"async\" src=\"https:\/\/www.fitt.com\/wp-content\/uploads\/2021\/07\/green-week_IMG_4696-scaled.jpeg\"><\/div>\n<\/div>\n<div class='col-md-4 col-sm-6 btn-modal'>\n<div class='image-container' data-index='1'>\n<img decoding=\"async\" src=\"https:\/\/www.fitt.com\/wp-content\/uploads\/2021\/07\/green-week_IMG_4723_3-scaled.jpeg\"><\/div>\n<\/div>\n<div class='col-md-4 col-sm-6 btn-modal'>\n<div class='image-container' data-index='2'>\n<img decoding=\"async\" src=\"https:\/\/www.fitt.com\/wp-content\/uploads\/2021\/07\/green-week_IMG_4754_4-scaled.jpeg\"><\/div>\n<\/div>\n<div class='col-md-4 col-sm-6 btn-modal'>\n<div class='image-container' data-index='3'>\n<img decoding=\"async\" src=\"https:\/\/www.fitt.com\/wp-content\/uploads\/2021\/07\/green-week_IMG_4765_5-scaled.jpg\"><\/div>\n<\/div>\n<div class='col-md-4 col-sm-6 btn-modal'>\n<div class='image-container' data-index='4'>\n<img decoding=\"async\" src=\"https:\/\/www.fitt.com\/wp-content\/uploads\/2021\/07\/green-ween_IMG_4752_3-scaled.jpeg\"><\/div>\n<\/div>\n<div class='col-md-4 col-sm-6 btn-modal'>\n<div class='image-container' data-index='5'>\n<img decoding=\"async\" src=\"https:\/\/www.fitt.com\/wp-content\/uploads\/2021\/07\/green-week_IMG_2-scaled.jpeg\"><\/div>\n<\/div>\n<\/div>\n\n      <div class=\"ud_modal modal-js js_gallery\">\n        <div class=\"box\">\n          <div class=\"btn-close\">\n            <span class=\"icon-close\">\n              <svg viewBox=\"0 0 27 27\" xmlns=\"http:\/\/www.w3.org\/2000\/svg\">\n                <rect id=\"rect-1\" x=\"2.25146\" y=\"0.129944\" width=\"35\" height=\"3\" rx=\"1.5\" transform=\"rotate(45 2.25146 0.129944)\"\/>\n                <rect id=\"rect-2\" width=\"35\" height=\"3\" rx=\"1.5\" transform=\"matrix(-0.707107 0.707107 0.707107 0.707107 24.8135 0.0649719)\"\/>\n              <\/svg>\n            <\/span>\n          <\/div>\n          <div class=\"content mx-md-n32\">\n            <div class=\"slider\">\n              <div class=\"swiper-wrapper\">\n                <div class='swiper-slide'>\n<img decoding=\"async\" src=\"https:\/\/www.fitt.com\/wp-content\/uploads\/2021\/07\/green-week_IMG_4696-scaled.jpeg\"><\/div>\n<div class='swiper-slide'>\n<img decoding=\"async\" src=\"https:\/\/www.fitt.com\/wp-content\/uploads\/2021\/07\/green-week_IMG_4723_3-scaled.jpeg\"><\/div>\n<div class='swiper-slide'>\n<img decoding=\"async\" src=\"https:\/\/www.fitt.com\/wp-content\/uploads\/2021\/07\/green-week_IMG_4754_4-scaled.jpeg\"><\/div>\n<div class='swiper-slide'>\n<img decoding=\"async\" src=\"https:\/\/www.fitt.com\/wp-content\/uploads\/2021\/07\/green-week_IMG_4765_5-scaled.jpg\"><\/div>\n<div class='swiper-slide'>\n<img decoding=\"async\" src=\"https:\/\/www.fitt.com\/wp-content\/uploads\/2021\/07\/green-ween_IMG_4752_3-scaled.jpeg\"><\/div>\n<div class='swiper-slide'>\n<img decoding=\"async\" src=\"https:\/\/www.fitt.com\/wp-content\/uploads\/2021\/07\/green-week_IMG_2-scaled.jpeg\"><\/div>\n\n              <\/div>\n            <\/div>\n          <\/div>\n\n          <div class=\"ud_slider__nav--prev\">\n            <svg fill=\"none\" height=\"20\" viewBox=\"0 0 14 20\" width=\"14\" xmlns=\"http:\/\/www.w3.org\/2000\/svg\">\n              <path d=\"m12.9706 9.20759c.52.40031.52 1.18451 0 1.58481l-10.8606 8.3605c-.65757.5062-1.609999.0375-1.609999-.7924l-.000001-16.72102c0-.829843.95243-1.298607 1.60999-.79241z\" fill=\"#000\"><\/path>\n            <\/svg>\n          <\/div>\n          <div class=\"ud_slider__nav--next\">\n            <svg fill=\"none\" height=\"20\" viewBox=\"0 0 14 20\" width=\"14\" xmlns=\"http:\/\/www.w3.org\/2000\/svg\">\n              <path d=\"m12.9706 9.20759c.52.40031.52 1.18451 0 1.58481l-10.8606 8.3605c-.65757.5062-1.609999.0375-1.609999-.7924l-.000001-16.72102c0-.829843.95243-1.298607 1.60999-.79241z\" fill=\"#000\"><\/path>\n            <\/svg>\n          <\/div>\n        <\/div>\n      <\/div>\n    <\/div>\n<p>\u00ab\u00a0<\/p>\n<p>Les engagements publics de FITT sur la sc\u00e8ne du d\u00e9veloppement durable se poursuivent&nbsp;: apr\u00e8s avoir particip\u00e9 \u00e0 la <a href=\"\"https:\/\/www.fitt.com\/fr\/fitt-magazine\/green-week-la-premiere-vitrine-sur-la-responsabilite-des-entreprises\"\">Green Week<\/a>, voici venu le tour de <a href=\"\"https:\/\/www.radicifuture2030.org\/\"\"><strong>Radici Future<\/strong><\/a>, le <strong>Festival cr\u00e9\u00e9 par le Groupe Bassano de Confindustria Vicenza<\/strong> pour explorer les fronti\u00e8res de l&rsquo;\u00e9conomie circulaire, exp\u00e9rimenter des solutions d&rsquo;avant-garde et inspirer les jeunes g\u00e9n\u00e9rations.<\/p>\n<p>Radici Future n&rsquo;est pas seulement un festival, mais un voyage dont les <strong>protagonistes sont Bassano et les entreprises de la r\u00e9gion<\/strong>, qui se rendent sur le terrain pour raconter leur histoire, leurs exp\u00e9riences et leurs initiatives pour jeter les bases d&rsquo;un avenir durable.&nbsp;<\/p>\n<p>FITT a accept\u00e9 l&rsquo;invitation et a choisi de participer \u00e0 la premi\u00e8re \u00e9dition de Radici Future pour apporter <strong>son propre t\u00e9moignage d&rsquo;une entreprise qui travaille avec les plastiques de mani\u00e8re responsable<\/strong>, en s&rsquo;engageant concr\u00e8tement dans les domaines environnemental et social.<\/p>\n<p><strong>Vendredi 1er octobre, de 18h30 \u00e0 19h30, aupr\u00e8s de la Sala dell\u2019Armamento<\/strong>, FITT parlera de son exp\u00e9rience de d\u00e9veloppement d&rsquo;un produit qui am\u00e9liore son impact environnemental pour donner aux consommateurs la possibilit\u00e9 de choisir une solution innovante, responsable et neutre en carbone.<\/p>\n<p>\u00ab&nbsp;<em>Nous avons ressenti le besoin de participer \u00e0 cette premi\u00e8re \u00e9dition de Radici Future pour raconter comment FITT, une entreprise qui fabrique des plastiques, parvient \u00e0 le faire de mani\u00e8re durable. &#8211; <\/em>d\u00e9clare Alessandro Mezzalira, PDG de FITT -.<em> Nous vivons \u00e0 une \u00e9poque o\u00f9 les consommateurs sont inond\u00e9s d&rsquo;informations, parfois pas tout \u00e0 fait correctes, et ont du mal \u00e0 s&rsquo;y retrouver dans cet amalgame de communications. Il incombe donc aux entreprises de guider les consommateurs vers un achat conscient, inform\u00e9 et correct. Pour ce faire, les entreprises doivent \u00eatre transparentes. C&rsquo;est le seul moyen de gagner la confiance des clients et de les fid\u00e9liser dans le temps<\/em>.&nbsp;\u00bb<\/p>\n<p>\u00a0\u00bb<\/p>\n","protected":false},"excerpt":{"rendered":"<p>\u00ab\u00a0 Les engagements publics de FITT sur la sc\u00e8ne du d\u00e9veloppement durable se poursuivent&nbsp;: apr\u00e8s avoir particip\u00e9 \u00e0 la Green Week, voici venu le tour de Radici Future, le Festival cr\u00e9\u00e9 par le Groupe Bassano de Confindustria Vicenza pour explorer les fronti\u00e8res de l&rsquo;\u00e9conomie circulaire, exp\u00e9rimenter des solutions d&rsquo;avant-garde et inspirer les jeunes g\u00e9n\u00e9rations. Radici [&hellip;]<\/p>\n","protected":false},"author":1,"featured_media":13058,"comment_status":"closed","ping_status":"open","sticky":false,"template":"","format":"standard","meta":{"_acf_changed":false,"footnotes":""},"categories":[367,364,372],"tags":[],"class_list":["post-15113","post","type-post","status-publish","format-standard","has-post-thumbnail","hentry","category-eventi-fr","category-news-fr","category-sustainability-fr"],"acf":[],"yoast_head":"<!-- This site is optimized with the Yoast SEO Premium plugin v24.1 (Yoast SEO v27.3) - https:\/\/yoast.com\/product\/yoast-seo-premium-wordpress\/ -->\n<title>FITT pr\u00e9sente \u00e0 Radici Future : l&#039;\u00e9v\u00e9nement pour jeter les bases d&#039;un avenir durable - FITT<\/title>\n<meta name=\"robots\" content=\"index, follow, max-snippet:-1, max-image-preview:large, max-video-preview:-1\" \/>\n<link rel=\"canonical\" href=\"https:\/\/www.fitt.com\/fr\/news\/fitt-presente-a-radici-future-levenement-pour-jeter-les-bases-dun-avenir-durable\/\" \/>\n<meta property=\"og:locale\" content=\"fr_FR\" \/>\n<meta property=\"og:type\" content=\"article\" \/>\n<meta property=\"og:title\" content=\"FITT pr\u00e9sente \u00e0 Radici Future : l&#039;\u00e9v\u00e9nement pour jeter les bases d&#039;un avenir durable\" \/>\n<meta property=\"og:description\" content=\"\u00ab\u00a0 Les engagements publics de FITT sur la sc\u00e8ne du d\u00e9veloppement durable se poursuivent&nbsp;: apr\u00e8s avoir particip\u00e9 \u00e0 la Green Week, voici venu le tour de Radici Future, le Festival cr\u00e9\u00e9 par le Groupe Bassano de Confindustria Vicenza pour explorer les fronti\u00e8res de l&rsquo;\u00e9conomie circulaire, exp\u00e9rimenter des solutions d&rsquo;avant-garde et inspirer les jeunes g\u00e9n\u00e9rations. Radici [&hellip;]\" \/>\n<meta property=\"og:url\" content=\"https:\/\/www.fitt.com\/fr\/news\/fitt-presente-a-radici-future-levenement-pour-jeter-les-bases-dun-avenir-durable\/\" \/>\n<meta property=\"og:site_name\" content=\"FITT\" \/>\n<meta property=\"article:published_time\" content=\"2021-07-12T22:00:00+00:00\" \/>\n<meta property=\"article:modified_time\" content=\"2022-08-08T14:37:04+00:00\" \/>\n<meta property=\"og:image\" content=\"https:\/\/www.fitt.com\/wp-content\/uploads\/2021\/07\/Green-Week-la-prima-vetrina-di-Responsabilita-dimpresa.jpg\" \/>\n\t<meta property=\"og:image:width\" content=\"1600\" \/>\n\t<meta property=\"og:image:height\" content=\"400\" \/>\n\t<meta property=\"og:image:type\" content=\"image\/jpeg\" \/>\n<meta name=\"author\" content=\"system\" \/>\n<meta name=\"twitter:card\" content=\"summary_large_image\" \/>\n<meta name=\"twitter:label1\" content=\"\u00c9crit par\" \/>\n\t<meta name=\"twitter:data1\" content=\"system\" \/>\n\t<meta name=\"twitter:label2\" content=\"Dur\u00e9e de lecture estim\u00e9e\" \/>\n\t<meta name=\"twitter:data2\" content=\"2 minutes\" \/>\n<script type=\"application\/ld+json\" class=\"yoast-schema-graph\">{\"@context\":\"https:\\\/\\\/schema.org\",\"@graph\":[{\"@type\":\"Article\",\"@id\":\"https:\\\/\\\/www.fitt.com\\\/fr\\\/news\\\/fitt-presente-a-radici-future-levenement-pour-jeter-les-bases-dun-avenir-durable\\\/#article\",\"isPartOf\":{\"@id\":\"https:\\\/\\\/www.fitt.com\\\/fr\\\/news\\\/fitt-presente-a-radici-future-levenement-pour-jeter-les-bases-dun-avenir-durable\\\/\"},\"author\":{\"name\":\"system\",\"@id\":\"https:\\\/\\\/www.fitt.com\\\/fr\\\/#\\\/schema\\\/person\\\/88ed5d9863be31118f9ec9ee37f028a2\"},\"headline\":\"FITT pr\u00e9sente \u00e0 Radici Future : l&rsquo;\u00e9v\u00e9nement pour jeter les bases d&rsquo;un avenir durable\",\"datePublished\":\"2021-07-12T22:00:00+00:00\",\"dateModified\":\"2022-08-08T14:37:04+00:00\",\"mainEntityOfPage\":{\"@id\":\"https:\\\/\\\/www.fitt.com\\\/fr\\\/news\\\/fitt-presente-a-radici-future-levenement-pour-jeter-les-bases-dun-avenir-durable\\\/\"},\"wordCount\":337,\"publisher\":{\"@id\":\"https:\\\/\\\/www.fitt.com\\\/fr\\\/#organization\"},\"image\":{\"@id\":\"https:\\\/\\\/www.fitt.com\\\/fr\\\/news\\\/fitt-presente-a-radici-future-levenement-pour-jeter-les-bases-dun-avenir-durable\\\/#primaryimage\"},\"thumbnailUrl\":\"https:\\\/\\\/www.fitt.com\\\/wp-content\\\/uploads\\\/2021\\\/07\\\/Green-Week-la-prima-vetrina-di-Responsabilita-dimpresa.jpg\",\"articleSection\":[\"Eventi\",\"News\",\"Sustainability\"],\"inLanguage\":\"fr-FR\"},{\"@type\":\"WebPage\",\"@id\":\"https:\\\/\\\/www.fitt.com\\\/fr\\\/news\\\/fitt-presente-a-radici-future-levenement-pour-jeter-les-bases-dun-avenir-durable\\\/\",\"url\":\"https:\\\/\\\/www.fitt.com\\\/fr\\\/news\\\/fitt-presente-a-radici-future-levenement-pour-jeter-les-bases-dun-avenir-durable\\\/\",\"name\":\"FITT pr\u00e9sente \u00e0 Radici Future : l'\u00e9v\u00e9nement pour jeter les bases d'un avenir durable - FITT\",\"isPartOf\":{\"@id\":\"https:\\\/\\\/www.fitt.com\\\/fr\\\/#website\"},\"primaryImageOfPage\":{\"@id\":\"https:\\\/\\\/www.fitt.com\\\/fr\\\/news\\\/fitt-presente-a-radici-future-levenement-pour-jeter-les-bases-dun-avenir-durable\\\/#primaryimage\"},\"image\":{\"@id\":\"https:\\\/\\\/www.fitt.com\\\/fr\\\/news\\\/fitt-presente-a-radici-future-levenement-pour-jeter-les-bases-dun-avenir-durable\\\/#primaryimage\"},\"thumbnailUrl\":\"https:\\\/\\\/www.fitt.com\\\/wp-content\\\/uploads\\\/2021\\\/07\\\/Green-Week-la-prima-vetrina-di-Responsabilita-dimpresa.jpg\",\"datePublished\":\"2021-07-12T22:00:00+00:00\",\"dateModified\":\"2022-08-08T14:37:04+00:00\",\"breadcrumb\":{\"@id\":\"https:\\\/\\\/www.fitt.com\\\/fr\\\/news\\\/fitt-presente-a-radici-future-levenement-pour-jeter-les-bases-dun-avenir-durable\\\/#breadcrumb\"},\"inLanguage\":\"fr-FR\",\"potentialAction\":[{\"@type\":\"ReadAction\",\"target\":[\"https:\\\/\\\/www.fitt.com\\\/fr\\\/news\\\/fitt-presente-a-radici-future-levenement-pour-jeter-les-bases-dun-avenir-durable\\\/\"]}]},{\"@type\":\"ImageObject\",\"inLanguage\":\"fr-FR\",\"@id\":\"https:\\\/\\\/www.fitt.com\\\/fr\\\/news\\\/fitt-presente-a-radici-future-levenement-pour-jeter-les-bases-dun-avenir-durable\\\/#primaryimage\",\"url\":\"https:\\\/\\\/www.fitt.com\\\/wp-content\\\/uploads\\\/2021\\\/07\\\/Green-Week-la-prima-vetrina-di-Responsabilita-dimpresa.jpg\",\"contentUrl\":\"https:\\\/\\\/www.fitt.com\\\/wp-content\\\/uploads\\\/2021\\\/07\\\/Green-Week-la-prima-vetrina-di-Responsabilita-dimpresa.jpg\",\"width\":1600,\"height\":400},{\"@type\":\"BreadcrumbList\",\"@id\":\"https:\\\/\\\/www.fitt.com\\\/fr\\\/news\\\/fitt-presente-a-radici-future-levenement-pour-jeter-les-bases-dun-avenir-durable\\\/#breadcrumb\",\"itemListElement\":[{\"@type\":\"ListItem\",\"position\":1,\"name\":\"Home\",\"item\":\"https:\\\/\\\/www.fitt.com\\\/fr\\\/\"},{\"@type\":\"ListItem\",\"position\":2,\"name\":\"FITT pr\u00e9sente \u00e0 Radici Future : l&#8217;\u00e9v\u00e9nement pour jeter les bases d&#8217;un avenir durable\"}]},{\"@type\":\"WebSite\",\"@id\":\"https:\\\/\\\/www.fitt.com\\\/fr\\\/#website\",\"url\":\"https:\\\/\\\/www.fitt.com\\\/fr\\\/\",\"name\":\"FITT\",\"description\":\"FITT Spa\",\"publisher\":{\"@id\":\"https:\\\/\\\/www.fitt.com\\\/fr\\\/#organization\"},\"potentialAction\":[{\"@type\":\"SearchAction\",\"target\":{\"@type\":\"EntryPoint\",\"urlTemplate\":\"https:\\\/\\\/www.fitt.com\\\/fr\\\/?s={search_term_string}\"},\"query-input\":{\"@type\":\"PropertyValueSpecification\",\"valueRequired\":true,\"valueName\":\"search_term_string\"}}],\"inLanguage\":\"fr-FR\"},{\"@type\":\"Organization\",\"@id\":\"https:\\\/\\\/www.fitt.com\\\/fr\\\/#organization\",\"name\":\"Fitt SPA\",\"url\":\"https:\\\/\\\/www.fitt.com\\\/fr\\\/\",\"logo\":{\"@type\":\"ImageObject\",\"inLanguage\":\"fr-FR\",\"@id\":\"https:\\\/\\\/www.fitt.com\\\/fr\\\/#\\\/schema\\\/logo\\\/image\\\/\",\"url\":\"https:\\\/\\\/www.fitt.com\\\/wp-content\\\/uploads\\\/2022\\\/05\\\/logo-light.png\",\"contentUrl\":\"https:\\\/\\\/www.fitt.com\\\/wp-content\\\/uploads\\\/2022\\\/05\\\/logo-light.png\",\"width\":827,\"height\":508,\"caption\":\"Fitt SPA\"},\"image\":{\"@id\":\"https:\\\/\\\/www.fitt.com\\\/fr\\\/#\\\/schema\\\/logo\\\/image\\\/\"}},{\"@type\":\"Person\",\"@id\":\"https:\\\/\\\/www.fitt.com\\\/fr\\\/#\\\/schema\\\/person\\\/88ed5d9863be31118f9ec9ee37f028a2\",\"name\":\"system\",\"sameAs\":[\"https:\\\/\\\/www.fitt.com\\\/\"]}]}<\/script>\n<!-- \/ Yoast SEO Premium plugin. -->","yoast_head_json":{"title":"FITT pr\u00e9sente \u00e0 Radici Future : l'\u00e9v\u00e9nement pour jeter les bases d'un avenir durable - FITT","robots":{"index":"index","follow":"follow","max-snippet":"max-snippet:-1","max-image-preview":"max-image-preview:large","max-video-preview":"max-video-preview:-1"},"canonical":"https:\/\/www.fitt.com\/fr\/news\/fitt-presente-a-radici-future-levenement-pour-jeter-les-bases-dun-avenir-durable\/","og_locale":"fr_FR","og_type":"article","og_title":"FITT pr\u00e9sente \u00e0 Radici Future : l'\u00e9v\u00e9nement pour jeter les bases d'un avenir durable","og_description":"\u00ab\u00a0 Les engagements publics de FITT sur la sc\u00e8ne du d\u00e9veloppement durable se poursuivent&nbsp;: apr\u00e8s avoir particip\u00e9 \u00e0 la Green Week, voici venu le tour de Radici Future, le Festival cr\u00e9\u00e9 par le Groupe Bassano de Confindustria Vicenza pour explorer les fronti\u00e8res de l&rsquo;\u00e9conomie circulaire, exp\u00e9rimenter des solutions d&rsquo;avant-garde et inspirer les jeunes g\u00e9n\u00e9rations. Radici [&hellip;]","og_url":"https:\/\/www.fitt.com\/fr\/news\/fitt-presente-a-radici-future-levenement-pour-jeter-les-bases-dun-avenir-durable\/","og_site_name":"FITT","article_published_time":"2021-07-12T22:00:00+00:00","article_modified_time":"2022-08-08T14:37:04+00:00","og_image":[{"width":1600,"height":400,"url":"https:\/\/www.fitt.com\/wp-content\/uploads\/2021\/07\/Green-Week-la-prima-vetrina-di-Responsabilita-dimpresa.jpg","type":"image\/jpeg"}],"author":"system","twitter_card":"summary_large_image","twitter_misc":{"\u00c9crit par":"system","Dur\u00e9e de lecture estim\u00e9e":"2 minutes"},"schema":{"@context":"https:\/\/schema.org","@graph":[{"@type":"Article","@id":"https:\/\/www.fitt.com\/fr\/news\/fitt-presente-a-radici-future-levenement-pour-jeter-les-bases-dun-avenir-durable\/#article","isPartOf":{"@id":"https:\/\/www.fitt.com\/fr\/news\/fitt-presente-a-radici-future-levenement-pour-jeter-les-bases-dun-avenir-durable\/"},"author":{"name":"system","@id":"https:\/\/www.fitt.com\/fr\/#\/schema\/person\/88ed5d9863be31118f9ec9ee37f028a2"},"headline":"FITT pr\u00e9sente \u00e0 Radici Future : l&rsquo;\u00e9v\u00e9nement pour jeter les bases d&rsquo;un avenir durable","datePublished":"2021-07-12T22:00:00+00:00","dateModified":"2022-08-08T14:37:04+00:00","mainEntityOfPage":{"@id":"https:\/\/www.fitt.com\/fr\/news\/fitt-presente-a-radici-future-levenement-pour-jeter-les-bases-dun-avenir-durable\/"},"wordCount":337,"publisher":{"@id":"https:\/\/www.fitt.com\/fr\/#organization"},"image":{"@id":"https:\/\/www.fitt.com\/fr\/news\/fitt-presente-a-radici-future-levenement-pour-jeter-les-bases-dun-avenir-durable\/#primaryimage"},"thumbnailUrl":"https:\/\/www.fitt.com\/wp-content\/uploads\/2021\/07\/Green-Week-la-prima-vetrina-di-Responsabilita-dimpresa.jpg","articleSection":["Eventi","News","Sustainability"],"inLanguage":"fr-FR"},{"@type":"WebPage","@id":"https:\/\/www.fitt.com\/fr\/news\/fitt-presente-a-radici-future-levenement-pour-jeter-les-bases-dun-avenir-durable\/","url":"https:\/\/www.fitt.com\/fr\/news\/fitt-presente-a-radici-future-levenement-pour-jeter-les-bases-dun-avenir-durable\/","name":"FITT pr\u00e9sente \u00e0 Radici Future : l'\u00e9v\u00e9nement pour jeter les bases d'un avenir durable - FITT","isPartOf":{"@id":"https:\/\/www.fitt.com\/fr\/#website"},"primaryImageOfPage":{"@id":"https:\/\/www.fitt.com\/fr\/news\/fitt-presente-a-radici-future-levenement-pour-jeter-les-bases-dun-avenir-durable\/#primaryimage"},"image":{"@id":"https:\/\/www.fitt.com\/fr\/news\/fitt-presente-a-radici-future-levenement-pour-jeter-les-bases-dun-avenir-durable\/#primaryimage"},"thumbnailUrl":"https:\/\/www.fitt.com\/wp-content\/uploads\/2021\/07\/Green-Week-la-prima-vetrina-di-Responsabilita-dimpresa.jpg","datePublished":"2021-07-12T22:00:00+00:00","dateModified":"2022-08-08T14:37:04+00:00","breadcrumb":{"@id":"https:\/\/www.fitt.com\/fr\/news\/fitt-presente-a-radici-future-levenement-pour-jeter-les-bases-dun-avenir-durable\/#breadcrumb"},"inLanguage":"fr-FR","potentialAction":[{"@type":"ReadAction","target":["https:\/\/www.fitt.com\/fr\/news\/fitt-presente-a-radici-future-levenement-pour-jeter-les-bases-dun-avenir-durable\/"]}]},{"@type":"ImageObject","inLanguage":"fr-FR","@id":"https:\/\/www.fitt.com\/fr\/news\/fitt-presente-a-radici-future-levenement-pour-jeter-les-bases-dun-avenir-durable\/#primaryimage","url":"https:\/\/www.fitt.com\/wp-content\/uploads\/2021\/07\/Green-Week-la-prima-vetrina-di-Responsabilita-dimpresa.jpg","contentUrl":"https:\/\/www.fitt.com\/wp-content\/uploads\/2021\/07\/Green-Week-la-prima-vetrina-di-Responsabilita-dimpresa.jpg","width":1600,"height":400},{"@type":"BreadcrumbList","@id":"https:\/\/www.fitt.com\/fr\/news\/fitt-presente-a-radici-future-levenement-pour-jeter-les-bases-dun-avenir-durable\/#breadcrumb","itemListElement":[{"@type":"ListItem","position":1,"name":"Home","item":"https:\/\/www.fitt.com\/fr\/"},{"@type":"ListItem","position":2,"name":"FITT pr\u00e9sente \u00e0 Radici Future : l&#8217;\u00e9v\u00e9nement pour jeter les bases d&#8217;un avenir durable"}]},{"@type":"WebSite","@id":"https:\/\/www.fitt.com\/fr\/#website","url":"https:\/\/www.fitt.com\/fr\/","name":"FITT","description":"FITT Spa","publisher":{"@id":"https:\/\/www.fitt.com\/fr\/#organization"},"potentialAction":[{"@type":"SearchAction","target":{"@type":"EntryPoint","urlTemplate":"https:\/\/www.fitt.com\/fr\/?s={search_term_string}"},"query-input":{"@type":"PropertyValueSpecification","valueRequired":true,"valueName":"search_term_string"}}],"inLanguage":"fr-FR"},{"@type":"Organization","@id":"https:\/\/www.fitt.com\/fr\/#organization","name":"Fitt SPA","url":"https:\/\/www.fitt.com\/fr\/","logo":{"@type":"ImageObject","inLanguage":"fr-FR","@id":"https:\/\/www.fitt.com\/fr\/#\/schema\/logo\/image\/","url":"https:\/\/www.fitt.com\/wp-content\/uploads\/2022\/05\/logo-light.png","contentUrl":"https:\/\/www.fitt.com\/wp-content\/uploads\/2022\/05\/logo-light.png","width":827,"height":508,"caption":"Fitt SPA"},"image":{"@id":"https:\/\/www.fitt.com\/fr\/#\/schema\/logo\/image\/"}},{"@type":"Person","@id":"https:\/\/www.fitt.com\/fr\/#\/schema\/person\/88ed5d9863be31118f9ec9ee37f028a2","name":"system","sameAs":["https:\/\/www.fitt.com\/"]}]}},"_links":{"self":[{"href":"https:\/\/www.fitt.com\/fr\/wp-json\/wp\/v2\/posts\/15113","targetHints":{"allow":["GET"]}}],"collection":[{"href":"https:\/\/www.fitt.com\/fr\/wp-json\/wp\/v2\/posts"}],"about":[{"href":"https:\/\/www.fitt.com\/fr\/wp-json\/wp\/v2\/types\/post"}],"author":[{"embeddable":true,"href":"https:\/\/www.fitt.com\/fr\/wp-json\/wp\/v2\/users\/1"}],"replies":[{"embeddable":true,"href":"https:\/\/www.fitt.com\/fr\/wp-json\/wp\/v2\/comments?post=15113"}],"version-history":[{"count":2,"href":"https:\/\/www.fitt.com\/fr\/wp-json\/wp\/v2\/posts\/15113\/revisions"}],"predecessor-version":[{"id":15116,"href":"https:\/\/www.fitt.com\/fr\/wp-json\/wp\/v2\/posts\/15113\/revisions\/15116"}],"wp:featuredmedia":[{"embeddable":true,"href":"https:\/\/www.fitt.com\/fr\/wp-json\/wp\/v2\/media\/13058"}],"wp:attachment":[{"href":"https:\/\/www.fitt.com\/fr\/wp-json\/wp\/v2\/media?parent=15113"}],"wp:term":[{"taxonomy":"category","embeddable":true,"href":"https:\/\/www.fitt.com\/fr\/wp-json\/wp\/v2\/categories?post=15113"},{"taxonomy":"post_tag","embeddable":true,"href":"https:\/\/www.fitt.com\/fr\/wp-json\/wp\/v2\/tags?post=15113"}],"curies":[{"name":"wp","href":"https:\/\/api.w.org\/{rel}","templated":true}]}}