{"id":15085,"date":"2020-02-17T00:00:00","date_gmt":"2020-02-16T23:00:00","guid":{"rendered":"https:\/\/www.fitt.com\/news\/debutto-europeo-per-il-sistema-fitt-bluforce-a-carrefour-de-leau\/"},"modified":"2022-08-08T15:23:29","modified_gmt":"2022-08-08T13:23:29","slug":"premiere-europeenne-pour-le-systeme-fitt-bluforce-au-carrefour-de-leau","status":"publish","type":"post","link":"https:\/\/www.fitt.com\/fr\/news\/premiere-europeenne-pour-le-systeme-fitt-bluforce-au-carrefour-de-leau\/","title":{"rendered":"Premi\u00e8re europ\u00e9enne pour le syst\u00e8me FITT Bluforce au Carrefour de l&rsquo;Eau"},"content":{"rendered":"<div class='custom_gallery' data-module='gallery-modal'>\n<div class='outside-gallery-container row'>\n<div class='col-md-4 col-sm-6 btn-modal'>\n<div class='image-container' data-index='0'>\n<img decoding=\"async\" src=\"https:\/\/www.fitt.com\/wp-content\/uploads\/2020\/02\/bluforcegal.jpg\"><\/div>\n<\/div>\n<div class='col-md-4 col-sm-6 btn-modal'>\n<div class='image-container' data-index='1'>\n<img decoding=\"async\" src=\"https:\/\/www.fitt.com\/wp-content\/uploads\/2020\/02\/bluforcegal2.jpg\"><\/div>\n<\/div>\n<div class='col-md-4 col-sm-6 btn-modal'>\n<div class='image-container' data-index='2'>\n<img decoding=\"async\" src=\"https:\/\/www.fitt.com\/wp-content\/uploads\/2020\/02\/bluforcegal3.jpg\"><\/div>\n<\/div>\n<div class='col-md-4 col-sm-6 btn-modal'>\n<div class='image-container' data-index='3'>\n<img decoding=\"async\" src=\"https:\/\/www.fitt.com\/wp-content\/uploads\/2020\/02\/bluforcegal4.jpg\"><\/div>\n<\/div>\n<div class='col-md-4 col-sm-6 btn-modal'>\n<div class='image-container' data-index='4'>\n<img decoding=\"async\" src=\"https:\/\/www.fitt.com\/wp-content\/uploads\/2020\/02\/bluforcegal5.jpg\"><\/div>\n<\/div>\n<div class='col-md-4 col-sm-6 btn-modal'>\n<div class='image-container' data-index='5'>\n<img decoding=\"async\" src=\"https:\/\/www.fitt.com\/wp-content\/uploads\/2020\/02\/bluforcegal6.jpg\"><\/div>\n<\/div>\n<\/div>\n\n      <div class=\"ud_modal modal-js js_gallery\">\n        <div class=\"box\">\n          <div class=\"btn-close\">\n            <span class=\"icon-close\">\n              <svg viewBox=\"0 0 27 27\" xmlns=\"http:\/\/www.w3.org\/2000\/svg\">\n                <rect id=\"rect-1\" x=\"2.25146\" y=\"0.129944\" width=\"35\" height=\"3\" rx=\"1.5\" transform=\"rotate(45 2.25146 0.129944)\"\/>\n                <rect id=\"rect-2\" width=\"35\" height=\"3\" rx=\"1.5\" transform=\"matrix(-0.707107 0.707107 0.707107 0.707107 24.8135 0.0649719)\"\/>\n              <\/svg>\n            <\/span>\n          <\/div>\n          <div class=\"content mx-md-n32\">\n            <div class=\"slider\">\n              <div class=\"swiper-wrapper\">\n                <div class='swiper-slide'>\n<img decoding=\"async\" src=\"https:\/\/www.fitt.com\/wp-content\/uploads\/2020\/02\/bluforcegal.jpg\"><\/div>\n<div class='swiper-slide'>\n<img decoding=\"async\" src=\"https:\/\/www.fitt.com\/wp-content\/uploads\/2020\/02\/bluforcegal2.jpg\"><\/div>\n<div class='swiper-slide'>\n<img decoding=\"async\" src=\"https:\/\/www.fitt.com\/wp-content\/uploads\/2020\/02\/bluforcegal3.jpg\"><\/div>\n<div class='swiper-slide'>\n<img decoding=\"async\" src=\"https:\/\/www.fitt.com\/wp-content\/uploads\/2020\/02\/bluforcegal4.jpg\"><\/div>\n<div class='swiper-slide'>\n<img decoding=\"async\" src=\"https:\/\/www.fitt.com\/wp-content\/uploads\/2020\/02\/bluforcegal5.jpg\"><\/div>\n<div class='swiper-slide'>\n<img decoding=\"async\" src=\"https:\/\/www.fitt.com\/wp-content\/uploads\/2020\/02\/bluforcegal6.jpg\"><\/div>\n\n              <\/div>\n            <\/div>\n          <\/div>\n\n          <div class=\"ud_slider__nav--prev\">\n            <svg fill=\"none\" height=\"20\" viewBox=\"0 0 14 20\" width=\"14\" xmlns=\"http:\/\/www.w3.org\/2000\/svg\">\n              <path d=\"m12.9706 9.20759c.52.40031.52 1.18451 0 1.58481l-10.8606 8.3605c-.65757.5062-1.609999.0375-1.609999-.7924l-.000001-16.72102c0-.829843.95243-1.298607 1.60999-.79241z\" fill=\"#000\"><\/path>\n            <\/svg>\n          <\/div>\n          <div class=\"ud_slider__nav--next\">\n            <svg fill=\"none\" height=\"20\" viewBox=\"0 0 14 20\" width=\"14\" xmlns=\"http:\/\/www.w3.org\/2000\/svg\">\n              <path d=\"m12.9706 9.20759c.52.40031.52 1.18451 0 1.58481l-10.8606 8.3605c-.65757.5062-1.609999.0375-1.609999-.7924l-.000001-16.72102c0-.829843.95243-1.298607 1.60999-.79241z\" fill=\"#000\"><\/path>\n            <\/svg>\n          <\/div>\n        <\/div>\n      <\/div>\n    <\/div>\n<p>\u00ab\u00a0<\/p>\n<p>Fin janvier, le <a href=\"\"https:\/\/www.idealco.fr\/evenement\/carrefour-eau\/\"\" target=\"\"_blank\"\" title=\"\"Carrefour de l'Eau\"\"><strong>Carrefour des Gestions Locales de l\u2019Eau<\/strong><\/a>, l&rsquo;\u00e9v\u00e9nement fran\u00e7ais d\u00e9di\u00e9 au <strong>monde des r\u00e9seaux d&rsquo;eau<\/strong>, s&rsquo;est tenu \u00e0 Rennes avec un programme charg\u00e9 de conf\u00e9rences et de sessions de formation qui a attir\u00e9 l\u2019int\u00e9r\u00eat de tous les acteurs du secteur.<\/p>\n<p>L&rsquo;\u00e9v\u00e9nement a \u00e9galement vu la participation de FITT et a marqu\u00e9 le d\u00e9but en Europe de <strong><a href=\"\"https:\/\/www.fitt.com\/fr\/product\/reseaux-de-distribution-deau\/aqueducs\/fitt-bluforce\"\" target=\"\"_blank\"\" title=\"\"FITT Bluforce\"\">FITT Bluforce<\/a> et <a href=\"\"https:\/\/www.fitt.com\/fr\/product\/reseaux-de-distribution-deau\/reseaux-hydriques\/fitt-bluforce-rj\"\" target=\"\"_blank\"\" title=\"\"FITT Bluforce RJ\"\">FITT Bluforce RJ<\/a><\/strong>, les tubes en PVC-A pour les r\u00e9seaux d&rsquo;eau sous pression.<br \/>\nLe premier pas vers l&rsquo;internationalisation du syst\u00e8me FITT Bluforce a donc commenc\u00e9 en France gr\u00e2ce \u00e0 la collaboration sign\u00e9e avec <a href=\"\"https:\/\/penet-plastiques.fr\/\"\" target=\"\"_blank\"\" title=\"\"Penet Plastiques\"\"><strong>Penet Plastiques<\/strong><\/a>, une entreprise sp\u00e9cialis\u00e9e dans la distribution de solutions \u00e9co-responsables dans le secteur du b\u00e2timent depuis plus de 50 ans. Le partenaire id\u00e9al pour FITT et le PVC-A, mat\u00e9riau avec lequel le syst\u00e8me FITT Bluforce est fabriqu\u00e9.<br \/>\n<strong>Le PVC-A est en effet un alliage polym\u00e8re innovant<\/strong> qui combine la r\u00e9sistance du PVC-U avec la ductilit\u00e9 du chlorure de poly\u00e9thyl\u00e8ne et rend le tube ductile, r\u00e9sistant \u00e0 la propagation des fissures, facile \u00e0 manipuler et \u00e0 installer dans toutes les conditions.<\/p>\n<p>FITT Bluforce, le tube avec un syst\u00e8me de jonction \u00e0 pr\u00e9-insertion m\u00e9canique \u00e0 chaud, et FITT Bluforce RJ, le tube avec un syst\u00e8me de verrouillage int\u00e9gr\u00e9 id\u00e9al pour les <strong>applications FHD<\/strong>, ont eu un grand succ\u00e8s lors de leur visite en France : le parcours international du syst\u00e8me FITT Bluforce ne fait que commencer, mais ce bon d\u00e9part est de bon augure pour l&rsquo;avenir.<\/p>\n<p>\u00a0\u00bb<\/p>\n","protected":false},"excerpt":{"rendered":"<p>\u00ab\u00a0 Fin janvier, le<\/p>\n","protected":false},"author":1,"featured_media":13110,"comment_status":"closed","ping_status":"open","sticky":false,"template":"","format":"standard","meta":{"_acf_changed":false,"footnotes":""},"categories":[368,367,364],"tags":[],"class_list":["post-15085","post","type-post","status-publish","format-standard","has-post-thumbnail","hentry","category-building-fr","category-eventi-fr","category-news-fr"],"acf":[],"yoast_head":"<!-- This site is optimized with the Yoast SEO Premium plugin v24.1 (Yoast SEO v27.3) - https:\/\/yoast.com\/product\/yoast-seo-premium-wordpress\/ -->\n<title>Premi\u00e8re europ\u00e9enne pour le syst\u00e8me FITT Bluforce au Carrefour de l&#039;Eau - FITT<\/title>\n<meta name=\"robots\" content=\"index, follow, max-snippet:-1, max-image-preview:large, max-video-preview:-1\" \/>\n<link rel=\"canonical\" href=\"https:\/\/www.fitt.com\/fr\/news\/premiere-europeenne-pour-le-systeme-fitt-bluforce-au-carrefour-de-leau\/\" \/>\n<meta property=\"og:locale\" content=\"fr_FR\" \/>\n<meta property=\"og:type\" content=\"article\" \/>\n<meta property=\"og:title\" content=\"Premi\u00e8re europ\u00e9enne pour le syst\u00e8me FITT Bluforce au Carrefour de l&#039;Eau\" \/>\n<meta property=\"og:description\" content=\"\u00ab\u00a0 Fin janvier, le\" \/>\n<meta property=\"og:url\" content=\"https:\/\/www.fitt.com\/fr\/news\/premiere-europeenne-pour-le-systeme-fitt-bluforce-au-carrefour-de-leau\/\" \/>\n<meta property=\"og:site_name\" content=\"FITT\" \/>\n<meta property=\"article:published_time\" content=\"2020-02-16T23:00:00+00:00\" \/>\n<meta property=\"article:modified_time\" content=\"2022-08-08T13:23:29+00:00\" \/>\n<meta property=\"og:image\" content=\"https:\/\/www.fitt.com\/wp-content\/uploads\/2020\/02\/Follow-up-CDL-header.jpg\" \/>\n\t<meta property=\"og:image:width\" content=\"1280\" \/>\n\t<meta property=\"og:image:height\" content=\"520\" \/>\n\t<meta property=\"og:image:type\" content=\"image\/jpeg\" \/>\n<meta name=\"author\" content=\"system\" \/>\n<meta name=\"twitter:card\" content=\"summary_large_image\" \/>\n<meta name=\"twitter:label1\" content=\"\u00c9crit par\" \/>\n\t<meta name=\"twitter:data1\" content=\"system\" \/>\n<script type=\"application\/ld+json\" class=\"yoast-schema-graph\">{\"@context\":\"https:\\\/\\\/schema.org\",\"@graph\":[{\"@type\":\"Article\",\"@id\":\"https:\\\/\\\/www.fitt.com\\\/fr\\\/news\\\/premiere-europeenne-pour-le-systeme-fitt-bluforce-au-carrefour-de-leau\\\/#article\",\"isPartOf\":{\"@id\":\"https:\\\/\\\/www.fitt.com\\\/fr\\\/news\\\/premiere-europeenne-pour-le-systeme-fitt-bluforce-au-carrefour-de-leau\\\/\"},\"author\":{\"name\":\"system\",\"@id\":\"https:\\\/\\\/www.fitt.com\\\/fr\\\/#\\\/schema\\\/person\\\/88ed5d9863be31118f9ec9ee37f028a2\"},\"headline\":\"Premi\u00e8re europ\u00e9enne pour le syst\u00e8me FITT Bluforce au Carrefour de l&rsquo;Eau\",\"datePublished\":\"2020-02-16T23:00:00+00:00\",\"dateModified\":\"2022-08-08T13:23:29+00:00\",\"mainEntityOfPage\":{\"@id\":\"https:\\\/\\\/www.fitt.com\\\/fr\\\/news\\\/premiere-europeenne-pour-le-systeme-fitt-bluforce-au-carrefour-de-leau\\\/\"},\"wordCount\":20,\"publisher\":{\"@id\":\"https:\\\/\\\/www.fitt.com\\\/fr\\\/#organization\"},\"image\":{\"@id\":\"https:\\\/\\\/www.fitt.com\\\/fr\\\/news\\\/premiere-europeenne-pour-le-systeme-fitt-bluforce-au-carrefour-de-leau\\\/#primaryimage\"},\"thumbnailUrl\":\"https:\\\/\\\/www.fitt.com\\\/wp-content\\\/uploads\\\/2020\\\/02\\\/Follow-up-CDL-header.jpg\",\"articleSection\":[\"Building\",\"Eventi\",\"News\"],\"inLanguage\":\"fr-FR\"},{\"@type\":\"WebPage\",\"@id\":\"https:\\\/\\\/www.fitt.com\\\/fr\\\/news\\\/premiere-europeenne-pour-le-systeme-fitt-bluforce-au-carrefour-de-leau\\\/\",\"url\":\"https:\\\/\\\/www.fitt.com\\\/fr\\\/news\\\/premiere-europeenne-pour-le-systeme-fitt-bluforce-au-carrefour-de-leau\\\/\",\"name\":\"Premi\u00e8re europ\u00e9enne pour le syst\u00e8me FITT Bluforce au Carrefour de l'Eau - FITT\",\"isPartOf\":{\"@id\":\"https:\\\/\\\/www.fitt.com\\\/fr\\\/#website\"},\"primaryImageOfPage\":{\"@id\":\"https:\\\/\\\/www.fitt.com\\\/fr\\\/news\\\/premiere-europeenne-pour-le-systeme-fitt-bluforce-au-carrefour-de-leau\\\/#primaryimage\"},\"image\":{\"@id\":\"https:\\\/\\\/www.fitt.com\\\/fr\\\/news\\\/premiere-europeenne-pour-le-systeme-fitt-bluforce-au-carrefour-de-leau\\\/#primaryimage\"},\"thumbnailUrl\":\"https:\\\/\\\/www.fitt.com\\\/wp-content\\\/uploads\\\/2020\\\/02\\\/Follow-up-CDL-header.jpg\",\"datePublished\":\"2020-02-16T23:00:00+00:00\",\"dateModified\":\"2022-08-08T13:23:29+00:00\",\"breadcrumb\":{\"@id\":\"https:\\\/\\\/www.fitt.com\\\/fr\\\/news\\\/premiere-europeenne-pour-le-systeme-fitt-bluforce-au-carrefour-de-leau\\\/#breadcrumb\"},\"inLanguage\":\"fr-FR\",\"potentialAction\":[{\"@type\":\"ReadAction\",\"target\":[\"https:\\\/\\\/www.fitt.com\\\/fr\\\/news\\\/premiere-europeenne-pour-le-systeme-fitt-bluforce-au-carrefour-de-leau\\\/\"]}]},{\"@type\":\"ImageObject\",\"inLanguage\":\"fr-FR\",\"@id\":\"https:\\\/\\\/www.fitt.com\\\/fr\\\/news\\\/premiere-europeenne-pour-le-systeme-fitt-bluforce-au-carrefour-de-leau\\\/#primaryimage\",\"url\":\"https:\\\/\\\/www.fitt.com\\\/wp-content\\\/uploads\\\/2020\\\/02\\\/Follow-up-CDL-header.jpg\",\"contentUrl\":\"https:\\\/\\\/www.fitt.com\\\/wp-content\\\/uploads\\\/2020\\\/02\\\/Follow-up-CDL-header.jpg\",\"width\":1280,\"height\":520},{\"@type\":\"BreadcrumbList\",\"@id\":\"https:\\\/\\\/www.fitt.com\\\/fr\\\/news\\\/premiere-europeenne-pour-le-systeme-fitt-bluforce-au-carrefour-de-leau\\\/#breadcrumb\",\"itemListElement\":[{\"@type\":\"ListItem\",\"position\":1,\"name\":\"Home\",\"item\":\"https:\\\/\\\/www.fitt.com\\\/fr\\\/\"},{\"@type\":\"ListItem\",\"position\":2,\"name\":\"Premi\u00e8re europ\u00e9enne pour le syst\u00e8me FITT Bluforce au Carrefour de l&#8217;Eau\"}]},{\"@type\":\"WebSite\",\"@id\":\"https:\\\/\\\/www.fitt.com\\\/fr\\\/#website\",\"url\":\"https:\\\/\\\/www.fitt.com\\\/fr\\\/\",\"name\":\"FITT\",\"description\":\"FITT Spa\",\"publisher\":{\"@id\":\"https:\\\/\\\/www.fitt.com\\\/fr\\\/#organization\"},\"potentialAction\":[{\"@type\":\"SearchAction\",\"target\":{\"@type\":\"EntryPoint\",\"urlTemplate\":\"https:\\\/\\\/www.fitt.com\\\/fr\\\/?s={search_term_string}\"},\"query-input\":{\"@type\":\"PropertyValueSpecification\",\"valueRequired\":true,\"valueName\":\"search_term_string\"}}],\"inLanguage\":\"fr-FR\"},{\"@type\":\"Organization\",\"@id\":\"https:\\\/\\\/www.fitt.com\\\/fr\\\/#organization\",\"name\":\"Fitt SPA\",\"url\":\"https:\\\/\\\/www.fitt.com\\\/fr\\\/\",\"logo\":{\"@type\":\"ImageObject\",\"inLanguage\":\"fr-FR\",\"@id\":\"https:\\\/\\\/www.fitt.com\\\/fr\\\/#\\\/schema\\\/logo\\\/image\\\/\",\"url\":\"https:\\\/\\\/www.fitt.com\\\/wp-content\\\/uploads\\\/2022\\\/05\\\/logo-light.png\",\"contentUrl\":\"https:\\\/\\\/www.fitt.com\\\/wp-content\\\/uploads\\\/2022\\\/05\\\/logo-light.png\",\"width\":827,\"height\":508,\"caption\":\"Fitt SPA\"},\"image\":{\"@id\":\"https:\\\/\\\/www.fitt.com\\\/fr\\\/#\\\/schema\\\/logo\\\/image\\\/\"}},{\"@type\":\"Person\",\"@id\":\"https:\\\/\\\/www.fitt.com\\\/fr\\\/#\\\/schema\\\/person\\\/88ed5d9863be31118f9ec9ee37f028a2\",\"name\":\"system\",\"sameAs\":[\"https:\\\/\\\/www.fitt.com\\\/\"]}]}<\/script>\n<!-- \/ Yoast SEO Premium plugin. -->","yoast_head_json":{"title":"Premi\u00e8re europ\u00e9enne pour le syst\u00e8me FITT Bluforce au Carrefour de l'Eau - FITT","robots":{"index":"index","follow":"follow","max-snippet":"max-snippet:-1","max-image-preview":"max-image-preview:large","max-video-preview":"max-video-preview:-1"},"canonical":"https:\/\/www.fitt.com\/fr\/news\/premiere-europeenne-pour-le-systeme-fitt-bluforce-au-carrefour-de-leau\/","og_locale":"fr_FR","og_type":"article","og_title":"Premi\u00e8re europ\u00e9enne pour le syst\u00e8me FITT Bluforce au Carrefour de l'Eau","og_description":"\u00ab\u00a0 Fin janvier, le","og_url":"https:\/\/www.fitt.com\/fr\/news\/premiere-europeenne-pour-le-systeme-fitt-bluforce-au-carrefour-de-leau\/","og_site_name":"FITT","article_published_time":"2020-02-16T23:00:00+00:00","article_modified_time":"2022-08-08T13:23:29+00:00","og_image":[{"width":1280,"height":520,"url":"https:\/\/www.fitt.com\/wp-content\/uploads\/2020\/02\/Follow-up-CDL-header.jpg","type":"image\/jpeg"}],"author":"system","twitter_card":"summary_large_image","twitter_misc":{"\u00c9crit par":"system"},"schema":{"@context":"https:\/\/schema.org","@graph":[{"@type":"Article","@id":"https:\/\/www.fitt.com\/fr\/news\/premiere-europeenne-pour-le-systeme-fitt-bluforce-au-carrefour-de-leau\/#article","isPartOf":{"@id":"https:\/\/www.fitt.com\/fr\/news\/premiere-europeenne-pour-le-systeme-fitt-bluforce-au-carrefour-de-leau\/"},"author":{"name":"system","@id":"https:\/\/www.fitt.com\/fr\/#\/schema\/person\/88ed5d9863be31118f9ec9ee37f028a2"},"headline":"Premi\u00e8re europ\u00e9enne pour le syst\u00e8me FITT Bluforce au Carrefour de l&rsquo;Eau","datePublished":"2020-02-16T23:00:00+00:00","dateModified":"2022-08-08T13:23:29+00:00","mainEntityOfPage":{"@id":"https:\/\/www.fitt.com\/fr\/news\/premiere-europeenne-pour-le-systeme-fitt-bluforce-au-carrefour-de-leau\/"},"wordCount":20,"publisher":{"@id":"https:\/\/www.fitt.com\/fr\/#organization"},"image":{"@id":"https:\/\/www.fitt.com\/fr\/news\/premiere-europeenne-pour-le-systeme-fitt-bluforce-au-carrefour-de-leau\/#primaryimage"},"thumbnailUrl":"https:\/\/www.fitt.com\/wp-content\/uploads\/2020\/02\/Follow-up-CDL-header.jpg","articleSection":["Building","Eventi","News"],"inLanguage":"fr-FR"},{"@type":"WebPage","@id":"https:\/\/www.fitt.com\/fr\/news\/premiere-europeenne-pour-le-systeme-fitt-bluforce-au-carrefour-de-leau\/","url":"https:\/\/www.fitt.com\/fr\/news\/premiere-europeenne-pour-le-systeme-fitt-bluforce-au-carrefour-de-leau\/","name":"Premi\u00e8re europ\u00e9enne pour le syst\u00e8me FITT Bluforce au Carrefour de l'Eau - FITT","isPartOf":{"@id":"https:\/\/www.fitt.com\/fr\/#website"},"primaryImageOfPage":{"@id":"https:\/\/www.fitt.com\/fr\/news\/premiere-europeenne-pour-le-systeme-fitt-bluforce-au-carrefour-de-leau\/#primaryimage"},"image":{"@id":"https:\/\/www.fitt.com\/fr\/news\/premiere-europeenne-pour-le-systeme-fitt-bluforce-au-carrefour-de-leau\/#primaryimage"},"thumbnailUrl":"https:\/\/www.fitt.com\/wp-content\/uploads\/2020\/02\/Follow-up-CDL-header.jpg","datePublished":"2020-02-16T23:00:00+00:00","dateModified":"2022-08-08T13:23:29+00:00","breadcrumb":{"@id":"https:\/\/www.fitt.com\/fr\/news\/premiere-europeenne-pour-le-systeme-fitt-bluforce-au-carrefour-de-leau\/#breadcrumb"},"inLanguage":"fr-FR","potentialAction":[{"@type":"ReadAction","target":["https:\/\/www.fitt.com\/fr\/news\/premiere-europeenne-pour-le-systeme-fitt-bluforce-au-carrefour-de-leau\/"]}]},{"@type":"ImageObject","inLanguage":"fr-FR","@id":"https:\/\/www.fitt.com\/fr\/news\/premiere-europeenne-pour-le-systeme-fitt-bluforce-au-carrefour-de-leau\/#primaryimage","url":"https:\/\/www.fitt.com\/wp-content\/uploads\/2020\/02\/Follow-up-CDL-header.jpg","contentUrl":"https:\/\/www.fitt.com\/wp-content\/uploads\/2020\/02\/Follow-up-CDL-header.jpg","width":1280,"height":520},{"@type":"BreadcrumbList","@id":"https:\/\/www.fitt.com\/fr\/news\/premiere-europeenne-pour-le-systeme-fitt-bluforce-au-carrefour-de-leau\/#breadcrumb","itemListElement":[{"@type":"ListItem","position":1,"name":"Home","item":"https:\/\/www.fitt.com\/fr\/"},{"@type":"ListItem","position":2,"name":"Premi\u00e8re europ\u00e9enne pour le syst\u00e8me FITT Bluforce au Carrefour de l&#8217;Eau"}]},{"@type":"WebSite","@id":"https:\/\/www.fitt.com\/fr\/#website","url":"https:\/\/www.fitt.com\/fr\/","name":"FITT","description":"FITT Spa","publisher":{"@id":"https:\/\/www.fitt.com\/fr\/#organization"},"potentialAction":[{"@type":"SearchAction","target":{"@type":"EntryPoint","urlTemplate":"https:\/\/www.fitt.com\/fr\/?s={search_term_string}"},"query-input":{"@type":"PropertyValueSpecification","valueRequired":true,"valueName":"search_term_string"}}],"inLanguage":"fr-FR"},{"@type":"Organization","@id":"https:\/\/www.fitt.com\/fr\/#organization","name":"Fitt SPA","url":"https:\/\/www.fitt.com\/fr\/","logo":{"@type":"ImageObject","inLanguage":"fr-FR","@id":"https:\/\/www.fitt.com\/fr\/#\/schema\/logo\/image\/","url":"https:\/\/www.fitt.com\/wp-content\/uploads\/2022\/05\/logo-light.png","contentUrl":"https:\/\/www.fitt.com\/wp-content\/uploads\/2022\/05\/logo-light.png","width":827,"height":508,"caption":"Fitt SPA"},"image":{"@id":"https:\/\/www.fitt.com\/fr\/#\/schema\/logo\/image\/"}},{"@type":"Person","@id":"https:\/\/www.fitt.com\/fr\/#\/schema\/person\/88ed5d9863be31118f9ec9ee37f028a2","name":"system","sameAs":["https:\/\/www.fitt.com\/"]}]}},"_links":{"self":[{"href":"https:\/\/www.fitt.com\/fr\/wp-json\/wp\/v2\/posts\/15085","targetHints":{"allow":["GET"]}}],"collection":[{"href":"https:\/\/www.fitt.com\/fr\/wp-json\/wp\/v2\/posts"}],"about":[{"href":"https:\/\/www.fitt.com\/fr\/wp-json\/wp\/v2\/types\/post"}],"author":[{"embeddable":true,"href":"https:\/\/www.fitt.com\/fr\/wp-json\/wp\/v2\/users\/1"}],"replies":[{"embeddable":true,"href":"https:\/\/www.fitt.com\/fr\/wp-json\/wp\/v2\/comments?post=15085"}],"version-history":[{"count":1,"href":"https:\/\/www.fitt.com\/fr\/wp-json\/wp\/v2\/posts\/15085\/revisions"}],"predecessor-version":[{"id":15086,"href":"https:\/\/www.fitt.com\/fr\/wp-json\/wp\/v2\/posts\/15085\/revisions\/15086"}],"wp:featuredmedia":[{"embeddable":true,"href":"https:\/\/www.fitt.com\/fr\/wp-json\/wp\/v2\/media\/13110"}],"wp:attachment":[{"href":"https:\/\/www.fitt.com\/fr\/wp-json\/wp\/v2\/media?parent=15085"}],"wp:term":[{"taxonomy":"category","embeddable":true,"href":"https:\/\/www.fitt.com\/fr\/wp-json\/wp\/v2\/categories?post=15085"},{"taxonomy":"post_tag","embeddable":true,"href":"https:\/\/www.fitt.com\/fr\/wp-json\/wp\/v2\/tags?post=15085"}],"curies":[{"name":"wp","href":"https:\/\/api.w.org\/{rel}","templated":true}]}}