{"id":15081,"date":"2019-12-02T00:00:00","date_gmt":"2019-12-01T23:00:00","guid":{"rendered":"https:\/\/www.fitt.com\/news\/fitt-partecipa-con-gioia-ai-25-anni-di-citta-della-speranza\/"},"modified":"2022-08-08T15:20:06","modified_gmt":"2022-08-08T13:20:06","slug":"fitt-participe-avec-joie-aux-25-ans-de-la-fondation-citta-della-speranza","status":"publish","type":"post","link":"https:\/\/www.fitt.com\/fr\/news\/fitt-participe-avec-joie-aux-25-ans-de-la-fondation-citta-della-speranza\/","title":{"rendered":"FITT participe avec joie aux 25 ans de la Fondation Citt\u00e0 della Speranza"},"content":{"rendered":"<p>\u00ab\u00a0<\/p>\n<p><strong>Depuis toujours proche de la <a href=\"\"http:\/\/cittadellasperanza.org\/\"\" target=\"\"_blank\"\" title=\"\"Fondazione Citt\u00e0 della Speranza\"\">Fondation Citt\u00e0 della Speranza<\/a><\/strong>, <a>un organisme \u00e0 but non lucratif qui travaille pour garantir la sant\u00e9 et le bien-\u00eatre des enfants qui luttent contre les maladies graves<\/a>, <strong>FITT a particip\u00e9 avec joie \u00e0 ses 25 ans d\u2019activit\u00e9<\/strong>.<\/p>\n<p>La Fondation Citt\u00e0 della Speranza alloue chaque ann\u00e9e 700 000 euros au diagnostic avanc\u00e9 de la Clinique d&rsquo;onco-h\u00e9matologie p\u00e9diatrique de Padoue, un centre national de r\u00e9f\u00e9rence pour le diagnostic de la leuc\u00e9mie reconnu par l&rsquo;Association Italienne d&rsquo;H\u00e9mato-Oncologie P\u00e9diatrique (AIEOP). <strong>La Fondation a cr\u00e9\u00e9 et soutient l&rsquo;Institut de Recherche P\u00e9diatrique Citt\u00e0 della Speranza, le plus grand centre de recherche europ\u00e9en dans ce domaine<\/strong>, qui traite les maladies p\u00e9diatriques sous diff\u00e9rents aspects pour multiplier les chances de succ\u00e8s en termes de nouvelles d\u00e9couvertes.<\/p>\n<p>La <strong>soir\u00e9e de solidarit\u00e9<\/strong>, qui s&rsquo;est tenue <strong>le 30 novembre dernier \u00e0 Thiene<\/strong> (Vicence &#8211; Italie), a \u00e9t\u00e9 <strong>un grand rendez-vous artistique qui a repris l&rsquo;histoire du Petit Prince<\/strong>, dans le but de r\u00e9colter des fonds pour les activit\u00e9s de la Fondation, mais aussi dans le but d&rsquo;offrir \u00e0 la ville un spectacle pour vous faire r\u00eaver et r\u00e9fl\u00e9chir.<\/p>\n<p><strong>Soutenir des r\u00e9alit\u00e9s de valeur et d&rsquo;engagement social est un geste de restitution important pour FITT<\/strong> qui, en impliquant tous ses collaborateurs, exprime un sens de participation et de responsabilit\u00e9 envers son territoire, en accord avec ses valeurs en tant qu&rsquo;entreprise et communaut\u00e9 de personnes.<\/p>\n<p>\u00a0\u00bb<\/p>\n","protected":false},"excerpt":{"rendered":"<p>\u00ab\u00a0 Depuis toujours proche de la Fondation Citt\u00e0 della Speranza, un organisme \u00e0 but non lucratif qui travaille pour garantir la sant\u00e9 et le bien-\u00eatre des enfants qui luttent contre les maladies graves, FITT a particip\u00e9 avec joie \u00e0 ses 25 ans d\u2019activit\u00e9. La Fondation Citt\u00e0 della Speranza alloue chaque ann\u00e9e 700 000 euros au [&hellip;]<\/p>\n","protected":false},"author":1,"featured_media":13077,"comment_status":"closed","ping_status":"open","sticky":false,"template":"","format":"standard","meta":{"_acf_changed":false,"footnotes":""},"categories":[364,375],"tags":[],"class_list":["post-15081","post","type-post","status-publish","format-standard","has-post-thumbnail","hentry","category-news-fr","category-social-responsibility-fr"],"acf":[],"yoast_head":"<!-- This site is optimized with the Yoast SEO Premium plugin v24.1 (Yoast SEO v27.3) - https:\/\/yoast.com\/product\/yoast-seo-premium-wordpress\/ -->\n<title>FITT participe avec joie aux 25 ans de la Fondation Citt\u00e0 della Speranza - FITT<\/title>\n<meta name=\"robots\" content=\"index, follow, max-snippet:-1, max-image-preview:large, max-video-preview:-1\" \/>\n<link rel=\"canonical\" href=\"https:\/\/www.fitt.com\/fr\/news\/fitt-participe-avec-joie-aux-25-ans-de-la-fondation-citta-della-speranza\/\" \/>\n<meta property=\"og:locale\" content=\"fr_FR\" \/>\n<meta property=\"og:type\" content=\"article\" \/>\n<meta property=\"og:title\" content=\"FITT participe avec joie aux 25 ans de la Fondation Citt\u00e0 della Speranza\" \/>\n<meta property=\"og:description\" content=\"\u00ab\u00a0 Depuis toujours proche de la Fondation Citt\u00e0 della Speranza, un organisme \u00e0 but non lucratif qui travaille pour garantir la sant\u00e9 et le bien-\u00eatre des enfants qui luttent contre les maladies graves, FITT a particip\u00e9 avec joie \u00e0 ses 25 ans d\u2019activit\u00e9. La Fondation Citt\u00e0 della Speranza alloue chaque ann\u00e9e 700 000 euros au [&hellip;]\" \/>\n<meta property=\"og:url\" content=\"https:\/\/www.fitt.com\/fr\/news\/fitt-participe-avec-joie-aux-25-ans-de-la-fondation-citta-della-speranza\/\" \/>\n<meta property=\"og:site_name\" content=\"FITT\" \/>\n<meta property=\"article:published_time\" content=\"2019-12-01T23:00:00+00:00\" \/>\n<meta property=\"article:modified_time\" content=\"2022-08-08T13:20:06+00:00\" \/>\n<meta property=\"og:image\" content=\"https:\/\/www.fitt.com\/wp-content\/uploads\/2019\/12\/FITT-partecipa-con-gioia-ai-25-anni-di-Citta-della-Speranza.jpg\" \/>\n\t<meta property=\"og:image:width\" content=\"1600\" \/>\n\t<meta property=\"og:image:height\" content=\"650\" \/>\n\t<meta property=\"og:image:type\" content=\"image\/jpeg\" \/>\n<meta name=\"author\" content=\"system\" \/>\n<meta name=\"twitter:card\" content=\"summary_large_image\" \/>\n<meta name=\"twitter:label1\" content=\"\u00c9crit par\" \/>\n\t<meta name=\"twitter:data1\" content=\"system\" \/>\n\t<meta name=\"twitter:label2\" content=\"Dur\u00e9e de lecture estim\u00e9e\" \/>\n\t<meta name=\"twitter:data2\" content=\"1 minute\" \/>\n<script type=\"application\/ld+json\" class=\"yoast-schema-graph\">{\"@context\":\"https:\\\/\\\/schema.org\",\"@graph\":[{\"@type\":\"Article\",\"@id\":\"https:\\\/\\\/www.fitt.com\\\/fr\\\/news\\\/fitt-participe-avec-joie-aux-25-ans-de-la-fondation-citta-della-speranza\\\/#article\",\"isPartOf\":{\"@id\":\"https:\\\/\\\/www.fitt.com\\\/fr\\\/news\\\/fitt-participe-avec-joie-aux-25-ans-de-la-fondation-citta-della-speranza\\\/\"},\"author\":{\"name\":\"system\",\"@id\":\"https:\\\/\\\/www.fitt.com\\\/fr\\\/#\\\/schema\\\/person\\\/88ed5d9863be31118f9ec9ee37f028a2\"},\"headline\":\"FITT participe avec joie aux 25 ans de la Fondation Citt\u00e0 della Speranza\",\"datePublished\":\"2019-12-01T23:00:00+00:00\",\"dateModified\":\"2022-08-08T13:20:06+00:00\",\"mainEntityOfPage\":{\"@id\":\"https:\\\/\\\/www.fitt.com\\\/fr\\\/news\\\/fitt-participe-avec-joie-aux-25-ans-de-la-fondation-citta-della-speranza\\\/\"},\"wordCount\":264,\"publisher\":{\"@id\":\"https:\\\/\\\/www.fitt.com\\\/fr\\\/#organization\"},\"image\":{\"@id\":\"https:\\\/\\\/www.fitt.com\\\/fr\\\/news\\\/fitt-participe-avec-joie-aux-25-ans-de-la-fondation-citta-della-speranza\\\/#primaryimage\"},\"thumbnailUrl\":\"https:\\\/\\\/www.fitt.com\\\/wp-content\\\/uploads\\\/2019\\\/12\\\/FITT-partecipa-con-gioia-ai-25-anni-di-Citta-della-Speranza.jpg\",\"articleSection\":[\"News\",\"Social Responsibility\"],\"inLanguage\":\"fr-FR\"},{\"@type\":\"WebPage\",\"@id\":\"https:\\\/\\\/www.fitt.com\\\/fr\\\/news\\\/fitt-participe-avec-joie-aux-25-ans-de-la-fondation-citta-della-speranza\\\/\",\"url\":\"https:\\\/\\\/www.fitt.com\\\/fr\\\/news\\\/fitt-participe-avec-joie-aux-25-ans-de-la-fondation-citta-della-speranza\\\/\",\"name\":\"FITT participe avec joie aux 25 ans de la Fondation Citt\u00e0 della Speranza - FITT\",\"isPartOf\":{\"@id\":\"https:\\\/\\\/www.fitt.com\\\/fr\\\/#website\"},\"primaryImageOfPage\":{\"@id\":\"https:\\\/\\\/www.fitt.com\\\/fr\\\/news\\\/fitt-participe-avec-joie-aux-25-ans-de-la-fondation-citta-della-speranza\\\/#primaryimage\"},\"image\":{\"@id\":\"https:\\\/\\\/www.fitt.com\\\/fr\\\/news\\\/fitt-participe-avec-joie-aux-25-ans-de-la-fondation-citta-della-speranza\\\/#primaryimage\"},\"thumbnailUrl\":\"https:\\\/\\\/www.fitt.com\\\/wp-content\\\/uploads\\\/2019\\\/12\\\/FITT-partecipa-con-gioia-ai-25-anni-di-Citta-della-Speranza.jpg\",\"datePublished\":\"2019-12-01T23:00:00+00:00\",\"dateModified\":\"2022-08-08T13:20:06+00:00\",\"breadcrumb\":{\"@id\":\"https:\\\/\\\/www.fitt.com\\\/fr\\\/news\\\/fitt-participe-avec-joie-aux-25-ans-de-la-fondation-citta-della-speranza\\\/#breadcrumb\"},\"inLanguage\":\"fr-FR\",\"potentialAction\":[{\"@type\":\"ReadAction\",\"target\":[\"https:\\\/\\\/www.fitt.com\\\/fr\\\/news\\\/fitt-participe-avec-joie-aux-25-ans-de-la-fondation-citta-della-speranza\\\/\"]}]},{\"@type\":\"ImageObject\",\"inLanguage\":\"fr-FR\",\"@id\":\"https:\\\/\\\/www.fitt.com\\\/fr\\\/news\\\/fitt-participe-avec-joie-aux-25-ans-de-la-fondation-citta-della-speranza\\\/#primaryimage\",\"url\":\"https:\\\/\\\/www.fitt.com\\\/wp-content\\\/uploads\\\/2019\\\/12\\\/FITT-partecipa-con-gioia-ai-25-anni-di-Citta-della-Speranza.jpg\",\"contentUrl\":\"https:\\\/\\\/www.fitt.com\\\/wp-content\\\/uploads\\\/2019\\\/12\\\/FITT-partecipa-con-gioia-ai-25-anni-di-Citta-della-Speranza.jpg\",\"width\":1600,\"height\":650},{\"@type\":\"BreadcrumbList\",\"@id\":\"https:\\\/\\\/www.fitt.com\\\/fr\\\/news\\\/fitt-participe-avec-joie-aux-25-ans-de-la-fondation-citta-della-speranza\\\/#breadcrumb\",\"itemListElement\":[{\"@type\":\"ListItem\",\"position\":1,\"name\":\"Home\",\"item\":\"https:\\\/\\\/www.fitt.com\\\/fr\\\/\"},{\"@type\":\"ListItem\",\"position\":2,\"name\":\"FITT participe avec joie aux 25 ans de la Fondation Citt\u00e0 della Speranza\"}]},{\"@type\":\"WebSite\",\"@id\":\"https:\\\/\\\/www.fitt.com\\\/fr\\\/#website\",\"url\":\"https:\\\/\\\/www.fitt.com\\\/fr\\\/\",\"name\":\"FITT\",\"description\":\"FITT Spa\",\"publisher\":{\"@id\":\"https:\\\/\\\/www.fitt.com\\\/fr\\\/#organization\"},\"potentialAction\":[{\"@type\":\"SearchAction\",\"target\":{\"@type\":\"EntryPoint\",\"urlTemplate\":\"https:\\\/\\\/www.fitt.com\\\/fr\\\/?s={search_term_string}\"},\"query-input\":{\"@type\":\"PropertyValueSpecification\",\"valueRequired\":true,\"valueName\":\"search_term_string\"}}],\"inLanguage\":\"fr-FR\"},{\"@type\":\"Organization\",\"@id\":\"https:\\\/\\\/www.fitt.com\\\/fr\\\/#organization\",\"name\":\"Fitt SPA\",\"url\":\"https:\\\/\\\/www.fitt.com\\\/fr\\\/\",\"logo\":{\"@type\":\"ImageObject\",\"inLanguage\":\"fr-FR\",\"@id\":\"https:\\\/\\\/www.fitt.com\\\/fr\\\/#\\\/schema\\\/logo\\\/image\\\/\",\"url\":\"https:\\\/\\\/www.fitt.com\\\/wp-content\\\/uploads\\\/2022\\\/05\\\/logo-light.png\",\"contentUrl\":\"https:\\\/\\\/www.fitt.com\\\/wp-content\\\/uploads\\\/2022\\\/05\\\/logo-light.png\",\"width\":827,\"height\":508,\"caption\":\"Fitt SPA\"},\"image\":{\"@id\":\"https:\\\/\\\/www.fitt.com\\\/fr\\\/#\\\/schema\\\/logo\\\/image\\\/\"}},{\"@type\":\"Person\",\"@id\":\"https:\\\/\\\/www.fitt.com\\\/fr\\\/#\\\/schema\\\/person\\\/88ed5d9863be31118f9ec9ee37f028a2\",\"name\":\"system\",\"sameAs\":[\"https:\\\/\\\/www.fitt.com\\\/\"]}]}<\/script>\n<!-- \/ Yoast SEO Premium plugin. -->","yoast_head_json":{"title":"FITT participe avec joie aux 25 ans de la Fondation Citt\u00e0 della Speranza - FITT","robots":{"index":"index","follow":"follow","max-snippet":"max-snippet:-1","max-image-preview":"max-image-preview:large","max-video-preview":"max-video-preview:-1"},"canonical":"https:\/\/www.fitt.com\/fr\/news\/fitt-participe-avec-joie-aux-25-ans-de-la-fondation-citta-della-speranza\/","og_locale":"fr_FR","og_type":"article","og_title":"FITT participe avec joie aux 25 ans de la Fondation Citt\u00e0 della Speranza","og_description":"\u00ab\u00a0 Depuis toujours proche de la Fondation Citt\u00e0 della Speranza, un organisme \u00e0 but non lucratif qui travaille pour garantir la sant\u00e9 et le bien-\u00eatre des enfants qui luttent contre les maladies graves, FITT a particip\u00e9 avec joie \u00e0 ses 25 ans d\u2019activit\u00e9. La Fondation Citt\u00e0 della Speranza alloue chaque ann\u00e9e 700 000 euros au [&hellip;]","og_url":"https:\/\/www.fitt.com\/fr\/news\/fitt-participe-avec-joie-aux-25-ans-de-la-fondation-citta-della-speranza\/","og_site_name":"FITT","article_published_time":"2019-12-01T23:00:00+00:00","article_modified_time":"2022-08-08T13:20:06+00:00","og_image":[{"width":1600,"height":650,"url":"https:\/\/www.fitt.com\/wp-content\/uploads\/2019\/12\/FITT-partecipa-con-gioia-ai-25-anni-di-Citta-della-Speranza.jpg","type":"image\/jpeg"}],"author":"system","twitter_card":"summary_large_image","twitter_misc":{"\u00c9crit par":"system","Dur\u00e9e de lecture estim\u00e9e":"1 minute"},"schema":{"@context":"https:\/\/schema.org","@graph":[{"@type":"Article","@id":"https:\/\/www.fitt.com\/fr\/news\/fitt-participe-avec-joie-aux-25-ans-de-la-fondation-citta-della-speranza\/#article","isPartOf":{"@id":"https:\/\/www.fitt.com\/fr\/news\/fitt-participe-avec-joie-aux-25-ans-de-la-fondation-citta-della-speranza\/"},"author":{"name":"system","@id":"https:\/\/www.fitt.com\/fr\/#\/schema\/person\/88ed5d9863be31118f9ec9ee37f028a2"},"headline":"FITT participe avec joie aux 25 ans de la Fondation Citt\u00e0 della Speranza","datePublished":"2019-12-01T23:00:00+00:00","dateModified":"2022-08-08T13:20:06+00:00","mainEntityOfPage":{"@id":"https:\/\/www.fitt.com\/fr\/news\/fitt-participe-avec-joie-aux-25-ans-de-la-fondation-citta-della-speranza\/"},"wordCount":264,"publisher":{"@id":"https:\/\/www.fitt.com\/fr\/#organization"},"image":{"@id":"https:\/\/www.fitt.com\/fr\/news\/fitt-participe-avec-joie-aux-25-ans-de-la-fondation-citta-della-speranza\/#primaryimage"},"thumbnailUrl":"https:\/\/www.fitt.com\/wp-content\/uploads\/2019\/12\/FITT-partecipa-con-gioia-ai-25-anni-di-Citta-della-Speranza.jpg","articleSection":["News","Social Responsibility"],"inLanguage":"fr-FR"},{"@type":"WebPage","@id":"https:\/\/www.fitt.com\/fr\/news\/fitt-participe-avec-joie-aux-25-ans-de-la-fondation-citta-della-speranza\/","url":"https:\/\/www.fitt.com\/fr\/news\/fitt-participe-avec-joie-aux-25-ans-de-la-fondation-citta-della-speranza\/","name":"FITT participe avec joie aux 25 ans de la Fondation Citt\u00e0 della Speranza - FITT","isPartOf":{"@id":"https:\/\/www.fitt.com\/fr\/#website"},"primaryImageOfPage":{"@id":"https:\/\/www.fitt.com\/fr\/news\/fitt-participe-avec-joie-aux-25-ans-de-la-fondation-citta-della-speranza\/#primaryimage"},"image":{"@id":"https:\/\/www.fitt.com\/fr\/news\/fitt-participe-avec-joie-aux-25-ans-de-la-fondation-citta-della-speranza\/#primaryimage"},"thumbnailUrl":"https:\/\/www.fitt.com\/wp-content\/uploads\/2019\/12\/FITT-partecipa-con-gioia-ai-25-anni-di-Citta-della-Speranza.jpg","datePublished":"2019-12-01T23:00:00+00:00","dateModified":"2022-08-08T13:20:06+00:00","breadcrumb":{"@id":"https:\/\/www.fitt.com\/fr\/news\/fitt-participe-avec-joie-aux-25-ans-de-la-fondation-citta-della-speranza\/#breadcrumb"},"inLanguage":"fr-FR","potentialAction":[{"@type":"ReadAction","target":["https:\/\/www.fitt.com\/fr\/news\/fitt-participe-avec-joie-aux-25-ans-de-la-fondation-citta-della-speranza\/"]}]},{"@type":"ImageObject","inLanguage":"fr-FR","@id":"https:\/\/www.fitt.com\/fr\/news\/fitt-participe-avec-joie-aux-25-ans-de-la-fondation-citta-della-speranza\/#primaryimage","url":"https:\/\/www.fitt.com\/wp-content\/uploads\/2019\/12\/FITT-partecipa-con-gioia-ai-25-anni-di-Citta-della-Speranza.jpg","contentUrl":"https:\/\/www.fitt.com\/wp-content\/uploads\/2019\/12\/FITT-partecipa-con-gioia-ai-25-anni-di-Citta-della-Speranza.jpg","width":1600,"height":650},{"@type":"BreadcrumbList","@id":"https:\/\/www.fitt.com\/fr\/news\/fitt-participe-avec-joie-aux-25-ans-de-la-fondation-citta-della-speranza\/#breadcrumb","itemListElement":[{"@type":"ListItem","position":1,"name":"Home","item":"https:\/\/www.fitt.com\/fr\/"},{"@type":"ListItem","position":2,"name":"FITT participe avec joie aux 25 ans de la Fondation Citt\u00e0 della Speranza"}]},{"@type":"WebSite","@id":"https:\/\/www.fitt.com\/fr\/#website","url":"https:\/\/www.fitt.com\/fr\/","name":"FITT","description":"FITT Spa","publisher":{"@id":"https:\/\/www.fitt.com\/fr\/#organization"},"potentialAction":[{"@type":"SearchAction","target":{"@type":"EntryPoint","urlTemplate":"https:\/\/www.fitt.com\/fr\/?s={search_term_string}"},"query-input":{"@type":"PropertyValueSpecification","valueRequired":true,"valueName":"search_term_string"}}],"inLanguage":"fr-FR"},{"@type":"Organization","@id":"https:\/\/www.fitt.com\/fr\/#organization","name":"Fitt SPA","url":"https:\/\/www.fitt.com\/fr\/","logo":{"@type":"ImageObject","inLanguage":"fr-FR","@id":"https:\/\/www.fitt.com\/fr\/#\/schema\/logo\/image\/","url":"https:\/\/www.fitt.com\/wp-content\/uploads\/2022\/05\/logo-light.png","contentUrl":"https:\/\/www.fitt.com\/wp-content\/uploads\/2022\/05\/logo-light.png","width":827,"height":508,"caption":"Fitt SPA"},"image":{"@id":"https:\/\/www.fitt.com\/fr\/#\/schema\/logo\/image\/"}},{"@type":"Person","@id":"https:\/\/www.fitt.com\/fr\/#\/schema\/person\/88ed5d9863be31118f9ec9ee37f028a2","name":"system","sameAs":["https:\/\/www.fitt.com\/"]}]}},"_links":{"self":[{"href":"https:\/\/www.fitt.com\/fr\/wp-json\/wp\/v2\/posts\/15081","targetHints":{"allow":["GET"]}}],"collection":[{"href":"https:\/\/www.fitt.com\/fr\/wp-json\/wp\/v2\/posts"}],"about":[{"href":"https:\/\/www.fitt.com\/fr\/wp-json\/wp\/v2\/types\/post"}],"author":[{"embeddable":true,"href":"https:\/\/www.fitt.com\/fr\/wp-json\/wp\/v2\/users\/1"}],"replies":[{"embeddable":true,"href":"https:\/\/www.fitt.com\/fr\/wp-json\/wp\/v2\/comments?post=15081"}],"version-history":[{"count":1,"href":"https:\/\/www.fitt.com\/fr\/wp-json\/wp\/v2\/posts\/15081\/revisions"}],"predecessor-version":[{"id":15082,"href":"https:\/\/www.fitt.com\/fr\/wp-json\/wp\/v2\/posts\/15081\/revisions\/15082"}],"wp:featuredmedia":[{"embeddable":true,"href":"https:\/\/www.fitt.com\/fr\/wp-json\/wp\/v2\/media\/13077"}],"wp:attachment":[{"href":"https:\/\/www.fitt.com\/fr\/wp-json\/wp\/v2\/media?parent=15081"}],"wp:term":[{"taxonomy":"category","embeddable":true,"href":"https:\/\/www.fitt.com\/fr\/wp-json\/wp\/v2\/categories?post=15081"},{"taxonomy":"post_tag","embeddable":true,"href":"https:\/\/www.fitt.com\/fr\/wp-json\/wp\/v2\/tags?post=15081"}],"curies":[{"name":"wp","href":"https:\/\/api.w.org\/{rel}","templated":true}]}}