{"id":15043,"date":"2017-06-01T00:00:00","date_gmt":"2017-05-31T22:00:00","guid":{"rendered":"https:\/\/www.fitt.com\/news\/fitt-contro-l%c2%92inquinamento-indoor-con-fitt-air-tubazione-antibatterica-per-vmc\/"},"modified":"2022-08-08T12:32:13","modified_gmt":"2022-08-08T10:32:13","slug":"la-pollution-interieure-effets-et-solutions","status":"publish","type":"post","link":"https:\/\/www.fitt.com\/fr\/news\/la-pollution-interieure-effets-et-solutions\/","title":{"rendered":"La pollution int\u00e9rieure: effets et solutions"},"content":{"rendered":"<p>\u00ab\u00a0<\/p>\n<h2>La pollution dans les espaces int\u00e9rieurs est un th\u00e8me tr\u00e8s actuel<\/h2>\n<p>Quand on parle de pollution, on se r\u00e9f\u00e8re presque toujours \u00e0 l\u2019alt\u00e9ration des propri\u00e9t\u00e9s biologiques d\u2019un espace ext\u00e9rieur. En r\u00e9alit\u00e9, ce type de pollution est d\u00e9fini comme \u00abpollution ext\u00e9rieure ou environnementale\u00bb, car il existe une seconde forme de contamination qui concerne l\u2019air des espaces int\u00e9rieurs, c\u2019est-\u00e0-dire des lieux int\u00e9rieurs o\u00f9 se d\u00e9roulent des activit\u00e9s humaines. Nous en parlerons dans cet article. Nous excluons les espaces industriels qui subissent une pollution en relation au type d\u2019activit\u00e9 effectu\u00e9e \u00e0 l\u2019int\u00e9rieur et qui r\u00e9pond \u00e0 des lois et des normes sp\u00e9cifiques (risque occupationnel\/professionnel).<\/p>\n<p>Dans le cas de b\u00e2timents publics ou priv\u00e9s, on parle de pollution int\u00e9rieure ou des espaces int\u00e9rieurs. Cette derni\u00e8re est souvent sous-estim\u00e9e m\u00eame si sa gravit\u00e9 est aussi importante que celle des espaces ext\u00e9rieurs ou industriels&nbsp;: seul le secteur hospitalier porte une grande attention au probl\u00e8me, car les contr\u00f4les sont fr\u00e9quents afin de prot\u00e9ger la sant\u00e9 des personnes hospitalis\u00e9es et du personnel. Si l\u2019on veut am\u00e9liorer la qualit\u00e9 de vie dans ces espaces int\u00e9rieurs et r\u00e9soudre le probl\u00e8me de la pollution int\u00e9rieure, il faut donc aborder la question avec s\u00e9rieux, car les personnes passent environ 90&nbsp;% de leur temps \u00e0 l\u2019int\u00e9rieur. Comment&nbsp;? L\u2019installation de Ventilation M\u00e9canique Contr\u00f4l\u00e9e (VMC) permet d\u2019effectuer le renouvellement de l\u2019air et de supprimer les probl\u00e8mes et les effets caus\u00e9s par la pollution int\u00e9rieure.<\/p>\n<h2>La pollution int\u00e9rieure<\/h2>\n<p>Les normes techniques et les lignes directrices qui ont \u00e9t\u00e9 esquiss\u00e9es avec le temps portent l\u2019attention sur l\u2019\u00e9l\u00e9vation des standards de qualit\u00e9 environnementaux gr\u00e2ce \u00e0 la mise en place de proc\u00e9dures et de technologies de construction et d\u2019installation permettant d\u2019obtenir une r\u00e9duction concr\u00e8te de la pollution int\u00e9rieure. Le Minist\u00e8re de l\u2019Environnement d\u00e9finit la pollution int\u00e9rieure comme \u00ab&nbsp;la pr\u00e9sence dans l\u2019air des espaces confin\u00e9s de contaminants physiques, chimiques et biologiques non pr\u00e9sents naturellement dans l\u2019air ext\u00e9rieur de syst\u00e8mes \u00e9cologiques de qualit\u00e9 \u00e9lev\u00e9e&nbsp;\u00bb&nbsp;: il s\u2019agit de concentration de polluants d\u00e9rivant de l\u2019environnement ext\u00e9rieur, des odeurs (dues \u00e0 la nourriture, aux parfums, aux d\u00e9tergents), des installations de chauffage \u2013 climatisation, des mat\u00e9riaux de construction, des allerg\u00e8nes, des meubles, de la mauvaise ventilation et du mauvais renouvellement de l\u2019air.<\/p>\n<p>La somme de ces facteurs fait que l\u2019homme, qui respire environ 22&nbsp;000 fois par jour, est soumis \u00e0 un air insalubre (l\u2019air que nous respirons contient plus de 900 composants chimiques, avec une concentration plus importante par rapport \u00e0 l\u2019ext\u00e9rieur). C\u2019est pourquoi la qualit\u00e9 de l\u2019air int\u00e9rieur doit \u00eatre contr\u00f4l\u00e9e pour notre sant\u00e9&nbsp;: le risque de la pollution int\u00e9rieure est calcul\u00e9 en \u00e9valuant la concentration des agents polluants par rapport au temps de permanence dans l\u2019espace, avec des effets multipli\u00e9s d\u00e9montr\u00e9s par des \u00e9tudes du secteur.<\/p>\n<h2>La pollution int\u00e9rieure et les maladies pulmonaires<\/h2>\n<p>Les particules en suspension, c\u2019est-\u00e0-dire les particules dispers\u00e9es dans l\u2019environnement, sont souvent caus\u00e9es par la concentration g\u00e9n\u00e9r\u00e9e par la fum\u00e9e de tabac (50-90&nbsp;%). La l\u00e9gende PM10 (10 microm\u00e8tres) dont vous avez souvent entendu parler dans les journaux t\u00e9l\u00e9vis\u00e9s correspond \u00e0 la classification des particules selon leurs dimensions&nbsp;: les niveaux de pollution sont mesur\u00e9s en calculant la masse\/volume de l\u2019\u00e9mission et en obtenant le nombre de microgrammes de substance polluante par m\u00e8tre cube (\u03bcg\/m3). La dyspn\u00e9e (difficult\u00e9 respiratoire), les sifflements et l\u2019asthme sont seulement trois petites cons\u00e9quences de sant\u00e9 g\u00e9n\u00e9r\u00e9es par les particules en suspension et l\u2019impact du dioxyde d\u2019azote, deux causes graves de pollution des espaces int\u00e9rieurs.<br \/>\nUn autre facteur de risque est repr\u00e9sent\u00e9 par les combustibles biomasse (feu et po\u00eales) qui produisent des niveaux \u00e9lev\u00e9s de particules en suspension et de monoxyde de carbone (CO) et qui sont aujourd\u2019hui responsables du plus grand nombre de morts attribu\u00e9es \u00e0 la pollution atmosph\u00e9rique. Les risques de contracter des maladies pulmonaires comme une bronchopneumopathie chronique obstructive (BPCO), des infections pulmonaires, un cancer du poumon, de l\u2019asthme et la tuberculose (TBC) sont particuli\u00e8rement \u00e9lev\u00e9s en cas d\u2019utilisation de combustibles biomasse dans les espaces int\u00e9rieurs. M\u00eame les composants organiques volatiles et le radon sont hautement nocifs et ont un impact sur la sant\u00e9 qui peut aller jusqu\u2019\u00e0 la r\u00e9duction de la fonction pulmonaire. Il est \u00e9vident que l\u2019impact de la pollution int\u00e9rieure sur notre sant\u00e9 ne doit absolument pas \u00eatre n\u00e9glig\u00e9.<\/p>\n<h2>Allerg\u00e8nes, moisissures et bact\u00e9ries<\/h2>\n<p>Les allerg\u00e8nes sont des substances pouvant provoquer des manifestations allergiques&nbsp;: elles se trouvent dans les tapis, les plantes, la poussi\u00e8re et sur les animaux domestiques. L\u2019exposition peut causer des maladies comme l\u2019asthme ou des allergies dues \u00e0 l\u2019interaction avec le syst\u00e8me immunitaire. L\u2019humidit\u00e9 et les moisissures qui se d\u00e9veloppent sur les meubles et les murs sont aussi dangereuses, car elles augmentent le risque d\u2019infections pulmonaires, d\u2019asthme, de bronchites et de dyspn\u00e9e.<\/p>\n<p>Tous ces \u00e9l\u00e9ments nocifs sont ainsi pr\u00e9sents dans les habitations et environ 50&nbsp;% de la population mondiale est expos\u00e9e chaque jour aux nombreux facteurs de risque de pollution des espaces int\u00e9rieurs.<\/p>\n<h2>La Ventilation M\u00e9canique Contr\u00f4l\u00e9e contre la pollution int\u00e9rieure<\/h2>\n<p>Pour r\u00e9duire les niveaux de pollution int\u00e9rieure et diminuer la possibilit\u00e9 de d\u00e9velopper des pathologies li\u00e9es \u00e0 la qualit\u00e9 de l\u2019air des espaces int\u00e9rieurs, il existe une solution&nbsp;: les installations de ventilation permettent d\u2019obtenir des b\u00e9n\u00e9fices concrets et une r\u00e9duction des sympt\u00f4mes et des probl\u00e8mes.<\/p>\n<p>L\u2019installation de Ventilation M\u00e9canique Contr\u00f4l\u00e9e (VMC) permet le renouvellement d\u2019air pur et la r\u00e9cup\u00e9ration de la chaleur (que l\u2019on perd quand on a\u00e8re). Il est souvent impossible d\u2019effectuer un renouvellement r\u00e9gulier de l\u2019air dans les espaces, alors qu\u2019une installation VMC permet d\u2019am\u00e9liorer la qualit\u00e9 de l\u2019air, de r\u00e9duire l\u2019humidit\u00e9 interne sans gaspiller de l\u2019\u00e9nergie thermique et d\u2019\u00e9viter la pollution des espaces int\u00e9rieurs. L\u2019air est simplement aspir\u00e9 par des bouches dans les conduits plac\u00e9s dans les murs ou le plafond, purifi\u00e9 par des filtres, puis de nouveau insuffl\u00e9 dans l\u2019espace.<\/p>\n<p>La Ventilation M\u00e9canique Contr\u00f4l\u00e9e (VMC) associ\u00e9e aux gaines FITT Air avec traitement antimicrobien SANITIZED permet de supprimer l\u2019impact de la pollution int\u00e9rieure et d\u2019obtenir de remarquables r\u00e9sultats positifs sur notre sant\u00e9.<\/p>\n<p>\u00a0\u00bb<\/p>\n","protected":false},"excerpt":{"rendered":"<p>\u00ab\u00a0 La pollution dans les espaces int\u00e9rieurs est un th\u00e8me tr\u00e8s actuel Quand on parle de pollution, on se r\u00e9f\u00e8re presque toujours \u00e0 l\u2019alt\u00e9ration des propri\u00e9t\u00e9s biologiques d\u2019un espace ext\u00e9rieur. En r\u00e9alit\u00e9, ce type de pollution est d\u00e9fini comme \u00abpollution ext\u00e9rieure ou environnementale\u00bb, car il existe une seconde forme de contamination qui concerne l\u2019air des [&hellip;]<\/p>\n","protected":false},"author":1,"featured_media":13655,"comment_status":"closed","ping_status":"open","sticky":false,"template":"","format":"standard","meta":{"_acf_changed":false,"footnotes":""},"categories":[368,369],"tags":[],"class_list":["post-15043","post","type-post","status-publish","format-standard","has-post-thumbnail","hentry","category-building-fr","category-innovation-stories-fr"],"acf":[],"yoast_head":"<!-- This site is optimized with the Yoast SEO Premium plugin v24.1 (Yoast SEO v27.3) - https:\/\/yoast.com\/product\/yoast-seo-premium-wordpress\/ -->\n<title>La pollution int\u00e9rieure: effets et solutions - FITT<\/title>\n<meta name=\"robots\" content=\"index, follow, max-snippet:-1, max-image-preview:large, max-video-preview:-1\" \/>\n<link rel=\"canonical\" href=\"https:\/\/www.fitt.com\/fr\/news\/la-pollution-interieure-effets-et-solutions\/\" \/>\n<meta property=\"og:locale\" content=\"fr_FR\" \/>\n<meta property=\"og:type\" content=\"article\" \/>\n<meta property=\"og:title\" content=\"La pollution int\u00e9rieure: effets et solutions\" \/>\n<meta property=\"og:description\" content=\"\u00ab\u00a0 La pollution dans les espaces int\u00e9rieurs est un th\u00e8me tr\u00e8s actuel Quand on parle de pollution, on se r\u00e9f\u00e8re presque toujours \u00e0 l\u2019alt\u00e9ration des propri\u00e9t\u00e9s biologiques d\u2019un espace ext\u00e9rieur. En r\u00e9alit\u00e9, ce type de pollution est d\u00e9fini comme \u00abpollution ext\u00e9rieure ou environnementale\u00bb, car il existe une seconde forme de contamination qui concerne l\u2019air des [&hellip;]\" \/>\n<meta property=\"og:url\" content=\"https:\/\/www.fitt.com\/fr\/news\/la-pollution-interieure-effets-et-solutions\/\" \/>\n<meta property=\"og:site_name\" content=\"FITT\" \/>\n<meta property=\"article:published_time\" content=\"2017-05-31T22:00:00+00:00\" \/>\n<meta property=\"article:modified_time\" content=\"2022-08-08T10:32:13+00:00\" \/>\n<meta property=\"og:image\" content=\"https:\/\/www.fitt.com\/wp-content\/uploads\/2017\/06\/rollair_hose_solution_for_vmc.jpg\" \/>\n\t<meta property=\"og:image:width\" content=\"1003\" \/>\n\t<meta property=\"og:image:height\" content=\"650\" \/>\n\t<meta property=\"og:image:type\" content=\"image\/jpeg\" \/>\n<meta name=\"author\" content=\"system\" \/>\n<meta name=\"twitter:card\" content=\"summary_large_image\" \/>\n<meta name=\"twitter:label1\" content=\"\u00c9crit par\" \/>\n\t<meta name=\"twitter:data1\" content=\"system\" \/>\n\t<meta name=\"twitter:label2\" content=\"Dur\u00e9e de lecture estim\u00e9e\" \/>\n\t<meta name=\"twitter:data2\" content=\"6 minutes\" \/>\n<script type=\"application\/ld+json\" class=\"yoast-schema-graph\">{\"@context\":\"https:\\\/\\\/schema.org\",\"@graph\":[{\"@type\":\"Article\",\"@id\":\"https:\\\/\\\/www.fitt.com\\\/fr\\\/news\\\/la-pollution-interieure-effets-et-solutions\\\/#article\",\"isPartOf\":{\"@id\":\"https:\\\/\\\/www.fitt.com\\\/fr\\\/news\\\/la-pollution-interieure-effets-et-solutions\\\/\"},\"author\":{\"name\":\"system\",\"@id\":\"https:\\\/\\\/www.fitt.com\\\/fr\\\/#\\\/schema\\\/person\\\/88ed5d9863be31118f9ec9ee37f028a2\"},\"headline\":\"La pollution int\u00e9rieure: effets et solutions\",\"datePublished\":\"2017-05-31T22:00:00+00:00\",\"dateModified\":\"2022-08-08T10:32:13+00:00\",\"mainEntityOfPage\":{\"@id\":\"https:\\\/\\\/www.fitt.com\\\/fr\\\/news\\\/la-pollution-interieure-effets-et-solutions\\\/\"},\"wordCount\":1182,\"publisher\":{\"@id\":\"https:\\\/\\\/www.fitt.com\\\/fr\\\/#organization\"},\"image\":{\"@id\":\"https:\\\/\\\/www.fitt.com\\\/fr\\\/news\\\/la-pollution-interieure-effets-et-solutions\\\/#primaryimage\"},\"thumbnailUrl\":\"https:\\\/\\\/www.fitt.com\\\/wp-content\\\/uploads\\\/2017\\\/06\\\/rollair_hose_solution_for_vmc.jpg\",\"articleSection\":[\"Building\",\"Innovation Stories\"],\"inLanguage\":\"fr-FR\"},{\"@type\":\"WebPage\",\"@id\":\"https:\\\/\\\/www.fitt.com\\\/fr\\\/news\\\/la-pollution-interieure-effets-et-solutions\\\/\",\"url\":\"https:\\\/\\\/www.fitt.com\\\/fr\\\/news\\\/la-pollution-interieure-effets-et-solutions\\\/\",\"name\":\"La pollution int\u00e9rieure: effets et solutions - FITT\",\"isPartOf\":{\"@id\":\"https:\\\/\\\/www.fitt.com\\\/fr\\\/#website\"},\"primaryImageOfPage\":{\"@id\":\"https:\\\/\\\/www.fitt.com\\\/fr\\\/news\\\/la-pollution-interieure-effets-et-solutions\\\/#primaryimage\"},\"image\":{\"@id\":\"https:\\\/\\\/www.fitt.com\\\/fr\\\/news\\\/la-pollution-interieure-effets-et-solutions\\\/#primaryimage\"},\"thumbnailUrl\":\"https:\\\/\\\/www.fitt.com\\\/wp-content\\\/uploads\\\/2017\\\/06\\\/rollair_hose_solution_for_vmc.jpg\",\"datePublished\":\"2017-05-31T22:00:00+00:00\",\"dateModified\":\"2022-08-08T10:32:13+00:00\",\"breadcrumb\":{\"@id\":\"https:\\\/\\\/www.fitt.com\\\/fr\\\/news\\\/la-pollution-interieure-effets-et-solutions\\\/#breadcrumb\"},\"inLanguage\":\"fr-FR\",\"potentialAction\":[{\"@type\":\"ReadAction\",\"target\":[\"https:\\\/\\\/www.fitt.com\\\/fr\\\/news\\\/la-pollution-interieure-effets-et-solutions\\\/\"]}]},{\"@type\":\"ImageObject\",\"inLanguage\":\"fr-FR\",\"@id\":\"https:\\\/\\\/www.fitt.com\\\/fr\\\/news\\\/la-pollution-interieure-effets-et-solutions\\\/#primaryimage\",\"url\":\"https:\\\/\\\/www.fitt.com\\\/wp-content\\\/uploads\\\/2017\\\/06\\\/rollair_hose_solution_for_vmc.jpg\",\"contentUrl\":\"https:\\\/\\\/www.fitt.com\\\/wp-content\\\/uploads\\\/2017\\\/06\\\/rollair_hose_solution_for_vmc.jpg\",\"width\":1003,\"height\":650},{\"@type\":\"BreadcrumbList\",\"@id\":\"https:\\\/\\\/www.fitt.com\\\/fr\\\/news\\\/la-pollution-interieure-effets-et-solutions\\\/#breadcrumb\",\"itemListElement\":[{\"@type\":\"ListItem\",\"position\":1,\"name\":\"Home\",\"item\":\"https:\\\/\\\/www.fitt.com\\\/fr\\\/\"},{\"@type\":\"ListItem\",\"position\":2,\"name\":\"La pollution int\u00e9rieure: effets et solutions\"}]},{\"@type\":\"WebSite\",\"@id\":\"https:\\\/\\\/www.fitt.com\\\/fr\\\/#website\",\"url\":\"https:\\\/\\\/www.fitt.com\\\/fr\\\/\",\"name\":\"FITT\",\"description\":\"FITT Spa\",\"publisher\":{\"@id\":\"https:\\\/\\\/www.fitt.com\\\/fr\\\/#organization\"},\"potentialAction\":[{\"@type\":\"SearchAction\",\"target\":{\"@type\":\"EntryPoint\",\"urlTemplate\":\"https:\\\/\\\/www.fitt.com\\\/fr\\\/?s={search_term_string}\"},\"query-input\":{\"@type\":\"PropertyValueSpecification\",\"valueRequired\":true,\"valueName\":\"search_term_string\"}}],\"inLanguage\":\"fr-FR\"},{\"@type\":\"Organization\",\"@id\":\"https:\\\/\\\/www.fitt.com\\\/fr\\\/#organization\",\"name\":\"Fitt SPA\",\"url\":\"https:\\\/\\\/www.fitt.com\\\/fr\\\/\",\"logo\":{\"@type\":\"ImageObject\",\"inLanguage\":\"fr-FR\",\"@id\":\"https:\\\/\\\/www.fitt.com\\\/fr\\\/#\\\/schema\\\/logo\\\/image\\\/\",\"url\":\"https:\\\/\\\/www.fitt.com\\\/wp-content\\\/uploads\\\/2022\\\/05\\\/logo-light.png\",\"contentUrl\":\"https:\\\/\\\/www.fitt.com\\\/wp-content\\\/uploads\\\/2022\\\/05\\\/logo-light.png\",\"width\":827,\"height\":508,\"caption\":\"Fitt SPA\"},\"image\":{\"@id\":\"https:\\\/\\\/www.fitt.com\\\/fr\\\/#\\\/schema\\\/logo\\\/image\\\/\"}},{\"@type\":\"Person\",\"@id\":\"https:\\\/\\\/www.fitt.com\\\/fr\\\/#\\\/schema\\\/person\\\/88ed5d9863be31118f9ec9ee37f028a2\",\"name\":\"system\",\"sameAs\":[\"https:\\\/\\\/www.fitt.com\\\/\"]}]}<\/script>\n<!-- \/ Yoast SEO Premium plugin. -->","yoast_head_json":{"title":"La pollution int\u00e9rieure: effets et solutions - FITT","robots":{"index":"index","follow":"follow","max-snippet":"max-snippet:-1","max-image-preview":"max-image-preview:large","max-video-preview":"max-video-preview:-1"},"canonical":"https:\/\/www.fitt.com\/fr\/news\/la-pollution-interieure-effets-et-solutions\/","og_locale":"fr_FR","og_type":"article","og_title":"La pollution int\u00e9rieure: effets et solutions","og_description":"\u00ab\u00a0 La pollution dans les espaces int\u00e9rieurs est un th\u00e8me tr\u00e8s actuel Quand on parle de pollution, on se r\u00e9f\u00e8re presque toujours \u00e0 l\u2019alt\u00e9ration des propri\u00e9t\u00e9s biologiques d\u2019un espace ext\u00e9rieur. En r\u00e9alit\u00e9, ce type de pollution est d\u00e9fini comme \u00abpollution ext\u00e9rieure ou environnementale\u00bb, car il existe une seconde forme de contamination qui concerne l\u2019air des [&hellip;]","og_url":"https:\/\/www.fitt.com\/fr\/news\/la-pollution-interieure-effets-et-solutions\/","og_site_name":"FITT","article_published_time":"2017-05-31T22:00:00+00:00","article_modified_time":"2022-08-08T10:32:13+00:00","og_image":[{"width":1003,"height":650,"url":"https:\/\/www.fitt.com\/wp-content\/uploads\/2017\/06\/rollair_hose_solution_for_vmc.jpg","type":"image\/jpeg"}],"author":"system","twitter_card":"summary_large_image","twitter_misc":{"\u00c9crit par":"system","Dur\u00e9e de lecture estim\u00e9e":"6 minutes"},"schema":{"@context":"https:\/\/schema.org","@graph":[{"@type":"Article","@id":"https:\/\/www.fitt.com\/fr\/news\/la-pollution-interieure-effets-et-solutions\/#article","isPartOf":{"@id":"https:\/\/www.fitt.com\/fr\/news\/la-pollution-interieure-effets-et-solutions\/"},"author":{"name":"system","@id":"https:\/\/www.fitt.com\/fr\/#\/schema\/person\/88ed5d9863be31118f9ec9ee37f028a2"},"headline":"La pollution int\u00e9rieure: effets et solutions","datePublished":"2017-05-31T22:00:00+00:00","dateModified":"2022-08-08T10:32:13+00:00","mainEntityOfPage":{"@id":"https:\/\/www.fitt.com\/fr\/news\/la-pollution-interieure-effets-et-solutions\/"},"wordCount":1182,"publisher":{"@id":"https:\/\/www.fitt.com\/fr\/#organization"},"image":{"@id":"https:\/\/www.fitt.com\/fr\/news\/la-pollution-interieure-effets-et-solutions\/#primaryimage"},"thumbnailUrl":"https:\/\/www.fitt.com\/wp-content\/uploads\/2017\/06\/rollair_hose_solution_for_vmc.jpg","articleSection":["Building","Innovation Stories"],"inLanguage":"fr-FR"},{"@type":"WebPage","@id":"https:\/\/www.fitt.com\/fr\/news\/la-pollution-interieure-effets-et-solutions\/","url":"https:\/\/www.fitt.com\/fr\/news\/la-pollution-interieure-effets-et-solutions\/","name":"La pollution int\u00e9rieure: effets et solutions - FITT","isPartOf":{"@id":"https:\/\/www.fitt.com\/fr\/#website"},"primaryImageOfPage":{"@id":"https:\/\/www.fitt.com\/fr\/news\/la-pollution-interieure-effets-et-solutions\/#primaryimage"},"image":{"@id":"https:\/\/www.fitt.com\/fr\/news\/la-pollution-interieure-effets-et-solutions\/#primaryimage"},"thumbnailUrl":"https:\/\/www.fitt.com\/wp-content\/uploads\/2017\/06\/rollair_hose_solution_for_vmc.jpg","datePublished":"2017-05-31T22:00:00+00:00","dateModified":"2022-08-08T10:32:13+00:00","breadcrumb":{"@id":"https:\/\/www.fitt.com\/fr\/news\/la-pollution-interieure-effets-et-solutions\/#breadcrumb"},"inLanguage":"fr-FR","potentialAction":[{"@type":"ReadAction","target":["https:\/\/www.fitt.com\/fr\/news\/la-pollution-interieure-effets-et-solutions\/"]}]},{"@type":"ImageObject","inLanguage":"fr-FR","@id":"https:\/\/www.fitt.com\/fr\/news\/la-pollution-interieure-effets-et-solutions\/#primaryimage","url":"https:\/\/www.fitt.com\/wp-content\/uploads\/2017\/06\/rollair_hose_solution_for_vmc.jpg","contentUrl":"https:\/\/www.fitt.com\/wp-content\/uploads\/2017\/06\/rollair_hose_solution_for_vmc.jpg","width":1003,"height":650},{"@type":"BreadcrumbList","@id":"https:\/\/www.fitt.com\/fr\/news\/la-pollution-interieure-effets-et-solutions\/#breadcrumb","itemListElement":[{"@type":"ListItem","position":1,"name":"Home","item":"https:\/\/www.fitt.com\/fr\/"},{"@type":"ListItem","position":2,"name":"La pollution int\u00e9rieure: effets et solutions"}]},{"@type":"WebSite","@id":"https:\/\/www.fitt.com\/fr\/#website","url":"https:\/\/www.fitt.com\/fr\/","name":"FITT","description":"FITT Spa","publisher":{"@id":"https:\/\/www.fitt.com\/fr\/#organization"},"potentialAction":[{"@type":"SearchAction","target":{"@type":"EntryPoint","urlTemplate":"https:\/\/www.fitt.com\/fr\/?s={search_term_string}"},"query-input":{"@type":"PropertyValueSpecification","valueRequired":true,"valueName":"search_term_string"}}],"inLanguage":"fr-FR"},{"@type":"Organization","@id":"https:\/\/www.fitt.com\/fr\/#organization","name":"Fitt SPA","url":"https:\/\/www.fitt.com\/fr\/","logo":{"@type":"ImageObject","inLanguage":"fr-FR","@id":"https:\/\/www.fitt.com\/fr\/#\/schema\/logo\/image\/","url":"https:\/\/www.fitt.com\/wp-content\/uploads\/2022\/05\/logo-light.png","contentUrl":"https:\/\/www.fitt.com\/wp-content\/uploads\/2022\/05\/logo-light.png","width":827,"height":508,"caption":"Fitt SPA"},"image":{"@id":"https:\/\/www.fitt.com\/fr\/#\/schema\/logo\/image\/"}},{"@type":"Person","@id":"https:\/\/www.fitt.com\/fr\/#\/schema\/person\/88ed5d9863be31118f9ec9ee37f028a2","name":"system","sameAs":["https:\/\/www.fitt.com\/"]}]}},"_links":{"self":[{"href":"https:\/\/www.fitt.com\/fr\/wp-json\/wp\/v2\/posts\/15043","targetHints":{"allow":["GET"]}}],"collection":[{"href":"https:\/\/www.fitt.com\/fr\/wp-json\/wp\/v2\/posts"}],"about":[{"href":"https:\/\/www.fitt.com\/fr\/wp-json\/wp\/v2\/types\/post"}],"author":[{"embeddable":true,"href":"https:\/\/www.fitt.com\/fr\/wp-json\/wp\/v2\/users\/1"}],"replies":[{"embeddable":true,"href":"https:\/\/www.fitt.com\/fr\/wp-json\/wp\/v2\/comments?post=15043"}],"version-history":[{"count":2,"href":"https:\/\/www.fitt.com\/fr\/wp-json\/wp\/v2\/posts\/15043\/revisions"}],"predecessor-version":[{"id":15045,"href":"https:\/\/www.fitt.com\/fr\/wp-json\/wp\/v2\/posts\/15043\/revisions\/15045"}],"wp:featuredmedia":[{"embeddable":true,"href":"https:\/\/www.fitt.com\/fr\/wp-json\/wp\/v2\/media\/13655"}],"wp:attachment":[{"href":"https:\/\/www.fitt.com\/fr\/wp-json\/wp\/v2\/media?parent=15043"}],"wp:term":[{"taxonomy":"category","embeddable":true,"href":"https:\/\/www.fitt.com\/fr\/wp-json\/wp\/v2\/categories?post=15043"},{"taxonomy":"post_tag","embeddable":true,"href":"https:\/\/www.fitt.com\/fr\/wp-json\/wp\/v2\/tags?post=15043"}],"curies":[{"name":"wp","href":"https:\/\/api.w.org\/{rel}","templated":true}]}}