{"id":15029,"date":"2017-11-06T00:00:00","date_gmt":"2017-11-05T23:00:00","guid":{"rendered":"https:\/\/www.fitt.com\/news\/fitt-alla-fiera-internazionale-batimat-di-parigi\/"},"modified":"2022-08-08T12:02:25","modified_gmt":"2022-08-08T10:02:25","slug":"fitt-au-salon-international-batimat-de-paris","status":"publish","type":"post","link":"https:\/\/www.fitt.com\/fr\/news\/fitt-au-salon-international-batimat-de-paris\/","title":{"rendered":"FITT au salon international Batimat de Paris"},"content":{"rendered":"<p>\u00ab\u00a0<\/p>\n<p>Du 6 au 10 novembre, la soci\u00e9t\u00e9 FITT sera pr\u00e9sente \u00e0 Batimat, le salon international de Paris d\u00e9di\u00e9 au secteur du b\u00e2timent. Cet \u00e9v\u00e9nement destin\u00e9 aux professionnels est un lieu de rencontre fondamental entre les experts du secteur, o\u00f9 l\u2019on trouve des produits et des&nbsp;<strong><a href=\"\"https:\/\/www.fitt.com\/fr\/canalisations-pour-le-batiment-et-les-infrastructures\"\">solutions pour le b\u00e2timent et les infrastructures<\/a><\/strong>.<\/p>\n<p>Vous pourrez y trouver FITT au stand 6-G167 d\u2019<a href=\"\"http:\/\/www.datadubatiment.com\/en\/Exhibitors\/3332435\/INTERPLAST-TUBES-ET-RACCORDS\"\" rel=\"\"noopener\"\" target=\"\"_blank\"\">INTERPLAST TUBES ET RACCORDS<\/a>.<\/p>\n<p>\u00a0\u00bb<\/p>\n","protected":false},"excerpt":{"rendered":"<p>\u00ab\u00a0 Du 6 au 10 novembre, la soci\u00e9t\u00e9 FITT sera pr\u00e9sente \u00e0 Batimat, le salon international de Paris d\u00e9di\u00e9 au secteur du b\u00e2timent. Cet \u00e9v\u00e9nement destin\u00e9 aux professionnels est un lieu de rencontre fondamental entre les experts du secteur, o\u00f9 l\u2019on trouve des produits et des&nbsp;solutions pour le b\u00e2timent et les infrastructures. Vous pourrez y [&hellip;]<\/p>\n","protected":false},"author":1,"featured_media":13592,"comment_status":"closed","ping_status":"open","sticky":false,"template":"","format":"standard","meta":{"_acf_changed":false,"footnotes":""},"categories":[368,367],"tags":[],"class_list":["post-15029","post","type-post","status-publish","format-standard","has-post-thumbnail","hentry","category-building-fr","category-eventi-fr"],"acf":[],"yoast_head":"<!-- This site is optimized with the Yoast SEO Premium plugin v24.1 (Yoast SEO v27.3) - https:\/\/yoast.com\/product\/yoast-seo-premium-wordpress\/ -->\n<title>FITT au salon international Batimat de Paris - FITT<\/title>\n<meta name=\"robots\" content=\"index, follow, max-snippet:-1, max-image-preview:large, max-video-preview:-1\" \/>\n<link rel=\"canonical\" href=\"https:\/\/www.fitt.com\/fr\/news\/fitt-au-salon-international-batimat-de-paris\/\" \/>\n<meta property=\"og:locale\" content=\"fr_FR\" \/>\n<meta property=\"og:type\" content=\"article\" \/>\n<meta property=\"og:title\" content=\"FITT au salon international Batimat de Paris\" \/>\n<meta property=\"og:description\" content=\"\u00ab\u00a0 Du 6 au 10 novembre, la soci\u00e9t\u00e9 FITT sera pr\u00e9sente \u00e0 Batimat, le salon international de Paris d\u00e9di\u00e9 au secteur du b\u00e2timent. Cet \u00e9v\u00e9nement destin\u00e9 aux professionnels est un lieu de rencontre fondamental entre les experts du secteur, o\u00f9 l\u2019on trouve des produits et des&nbsp;solutions pour le b\u00e2timent et les infrastructures. Vous pourrez y [&hellip;]\" \/>\n<meta property=\"og:url\" content=\"https:\/\/www.fitt.com\/fr\/news\/fitt-au-salon-international-batimat-de-paris\/\" \/>\n<meta property=\"og:site_name\" content=\"FITT\" \/>\n<meta property=\"article:published_time\" content=\"2017-11-05T23:00:00+00:00\" \/>\n<meta property=\"article:modified_time\" content=\"2022-08-08T10:02:25+00:00\" \/>\n<meta property=\"og:image\" content=\"https:\/\/www.fitt.com\/wp-content\/uploads\/2017\/11\/FITT-Batimat2-1600x650-1.jpg\" \/>\n\t<meta property=\"og:image:width\" content=\"1280\" \/>\n\t<meta property=\"og:image:height\" content=\"520\" \/>\n\t<meta property=\"og:image:type\" content=\"image\/jpeg\" \/>\n<meta name=\"author\" content=\"system\" \/>\n<meta name=\"twitter:card\" content=\"summary_large_image\" \/>\n<meta name=\"twitter:label1\" content=\"\u00c9crit par\" \/>\n\t<meta name=\"twitter:data1\" content=\"system\" \/>\n<script type=\"application\/ld+json\" class=\"yoast-schema-graph\">{\"@context\":\"https:\\\/\\\/schema.org\",\"@graph\":[{\"@type\":\"Article\",\"@id\":\"https:\\\/\\\/www.fitt.com\\\/fr\\\/news\\\/fitt-au-salon-international-batimat-de-paris\\\/#article\",\"isPartOf\":{\"@id\":\"https:\\\/\\\/www.fitt.com\\\/fr\\\/news\\\/fitt-au-salon-international-batimat-de-paris\\\/\"},\"author\":{\"name\":\"system\",\"@id\":\"https:\\\/\\\/www.fitt.com\\\/fr\\\/#\\\/schema\\\/person\\\/88ed5d9863be31118f9ec9ee37f028a2\"},\"headline\":\"FITT au salon international Batimat de Paris\",\"datePublished\":\"2017-11-05T23:00:00+00:00\",\"dateModified\":\"2022-08-08T10:02:25+00:00\",\"mainEntityOfPage\":{\"@id\":\"https:\\\/\\\/www.fitt.com\\\/fr\\\/news\\\/fitt-au-salon-international-batimat-de-paris\\\/\"},\"wordCount\":77,\"publisher\":{\"@id\":\"https:\\\/\\\/www.fitt.com\\\/fr\\\/#organization\"},\"image\":{\"@id\":\"https:\\\/\\\/www.fitt.com\\\/fr\\\/news\\\/fitt-au-salon-international-batimat-de-paris\\\/#primaryimage\"},\"thumbnailUrl\":\"https:\\\/\\\/www.fitt.com\\\/wp-content\\\/uploads\\\/2017\\\/11\\\/FITT-Batimat2-1600x650-1.jpg\",\"articleSection\":[\"Building\",\"Eventi\"],\"inLanguage\":\"fr-FR\"},{\"@type\":\"WebPage\",\"@id\":\"https:\\\/\\\/www.fitt.com\\\/fr\\\/news\\\/fitt-au-salon-international-batimat-de-paris\\\/\",\"url\":\"https:\\\/\\\/www.fitt.com\\\/fr\\\/news\\\/fitt-au-salon-international-batimat-de-paris\\\/\",\"name\":\"FITT au salon international Batimat de Paris - FITT\",\"isPartOf\":{\"@id\":\"https:\\\/\\\/www.fitt.com\\\/fr\\\/#website\"},\"primaryImageOfPage\":{\"@id\":\"https:\\\/\\\/www.fitt.com\\\/fr\\\/news\\\/fitt-au-salon-international-batimat-de-paris\\\/#primaryimage\"},\"image\":{\"@id\":\"https:\\\/\\\/www.fitt.com\\\/fr\\\/news\\\/fitt-au-salon-international-batimat-de-paris\\\/#primaryimage\"},\"thumbnailUrl\":\"https:\\\/\\\/www.fitt.com\\\/wp-content\\\/uploads\\\/2017\\\/11\\\/FITT-Batimat2-1600x650-1.jpg\",\"datePublished\":\"2017-11-05T23:00:00+00:00\",\"dateModified\":\"2022-08-08T10:02:25+00:00\",\"breadcrumb\":{\"@id\":\"https:\\\/\\\/www.fitt.com\\\/fr\\\/news\\\/fitt-au-salon-international-batimat-de-paris\\\/#breadcrumb\"},\"inLanguage\":\"fr-FR\",\"potentialAction\":[{\"@type\":\"ReadAction\",\"target\":[\"https:\\\/\\\/www.fitt.com\\\/fr\\\/news\\\/fitt-au-salon-international-batimat-de-paris\\\/\"]}]},{\"@type\":\"ImageObject\",\"inLanguage\":\"fr-FR\",\"@id\":\"https:\\\/\\\/www.fitt.com\\\/fr\\\/news\\\/fitt-au-salon-international-batimat-de-paris\\\/#primaryimage\",\"url\":\"https:\\\/\\\/www.fitt.com\\\/wp-content\\\/uploads\\\/2017\\\/11\\\/FITT-Batimat2-1600x650-1.jpg\",\"contentUrl\":\"https:\\\/\\\/www.fitt.com\\\/wp-content\\\/uploads\\\/2017\\\/11\\\/FITT-Batimat2-1600x650-1.jpg\",\"width\":1280,\"height\":520},{\"@type\":\"BreadcrumbList\",\"@id\":\"https:\\\/\\\/www.fitt.com\\\/fr\\\/news\\\/fitt-au-salon-international-batimat-de-paris\\\/#breadcrumb\",\"itemListElement\":[{\"@type\":\"ListItem\",\"position\":1,\"name\":\"Home\",\"item\":\"https:\\\/\\\/www.fitt.com\\\/fr\\\/\"},{\"@type\":\"ListItem\",\"position\":2,\"name\":\"FITT au salon international Batimat de Paris\"}]},{\"@type\":\"WebSite\",\"@id\":\"https:\\\/\\\/www.fitt.com\\\/fr\\\/#website\",\"url\":\"https:\\\/\\\/www.fitt.com\\\/fr\\\/\",\"name\":\"FITT\",\"description\":\"FITT Spa\",\"publisher\":{\"@id\":\"https:\\\/\\\/www.fitt.com\\\/fr\\\/#organization\"},\"potentialAction\":[{\"@type\":\"SearchAction\",\"target\":{\"@type\":\"EntryPoint\",\"urlTemplate\":\"https:\\\/\\\/www.fitt.com\\\/fr\\\/?s={search_term_string}\"},\"query-input\":{\"@type\":\"PropertyValueSpecification\",\"valueRequired\":true,\"valueName\":\"search_term_string\"}}],\"inLanguage\":\"fr-FR\"},{\"@type\":\"Organization\",\"@id\":\"https:\\\/\\\/www.fitt.com\\\/fr\\\/#organization\",\"name\":\"Fitt SPA\",\"url\":\"https:\\\/\\\/www.fitt.com\\\/fr\\\/\",\"logo\":{\"@type\":\"ImageObject\",\"inLanguage\":\"fr-FR\",\"@id\":\"https:\\\/\\\/www.fitt.com\\\/fr\\\/#\\\/schema\\\/logo\\\/image\\\/\",\"url\":\"https:\\\/\\\/www.fitt.com\\\/wp-content\\\/uploads\\\/2022\\\/05\\\/logo-light.png\",\"contentUrl\":\"https:\\\/\\\/www.fitt.com\\\/wp-content\\\/uploads\\\/2022\\\/05\\\/logo-light.png\",\"width\":827,\"height\":508,\"caption\":\"Fitt SPA\"},\"image\":{\"@id\":\"https:\\\/\\\/www.fitt.com\\\/fr\\\/#\\\/schema\\\/logo\\\/image\\\/\"}},{\"@type\":\"Person\",\"@id\":\"https:\\\/\\\/www.fitt.com\\\/fr\\\/#\\\/schema\\\/person\\\/88ed5d9863be31118f9ec9ee37f028a2\",\"name\":\"system\",\"sameAs\":[\"https:\\\/\\\/www.fitt.com\\\/\"]}]}<\/script>\n<!-- \/ Yoast SEO Premium plugin. -->","yoast_head_json":{"title":"FITT au salon international Batimat de Paris - FITT","robots":{"index":"index","follow":"follow","max-snippet":"max-snippet:-1","max-image-preview":"max-image-preview:large","max-video-preview":"max-video-preview:-1"},"canonical":"https:\/\/www.fitt.com\/fr\/news\/fitt-au-salon-international-batimat-de-paris\/","og_locale":"fr_FR","og_type":"article","og_title":"FITT au salon international Batimat de Paris","og_description":"\u00ab\u00a0 Du 6 au 10 novembre, la soci\u00e9t\u00e9 FITT sera pr\u00e9sente \u00e0 Batimat, le salon international de Paris d\u00e9di\u00e9 au secteur du b\u00e2timent. Cet \u00e9v\u00e9nement destin\u00e9 aux professionnels est un lieu de rencontre fondamental entre les experts du secteur, o\u00f9 l\u2019on trouve des produits et des&nbsp;solutions pour le b\u00e2timent et les infrastructures. Vous pourrez y [&hellip;]","og_url":"https:\/\/www.fitt.com\/fr\/news\/fitt-au-salon-international-batimat-de-paris\/","og_site_name":"FITT","article_published_time":"2017-11-05T23:00:00+00:00","article_modified_time":"2022-08-08T10:02:25+00:00","og_image":[{"width":1280,"height":520,"url":"https:\/\/www.fitt.com\/wp-content\/uploads\/2017\/11\/FITT-Batimat2-1600x650-1.jpg","type":"image\/jpeg"}],"author":"system","twitter_card":"summary_large_image","twitter_misc":{"\u00c9crit par":"system"},"schema":{"@context":"https:\/\/schema.org","@graph":[{"@type":"Article","@id":"https:\/\/www.fitt.com\/fr\/news\/fitt-au-salon-international-batimat-de-paris\/#article","isPartOf":{"@id":"https:\/\/www.fitt.com\/fr\/news\/fitt-au-salon-international-batimat-de-paris\/"},"author":{"name":"system","@id":"https:\/\/www.fitt.com\/fr\/#\/schema\/person\/88ed5d9863be31118f9ec9ee37f028a2"},"headline":"FITT au salon international Batimat de Paris","datePublished":"2017-11-05T23:00:00+00:00","dateModified":"2022-08-08T10:02:25+00:00","mainEntityOfPage":{"@id":"https:\/\/www.fitt.com\/fr\/news\/fitt-au-salon-international-batimat-de-paris\/"},"wordCount":77,"publisher":{"@id":"https:\/\/www.fitt.com\/fr\/#organization"},"image":{"@id":"https:\/\/www.fitt.com\/fr\/news\/fitt-au-salon-international-batimat-de-paris\/#primaryimage"},"thumbnailUrl":"https:\/\/www.fitt.com\/wp-content\/uploads\/2017\/11\/FITT-Batimat2-1600x650-1.jpg","articleSection":["Building","Eventi"],"inLanguage":"fr-FR"},{"@type":"WebPage","@id":"https:\/\/www.fitt.com\/fr\/news\/fitt-au-salon-international-batimat-de-paris\/","url":"https:\/\/www.fitt.com\/fr\/news\/fitt-au-salon-international-batimat-de-paris\/","name":"FITT au salon international Batimat de Paris - FITT","isPartOf":{"@id":"https:\/\/www.fitt.com\/fr\/#website"},"primaryImageOfPage":{"@id":"https:\/\/www.fitt.com\/fr\/news\/fitt-au-salon-international-batimat-de-paris\/#primaryimage"},"image":{"@id":"https:\/\/www.fitt.com\/fr\/news\/fitt-au-salon-international-batimat-de-paris\/#primaryimage"},"thumbnailUrl":"https:\/\/www.fitt.com\/wp-content\/uploads\/2017\/11\/FITT-Batimat2-1600x650-1.jpg","datePublished":"2017-11-05T23:00:00+00:00","dateModified":"2022-08-08T10:02:25+00:00","breadcrumb":{"@id":"https:\/\/www.fitt.com\/fr\/news\/fitt-au-salon-international-batimat-de-paris\/#breadcrumb"},"inLanguage":"fr-FR","potentialAction":[{"@type":"ReadAction","target":["https:\/\/www.fitt.com\/fr\/news\/fitt-au-salon-international-batimat-de-paris\/"]}]},{"@type":"ImageObject","inLanguage":"fr-FR","@id":"https:\/\/www.fitt.com\/fr\/news\/fitt-au-salon-international-batimat-de-paris\/#primaryimage","url":"https:\/\/www.fitt.com\/wp-content\/uploads\/2017\/11\/FITT-Batimat2-1600x650-1.jpg","contentUrl":"https:\/\/www.fitt.com\/wp-content\/uploads\/2017\/11\/FITT-Batimat2-1600x650-1.jpg","width":1280,"height":520},{"@type":"BreadcrumbList","@id":"https:\/\/www.fitt.com\/fr\/news\/fitt-au-salon-international-batimat-de-paris\/#breadcrumb","itemListElement":[{"@type":"ListItem","position":1,"name":"Home","item":"https:\/\/www.fitt.com\/fr\/"},{"@type":"ListItem","position":2,"name":"FITT au salon international Batimat de Paris"}]},{"@type":"WebSite","@id":"https:\/\/www.fitt.com\/fr\/#website","url":"https:\/\/www.fitt.com\/fr\/","name":"FITT","description":"FITT Spa","publisher":{"@id":"https:\/\/www.fitt.com\/fr\/#organization"},"potentialAction":[{"@type":"SearchAction","target":{"@type":"EntryPoint","urlTemplate":"https:\/\/www.fitt.com\/fr\/?s={search_term_string}"},"query-input":{"@type":"PropertyValueSpecification","valueRequired":true,"valueName":"search_term_string"}}],"inLanguage":"fr-FR"},{"@type":"Organization","@id":"https:\/\/www.fitt.com\/fr\/#organization","name":"Fitt SPA","url":"https:\/\/www.fitt.com\/fr\/","logo":{"@type":"ImageObject","inLanguage":"fr-FR","@id":"https:\/\/www.fitt.com\/fr\/#\/schema\/logo\/image\/","url":"https:\/\/www.fitt.com\/wp-content\/uploads\/2022\/05\/logo-light.png","contentUrl":"https:\/\/www.fitt.com\/wp-content\/uploads\/2022\/05\/logo-light.png","width":827,"height":508,"caption":"Fitt SPA"},"image":{"@id":"https:\/\/www.fitt.com\/fr\/#\/schema\/logo\/image\/"}},{"@type":"Person","@id":"https:\/\/www.fitt.com\/fr\/#\/schema\/person\/88ed5d9863be31118f9ec9ee37f028a2","name":"system","sameAs":["https:\/\/www.fitt.com\/"]}]}},"_links":{"self":[{"href":"https:\/\/www.fitt.com\/fr\/wp-json\/wp\/v2\/posts\/15029","targetHints":{"allow":["GET"]}}],"collection":[{"href":"https:\/\/www.fitt.com\/fr\/wp-json\/wp\/v2\/posts"}],"about":[{"href":"https:\/\/www.fitt.com\/fr\/wp-json\/wp\/v2\/types\/post"}],"author":[{"embeddable":true,"href":"https:\/\/www.fitt.com\/fr\/wp-json\/wp\/v2\/users\/1"}],"replies":[{"embeddable":true,"href":"https:\/\/www.fitt.com\/fr\/wp-json\/wp\/v2\/comments?post=15029"}],"version-history":[{"count":1,"href":"https:\/\/www.fitt.com\/fr\/wp-json\/wp\/v2\/posts\/15029\/revisions"}],"predecessor-version":[{"id":15030,"href":"https:\/\/www.fitt.com\/fr\/wp-json\/wp\/v2\/posts\/15029\/revisions\/15030"}],"wp:featuredmedia":[{"embeddable":true,"href":"https:\/\/www.fitt.com\/fr\/wp-json\/wp\/v2\/media\/13592"}],"wp:attachment":[{"href":"https:\/\/www.fitt.com\/fr\/wp-json\/wp\/v2\/media?parent=15029"}],"wp:term":[{"taxonomy":"category","embeddable":true,"href":"https:\/\/www.fitt.com\/fr\/wp-json\/wp\/v2\/categories?post=15029"},{"taxonomy":"post_tag","embeddable":true,"href":"https:\/\/www.fitt.com\/fr\/wp-json\/wp\/v2\/tags?post=15029"}],"curies":[{"name":"wp","href":"https:\/\/api.w.org\/{rel}","templated":true}]}}