{"id":15013,"date":"2018-01-29T00:00:00","date_gmt":"2018-01-28T23:00:00","guid":{"rendered":"https:\/\/www.fitt.com\/news\/fitt-al-salon-sa2e-di-angers\/"},"modified":"2022-08-08T11:43:56","modified_gmt":"2022-08-08T09:43:56","slug":"fitt-at-the-salon-sa2e-in-angers","status":"publish","type":"post","link":"https:\/\/www.fitt.com\/fr\/news\/fitt-at-the-salon-sa2e-in-angers\/","title":{"rendered":"FITT at the Salon SA2E in Angers"},"content":{"rendered":"<p>\u00ab\u00a0<\/p>\n<p>On&nbsp;<strong>24<sup>th<\/sup><\/strong>&nbsp;<strong>and<\/strong>&nbsp;<strong>25<sup>th<\/sup>&nbsp;January<\/strong>, the French city of&nbsp;<strong>Angers<\/strong>&nbsp;hosted&nbsp;<strong>Salon SA2E<\/strong>, the trade exhibition organised for the LISA (Low-Input Sustainable Agriculture) market and for small-scale nurseries.<\/p>\n<p><strong>FITT\u2019s French branch presented various&nbsp;<a href=\"\"https:\/\/www.fitt.com\/en\/hose-gardening-and-hobby-solutions\"\" rel=\"\"noopener\"\" target=\"\"_blank\"\">products and accessories for irrigation<\/a><\/strong>&nbsp;inside its stand. Widespread interest accompanied the new&nbsp;<a href=\"\"https:\/\/www.yoyoextendablehose.co.uk\/\"\" rel=\"\"noopener\"\" target=\"\"_blank\"\"><strong>YOYO 2018<\/strong><\/a>&nbsp;range, the highly innovative watering system with its distinctive red colour, familiar also thanks to the successful TV advertising campaign broadcast in 2017.<\/p>\n<p>A highly appreciated solution was the&nbsp;<strong>YOYO BAG<\/strong>&nbsp;version, featuring a practical&nbsp;<strong>re-usable packaging<\/strong>&nbsp;in which to store YOYO away after every use.<\/p>\n<p>\u00a0\u00bb<\/p>\n","protected":false},"excerpt":{"rendered":"<p>\u00ab\u00a0 On&nbsp;24th&nbsp;and&nbsp;25th&nbsp;January, the French city of&nbsp;Angers&nbsp;hosted&nbsp;Salon SA2E, the trade exhibition organised for the LISA (Low-Input Sustainable Agriculture) market and for small-scale nurseries. FITT\u2019s French branch presented various&nbsp;products and accessories for irrigation&nbsp;inside its stand. Widespread interest accompanied the new&nbsp;YOYO 2018&nbsp;range, the highly innovative watering system with its distinctive red colour, familiar also thanks to the successful [&hellip;]<\/p>\n","protected":false},"author":1,"featured_media":13504,"comment_status":"closed","ping_status":"open","sticky":false,"template":"","format":"standard","meta":{"_acf_changed":false,"footnotes":""},"categories":[367,365,364],"tags":[],"class_list":["post-15013","post","type-post","status-publish","format-standard","has-post-thumbnail","hentry","category-eventi-fr","category-garden-fr","category-news-fr"],"acf":[],"yoast_head":"<!-- This site is optimized with the Yoast SEO Premium plugin v24.1 (Yoast SEO v27.3) - https:\/\/yoast.com\/product\/yoast-seo-premium-wordpress\/ -->\n<title>FITT at the Salon SA2E in Angers - FITT<\/title>\n<meta name=\"robots\" content=\"index, follow, max-snippet:-1, max-image-preview:large, max-video-preview:-1\" \/>\n<link rel=\"canonical\" href=\"https:\/\/www.fitt.com\/fr\/news\/fitt-at-the-salon-sa2e-in-angers\/\" \/>\n<meta property=\"og:locale\" content=\"fr_FR\" \/>\n<meta property=\"og:type\" content=\"article\" \/>\n<meta property=\"og:title\" content=\"FITT at the Salon SA2E in Angers\" \/>\n<meta property=\"og:description\" content=\"\u00ab\u00a0 On&nbsp;24th&nbsp;and&nbsp;25th&nbsp;January, the French city of&nbsp;Angers&nbsp;hosted&nbsp;Salon SA2E, the trade exhibition organised for the LISA (Low-Input Sustainable Agriculture) market and for small-scale nurseries. FITT\u2019s French branch presented various&nbsp;products and accessories for irrigation&nbsp;inside its stand. Widespread interest accompanied the new&nbsp;YOYO 2018&nbsp;range, the highly innovative watering system with its distinctive red colour, familiar also thanks to the successful [&hellip;]\" \/>\n<meta property=\"og:url\" content=\"https:\/\/www.fitt.com\/fr\/news\/fitt-at-the-salon-sa2e-in-angers\/\" \/>\n<meta property=\"og:site_name\" content=\"FITT\" \/>\n<meta property=\"article:published_time\" content=\"2018-01-28T23:00:00+00:00\" \/>\n<meta property=\"article:modified_time\" content=\"2022-08-08T09:43:56+00:00\" \/>\n<meta property=\"og:image\" content=\"https:\/\/www.fitt.com\/wp-content\/uploads\/2018\/01\/FITT-salon-sa2e-1600x650-1.jpg\" \/>\n\t<meta property=\"og:image:width\" content=\"1280\" \/>\n\t<meta property=\"og:image:height\" content=\"520\" \/>\n\t<meta property=\"og:image:type\" content=\"image\/jpeg\" \/>\n<meta name=\"author\" content=\"system\" \/>\n<meta name=\"twitter:card\" content=\"summary_large_image\" \/>\n<meta name=\"twitter:label1\" content=\"\u00c9crit par\" \/>\n\t<meta name=\"twitter:data1\" content=\"system\" \/>\n\t<meta name=\"twitter:label2\" content=\"Dur\u00e9e de lecture estim\u00e9e\" \/>\n\t<meta name=\"twitter:data2\" content=\"1 minute\" \/>\n<script type=\"application\/ld+json\" class=\"yoast-schema-graph\">{\"@context\":\"https:\\\/\\\/schema.org\",\"@graph\":[{\"@type\":\"Article\",\"@id\":\"https:\\\/\\\/www.fitt.com\\\/fr\\\/news\\\/fitt-at-the-salon-sa2e-in-angers\\\/#article\",\"isPartOf\":{\"@id\":\"https:\\\/\\\/www.fitt.com\\\/fr\\\/news\\\/fitt-at-the-salon-sa2e-in-angers\\\/\"},\"author\":{\"name\":\"system\",\"@id\":\"https:\\\/\\\/www.fitt.com\\\/fr\\\/#\\\/schema\\\/person\\\/88ed5d9863be31118f9ec9ee37f028a2\"},\"headline\":\"FITT at the Salon SA2E in Angers\",\"datePublished\":\"2018-01-28T23:00:00+00:00\",\"dateModified\":\"2022-08-08T09:43:56+00:00\",\"mainEntityOfPage\":{\"@id\":\"https:\\\/\\\/www.fitt.com\\\/fr\\\/news\\\/fitt-at-the-salon-sa2e-in-angers\\\/\"},\"wordCount\":117,\"publisher\":{\"@id\":\"https:\\\/\\\/www.fitt.com\\\/fr\\\/#organization\"},\"image\":{\"@id\":\"https:\\\/\\\/www.fitt.com\\\/fr\\\/news\\\/fitt-at-the-salon-sa2e-in-angers\\\/#primaryimage\"},\"thumbnailUrl\":\"https:\\\/\\\/www.fitt.com\\\/wp-content\\\/uploads\\\/2018\\\/01\\\/FITT-salon-sa2e-1600x650-1.jpg\",\"articleSection\":[\"Eventi\",\"Garden\",\"News\"],\"inLanguage\":\"fr-FR\"},{\"@type\":\"WebPage\",\"@id\":\"https:\\\/\\\/www.fitt.com\\\/fr\\\/news\\\/fitt-at-the-salon-sa2e-in-angers\\\/\",\"url\":\"https:\\\/\\\/www.fitt.com\\\/fr\\\/news\\\/fitt-at-the-salon-sa2e-in-angers\\\/\",\"name\":\"FITT at the Salon SA2E in Angers - FITT\",\"isPartOf\":{\"@id\":\"https:\\\/\\\/www.fitt.com\\\/fr\\\/#website\"},\"primaryImageOfPage\":{\"@id\":\"https:\\\/\\\/www.fitt.com\\\/fr\\\/news\\\/fitt-at-the-salon-sa2e-in-angers\\\/#primaryimage\"},\"image\":{\"@id\":\"https:\\\/\\\/www.fitt.com\\\/fr\\\/news\\\/fitt-at-the-salon-sa2e-in-angers\\\/#primaryimage\"},\"thumbnailUrl\":\"https:\\\/\\\/www.fitt.com\\\/wp-content\\\/uploads\\\/2018\\\/01\\\/FITT-salon-sa2e-1600x650-1.jpg\",\"datePublished\":\"2018-01-28T23:00:00+00:00\",\"dateModified\":\"2022-08-08T09:43:56+00:00\",\"breadcrumb\":{\"@id\":\"https:\\\/\\\/www.fitt.com\\\/fr\\\/news\\\/fitt-at-the-salon-sa2e-in-angers\\\/#breadcrumb\"},\"inLanguage\":\"fr-FR\",\"potentialAction\":[{\"@type\":\"ReadAction\",\"target\":[\"https:\\\/\\\/www.fitt.com\\\/fr\\\/news\\\/fitt-at-the-salon-sa2e-in-angers\\\/\"]}]},{\"@type\":\"ImageObject\",\"inLanguage\":\"fr-FR\",\"@id\":\"https:\\\/\\\/www.fitt.com\\\/fr\\\/news\\\/fitt-at-the-salon-sa2e-in-angers\\\/#primaryimage\",\"url\":\"https:\\\/\\\/www.fitt.com\\\/wp-content\\\/uploads\\\/2018\\\/01\\\/FITT-salon-sa2e-1600x650-1.jpg\",\"contentUrl\":\"https:\\\/\\\/www.fitt.com\\\/wp-content\\\/uploads\\\/2018\\\/01\\\/FITT-salon-sa2e-1600x650-1.jpg\",\"width\":1280,\"height\":520},{\"@type\":\"BreadcrumbList\",\"@id\":\"https:\\\/\\\/www.fitt.com\\\/fr\\\/news\\\/fitt-at-the-salon-sa2e-in-angers\\\/#breadcrumb\",\"itemListElement\":[{\"@type\":\"ListItem\",\"position\":1,\"name\":\"Home\",\"item\":\"https:\\\/\\\/www.fitt.com\\\/fr\\\/\"},{\"@type\":\"ListItem\",\"position\":2,\"name\":\"FITT at the Salon SA2E in Angers\"}]},{\"@type\":\"WebSite\",\"@id\":\"https:\\\/\\\/www.fitt.com\\\/fr\\\/#website\",\"url\":\"https:\\\/\\\/www.fitt.com\\\/fr\\\/\",\"name\":\"FITT\",\"description\":\"FITT Spa\",\"publisher\":{\"@id\":\"https:\\\/\\\/www.fitt.com\\\/fr\\\/#organization\"},\"potentialAction\":[{\"@type\":\"SearchAction\",\"target\":{\"@type\":\"EntryPoint\",\"urlTemplate\":\"https:\\\/\\\/www.fitt.com\\\/fr\\\/?s={search_term_string}\"},\"query-input\":{\"@type\":\"PropertyValueSpecification\",\"valueRequired\":true,\"valueName\":\"search_term_string\"}}],\"inLanguage\":\"fr-FR\"},{\"@type\":\"Organization\",\"@id\":\"https:\\\/\\\/www.fitt.com\\\/fr\\\/#organization\",\"name\":\"Fitt SPA\",\"url\":\"https:\\\/\\\/www.fitt.com\\\/fr\\\/\",\"logo\":{\"@type\":\"ImageObject\",\"inLanguage\":\"fr-FR\",\"@id\":\"https:\\\/\\\/www.fitt.com\\\/fr\\\/#\\\/schema\\\/logo\\\/image\\\/\",\"url\":\"https:\\\/\\\/www.fitt.com\\\/wp-content\\\/uploads\\\/2022\\\/05\\\/logo-light.png\",\"contentUrl\":\"https:\\\/\\\/www.fitt.com\\\/wp-content\\\/uploads\\\/2022\\\/05\\\/logo-light.png\",\"width\":827,\"height\":508,\"caption\":\"Fitt SPA\"},\"image\":{\"@id\":\"https:\\\/\\\/www.fitt.com\\\/fr\\\/#\\\/schema\\\/logo\\\/image\\\/\"}},{\"@type\":\"Person\",\"@id\":\"https:\\\/\\\/www.fitt.com\\\/fr\\\/#\\\/schema\\\/person\\\/88ed5d9863be31118f9ec9ee37f028a2\",\"name\":\"system\",\"sameAs\":[\"https:\\\/\\\/www.fitt.com\\\/\"]}]}<\/script>\n<!-- \/ Yoast SEO Premium plugin. -->","yoast_head_json":{"title":"FITT at the Salon SA2E in Angers - FITT","robots":{"index":"index","follow":"follow","max-snippet":"max-snippet:-1","max-image-preview":"max-image-preview:large","max-video-preview":"max-video-preview:-1"},"canonical":"https:\/\/www.fitt.com\/fr\/news\/fitt-at-the-salon-sa2e-in-angers\/","og_locale":"fr_FR","og_type":"article","og_title":"FITT at the Salon SA2E in Angers","og_description":"\u00ab\u00a0 On&nbsp;24th&nbsp;and&nbsp;25th&nbsp;January, the French city of&nbsp;Angers&nbsp;hosted&nbsp;Salon SA2E, the trade exhibition organised for the LISA (Low-Input Sustainable Agriculture) market and for small-scale nurseries. FITT\u2019s French branch presented various&nbsp;products and accessories for irrigation&nbsp;inside its stand. Widespread interest accompanied the new&nbsp;YOYO 2018&nbsp;range, the highly innovative watering system with its distinctive red colour, familiar also thanks to the successful [&hellip;]","og_url":"https:\/\/www.fitt.com\/fr\/news\/fitt-at-the-salon-sa2e-in-angers\/","og_site_name":"FITT","article_published_time":"2018-01-28T23:00:00+00:00","article_modified_time":"2022-08-08T09:43:56+00:00","og_image":[{"width":1280,"height":520,"url":"https:\/\/www.fitt.com\/wp-content\/uploads\/2018\/01\/FITT-salon-sa2e-1600x650-1.jpg","type":"image\/jpeg"}],"author":"system","twitter_card":"summary_large_image","twitter_misc":{"\u00c9crit par":"system","Dur\u00e9e de lecture estim\u00e9e":"1 minute"},"schema":{"@context":"https:\/\/schema.org","@graph":[{"@type":"Article","@id":"https:\/\/www.fitt.com\/fr\/news\/fitt-at-the-salon-sa2e-in-angers\/#article","isPartOf":{"@id":"https:\/\/www.fitt.com\/fr\/news\/fitt-at-the-salon-sa2e-in-angers\/"},"author":{"name":"system","@id":"https:\/\/www.fitt.com\/fr\/#\/schema\/person\/88ed5d9863be31118f9ec9ee37f028a2"},"headline":"FITT at the Salon SA2E in Angers","datePublished":"2018-01-28T23:00:00+00:00","dateModified":"2022-08-08T09:43:56+00:00","mainEntityOfPage":{"@id":"https:\/\/www.fitt.com\/fr\/news\/fitt-at-the-salon-sa2e-in-angers\/"},"wordCount":117,"publisher":{"@id":"https:\/\/www.fitt.com\/fr\/#organization"},"image":{"@id":"https:\/\/www.fitt.com\/fr\/news\/fitt-at-the-salon-sa2e-in-angers\/#primaryimage"},"thumbnailUrl":"https:\/\/www.fitt.com\/wp-content\/uploads\/2018\/01\/FITT-salon-sa2e-1600x650-1.jpg","articleSection":["Eventi","Garden","News"],"inLanguage":"fr-FR"},{"@type":"WebPage","@id":"https:\/\/www.fitt.com\/fr\/news\/fitt-at-the-salon-sa2e-in-angers\/","url":"https:\/\/www.fitt.com\/fr\/news\/fitt-at-the-salon-sa2e-in-angers\/","name":"FITT at the Salon SA2E in Angers - FITT","isPartOf":{"@id":"https:\/\/www.fitt.com\/fr\/#website"},"primaryImageOfPage":{"@id":"https:\/\/www.fitt.com\/fr\/news\/fitt-at-the-salon-sa2e-in-angers\/#primaryimage"},"image":{"@id":"https:\/\/www.fitt.com\/fr\/news\/fitt-at-the-salon-sa2e-in-angers\/#primaryimage"},"thumbnailUrl":"https:\/\/www.fitt.com\/wp-content\/uploads\/2018\/01\/FITT-salon-sa2e-1600x650-1.jpg","datePublished":"2018-01-28T23:00:00+00:00","dateModified":"2022-08-08T09:43:56+00:00","breadcrumb":{"@id":"https:\/\/www.fitt.com\/fr\/news\/fitt-at-the-salon-sa2e-in-angers\/#breadcrumb"},"inLanguage":"fr-FR","potentialAction":[{"@type":"ReadAction","target":["https:\/\/www.fitt.com\/fr\/news\/fitt-at-the-salon-sa2e-in-angers\/"]}]},{"@type":"ImageObject","inLanguage":"fr-FR","@id":"https:\/\/www.fitt.com\/fr\/news\/fitt-at-the-salon-sa2e-in-angers\/#primaryimage","url":"https:\/\/www.fitt.com\/wp-content\/uploads\/2018\/01\/FITT-salon-sa2e-1600x650-1.jpg","contentUrl":"https:\/\/www.fitt.com\/wp-content\/uploads\/2018\/01\/FITT-salon-sa2e-1600x650-1.jpg","width":1280,"height":520},{"@type":"BreadcrumbList","@id":"https:\/\/www.fitt.com\/fr\/news\/fitt-at-the-salon-sa2e-in-angers\/#breadcrumb","itemListElement":[{"@type":"ListItem","position":1,"name":"Home","item":"https:\/\/www.fitt.com\/fr\/"},{"@type":"ListItem","position":2,"name":"FITT at the Salon SA2E in Angers"}]},{"@type":"WebSite","@id":"https:\/\/www.fitt.com\/fr\/#website","url":"https:\/\/www.fitt.com\/fr\/","name":"FITT","description":"FITT Spa","publisher":{"@id":"https:\/\/www.fitt.com\/fr\/#organization"},"potentialAction":[{"@type":"SearchAction","target":{"@type":"EntryPoint","urlTemplate":"https:\/\/www.fitt.com\/fr\/?s={search_term_string}"},"query-input":{"@type":"PropertyValueSpecification","valueRequired":true,"valueName":"search_term_string"}}],"inLanguage":"fr-FR"},{"@type":"Organization","@id":"https:\/\/www.fitt.com\/fr\/#organization","name":"Fitt SPA","url":"https:\/\/www.fitt.com\/fr\/","logo":{"@type":"ImageObject","inLanguage":"fr-FR","@id":"https:\/\/www.fitt.com\/fr\/#\/schema\/logo\/image\/","url":"https:\/\/www.fitt.com\/wp-content\/uploads\/2022\/05\/logo-light.png","contentUrl":"https:\/\/www.fitt.com\/wp-content\/uploads\/2022\/05\/logo-light.png","width":827,"height":508,"caption":"Fitt SPA"},"image":{"@id":"https:\/\/www.fitt.com\/fr\/#\/schema\/logo\/image\/"}},{"@type":"Person","@id":"https:\/\/www.fitt.com\/fr\/#\/schema\/person\/88ed5d9863be31118f9ec9ee37f028a2","name":"system","sameAs":["https:\/\/www.fitt.com\/"]}]}},"_links":{"self":[{"href":"https:\/\/www.fitt.com\/fr\/wp-json\/wp\/v2\/posts\/15013","targetHints":{"allow":["GET"]}}],"collection":[{"href":"https:\/\/www.fitt.com\/fr\/wp-json\/wp\/v2\/posts"}],"about":[{"href":"https:\/\/www.fitt.com\/fr\/wp-json\/wp\/v2\/types\/post"}],"author":[{"embeddable":true,"href":"https:\/\/www.fitt.com\/fr\/wp-json\/wp\/v2\/users\/1"}],"replies":[{"embeddable":true,"href":"https:\/\/www.fitt.com\/fr\/wp-json\/wp\/v2\/comments?post=15013"}],"version-history":[{"count":1,"href":"https:\/\/www.fitt.com\/fr\/wp-json\/wp\/v2\/posts\/15013\/revisions"}],"predecessor-version":[{"id":15014,"href":"https:\/\/www.fitt.com\/fr\/wp-json\/wp\/v2\/posts\/15013\/revisions\/15014"}],"wp:featuredmedia":[{"embeddable":true,"href":"https:\/\/www.fitt.com\/fr\/wp-json\/wp\/v2\/media\/13504"}],"wp:attachment":[{"href":"https:\/\/www.fitt.com\/fr\/wp-json\/wp\/v2\/media?parent=15013"}],"wp:term":[{"taxonomy":"category","embeddable":true,"href":"https:\/\/www.fitt.com\/fr\/wp-json\/wp\/v2\/categories?post=15013"},{"taxonomy":"post_tag","embeddable":true,"href":"https:\/\/www.fitt.com\/fr\/wp-json\/wp\/v2\/tags?post=15013"}],"curies":[{"name":"wp","href":"https:\/\/api.w.org\/{rel}","templated":true}]}}