{"id":15011,"date":"2018-02-01T00:00:00","date_gmt":"2018-01-31T23:00:00","guid":{"rendered":"https:\/\/www.fitt.com\/news\/meeting-divisione-garden-a-madrid-presentate-le-novita-2018\/"},"modified":"2022-08-08T11:34:36","modified_gmt":"2022-08-08T09:34:36","slug":"reunion-des-agents-a-madrid-presentation-des-nouveautes-2018","status":"publish","type":"post","link":"https:\/\/www.fitt.com\/fr\/news\/reunion-des-agents-a-madrid-presentation-des-nouveautes-2018\/","title":{"rendered":"R\u00e9union des agents \u00e0 Madrid : pr\u00e9sentation des nouveaut\u00e9s 2018"},"content":{"rendered":"<div class='custom_gallery' data-module='gallery-modal'>\n<div class='outside-gallery-container row'>\n<div class='col-md-4 col-sm-6 btn-modal'>\n<div class='image-container' data-index='0'>\n<img decoding=\"async\" src=\"https:\/\/www.fitt.com\/wp-content\/uploads\/2018\/02\/FITT-MeetingES-immagine-interna.jpg\"><\/div>\n<\/div>\n<\/div>\n\n      <div class=\"ud_modal modal-js js_gallery\">\n        <div class=\"box\">\n          <div class=\"btn-close\">\n            <span class=\"icon-close\">\n              <svg viewBox=\"0 0 27 27\" xmlns=\"http:\/\/www.w3.org\/2000\/svg\">\n                <rect id=\"rect-1\" x=\"2.25146\" y=\"0.129944\" width=\"35\" height=\"3\" rx=\"1.5\" transform=\"rotate(45 2.25146 0.129944)\"\/>\n                <rect id=\"rect-2\" width=\"35\" height=\"3\" rx=\"1.5\" transform=\"matrix(-0.707107 0.707107 0.707107 0.707107 24.8135 0.0649719)\"\/>\n              <\/svg>\n            <\/span>\n          <\/div>\n          <div class=\"content mx-md-n32\">\n            <div class=\"slider\">\n              <div class=\"swiper-wrapper\">\n                <div class='swiper-slide'>\n<img decoding=\"async\" src=\"https:\/\/www.fitt.com\/wp-content\/uploads\/2018\/02\/FITT-MeetingES-immagine-interna.jpg\"><\/div>\n\n              <\/div>\n            <\/div>\n          <\/div>\n\n          <div class=\"ud_slider__nav--prev\">\n            <svg fill=\"none\" height=\"20\" viewBox=\"0 0 14 20\" width=\"14\" xmlns=\"http:\/\/www.w3.org\/2000\/svg\">\n              <path d=\"m12.9706 9.20759c.52.40031.52 1.18451 0 1.58481l-10.8606 8.3605c-.65757.5062-1.609999.0375-1.609999-.7924l-.000001-16.72102c0-.829843.95243-1.298607 1.60999-.79241z\" fill=\"#000\"><\/path>\n            <\/svg>\n          <\/div>\n          <div class=\"ud_slider__nav--next\">\n            <svg fill=\"none\" height=\"20\" viewBox=\"0 0 14 20\" width=\"14\" xmlns=\"http:\/\/www.w3.org\/2000\/svg\">\n              <path d=\"m12.9706 9.20759c.52.40031.52 1.18451 0 1.58481l-10.8606 8.3605c-.65757.5062-1.609999.0375-1.609999-.7924l-.000001-16.72102c0-.829843.95243-1.298607 1.60999-.79241z\" fill=\"#000\"><\/path>\n            <\/svg>\n          <\/div>\n        <\/div>\n      <\/div>\n    <\/div>\n<p>\u00ab\u00a0<\/p>\n<p>Le&nbsp;<strong>26 janvier<\/strong>&nbsp;dernier s\u2019est d\u00e9roul\u00e9e dans la capitale espagnole la<strong>&nbsp;r\u00e9union des<\/strong>&nbsp;<strong>agents de la&nbsp;<a href=\"\"https:\/\/www.fitt.com\/fr\/solutions-pour-le-jardinage-et-les-loisirs\"\" rel=\"\"noopener\"\" target=\"\"_blank\"\">division jardin de FITT<\/a><\/strong>&nbsp;durant laquelle les&nbsp;<strong>nouveaut\u00e9s 2018<\/strong>&nbsp;pour les produits&nbsp;<a href=\"\"https:\/\/www.yoyotuyauextensible.fr\/\"\" rel=\"\"noopener\"\" target=\"\"_blank\"\"><strong>YOYO<\/strong><\/a>&nbsp;<strong>et&nbsp;<a href=\"\"https:\/\/www.fitt.com\/fr\/solutions-pour-le-jardinage-et-les-loisirs\/systeme-nts\"\" rel=\"\"noopener\"\" target=\"\"_blank\"\">NTS<\/a><\/strong>&nbsp;ont \u00e9t\u00e9 officiellement pr\u00e9sent\u00e9es.<\/p>\n<p>L\u2019occasion a permis d<strong>\u2019approfondir les pr\u00e9visions<\/strong>&nbsp;de la saison et de d\u00e9couvrir les&nbsp;<strong>caract\u00e9ristiques techniques<\/strong>&nbsp;des produits, confirmant la capacit\u00e9 de FITT \u00e0 se distinguer des standards du march\u00e9. Les agents ont d\u00e9montr\u00e9&nbsp;<strong>enthousiasme<\/strong>&nbsp;et implication pour cette initiative.<\/p>\n<p>\u00a0\u00bb<\/p>\n","protected":false},"excerpt":{"rendered":"<p>\u00ab\u00a0 Le&nbsp;26 janvier&nbsp;dernier s\u2019est d\u00e9roul\u00e9e dans la capitale espagnole la&nbsp;r\u00e9union des&nbsp;agents de la&nbsp;division jardin de FITT&nbsp;durant laquelle les&nbsp;nouveaut\u00e9s 2018&nbsp;pour les produits&nbsp;YOYO&nbsp;et&nbsp;NTS&nbsp;ont \u00e9t\u00e9 officiellement pr\u00e9sent\u00e9es. L\u2019occasion a permis d\u2019approfondir les pr\u00e9visions&nbsp;de la saison et de d\u00e9couvrir les&nbsp;caract\u00e9ristiques techniques&nbsp;des produits, confirmant la capacit\u00e9 de FITT \u00e0 se distinguer des standards du march\u00e9. Les agents ont d\u00e9montr\u00e9&nbsp;enthousiasme&nbsp;et implication [&hellip;]<\/p>\n","protected":false},"author":1,"featured_media":13500,"comment_status":"closed","ping_status":"open","sticky":false,"template":"","format":"standard","meta":{"_acf_changed":false,"footnotes":""},"categories":[365,364],"tags":[],"class_list":["post-15011","post","type-post","status-publish","format-standard","has-post-thumbnail","hentry","category-garden-fr","category-news-fr"],"acf":[],"yoast_head":"<!-- This site is optimized with the Yoast SEO Premium plugin v24.1 (Yoast SEO v27.3) - https:\/\/yoast.com\/product\/yoast-seo-premium-wordpress\/ -->\n<title>R\u00e9union des agents \u00e0 Madrid : pr\u00e9sentation des nouveaut\u00e9s 2018 - FITT<\/title>\n<meta name=\"robots\" content=\"index, follow, max-snippet:-1, max-image-preview:large, max-video-preview:-1\" \/>\n<link rel=\"canonical\" href=\"https:\/\/www.fitt.com\/fr\/news\/reunion-des-agents-a-madrid-presentation-des-nouveautes-2018\/\" \/>\n<meta property=\"og:locale\" content=\"fr_FR\" \/>\n<meta property=\"og:type\" content=\"article\" \/>\n<meta property=\"og:title\" content=\"R\u00e9union des agents \u00e0 Madrid : pr\u00e9sentation des nouveaut\u00e9s 2018\" \/>\n<meta property=\"og:description\" content=\"\u00ab\u00a0 Le&nbsp;26 janvier&nbsp;dernier s\u2019est d\u00e9roul\u00e9e dans la capitale espagnole la&nbsp;r\u00e9union des&nbsp;agents de la&nbsp;division jardin de FITT&nbsp;durant laquelle les&nbsp;nouveaut\u00e9s 2018&nbsp;pour les produits&nbsp;YOYO&nbsp;et&nbsp;NTS&nbsp;ont \u00e9t\u00e9 officiellement pr\u00e9sent\u00e9es. L\u2019occasion a permis d\u2019approfondir les pr\u00e9visions&nbsp;de la saison et de d\u00e9couvrir les&nbsp;caract\u00e9ristiques techniques&nbsp;des produits, confirmant la capacit\u00e9 de FITT \u00e0 se distinguer des standards du march\u00e9. Les agents ont d\u00e9montr\u00e9&nbsp;enthousiasme&nbsp;et implication [&hellip;]\" \/>\n<meta property=\"og:url\" content=\"https:\/\/www.fitt.com\/fr\/news\/reunion-des-agents-a-madrid-presentation-des-nouveautes-2018\/\" \/>\n<meta property=\"og:site_name\" content=\"FITT\" \/>\n<meta property=\"article:published_time\" content=\"2018-01-31T23:00:00+00:00\" \/>\n<meta property=\"article:modified_time\" content=\"2022-08-08T09:34:36+00:00\" \/>\n<meta property=\"og:image\" content=\"https:\/\/www.fitt.com\/wp-content\/uploads\/2018\/02\/FITT-MeetingES-1600x650-1.jpg\" \/>\n\t<meta property=\"og:image:width\" content=\"1280\" \/>\n\t<meta property=\"og:image:height\" content=\"520\" \/>\n\t<meta property=\"og:image:type\" content=\"image\/jpeg\" \/>\n<meta name=\"author\" content=\"system\" \/>\n<meta name=\"twitter:card\" content=\"summary_large_image\" \/>\n<meta name=\"twitter:label1\" content=\"\u00c9crit par\" \/>\n\t<meta name=\"twitter:data1\" content=\"system\" \/>\n\t<meta name=\"twitter:label2\" content=\"Dur\u00e9e de lecture estim\u00e9e\" \/>\n\t<meta name=\"twitter:data2\" content=\"1 minute\" \/>\n<script type=\"application\/ld+json\" class=\"yoast-schema-graph\">{\"@context\":\"https:\\\/\\\/schema.org\",\"@graph\":[{\"@type\":\"Article\",\"@id\":\"https:\\\/\\\/www.fitt.com\\\/fr\\\/news\\\/reunion-des-agents-a-madrid-presentation-des-nouveautes-2018\\\/#article\",\"isPartOf\":{\"@id\":\"https:\\\/\\\/www.fitt.com\\\/fr\\\/news\\\/reunion-des-agents-a-madrid-presentation-des-nouveautes-2018\\\/\"},\"author\":{\"name\":\"system\",\"@id\":\"https:\\\/\\\/www.fitt.com\\\/fr\\\/#\\\/schema\\\/person\\\/88ed5d9863be31118f9ec9ee37f028a2\"},\"headline\":\"R\u00e9union des agents \u00e0 Madrid : pr\u00e9sentation des nouveaut\u00e9s 2018\",\"datePublished\":\"2018-01-31T23:00:00+00:00\",\"dateModified\":\"2022-08-08T09:34:36+00:00\",\"mainEntityOfPage\":{\"@id\":\"https:\\\/\\\/www.fitt.com\\\/fr\\\/news\\\/reunion-des-agents-a-madrid-presentation-des-nouveautes-2018\\\/\"},\"wordCount\":113,\"publisher\":{\"@id\":\"https:\\\/\\\/www.fitt.com\\\/fr\\\/#organization\"},\"image\":{\"@id\":\"https:\\\/\\\/www.fitt.com\\\/fr\\\/news\\\/reunion-des-agents-a-madrid-presentation-des-nouveautes-2018\\\/#primaryimage\"},\"thumbnailUrl\":\"https:\\\/\\\/www.fitt.com\\\/wp-content\\\/uploads\\\/2018\\\/02\\\/FITT-MeetingES-1600x650-1.jpg\",\"articleSection\":[\"Garden\",\"News\"],\"inLanguage\":\"fr-FR\"},{\"@type\":\"WebPage\",\"@id\":\"https:\\\/\\\/www.fitt.com\\\/fr\\\/news\\\/reunion-des-agents-a-madrid-presentation-des-nouveautes-2018\\\/\",\"url\":\"https:\\\/\\\/www.fitt.com\\\/fr\\\/news\\\/reunion-des-agents-a-madrid-presentation-des-nouveautes-2018\\\/\",\"name\":\"R\u00e9union des agents \u00e0 Madrid : pr\u00e9sentation des nouveaut\u00e9s 2018 - FITT\",\"isPartOf\":{\"@id\":\"https:\\\/\\\/www.fitt.com\\\/fr\\\/#website\"},\"primaryImageOfPage\":{\"@id\":\"https:\\\/\\\/www.fitt.com\\\/fr\\\/news\\\/reunion-des-agents-a-madrid-presentation-des-nouveautes-2018\\\/#primaryimage\"},\"image\":{\"@id\":\"https:\\\/\\\/www.fitt.com\\\/fr\\\/news\\\/reunion-des-agents-a-madrid-presentation-des-nouveautes-2018\\\/#primaryimage\"},\"thumbnailUrl\":\"https:\\\/\\\/www.fitt.com\\\/wp-content\\\/uploads\\\/2018\\\/02\\\/FITT-MeetingES-1600x650-1.jpg\",\"datePublished\":\"2018-01-31T23:00:00+00:00\",\"dateModified\":\"2022-08-08T09:34:36+00:00\",\"breadcrumb\":{\"@id\":\"https:\\\/\\\/www.fitt.com\\\/fr\\\/news\\\/reunion-des-agents-a-madrid-presentation-des-nouveautes-2018\\\/#breadcrumb\"},\"inLanguage\":\"fr-FR\",\"potentialAction\":[{\"@type\":\"ReadAction\",\"target\":[\"https:\\\/\\\/www.fitt.com\\\/fr\\\/news\\\/reunion-des-agents-a-madrid-presentation-des-nouveautes-2018\\\/\"]}]},{\"@type\":\"ImageObject\",\"inLanguage\":\"fr-FR\",\"@id\":\"https:\\\/\\\/www.fitt.com\\\/fr\\\/news\\\/reunion-des-agents-a-madrid-presentation-des-nouveautes-2018\\\/#primaryimage\",\"url\":\"https:\\\/\\\/www.fitt.com\\\/wp-content\\\/uploads\\\/2018\\\/02\\\/FITT-MeetingES-1600x650-1.jpg\",\"contentUrl\":\"https:\\\/\\\/www.fitt.com\\\/wp-content\\\/uploads\\\/2018\\\/02\\\/FITT-MeetingES-1600x650-1.jpg\",\"width\":1280,\"height\":520},{\"@type\":\"BreadcrumbList\",\"@id\":\"https:\\\/\\\/www.fitt.com\\\/fr\\\/news\\\/reunion-des-agents-a-madrid-presentation-des-nouveautes-2018\\\/#breadcrumb\",\"itemListElement\":[{\"@type\":\"ListItem\",\"position\":1,\"name\":\"Home\",\"item\":\"https:\\\/\\\/www.fitt.com\\\/fr\\\/\"},{\"@type\":\"ListItem\",\"position\":2,\"name\":\"R\u00e9union des agents \u00e0 Madrid : pr\u00e9sentation des nouveaut\u00e9s 2018\"}]},{\"@type\":\"WebSite\",\"@id\":\"https:\\\/\\\/www.fitt.com\\\/fr\\\/#website\",\"url\":\"https:\\\/\\\/www.fitt.com\\\/fr\\\/\",\"name\":\"FITT\",\"description\":\"FITT Spa\",\"publisher\":{\"@id\":\"https:\\\/\\\/www.fitt.com\\\/fr\\\/#organization\"},\"potentialAction\":[{\"@type\":\"SearchAction\",\"target\":{\"@type\":\"EntryPoint\",\"urlTemplate\":\"https:\\\/\\\/www.fitt.com\\\/fr\\\/?s={search_term_string}\"},\"query-input\":{\"@type\":\"PropertyValueSpecification\",\"valueRequired\":true,\"valueName\":\"search_term_string\"}}],\"inLanguage\":\"fr-FR\"},{\"@type\":\"Organization\",\"@id\":\"https:\\\/\\\/www.fitt.com\\\/fr\\\/#organization\",\"name\":\"Fitt SPA\",\"url\":\"https:\\\/\\\/www.fitt.com\\\/fr\\\/\",\"logo\":{\"@type\":\"ImageObject\",\"inLanguage\":\"fr-FR\",\"@id\":\"https:\\\/\\\/www.fitt.com\\\/fr\\\/#\\\/schema\\\/logo\\\/image\\\/\",\"url\":\"https:\\\/\\\/www.fitt.com\\\/wp-content\\\/uploads\\\/2022\\\/05\\\/logo-light.png\",\"contentUrl\":\"https:\\\/\\\/www.fitt.com\\\/wp-content\\\/uploads\\\/2022\\\/05\\\/logo-light.png\",\"width\":827,\"height\":508,\"caption\":\"Fitt SPA\"},\"image\":{\"@id\":\"https:\\\/\\\/www.fitt.com\\\/fr\\\/#\\\/schema\\\/logo\\\/image\\\/\"}},{\"@type\":\"Person\",\"@id\":\"https:\\\/\\\/www.fitt.com\\\/fr\\\/#\\\/schema\\\/person\\\/88ed5d9863be31118f9ec9ee37f028a2\",\"name\":\"system\",\"sameAs\":[\"https:\\\/\\\/www.fitt.com\\\/\"]}]}<\/script>\n<!-- \/ Yoast SEO Premium plugin. -->","yoast_head_json":{"title":"R\u00e9union des agents \u00e0 Madrid : pr\u00e9sentation des nouveaut\u00e9s 2018 - FITT","robots":{"index":"index","follow":"follow","max-snippet":"max-snippet:-1","max-image-preview":"max-image-preview:large","max-video-preview":"max-video-preview:-1"},"canonical":"https:\/\/www.fitt.com\/fr\/news\/reunion-des-agents-a-madrid-presentation-des-nouveautes-2018\/","og_locale":"fr_FR","og_type":"article","og_title":"R\u00e9union des agents \u00e0 Madrid : pr\u00e9sentation des nouveaut\u00e9s 2018","og_description":"\u00ab\u00a0 Le&nbsp;26 janvier&nbsp;dernier s\u2019est d\u00e9roul\u00e9e dans la capitale espagnole la&nbsp;r\u00e9union des&nbsp;agents de la&nbsp;division jardin de FITT&nbsp;durant laquelle les&nbsp;nouveaut\u00e9s 2018&nbsp;pour les produits&nbsp;YOYO&nbsp;et&nbsp;NTS&nbsp;ont \u00e9t\u00e9 officiellement pr\u00e9sent\u00e9es. L\u2019occasion a permis d\u2019approfondir les pr\u00e9visions&nbsp;de la saison et de d\u00e9couvrir les&nbsp;caract\u00e9ristiques techniques&nbsp;des produits, confirmant la capacit\u00e9 de FITT \u00e0 se distinguer des standards du march\u00e9. Les agents ont d\u00e9montr\u00e9&nbsp;enthousiasme&nbsp;et implication [&hellip;]","og_url":"https:\/\/www.fitt.com\/fr\/news\/reunion-des-agents-a-madrid-presentation-des-nouveautes-2018\/","og_site_name":"FITT","article_published_time":"2018-01-31T23:00:00+00:00","article_modified_time":"2022-08-08T09:34:36+00:00","og_image":[{"width":1280,"height":520,"url":"https:\/\/www.fitt.com\/wp-content\/uploads\/2018\/02\/FITT-MeetingES-1600x650-1.jpg","type":"image\/jpeg"}],"author":"system","twitter_card":"summary_large_image","twitter_misc":{"\u00c9crit par":"system","Dur\u00e9e de lecture estim\u00e9e":"1 minute"},"schema":{"@context":"https:\/\/schema.org","@graph":[{"@type":"Article","@id":"https:\/\/www.fitt.com\/fr\/news\/reunion-des-agents-a-madrid-presentation-des-nouveautes-2018\/#article","isPartOf":{"@id":"https:\/\/www.fitt.com\/fr\/news\/reunion-des-agents-a-madrid-presentation-des-nouveautes-2018\/"},"author":{"name":"system","@id":"https:\/\/www.fitt.com\/fr\/#\/schema\/person\/88ed5d9863be31118f9ec9ee37f028a2"},"headline":"R\u00e9union des agents \u00e0 Madrid : pr\u00e9sentation des nouveaut\u00e9s 2018","datePublished":"2018-01-31T23:00:00+00:00","dateModified":"2022-08-08T09:34:36+00:00","mainEntityOfPage":{"@id":"https:\/\/www.fitt.com\/fr\/news\/reunion-des-agents-a-madrid-presentation-des-nouveautes-2018\/"},"wordCount":113,"publisher":{"@id":"https:\/\/www.fitt.com\/fr\/#organization"},"image":{"@id":"https:\/\/www.fitt.com\/fr\/news\/reunion-des-agents-a-madrid-presentation-des-nouveautes-2018\/#primaryimage"},"thumbnailUrl":"https:\/\/www.fitt.com\/wp-content\/uploads\/2018\/02\/FITT-MeetingES-1600x650-1.jpg","articleSection":["Garden","News"],"inLanguage":"fr-FR"},{"@type":"WebPage","@id":"https:\/\/www.fitt.com\/fr\/news\/reunion-des-agents-a-madrid-presentation-des-nouveautes-2018\/","url":"https:\/\/www.fitt.com\/fr\/news\/reunion-des-agents-a-madrid-presentation-des-nouveautes-2018\/","name":"R\u00e9union des agents \u00e0 Madrid : pr\u00e9sentation des nouveaut\u00e9s 2018 - FITT","isPartOf":{"@id":"https:\/\/www.fitt.com\/fr\/#website"},"primaryImageOfPage":{"@id":"https:\/\/www.fitt.com\/fr\/news\/reunion-des-agents-a-madrid-presentation-des-nouveautes-2018\/#primaryimage"},"image":{"@id":"https:\/\/www.fitt.com\/fr\/news\/reunion-des-agents-a-madrid-presentation-des-nouveautes-2018\/#primaryimage"},"thumbnailUrl":"https:\/\/www.fitt.com\/wp-content\/uploads\/2018\/02\/FITT-MeetingES-1600x650-1.jpg","datePublished":"2018-01-31T23:00:00+00:00","dateModified":"2022-08-08T09:34:36+00:00","breadcrumb":{"@id":"https:\/\/www.fitt.com\/fr\/news\/reunion-des-agents-a-madrid-presentation-des-nouveautes-2018\/#breadcrumb"},"inLanguage":"fr-FR","potentialAction":[{"@type":"ReadAction","target":["https:\/\/www.fitt.com\/fr\/news\/reunion-des-agents-a-madrid-presentation-des-nouveautes-2018\/"]}]},{"@type":"ImageObject","inLanguage":"fr-FR","@id":"https:\/\/www.fitt.com\/fr\/news\/reunion-des-agents-a-madrid-presentation-des-nouveautes-2018\/#primaryimage","url":"https:\/\/www.fitt.com\/wp-content\/uploads\/2018\/02\/FITT-MeetingES-1600x650-1.jpg","contentUrl":"https:\/\/www.fitt.com\/wp-content\/uploads\/2018\/02\/FITT-MeetingES-1600x650-1.jpg","width":1280,"height":520},{"@type":"BreadcrumbList","@id":"https:\/\/www.fitt.com\/fr\/news\/reunion-des-agents-a-madrid-presentation-des-nouveautes-2018\/#breadcrumb","itemListElement":[{"@type":"ListItem","position":1,"name":"Home","item":"https:\/\/www.fitt.com\/fr\/"},{"@type":"ListItem","position":2,"name":"R\u00e9union des agents \u00e0 Madrid : pr\u00e9sentation des nouveaut\u00e9s 2018"}]},{"@type":"WebSite","@id":"https:\/\/www.fitt.com\/fr\/#website","url":"https:\/\/www.fitt.com\/fr\/","name":"FITT","description":"FITT Spa","publisher":{"@id":"https:\/\/www.fitt.com\/fr\/#organization"},"potentialAction":[{"@type":"SearchAction","target":{"@type":"EntryPoint","urlTemplate":"https:\/\/www.fitt.com\/fr\/?s={search_term_string}"},"query-input":{"@type":"PropertyValueSpecification","valueRequired":true,"valueName":"search_term_string"}}],"inLanguage":"fr-FR"},{"@type":"Organization","@id":"https:\/\/www.fitt.com\/fr\/#organization","name":"Fitt SPA","url":"https:\/\/www.fitt.com\/fr\/","logo":{"@type":"ImageObject","inLanguage":"fr-FR","@id":"https:\/\/www.fitt.com\/fr\/#\/schema\/logo\/image\/","url":"https:\/\/www.fitt.com\/wp-content\/uploads\/2022\/05\/logo-light.png","contentUrl":"https:\/\/www.fitt.com\/wp-content\/uploads\/2022\/05\/logo-light.png","width":827,"height":508,"caption":"Fitt SPA"},"image":{"@id":"https:\/\/www.fitt.com\/fr\/#\/schema\/logo\/image\/"}},{"@type":"Person","@id":"https:\/\/www.fitt.com\/fr\/#\/schema\/person\/88ed5d9863be31118f9ec9ee37f028a2","name":"system","sameAs":["https:\/\/www.fitt.com\/"]}]}},"_links":{"self":[{"href":"https:\/\/www.fitt.com\/fr\/wp-json\/wp\/v2\/posts\/15011","targetHints":{"allow":["GET"]}}],"collection":[{"href":"https:\/\/www.fitt.com\/fr\/wp-json\/wp\/v2\/posts"}],"about":[{"href":"https:\/\/www.fitt.com\/fr\/wp-json\/wp\/v2\/types\/post"}],"author":[{"embeddable":true,"href":"https:\/\/www.fitt.com\/fr\/wp-json\/wp\/v2\/users\/1"}],"replies":[{"embeddable":true,"href":"https:\/\/www.fitt.com\/fr\/wp-json\/wp\/v2\/comments?post=15011"}],"version-history":[{"count":1,"href":"https:\/\/www.fitt.com\/fr\/wp-json\/wp\/v2\/posts\/15011\/revisions"}],"predecessor-version":[{"id":15012,"href":"https:\/\/www.fitt.com\/fr\/wp-json\/wp\/v2\/posts\/15011\/revisions\/15012"}],"wp:featuredmedia":[{"embeddable":true,"href":"https:\/\/www.fitt.com\/fr\/wp-json\/wp\/v2\/media\/13500"}],"wp:attachment":[{"href":"https:\/\/www.fitt.com\/fr\/wp-json\/wp\/v2\/media?parent=15011"}],"wp:term":[{"taxonomy":"category","embeddable":true,"href":"https:\/\/www.fitt.com\/fr\/wp-json\/wp\/v2\/categories?post=15011"},{"taxonomy":"post_tag","embeddable":true,"href":"https:\/\/www.fitt.com\/fr\/wp-json\/wp\/v2\/tags?post=15011"}],"curies":[{"name":"wp","href":"https:\/\/api.w.org\/{rel}","templated":true}]}}