{"id":15009,"date":"2018-02-07T00:00:00","date_gmt":"2018-02-06T23:00:00","guid":{"rendered":"https:\/\/www.fitt.com\/news\/yoyo-partecipa-al-concorso-internazionale-les-palmes-de-promojardin-di-parigi\/"},"modified":"2022-08-08T11:32:13","modified_gmt":"2022-08-08T09:32:13","slug":"yoyo-participe-au-concours-international-les-palmes-de-promojardin-a-paris","status":"publish","type":"post","link":"https:\/\/www.fitt.com\/fr\/news\/yoyo-participe-au-concours-international-les-palmes-de-promojardin-a-paris\/","title":{"rendered":"YOYO participe au concours international Les Palmes de Promojardin \u00e0 Paris"},"content":{"rendered":"<div class='custom_gallery' data-module='gallery-modal'>\n<div class='outside-gallery-container row'>\n<div class='col-md-4 col-sm-6 btn-modal'>\n<div class='image-container' data-index='0'>\n<img decoding=\"async\" src=\"https:\/\/www.fitt.com\/wp-content\/uploads\/2018\/02\/FITT-LesPalmesDePromoJardin-1-1.jpg\"><\/div>\n<\/div>\n<div class='col-md-4 col-sm-6 btn-modal'>\n<div class='image-container' data-index='1'>\n<img decoding=\"async\" src=\"https:\/\/www.fitt.com\/wp-content\/uploads\/2018\/02\/FITT-LesPalmesDePromoJardin-5.jpg\"><\/div>\n<\/div>\n<div class='col-md-4 col-sm-6 btn-modal'>\n<div class='image-container' data-index='2'>\n<img decoding=\"async\" src=\"https:\/\/www.fitt.com\/wp-content\/uploads\/2018\/02\/FITT-LesPalmesDePromoJardin-2.jpg\"><\/div>\n<\/div>\n<div class='col-md-4 col-sm-6 btn-modal'>\n<div class='image-container' data-index='3'>\n<img decoding=\"async\" src=\"https:\/\/www.fitt.com\/wp-content\/uploads\/2018\/02\/FITT-LesPalmesDePromoJardin-3.jpg\"><\/div>\n<\/div>\n<div class='col-md-4 col-sm-6 btn-modal'>\n<div class='image-container' data-index='4'>\n<img decoding=\"async\" src=\"https:\/\/www.fitt.com\/wp-content\/uploads\/2018\/02\/FITT-LesPalmesDePromoJardin-4.jpg\"><\/div>\n<\/div>\n<div class='col-md-4 col-sm-6 btn-modal'>\n<div class='image-container' data-index='5'>\n<img decoding=\"async\" src=\"https:\/\/www.fitt.com\/wp-content\/uploads\/2018\/02\/FITT-LesPalmesDePromoJardin-6.jpg\"><\/div>\n<\/div>\n<div class='col-md-4 col-sm-6 btn-modal'>\n<div class='image-container' data-index='6'>\n<img decoding=\"async\" src=\"https:\/\/www.fitt.com\/wp-content\/uploads\/2018\/02\/FITT-LesPalmesDePromoJardin-7.jpg\"><\/div>\n<\/div>\n<div class='col-md-4 col-sm-6 btn-modal'>\n<div class='image-container' data-index='7'>\n<img decoding=\"async\" src=\"https:\/\/www.fitt.com\/wp-content\/uploads\/2018\/02\/FITT-LesPalmesDePromoJardin-8.jpg\"><\/div>\n<\/div>\n<\/div>\n\n      <div class=\"ud_modal modal-js js_gallery\">\n        <div class=\"box\">\n          <div class=\"btn-close\">\n            <span class=\"icon-close\">\n              <svg viewBox=\"0 0 27 27\" xmlns=\"http:\/\/www.w3.org\/2000\/svg\">\n                <rect id=\"rect-1\" x=\"2.25146\" y=\"0.129944\" width=\"35\" height=\"3\" rx=\"1.5\" transform=\"rotate(45 2.25146 0.129944)\"\/>\n                <rect id=\"rect-2\" width=\"35\" height=\"3\" rx=\"1.5\" transform=\"matrix(-0.707107 0.707107 0.707107 0.707107 24.8135 0.0649719)\"\/>\n              <\/svg>\n            <\/span>\n          <\/div>\n          <div class=\"content mx-md-n32\">\n            <div class=\"slider\">\n              <div class=\"swiper-wrapper\">\n                <div class='swiper-slide'>\n<img decoding=\"async\" src=\"https:\/\/www.fitt.com\/wp-content\/uploads\/2018\/02\/FITT-LesPalmesDePromoJardin-1-1.jpg\"><\/div>\n<div class='swiper-slide'>\n<img decoding=\"async\" src=\"https:\/\/www.fitt.com\/wp-content\/uploads\/2018\/02\/FITT-LesPalmesDePromoJardin-5.jpg\"><\/div>\n<div class='swiper-slide'>\n<img decoding=\"async\" src=\"https:\/\/www.fitt.com\/wp-content\/uploads\/2018\/02\/FITT-LesPalmesDePromoJardin-2.jpg\"><\/div>\n<div class='swiper-slide'>\n<img decoding=\"async\" src=\"https:\/\/www.fitt.com\/wp-content\/uploads\/2018\/02\/FITT-LesPalmesDePromoJardin-3.jpg\"><\/div>\n<div class='swiper-slide'>\n<img decoding=\"async\" src=\"https:\/\/www.fitt.com\/wp-content\/uploads\/2018\/02\/FITT-LesPalmesDePromoJardin-4.jpg\"><\/div>\n<div class='swiper-slide'>\n<img decoding=\"async\" src=\"https:\/\/www.fitt.com\/wp-content\/uploads\/2018\/02\/FITT-LesPalmesDePromoJardin-6.jpg\"><\/div>\n<div class='swiper-slide'>\n<img decoding=\"async\" src=\"https:\/\/www.fitt.com\/wp-content\/uploads\/2018\/02\/FITT-LesPalmesDePromoJardin-7.jpg\"><\/div>\n<div class='swiper-slide'>\n<img decoding=\"async\" src=\"https:\/\/www.fitt.com\/wp-content\/uploads\/2018\/02\/FITT-LesPalmesDePromoJardin-8.jpg\"><\/div>\n\n              <\/div>\n            <\/div>\n          <\/div>\n\n          <div class=\"ud_slider__nav--prev\">\n            <svg fill=\"none\" height=\"20\" viewBox=\"0 0 14 20\" width=\"14\" xmlns=\"http:\/\/www.w3.org\/2000\/svg\">\n              <path d=\"m12.9706 9.20759c.52.40031.52 1.18451 0 1.58481l-10.8606 8.3605c-.65757.5062-1.609999.0375-1.609999-.7924l-.000001-16.72102c0-.829843.95243-1.298607 1.60999-.79241z\" fill=\"#000\"><\/path>\n            <\/svg>\n          <\/div>\n          <div class=\"ud_slider__nav--next\">\n            <svg fill=\"none\" height=\"20\" viewBox=\"0 0 14 20\" width=\"14\" xmlns=\"http:\/\/www.w3.org\/2000\/svg\">\n              <path d=\"m12.9706 9.20759c.52.40031.52 1.18451 0 1.58481l-10.8606 8.3605c-.65757.5062-1.609999.0375-1.609999-.7924l-.000001-16.72102c0-.829843.95243-1.298607 1.60999-.79241z\" fill=\"#000\"><\/path>\n            <\/svg>\n          <\/div>\n        <\/div>\n      <\/div>\n    <\/div>\n<p>\u00ab\u00a0<\/p>\n<p>Dans la soir\u00e9e du lundi 5 f\u00e9vrier s\u2019est d\u00e9roul\u00e9 \u00e0 Paris l\u2019\u00e9v\u00e9nement&nbsp;<a href=\"\"http:\/\/www.lespalmesdepromojardin.fr\/\"\" rel=\"\"noopener\"\" target=\"\"_blank\"\"><strong><em>Les Palmes de Promojardin<\/em><\/strong><\/a>&nbsp;d\u00e9di\u00e9 \u00e0 l\u2019univers du jardinage et des animaux domestiques. FITT \u00e9tait \u00e9galement pr\u00e9sent avec son spot \u00ab&nbsp;<a href=\"\"https:\/\/www.youtube.com\/watch?v=d5gcv6V5B-c&amp;feature=youtu.be\"\" rel=\"\"noopener\"\" target=\"\"_blank\"\"><strong>YOYO g\u00e9nial et irr\u00e9sistible<\/strong><\/a>&nbsp;\u00bb dans la cat\u00e9gorie Mass Media.<\/p>\n<p>700 personnes ont particip\u00e9 \u00e0 cette deuxi\u00e8me \u00e9dition d\u2019un v\u00e9ritable show t\u00e9l\u00e9vis\u00e9.<\/p>\n<p><strong>Le public et un jury exigeant ont appr\u00e9ci\u00e9 et applaudi<\/strong>&nbsp;cette soir\u00e9e qui s\u2019est d\u00e9roul\u00e9e dans un th\u00e9\u00e2tre de la Madeleine plein afin de promouvoir et de valoriser les projets et les produits innovants du secteur du jardinage et des animaux domestiques.<\/p>\n<p>\u00a0\u00bb<\/p>\n","protected":false},"excerpt":{"rendered":"<p>\u00ab\u00a0 Dans la soir\u00e9e du lundi 5 f\u00e9vrier s\u2019est d\u00e9roul\u00e9 \u00e0 Paris l\u2019\u00e9v\u00e9nement&nbsp;Les Palmes de Promojardin&nbsp;d\u00e9di\u00e9 \u00e0 l\u2019univers du jardinage et des animaux domestiques. FITT \u00e9tait \u00e9galement pr\u00e9sent avec son spot \u00ab&nbsp;YOYO g\u00e9nial et irr\u00e9sistible&nbsp;\u00bb dans la cat\u00e9gorie Mass Media. 700 personnes ont particip\u00e9 \u00e0 cette deuxi\u00e8me \u00e9dition d\u2019un v\u00e9ritable show t\u00e9l\u00e9vis\u00e9. Le public et [&hellip;]<\/p>\n","protected":false},"author":1,"featured_media":13481,"comment_status":"closed","ping_status":"open","sticky":false,"template":"","format":"standard","meta":{"_acf_changed":false,"footnotes":""},"categories":[367,365,364],"tags":[],"class_list":["post-15009","post","type-post","status-publish","format-standard","has-post-thumbnail","hentry","category-eventi-fr","category-garden-fr","category-news-fr"],"acf":[],"yoast_head":"<!-- This site is optimized with the Yoast SEO Premium plugin v24.1 (Yoast SEO v27.3) - https:\/\/yoast.com\/product\/yoast-seo-premium-wordpress\/ -->\n<title>YOYO participe au concours international Les Palmes de Promojardin \u00e0 Paris - FITT<\/title>\n<meta name=\"robots\" content=\"index, follow, max-snippet:-1, max-image-preview:large, max-video-preview:-1\" \/>\n<link rel=\"canonical\" href=\"https:\/\/www.fitt.com\/fr\/news\/yoyo-participe-au-concours-international-les-palmes-de-promojardin-a-paris\/\" \/>\n<meta property=\"og:locale\" content=\"fr_FR\" \/>\n<meta property=\"og:type\" content=\"article\" \/>\n<meta property=\"og:title\" content=\"YOYO participe au concours international Les Palmes de Promojardin \u00e0 Paris\" \/>\n<meta property=\"og:description\" content=\"\u00ab\u00a0 Dans la soir\u00e9e du lundi 5 f\u00e9vrier s\u2019est d\u00e9roul\u00e9 \u00e0 Paris l\u2019\u00e9v\u00e9nement&nbsp;Les Palmes de Promojardin&nbsp;d\u00e9di\u00e9 \u00e0 l\u2019univers du jardinage et des animaux domestiques. FITT \u00e9tait \u00e9galement pr\u00e9sent avec son spot \u00ab&nbsp;YOYO g\u00e9nial et irr\u00e9sistible&nbsp;\u00bb dans la cat\u00e9gorie Mass Media. 700 personnes ont particip\u00e9 \u00e0 cette deuxi\u00e8me \u00e9dition d\u2019un v\u00e9ritable show t\u00e9l\u00e9vis\u00e9. Le public et [&hellip;]\" \/>\n<meta property=\"og:url\" content=\"https:\/\/www.fitt.com\/fr\/news\/yoyo-participe-au-concours-international-les-palmes-de-promojardin-a-paris\/\" \/>\n<meta property=\"og:site_name\" content=\"FITT\" \/>\n<meta property=\"article:published_time\" content=\"2018-02-06T23:00:00+00:00\" \/>\n<meta property=\"article:modified_time\" content=\"2022-08-08T09:32:13+00:00\" \/>\n<meta property=\"og:image\" content=\"https:\/\/www.fitt.com\/wp-content\/uploads\/2018\/02\/FITT-promojardin-header-1600x650-1.jpg\" \/>\n\t<meta property=\"og:image:width\" content=\"1280\" \/>\n\t<meta property=\"og:image:height\" content=\"520\" \/>\n\t<meta property=\"og:image:type\" content=\"image\/jpeg\" \/>\n<meta name=\"author\" content=\"system\" \/>\n<meta name=\"twitter:card\" content=\"summary_large_image\" \/>\n<meta name=\"twitter:label1\" content=\"\u00c9crit par\" \/>\n\t<meta name=\"twitter:data1\" content=\"system\" \/>\n\t<meta name=\"twitter:label2\" content=\"Dur\u00e9e de lecture estim\u00e9e\" \/>\n\t<meta name=\"twitter:data2\" content=\"1 minute\" \/>\n<script type=\"application\/ld+json\" class=\"yoast-schema-graph\">{\"@context\":\"https:\\\/\\\/schema.org\",\"@graph\":[{\"@type\":\"Article\",\"@id\":\"https:\\\/\\\/www.fitt.com\\\/fr\\\/news\\\/yoyo-participe-au-concours-international-les-palmes-de-promojardin-a-paris\\\/#article\",\"isPartOf\":{\"@id\":\"https:\\\/\\\/www.fitt.com\\\/fr\\\/news\\\/yoyo-participe-au-concours-international-les-palmes-de-promojardin-a-paris\\\/\"},\"author\":{\"name\":\"system\",\"@id\":\"https:\\\/\\\/www.fitt.com\\\/fr\\\/#\\\/schema\\\/person\\\/88ed5d9863be31118f9ec9ee37f028a2\"},\"headline\":\"YOYO participe au concours international Les Palmes de Promojardin \u00e0 Paris\",\"datePublished\":\"2018-02-06T23:00:00+00:00\",\"dateModified\":\"2022-08-08T09:32:13+00:00\",\"mainEntityOfPage\":{\"@id\":\"https:\\\/\\\/www.fitt.com\\\/fr\\\/news\\\/yoyo-participe-au-concours-international-les-palmes-de-promojardin-a-paris\\\/\"},\"wordCount\":130,\"publisher\":{\"@id\":\"https:\\\/\\\/www.fitt.com\\\/fr\\\/#organization\"},\"image\":{\"@id\":\"https:\\\/\\\/www.fitt.com\\\/fr\\\/news\\\/yoyo-participe-au-concours-international-les-palmes-de-promojardin-a-paris\\\/#primaryimage\"},\"thumbnailUrl\":\"https:\\\/\\\/www.fitt.com\\\/wp-content\\\/uploads\\\/2018\\\/02\\\/FITT-promojardin-header-1600x650-1.jpg\",\"articleSection\":[\"Eventi\",\"Garden\",\"News\"],\"inLanguage\":\"fr-FR\"},{\"@type\":\"WebPage\",\"@id\":\"https:\\\/\\\/www.fitt.com\\\/fr\\\/news\\\/yoyo-participe-au-concours-international-les-palmes-de-promojardin-a-paris\\\/\",\"url\":\"https:\\\/\\\/www.fitt.com\\\/fr\\\/news\\\/yoyo-participe-au-concours-international-les-palmes-de-promojardin-a-paris\\\/\",\"name\":\"YOYO participe au concours international Les Palmes de Promojardin \u00e0 Paris - FITT\",\"isPartOf\":{\"@id\":\"https:\\\/\\\/www.fitt.com\\\/fr\\\/#website\"},\"primaryImageOfPage\":{\"@id\":\"https:\\\/\\\/www.fitt.com\\\/fr\\\/news\\\/yoyo-participe-au-concours-international-les-palmes-de-promojardin-a-paris\\\/#primaryimage\"},\"image\":{\"@id\":\"https:\\\/\\\/www.fitt.com\\\/fr\\\/news\\\/yoyo-participe-au-concours-international-les-palmes-de-promojardin-a-paris\\\/#primaryimage\"},\"thumbnailUrl\":\"https:\\\/\\\/www.fitt.com\\\/wp-content\\\/uploads\\\/2018\\\/02\\\/FITT-promojardin-header-1600x650-1.jpg\",\"datePublished\":\"2018-02-06T23:00:00+00:00\",\"dateModified\":\"2022-08-08T09:32:13+00:00\",\"breadcrumb\":{\"@id\":\"https:\\\/\\\/www.fitt.com\\\/fr\\\/news\\\/yoyo-participe-au-concours-international-les-palmes-de-promojardin-a-paris\\\/#breadcrumb\"},\"inLanguage\":\"fr-FR\",\"potentialAction\":[{\"@type\":\"ReadAction\",\"target\":[\"https:\\\/\\\/www.fitt.com\\\/fr\\\/news\\\/yoyo-participe-au-concours-international-les-palmes-de-promojardin-a-paris\\\/\"]}]},{\"@type\":\"ImageObject\",\"inLanguage\":\"fr-FR\",\"@id\":\"https:\\\/\\\/www.fitt.com\\\/fr\\\/news\\\/yoyo-participe-au-concours-international-les-palmes-de-promojardin-a-paris\\\/#primaryimage\",\"url\":\"https:\\\/\\\/www.fitt.com\\\/wp-content\\\/uploads\\\/2018\\\/02\\\/FITT-promojardin-header-1600x650-1.jpg\",\"contentUrl\":\"https:\\\/\\\/www.fitt.com\\\/wp-content\\\/uploads\\\/2018\\\/02\\\/FITT-promojardin-header-1600x650-1.jpg\",\"width\":1280,\"height\":520},{\"@type\":\"BreadcrumbList\",\"@id\":\"https:\\\/\\\/www.fitt.com\\\/fr\\\/news\\\/yoyo-participe-au-concours-international-les-palmes-de-promojardin-a-paris\\\/#breadcrumb\",\"itemListElement\":[{\"@type\":\"ListItem\",\"position\":1,\"name\":\"Home\",\"item\":\"https:\\\/\\\/www.fitt.com\\\/fr\\\/\"},{\"@type\":\"ListItem\",\"position\":2,\"name\":\"YOYO participe au concours international Les Palmes de Promojardin \u00e0 Paris\"}]},{\"@type\":\"WebSite\",\"@id\":\"https:\\\/\\\/www.fitt.com\\\/fr\\\/#website\",\"url\":\"https:\\\/\\\/www.fitt.com\\\/fr\\\/\",\"name\":\"FITT\",\"description\":\"FITT Spa\",\"publisher\":{\"@id\":\"https:\\\/\\\/www.fitt.com\\\/fr\\\/#organization\"},\"potentialAction\":[{\"@type\":\"SearchAction\",\"target\":{\"@type\":\"EntryPoint\",\"urlTemplate\":\"https:\\\/\\\/www.fitt.com\\\/fr\\\/?s={search_term_string}\"},\"query-input\":{\"@type\":\"PropertyValueSpecification\",\"valueRequired\":true,\"valueName\":\"search_term_string\"}}],\"inLanguage\":\"fr-FR\"},{\"@type\":\"Organization\",\"@id\":\"https:\\\/\\\/www.fitt.com\\\/fr\\\/#organization\",\"name\":\"Fitt SPA\",\"url\":\"https:\\\/\\\/www.fitt.com\\\/fr\\\/\",\"logo\":{\"@type\":\"ImageObject\",\"inLanguage\":\"fr-FR\",\"@id\":\"https:\\\/\\\/www.fitt.com\\\/fr\\\/#\\\/schema\\\/logo\\\/image\\\/\",\"url\":\"https:\\\/\\\/www.fitt.com\\\/wp-content\\\/uploads\\\/2022\\\/05\\\/logo-light.png\",\"contentUrl\":\"https:\\\/\\\/www.fitt.com\\\/wp-content\\\/uploads\\\/2022\\\/05\\\/logo-light.png\",\"width\":827,\"height\":508,\"caption\":\"Fitt SPA\"},\"image\":{\"@id\":\"https:\\\/\\\/www.fitt.com\\\/fr\\\/#\\\/schema\\\/logo\\\/image\\\/\"}},{\"@type\":\"Person\",\"@id\":\"https:\\\/\\\/www.fitt.com\\\/fr\\\/#\\\/schema\\\/person\\\/88ed5d9863be31118f9ec9ee37f028a2\",\"name\":\"system\",\"sameAs\":[\"https:\\\/\\\/www.fitt.com\\\/\"]}]}<\/script>\n<!-- \/ Yoast SEO Premium plugin. -->","yoast_head_json":{"title":"YOYO participe au concours international Les Palmes de Promojardin \u00e0 Paris - FITT","robots":{"index":"index","follow":"follow","max-snippet":"max-snippet:-1","max-image-preview":"max-image-preview:large","max-video-preview":"max-video-preview:-1"},"canonical":"https:\/\/www.fitt.com\/fr\/news\/yoyo-participe-au-concours-international-les-palmes-de-promojardin-a-paris\/","og_locale":"fr_FR","og_type":"article","og_title":"YOYO participe au concours international Les Palmes de Promojardin \u00e0 Paris","og_description":"\u00ab\u00a0 Dans la soir\u00e9e du lundi 5 f\u00e9vrier s\u2019est d\u00e9roul\u00e9 \u00e0 Paris l\u2019\u00e9v\u00e9nement&nbsp;Les Palmes de Promojardin&nbsp;d\u00e9di\u00e9 \u00e0 l\u2019univers du jardinage et des animaux domestiques. FITT \u00e9tait \u00e9galement pr\u00e9sent avec son spot \u00ab&nbsp;YOYO g\u00e9nial et irr\u00e9sistible&nbsp;\u00bb dans la cat\u00e9gorie Mass Media. 700 personnes ont particip\u00e9 \u00e0 cette deuxi\u00e8me \u00e9dition d\u2019un v\u00e9ritable show t\u00e9l\u00e9vis\u00e9. Le public et [&hellip;]","og_url":"https:\/\/www.fitt.com\/fr\/news\/yoyo-participe-au-concours-international-les-palmes-de-promojardin-a-paris\/","og_site_name":"FITT","article_published_time":"2018-02-06T23:00:00+00:00","article_modified_time":"2022-08-08T09:32:13+00:00","og_image":[{"width":1280,"height":520,"url":"https:\/\/www.fitt.com\/wp-content\/uploads\/2018\/02\/FITT-promojardin-header-1600x650-1.jpg","type":"image\/jpeg"}],"author":"system","twitter_card":"summary_large_image","twitter_misc":{"\u00c9crit par":"system","Dur\u00e9e de lecture estim\u00e9e":"1 minute"},"schema":{"@context":"https:\/\/schema.org","@graph":[{"@type":"Article","@id":"https:\/\/www.fitt.com\/fr\/news\/yoyo-participe-au-concours-international-les-palmes-de-promojardin-a-paris\/#article","isPartOf":{"@id":"https:\/\/www.fitt.com\/fr\/news\/yoyo-participe-au-concours-international-les-palmes-de-promojardin-a-paris\/"},"author":{"name":"system","@id":"https:\/\/www.fitt.com\/fr\/#\/schema\/person\/88ed5d9863be31118f9ec9ee37f028a2"},"headline":"YOYO participe au concours international Les Palmes de Promojardin \u00e0 Paris","datePublished":"2018-02-06T23:00:00+00:00","dateModified":"2022-08-08T09:32:13+00:00","mainEntityOfPage":{"@id":"https:\/\/www.fitt.com\/fr\/news\/yoyo-participe-au-concours-international-les-palmes-de-promojardin-a-paris\/"},"wordCount":130,"publisher":{"@id":"https:\/\/www.fitt.com\/fr\/#organization"},"image":{"@id":"https:\/\/www.fitt.com\/fr\/news\/yoyo-participe-au-concours-international-les-palmes-de-promojardin-a-paris\/#primaryimage"},"thumbnailUrl":"https:\/\/www.fitt.com\/wp-content\/uploads\/2018\/02\/FITT-promojardin-header-1600x650-1.jpg","articleSection":["Eventi","Garden","News"],"inLanguage":"fr-FR"},{"@type":"WebPage","@id":"https:\/\/www.fitt.com\/fr\/news\/yoyo-participe-au-concours-international-les-palmes-de-promojardin-a-paris\/","url":"https:\/\/www.fitt.com\/fr\/news\/yoyo-participe-au-concours-international-les-palmes-de-promojardin-a-paris\/","name":"YOYO participe au concours international Les Palmes de Promojardin \u00e0 Paris - FITT","isPartOf":{"@id":"https:\/\/www.fitt.com\/fr\/#website"},"primaryImageOfPage":{"@id":"https:\/\/www.fitt.com\/fr\/news\/yoyo-participe-au-concours-international-les-palmes-de-promojardin-a-paris\/#primaryimage"},"image":{"@id":"https:\/\/www.fitt.com\/fr\/news\/yoyo-participe-au-concours-international-les-palmes-de-promojardin-a-paris\/#primaryimage"},"thumbnailUrl":"https:\/\/www.fitt.com\/wp-content\/uploads\/2018\/02\/FITT-promojardin-header-1600x650-1.jpg","datePublished":"2018-02-06T23:00:00+00:00","dateModified":"2022-08-08T09:32:13+00:00","breadcrumb":{"@id":"https:\/\/www.fitt.com\/fr\/news\/yoyo-participe-au-concours-international-les-palmes-de-promojardin-a-paris\/#breadcrumb"},"inLanguage":"fr-FR","potentialAction":[{"@type":"ReadAction","target":["https:\/\/www.fitt.com\/fr\/news\/yoyo-participe-au-concours-international-les-palmes-de-promojardin-a-paris\/"]}]},{"@type":"ImageObject","inLanguage":"fr-FR","@id":"https:\/\/www.fitt.com\/fr\/news\/yoyo-participe-au-concours-international-les-palmes-de-promojardin-a-paris\/#primaryimage","url":"https:\/\/www.fitt.com\/wp-content\/uploads\/2018\/02\/FITT-promojardin-header-1600x650-1.jpg","contentUrl":"https:\/\/www.fitt.com\/wp-content\/uploads\/2018\/02\/FITT-promojardin-header-1600x650-1.jpg","width":1280,"height":520},{"@type":"BreadcrumbList","@id":"https:\/\/www.fitt.com\/fr\/news\/yoyo-participe-au-concours-international-les-palmes-de-promojardin-a-paris\/#breadcrumb","itemListElement":[{"@type":"ListItem","position":1,"name":"Home","item":"https:\/\/www.fitt.com\/fr\/"},{"@type":"ListItem","position":2,"name":"YOYO participe au concours international Les Palmes de Promojardin \u00e0 Paris"}]},{"@type":"WebSite","@id":"https:\/\/www.fitt.com\/fr\/#website","url":"https:\/\/www.fitt.com\/fr\/","name":"FITT","description":"FITT Spa","publisher":{"@id":"https:\/\/www.fitt.com\/fr\/#organization"},"potentialAction":[{"@type":"SearchAction","target":{"@type":"EntryPoint","urlTemplate":"https:\/\/www.fitt.com\/fr\/?s={search_term_string}"},"query-input":{"@type":"PropertyValueSpecification","valueRequired":true,"valueName":"search_term_string"}}],"inLanguage":"fr-FR"},{"@type":"Organization","@id":"https:\/\/www.fitt.com\/fr\/#organization","name":"Fitt SPA","url":"https:\/\/www.fitt.com\/fr\/","logo":{"@type":"ImageObject","inLanguage":"fr-FR","@id":"https:\/\/www.fitt.com\/fr\/#\/schema\/logo\/image\/","url":"https:\/\/www.fitt.com\/wp-content\/uploads\/2022\/05\/logo-light.png","contentUrl":"https:\/\/www.fitt.com\/wp-content\/uploads\/2022\/05\/logo-light.png","width":827,"height":508,"caption":"Fitt SPA"},"image":{"@id":"https:\/\/www.fitt.com\/fr\/#\/schema\/logo\/image\/"}},{"@type":"Person","@id":"https:\/\/www.fitt.com\/fr\/#\/schema\/person\/88ed5d9863be31118f9ec9ee37f028a2","name":"system","sameAs":["https:\/\/www.fitt.com\/"]}]}},"_links":{"self":[{"href":"https:\/\/www.fitt.com\/fr\/wp-json\/wp\/v2\/posts\/15009","targetHints":{"allow":["GET"]}}],"collection":[{"href":"https:\/\/www.fitt.com\/fr\/wp-json\/wp\/v2\/posts"}],"about":[{"href":"https:\/\/www.fitt.com\/fr\/wp-json\/wp\/v2\/types\/post"}],"author":[{"embeddable":true,"href":"https:\/\/www.fitt.com\/fr\/wp-json\/wp\/v2\/users\/1"}],"replies":[{"embeddable":true,"href":"https:\/\/www.fitt.com\/fr\/wp-json\/wp\/v2\/comments?post=15009"}],"version-history":[{"count":1,"href":"https:\/\/www.fitt.com\/fr\/wp-json\/wp\/v2\/posts\/15009\/revisions"}],"predecessor-version":[{"id":15010,"href":"https:\/\/www.fitt.com\/fr\/wp-json\/wp\/v2\/posts\/15009\/revisions\/15010"}],"wp:featuredmedia":[{"embeddable":true,"href":"https:\/\/www.fitt.com\/fr\/wp-json\/wp\/v2\/media\/13481"}],"wp:attachment":[{"href":"https:\/\/www.fitt.com\/fr\/wp-json\/wp\/v2\/media?parent=15009"}],"wp:term":[{"taxonomy":"category","embeddable":true,"href":"https:\/\/www.fitt.com\/fr\/wp-json\/wp\/v2\/categories?post=15009"},{"taxonomy":"post_tag","embeddable":true,"href":"https:\/\/www.fitt.com\/fr\/wp-json\/wp\/v2\/tags?post=15009"}],"curies":[{"name":"wp","href":"https:\/\/api.w.org\/{rel}","templated":true}]}}