{"id":15001,"date":"2018-02-20T00:00:00","date_gmt":"2018-02-19T23:00:00","guid":{"rendered":"https:\/\/www.fitt.com\/news\/alessandro-mezzalira-ceo-di-fitt-allo-speciale-top-500\/"},"modified":"2022-08-08T11:24:52","modified_gmt":"2022-08-08T09:24:52","slug":"le-pdg-de-fitt-alessandro-mezzalira-invite-du-numero-special-top-500","status":"publish","type":"post","link":"https:\/\/www.fitt.com\/fr\/news\/le-pdg-de-fitt-alessandro-mezzalira-invite-du-numero-special-top-500\/","title":{"rendered":"Le PDG de FITT, Alessandro Mezzalira, invit\u00e9 du num\u00e9ro sp\u00e9cial TOP 500"},"content":{"rendered":"<div class='custom_gallery' data-module='gallery-modal'>\n<div class='outside-gallery-container row'>\n<div class='col-md-4 col-sm-6 btn-modal'>\n<div class='image-container' data-index='0'>\n<img decoding=\"async\" src=\"https:\/\/www.fitt.com\/wp-content\/uploads\/2018\/02\/FITT-Top500-Cuoa-Interna.jpg\"><\/div>\n<\/div>\n<\/div>\n\n      <div class=\"ud_modal modal-js js_gallery\">\n        <div class=\"box\">\n          <div class=\"btn-close\">\n            <span class=\"icon-close\">\n              <svg viewBox=\"0 0 27 27\" xmlns=\"http:\/\/www.w3.org\/2000\/svg\">\n                <rect id=\"rect-1\" x=\"2.25146\" y=\"0.129944\" width=\"35\" height=\"3\" rx=\"1.5\" transform=\"rotate(45 2.25146 0.129944)\"\/>\n                <rect id=\"rect-2\" width=\"35\" height=\"3\" rx=\"1.5\" transform=\"matrix(-0.707107 0.707107 0.707107 0.707107 24.8135 0.0649719)\"\/>\n              <\/svg>\n            <\/span>\n          <\/div>\n          <div class=\"content mx-md-n32\">\n            <div class=\"slider\">\n              <div class=\"swiper-wrapper\">\n                <div class='swiper-slide'>\n<img decoding=\"async\" src=\"https:\/\/www.fitt.com\/wp-content\/uploads\/2018\/02\/FITT-Top500-Cuoa-Interna.jpg\"><\/div>\n\n              <\/div>\n            <\/div>\n          <\/div>\n\n          <div class=\"ud_slider__nav--prev\">\n            <svg fill=\"none\" height=\"20\" viewBox=\"0 0 14 20\" width=\"14\" xmlns=\"http:\/\/www.w3.org\/2000\/svg\">\n              <path d=\"m12.9706 9.20759c.52.40031.52 1.18451 0 1.58481l-10.8606 8.3605c-.65757.5062-1.609999.0375-1.609999-.7924l-.000001-16.72102c0-.829843.95243-1.298607 1.60999-.79241z\" fill=\"#000\"><\/path>\n            <\/svg>\n          <\/div>\n          <div class=\"ud_slider__nav--next\">\n            <svg fill=\"none\" height=\"20\" viewBox=\"0 0 14 20\" width=\"14\" xmlns=\"http:\/\/www.w3.org\/2000\/svg\">\n              <path d=\"m12.9706 9.20759c.52.40031.52 1.18451 0 1.58481l-10.8606 8.3605c-.65757.5062-1.609999.0375-1.609999-.7924l-.000001-16.72102c0-.829843.95243-1.298607 1.60999-.79241z\" fill=\"#000\"><\/path>\n            <\/svg>\n          <\/div>\n        <\/div>\n      <\/div>\n    <\/div>\n<p>\u00ab\u00a0<\/p>\n<p><strong>\u00abL\u2019industrie de la province de Vicenza est en mouvement&nbsp;\u00bb<\/strong>. Tel est le titre du num\u00e9ro&nbsp;<strong>sp\u00e9cial TOP 500<\/strong>&nbsp;d\u00e9di\u00e9 aux&nbsp;<strong>entreprises qui r\u00e9alisent le meilleur chiffre d\u2019affaires<\/strong>, publi\u00e9 aujourd\u2019hui par le&nbsp;<strong>Giornale di Vicenza<\/strong>&nbsp;et pr\u00e9sent\u00e9 hier apr\u00e8s-midi \u00e0 la&nbsp;<strong><a href=\"\"https:\/\/www.cuoa.it\/ita\/\"\" rel=\"\"noopener\"\" target=\"\"_blank\"\">CUOA Business School<\/a>&nbsp;<\/strong>d\u2019Altavilla.<\/p>\n<p>Un tableau qui d\u00e9peint les grands acteurs du retour et de la consolidation&nbsp;<strong>d\u2019une reprise \u00e9conomique strat\u00e9gique et solide<\/strong>, qui ne se base pas exclusivement sur les chiffres d\u2019affaires mais plut\u00f4t sur une croissance de la valeur des activit\u00e9s des entreprises, comme le d\u00e9montrent les indicateurs EBITDA relatifs aux revenus d\u2019exploitation des entreprises.<\/p>\n<p>L\u2019\u00e9tude r\u00e9alis\u00e9e par le&nbsp;<strong>D\u00e9partement d\u2019\u00c9conomie d\u2019Entreprise de l\u2019Universit\u00e9 de V\u00e9rone<\/strong>&nbsp;et par le r\u00e9seau professionnel&nbsp;<a href=\"\"https:\/\/www.pwc.com\/it\/it.html\"\" rel=\"\"noopener\"\" target=\"\"_blank\"\"><strong>PwC<\/strong>&nbsp;<\/a>s\u2019est bas\u00e9e sur pas moins de&nbsp;<strong>15&nbsp;000 entreprises du territoire<\/strong>&nbsp;et a r\u00e9v\u00e9l\u00e9 une stabilisation de la tendance de&nbsp;<strong>croissance<\/strong>&nbsp;\u00e0&nbsp;<strong>2,7&nbsp;%<\/strong>. Il en ressort&nbsp;<strong>trois facteurs cl\u00e9s&nbsp;<\/strong>qui participent le plus \u00e0 la croissance&nbsp;:&nbsp;<strong>haute technologie, savoir-faire industriel et design<\/strong>, des domaines innovants qui attirent de plus en plus d\u2019investissements, r\u00e9v\u00e9lant ainsi, en comparaison avec le pass\u00e9, une plus grande tendance \u00e0 oser faire face aux risques de l\u2019entreprise.<\/p>\n<p>Un autre facteur de croissance commun est&nbsp;<strong>l\u2019exportation<\/strong>&nbsp;qui constitue une \u00e9tape dans le processus d\u2019internationalisation des entreprises. Les entreprises commencent \u00e0 s\u2019imposer sur les march\u00e9s \u00e9trangers, avec des pr\u00e9sences fortes et consolid\u00e9es (pr\u00e9sences directes avec des soci\u00e9t\u00e9s partenaires sur place ou des distributeurs commerciaux leur appartenant), chose qu\u2019il ne faut surtout pas confondre avec la d\u00e9localisation.<\/p>\n<p>\u00c0 l\u2019occasion de la&nbsp;<strong>table ronde<\/strong>&nbsp;anim\u00e9e par le&nbsp;<strong>journaliste Marino Smiderle<\/strong>, les intervenants ont \u00e9t\u00e9 invit\u00e9s \u00e0 raconter leur strat\u00e9gie de croissance, mettant en \u00e9vidence diff\u00e9rentes priorit\u00e9s qu\u2019ils partagent tous.<\/p>\n<p>Le&nbsp;<strong>PDG de FITT, Alessandro Mezzalira,<\/strong>&nbsp;a mis l\u2019accent sur le parcours de construction de la&nbsp;<strong>Vision<\/strong>&nbsp;de son entreprise, qui s\u2019est accompagn\u00e9 de la d\u00e9cision de mettre momentan\u00e9ment au deuxi\u00e8me plan le chiffre d\u2019affaires d\u2019ordinaire central, en vertu d\u2019<strong>une transformation cultiv\u00e9e<\/strong>, focalis\u00e9e sur les individus et les nouveaux talents, en choisissant de coop\u00e9rer avec le monde de l\u2019Universit\u00e9 et de la Recherche. Un&nbsp;<strong>futur diff\u00e9rent et visionnaire<\/strong>&nbsp;dont la fondation r\u00e9side dans la d\u00e9cision de devenir une marque sur les march\u00e9s de r\u00e9f\u00e9rence.&nbsp;<strong>&nbsp;<\/strong><\/p>\n<p><strong>Mauro Fanin de Cereal Docks<\/strong>&nbsp;a soulign\u00e9 l\u2019importance d\u2019une structure de direction au sein de laquelle le&nbsp;<strong>pouvoir de d\u00e9cision est partag\u00e9<\/strong>, conscient du fait qu\u2019une seule personne ne peut pas diriger une entreprise.<\/p>\n<p>Le&nbsp;<strong>Directeur scientifique D\u00e9partement Entrepreneuriat de la CUOA, Paolo Gubitta,<\/strong>&nbsp;a termin\u00e9 la s\u00e9rie d\u2019interventions en parlant d\u2019<strong>employer branding<\/strong>&nbsp;et de la n\u00e9cessit\u00e9 de savoir accueillir la&nbsp;<strong>G\u00e9n\u00e9ration Y<\/strong>&nbsp;au sein des entreprises en proposant un syst\u00e8me d\u00e9barrass\u00e9 des logiques hi\u00e9rarchique et visant \u00e0 \u00e9quilibrer les rapports entre l\u2019exp\u00e9rience et les connaissances innovantes des nouveaux leviers.<\/p>\n<p>Demain 21 f\u00e9vrier, vous trouverez \u00e0 l\u2019int\u00e9rieur du Giornale di Vicenza un num\u00e9ro sp\u00e9cial de huit pages destin\u00e9 \u00e0 approfondir les th\u00e8mes abord\u00e9s.<\/p>\n<p>\u00a0\u00bb<\/p>\n","protected":false},"excerpt":{"rendered":"<p>\u00ab\u00a0 \u00abL\u2019industrie de la province de Vicenza est en mouvement&nbsp;\u00bb. Tel est le titre du num\u00e9ro&nbsp;sp\u00e9cial TOP 500&nbsp;d\u00e9di\u00e9 aux&nbsp;entreprises qui r\u00e9alisent le meilleur chiffre d\u2019affaires, publi\u00e9 aujourd\u2019hui par le&nbsp;Giornale di Vicenza&nbsp;et pr\u00e9sent\u00e9 hier apr\u00e8s-midi \u00e0 la&nbsp;CUOA Business School&nbsp;d\u2019Altavilla. Un tableau qui d\u00e9peint les grands acteurs du retour et de la consolidation&nbsp;d\u2019une reprise \u00e9conomique strat\u00e9gique et [&hellip;]<\/p>\n","protected":false},"author":1,"featured_media":13459,"comment_status":"closed","ping_status":"open","sticky":false,"template":"","format":"standard","meta":{"_acf_changed":false,"footnotes":""},"categories":[364],"tags":[],"class_list":["post-15001","post","type-post","status-publish","format-standard","has-post-thumbnail","hentry","category-news-fr"],"acf":[],"yoast_head":"<!-- This site is optimized with the Yoast SEO Premium plugin v24.1 (Yoast SEO v27.3) - https:\/\/yoast.com\/product\/yoast-seo-premium-wordpress\/ -->\n<title>Le PDG de FITT, Alessandro Mezzalira, invit\u00e9 du num\u00e9ro sp\u00e9cial TOP 500 - FITT<\/title>\n<meta name=\"robots\" content=\"index, follow, max-snippet:-1, max-image-preview:large, max-video-preview:-1\" \/>\n<link rel=\"canonical\" href=\"https:\/\/www.fitt.com\/fr\/news\/le-pdg-de-fitt-alessandro-mezzalira-invite-du-numero-special-top-500\/\" \/>\n<meta property=\"og:locale\" content=\"fr_FR\" \/>\n<meta property=\"og:type\" content=\"article\" \/>\n<meta property=\"og:title\" content=\"Le PDG de FITT, Alessandro Mezzalira, invit\u00e9 du num\u00e9ro sp\u00e9cial TOP 500\" \/>\n<meta property=\"og:description\" content=\"\u00ab\u00a0 \u00abL\u2019industrie de la province de Vicenza est en mouvement&nbsp;\u00bb. Tel est le titre du num\u00e9ro&nbsp;sp\u00e9cial TOP 500&nbsp;d\u00e9di\u00e9 aux&nbsp;entreprises qui r\u00e9alisent le meilleur chiffre d\u2019affaires, publi\u00e9 aujourd\u2019hui par le&nbsp;Giornale di Vicenza&nbsp;et pr\u00e9sent\u00e9 hier apr\u00e8s-midi \u00e0 la&nbsp;CUOA Business School&nbsp;d\u2019Altavilla. Un tableau qui d\u00e9peint les grands acteurs du retour et de la consolidation&nbsp;d\u2019une reprise \u00e9conomique strat\u00e9gique et [&hellip;]\" \/>\n<meta property=\"og:url\" content=\"https:\/\/www.fitt.com\/fr\/news\/le-pdg-de-fitt-alessandro-mezzalira-invite-du-numero-special-top-500\/\" \/>\n<meta property=\"og:site_name\" content=\"FITT\" \/>\n<meta property=\"article:published_time\" content=\"2018-02-19T23:00:00+00:00\" \/>\n<meta property=\"article:modified_time\" content=\"2022-08-08T09:24:52+00:00\" \/>\n<meta property=\"og:image\" content=\"https:\/\/www.fitt.com\/wp-content\/uploads\/2018\/02\/FITT-Top500-Cuoa-Header-1600x650-1.jpg\" \/>\n\t<meta property=\"og:image:width\" content=\"1280\" \/>\n\t<meta property=\"og:image:height\" content=\"520\" \/>\n\t<meta property=\"og:image:type\" content=\"image\/jpeg\" \/>\n<meta name=\"author\" content=\"system\" \/>\n<meta name=\"twitter:card\" content=\"summary_large_image\" \/>\n<meta name=\"twitter:label1\" content=\"\u00c9crit par\" \/>\n\t<meta name=\"twitter:data1\" content=\"system\" \/>\n\t<meta name=\"twitter:label2\" content=\"Dur\u00e9e de lecture estim\u00e9e\" \/>\n\t<meta name=\"twitter:data2\" content=\"3 minutes\" \/>\n<script type=\"application\/ld+json\" class=\"yoast-schema-graph\">{\"@context\":\"https:\\\/\\\/schema.org\",\"@graph\":[{\"@type\":\"Article\",\"@id\":\"https:\\\/\\\/www.fitt.com\\\/fr\\\/news\\\/le-pdg-de-fitt-alessandro-mezzalira-invite-du-numero-special-top-500\\\/#article\",\"isPartOf\":{\"@id\":\"https:\\\/\\\/www.fitt.com\\\/fr\\\/news\\\/le-pdg-de-fitt-alessandro-mezzalira-invite-du-numero-special-top-500\\\/\"},\"author\":{\"name\":\"system\",\"@id\":\"https:\\\/\\\/www.fitt.com\\\/fr\\\/#\\\/schema\\\/person\\\/88ed5d9863be31118f9ec9ee37f028a2\"},\"headline\":\"Le PDG de FITT, Alessandro Mezzalira, invit\u00e9 du num\u00e9ro sp\u00e9cial TOP 500\",\"datePublished\":\"2018-02-19T23:00:00+00:00\",\"dateModified\":\"2022-08-08T09:24:52+00:00\",\"mainEntityOfPage\":{\"@id\":\"https:\\\/\\\/www.fitt.com\\\/fr\\\/news\\\/le-pdg-de-fitt-alessandro-mezzalira-invite-du-numero-special-top-500\\\/\"},\"wordCount\":609,\"publisher\":{\"@id\":\"https:\\\/\\\/www.fitt.com\\\/fr\\\/#organization\"},\"image\":{\"@id\":\"https:\\\/\\\/www.fitt.com\\\/fr\\\/news\\\/le-pdg-de-fitt-alessandro-mezzalira-invite-du-numero-special-top-500\\\/#primaryimage\"},\"thumbnailUrl\":\"https:\\\/\\\/www.fitt.com\\\/wp-content\\\/uploads\\\/2018\\\/02\\\/FITT-Top500-Cuoa-Header-1600x650-1.jpg\",\"articleSection\":[\"News\"],\"inLanguage\":\"fr-FR\"},{\"@type\":\"WebPage\",\"@id\":\"https:\\\/\\\/www.fitt.com\\\/fr\\\/news\\\/le-pdg-de-fitt-alessandro-mezzalira-invite-du-numero-special-top-500\\\/\",\"url\":\"https:\\\/\\\/www.fitt.com\\\/fr\\\/news\\\/le-pdg-de-fitt-alessandro-mezzalira-invite-du-numero-special-top-500\\\/\",\"name\":\"Le PDG de FITT, Alessandro Mezzalira, invit\u00e9 du num\u00e9ro sp\u00e9cial TOP 500 - FITT\",\"isPartOf\":{\"@id\":\"https:\\\/\\\/www.fitt.com\\\/fr\\\/#website\"},\"primaryImageOfPage\":{\"@id\":\"https:\\\/\\\/www.fitt.com\\\/fr\\\/news\\\/le-pdg-de-fitt-alessandro-mezzalira-invite-du-numero-special-top-500\\\/#primaryimage\"},\"image\":{\"@id\":\"https:\\\/\\\/www.fitt.com\\\/fr\\\/news\\\/le-pdg-de-fitt-alessandro-mezzalira-invite-du-numero-special-top-500\\\/#primaryimage\"},\"thumbnailUrl\":\"https:\\\/\\\/www.fitt.com\\\/wp-content\\\/uploads\\\/2018\\\/02\\\/FITT-Top500-Cuoa-Header-1600x650-1.jpg\",\"datePublished\":\"2018-02-19T23:00:00+00:00\",\"dateModified\":\"2022-08-08T09:24:52+00:00\",\"breadcrumb\":{\"@id\":\"https:\\\/\\\/www.fitt.com\\\/fr\\\/news\\\/le-pdg-de-fitt-alessandro-mezzalira-invite-du-numero-special-top-500\\\/#breadcrumb\"},\"inLanguage\":\"fr-FR\",\"potentialAction\":[{\"@type\":\"ReadAction\",\"target\":[\"https:\\\/\\\/www.fitt.com\\\/fr\\\/news\\\/le-pdg-de-fitt-alessandro-mezzalira-invite-du-numero-special-top-500\\\/\"]}]},{\"@type\":\"ImageObject\",\"inLanguage\":\"fr-FR\",\"@id\":\"https:\\\/\\\/www.fitt.com\\\/fr\\\/news\\\/le-pdg-de-fitt-alessandro-mezzalira-invite-du-numero-special-top-500\\\/#primaryimage\",\"url\":\"https:\\\/\\\/www.fitt.com\\\/wp-content\\\/uploads\\\/2018\\\/02\\\/FITT-Top500-Cuoa-Header-1600x650-1.jpg\",\"contentUrl\":\"https:\\\/\\\/www.fitt.com\\\/wp-content\\\/uploads\\\/2018\\\/02\\\/FITT-Top500-Cuoa-Header-1600x650-1.jpg\",\"width\":1280,\"height\":520},{\"@type\":\"BreadcrumbList\",\"@id\":\"https:\\\/\\\/www.fitt.com\\\/fr\\\/news\\\/le-pdg-de-fitt-alessandro-mezzalira-invite-du-numero-special-top-500\\\/#breadcrumb\",\"itemListElement\":[{\"@type\":\"ListItem\",\"position\":1,\"name\":\"Home\",\"item\":\"https:\\\/\\\/www.fitt.com\\\/fr\\\/\"},{\"@type\":\"ListItem\",\"position\":2,\"name\":\"Le PDG de FITT, Alessandro Mezzalira, invit\u00e9 du num\u00e9ro sp\u00e9cial TOP 500\"}]},{\"@type\":\"WebSite\",\"@id\":\"https:\\\/\\\/www.fitt.com\\\/fr\\\/#website\",\"url\":\"https:\\\/\\\/www.fitt.com\\\/fr\\\/\",\"name\":\"FITT\",\"description\":\"FITT Spa\",\"publisher\":{\"@id\":\"https:\\\/\\\/www.fitt.com\\\/fr\\\/#organization\"},\"potentialAction\":[{\"@type\":\"SearchAction\",\"target\":{\"@type\":\"EntryPoint\",\"urlTemplate\":\"https:\\\/\\\/www.fitt.com\\\/fr\\\/?s={search_term_string}\"},\"query-input\":{\"@type\":\"PropertyValueSpecification\",\"valueRequired\":true,\"valueName\":\"search_term_string\"}}],\"inLanguage\":\"fr-FR\"},{\"@type\":\"Organization\",\"@id\":\"https:\\\/\\\/www.fitt.com\\\/fr\\\/#organization\",\"name\":\"Fitt SPA\",\"url\":\"https:\\\/\\\/www.fitt.com\\\/fr\\\/\",\"logo\":{\"@type\":\"ImageObject\",\"inLanguage\":\"fr-FR\",\"@id\":\"https:\\\/\\\/www.fitt.com\\\/fr\\\/#\\\/schema\\\/logo\\\/image\\\/\",\"url\":\"https:\\\/\\\/www.fitt.com\\\/wp-content\\\/uploads\\\/2022\\\/05\\\/logo-light.png\",\"contentUrl\":\"https:\\\/\\\/www.fitt.com\\\/wp-content\\\/uploads\\\/2022\\\/05\\\/logo-light.png\",\"width\":827,\"height\":508,\"caption\":\"Fitt SPA\"},\"image\":{\"@id\":\"https:\\\/\\\/www.fitt.com\\\/fr\\\/#\\\/schema\\\/logo\\\/image\\\/\"}},{\"@type\":\"Person\",\"@id\":\"https:\\\/\\\/www.fitt.com\\\/fr\\\/#\\\/schema\\\/person\\\/88ed5d9863be31118f9ec9ee37f028a2\",\"name\":\"system\",\"sameAs\":[\"https:\\\/\\\/www.fitt.com\\\/\"]}]}<\/script>\n<!-- \/ Yoast SEO Premium plugin. -->","yoast_head_json":{"title":"Le PDG de FITT, Alessandro Mezzalira, invit\u00e9 du num\u00e9ro sp\u00e9cial TOP 500 - FITT","robots":{"index":"index","follow":"follow","max-snippet":"max-snippet:-1","max-image-preview":"max-image-preview:large","max-video-preview":"max-video-preview:-1"},"canonical":"https:\/\/www.fitt.com\/fr\/news\/le-pdg-de-fitt-alessandro-mezzalira-invite-du-numero-special-top-500\/","og_locale":"fr_FR","og_type":"article","og_title":"Le PDG de FITT, Alessandro Mezzalira, invit\u00e9 du num\u00e9ro sp\u00e9cial TOP 500","og_description":"\u00ab\u00a0 \u00abL\u2019industrie de la province de Vicenza est en mouvement&nbsp;\u00bb. Tel est le titre du num\u00e9ro&nbsp;sp\u00e9cial TOP 500&nbsp;d\u00e9di\u00e9 aux&nbsp;entreprises qui r\u00e9alisent le meilleur chiffre d\u2019affaires, publi\u00e9 aujourd\u2019hui par le&nbsp;Giornale di Vicenza&nbsp;et pr\u00e9sent\u00e9 hier apr\u00e8s-midi \u00e0 la&nbsp;CUOA Business School&nbsp;d\u2019Altavilla. Un tableau qui d\u00e9peint les grands acteurs du retour et de la consolidation&nbsp;d\u2019une reprise \u00e9conomique strat\u00e9gique et [&hellip;]","og_url":"https:\/\/www.fitt.com\/fr\/news\/le-pdg-de-fitt-alessandro-mezzalira-invite-du-numero-special-top-500\/","og_site_name":"FITT","article_published_time":"2018-02-19T23:00:00+00:00","article_modified_time":"2022-08-08T09:24:52+00:00","og_image":[{"width":1280,"height":520,"url":"https:\/\/www.fitt.com\/wp-content\/uploads\/2018\/02\/FITT-Top500-Cuoa-Header-1600x650-1.jpg","type":"image\/jpeg"}],"author":"system","twitter_card":"summary_large_image","twitter_misc":{"\u00c9crit par":"system","Dur\u00e9e de lecture estim\u00e9e":"3 minutes"},"schema":{"@context":"https:\/\/schema.org","@graph":[{"@type":"Article","@id":"https:\/\/www.fitt.com\/fr\/news\/le-pdg-de-fitt-alessandro-mezzalira-invite-du-numero-special-top-500\/#article","isPartOf":{"@id":"https:\/\/www.fitt.com\/fr\/news\/le-pdg-de-fitt-alessandro-mezzalira-invite-du-numero-special-top-500\/"},"author":{"name":"system","@id":"https:\/\/www.fitt.com\/fr\/#\/schema\/person\/88ed5d9863be31118f9ec9ee37f028a2"},"headline":"Le PDG de FITT, Alessandro Mezzalira, invit\u00e9 du num\u00e9ro sp\u00e9cial TOP 500","datePublished":"2018-02-19T23:00:00+00:00","dateModified":"2022-08-08T09:24:52+00:00","mainEntityOfPage":{"@id":"https:\/\/www.fitt.com\/fr\/news\/le-pdg-de-fitt-alessandro-mezzalira-invite-du-numero-special-top-500\/"},"wordCount":609,"publisher":{"@id":"https:\/\/www.fitt.com\/fr\/#organization"},"image":{"@id":"https:\/\/www.fitt.com\/fr\/news\/le-pdg-de-fitt-alessandro-mezzalira-invite-du-numero-special-top-500\/#primaryimage"},"thumbnailUrl":"https:\/\/www.fitt.com\/wp-content\/uploads\/2018\/02\/FITT-Top500-Cuoa-Header-1600x650-1.jpg","articleSection":["News"],"inLanguage":"fr-FR"},{"@type":"WebPage","@id":"https:\/\/www.fitt.com\/fr\/news\/le-pdg-de-fitt-alessandro-mezzalira-invite-du-numero-special-top-500\/","url":"https:\/\/www.fitt.com\/fr\/news\/le-pdg-de-fitt-alessandro-mezzalira-invite-du-numero-special-top-500\/","name":"Le PDG de FITT, Alessandro Mezzalira, invit\u00e9 du num\u00e9ro sp\u00e9cial TOP 500 - FITT","isPartOf":{"@id":"https:\/\/www.fitt.com\/fr\/#website"},"primaryImageOfPage":{"@id":"https:\/\/www.fitt.com\/fr\/news\/le-pdg-de-fitt-alessandro-mezzalira-invite-du-numero-special-top-500\/#primaryimage"},"image":{"@id":"https:\/\/www.fitt.com\/fr\/news\/le-pdg-de-fitt-alessandro-mezzalira-invite-du-numero-special-top-500\/#primaryimage"},"thumbnailUrl":"https:\/\/www.fitt.com\/wp-content\/uploads\/2018\/02\/FITT-Top500-Cuoa-Header-1600x650-1.jpg","datePublished":"2018-02-19T23:00:00+00:00","dateModified":"2022-08-08T09:24:52+00:00","breadcrumb":{"@id":"https:\/\/www.fitt.com\/fr\/news\/le-pdg-de-fitt-alessandro-mezzalira-invite-du-numero-special-top-500\/#breadcrumb"},"inLanguage":"fr-FR","potentialAction":[{"@type":"ReadAction","target":["https:\/\/www.fitt.com\/fr\/news\/le-pdg-de-fitt-alessandro-mezzalira-invite-du-numero-special-top-500\/"]}]},{"@type":"ImageObject","inLanguage":"fr-FR","@id":"https:\/\/www.fitt.com\/fr\/news\/le-pdg-de-fitt-alessandro-mezzalira-invite-du-numero-special-top-500\/#primaryimage","url":"https:\/\/www.fitt.com\/wp-content\/uploads\/2018\/02\/FITT-Top500-Cuoa-Header-1600x650-1.jpg","contentUrl":"https:\/\/www.fitt.com\/wp-content\/uploads\/2018\/02\/FITT-Top500-Cuoa-Header-1600x650-1.jpg","width":1280,"height":520},{"@type":"BreadcrumbList","@id":"https:\/\/www.fitt.com\/fr\/news\/le-pdg-de-fitt-alessandro-mezzalira-invite-du-numero-special-top-500\/#breadcrumb","itemListElement":[{"@type":"ListItem","position":1,"name":"Home","item":"https:\/\/www.fitt.com\/fr\/"},{"@type":"ListItem","position":2,"name":"Le PDG de FITT, Alessandro Mezzalira, invit\u00e9 du num\u00e9ro sp\u00e9cial TOP 500"}]},{"@type":"WebSite","@id":"https:\/\/www.fitt.com\/fr\/#website","url":"https:\/\/www.fitt.com\/fr\/","name":"FITT","description":"FITT Spa","publisher":{"@id":"https:\/\/www.fitt.com\/fr\/#organization"},"potentialAction":[{"@type":"SearchAction","target":{"@type":"EntryPoint","urlTemplate":"https:\/\/www.fitt.com\/fr\/?s={search_term_string}"},"query-input":{"@type":"PropertyValueSpecification","valueRequired":true,"valueName":"search_term_string"}}],"inLanguage":"fr-FR"},{"@type":"Organization","@id":"https:\/\/www.fitt.com\/fr\/#organization","name":"Fitt SPA","url":"https:\/\/www.fitt.com\/fr\/","logo":{"@type":"ImageObject","inLanguage":"fr-FR","@id":"https:\/\/www.fitt.com\/fr\/#\/schema\/logo\/image\/","url":"https:\/\/www.fitt.com\/wp-content\/uploads\/2022\/05\/logo-light.png","contentUrl":"https:\/\/www.fitt.com\/wp-content\/uploads\/2022\/05\/logo-light.png","width":827,"height":508,"caption":"Fitt SPA"},"image":{"@id":"https:\/\/www.fitt.com\/fr\/#\/schema\/logo\/image\/"}},{"@type":"Person","@id":"https:\/\/www.fitt.com\/fr\/#\/schema\/person\/88ed5d9863be31118f9ec9ee37f028a2","name":"system","sameAs":["https:\/\/www.fitt.com\/"]}]}},"_links":{"self":[{"href":"https:\/\/www.fitt.com\/fr\/wp-json\/wp\/v2\/posts\/15001","targetHints":{"allow":["GET"]}}],"collection":[{"href":"https:\/\/www.fitt.com\/fr\/wp-json\/wp\/v2\/posts"}],"about":[{"href":"https:\/\/www.fitt.com\/fr\/wp-json\/wp\/v2\/types\/post"}],"author":[{"embeddable":true,"href":"https:\/\/www.fitt.com\/fr\/wp-json\/wp\/v2\/users\/1"}],"replies":[{"embeddable":true,"href":"https:\/\/www.fitt.com\/fr\/wp-json\/wp\/v2\/comments?post=15001"}],"version-history":[{"count":1,"href":"https:\/\/www.fitt.com\/fr\/wp-json\/wp\/v2\/posts\/15001\/revisions"}],"predecessor-version":[{"id":15002,"href":"https:\/\/www.fitt.com\/fr\/wp-json\/wp\/v2\/posts\/15001\/revisions\/15002"}],"wp:featuredmedia":[{"embeddable":true,"href":"https:\/\/www.fitt.com\/fr\/wp-json\/wp\/v2\/media\/13459"}],"wp:attachment":[{"href":"https:\/\/www.fitt.com\/fr\/wp-json\/wp\/v2\/media?parent=15001"}],"wp:term":[{"taxonomy":"category","embeddable":true,"href":"https:\/\/www.fitt.com\/fr\/wp-json\/wp\/v2\/categories?post=15001"},{"taxonomy":"post_tag","embeddable":true,"href":"https:\/\/www.fitt.com\/fr\/wp-json\/wp\/v2\/tags?post=15001"}],"curies":[{"name":"wp","href":"https:\/\/api.w.org\/{rel}","templated":true}]}}