{"id":14983,"date":"2018-03-21T00:00:00","date_gmt":"2018-03-20T23:00:00","guid":{"rendered":"https:\/\/www.fitt.com\/news\/aspettando-la-fiera-jdc-di-marsiglia\/"},"modified":"2022-08-08T10:40:09","modified_gmt":"2022-08-08T08:40:09","slug":"en-attendant-le-salon-jdc-de-marseille","status":"publish","type":"post","link":"https:\/\/www.fitt.com\/fr\/news\/en-attendant-le-salon-jdc-de-marseille\/","title":{"rendered":"En attendant le salon JdC de Marseille"},"content":{"rendered":"<p>\u00ab\u00a0<\/p>\n<p>Du&nbsp;<strong>10 au 12 avril<\/strong>&nbsp;\u00e0 l\u2019int\u00e9rieur du parc des expositions&nbsp;<strong>Chanot de Marseille<\/strong>&nbsp;aura lieu la&nbsp;<a href=\"\"http:\/\/www.journeesdescollections.com\/\"\" rel=\"\"noopener\"\" target=\"\"_blank\"\"><strong>seizi\u00e8me \u00e9dition du salon JdC<\/strong><\/a>&nbsp;o\u00f9 FITT sera pr\u00e9sente avec&nbsp;<a href=\"\"https:\/\/www.yoyotuyauextensible.fr\/\"\"><strong>YOYO<\/strong><\/a>&nbsp;et la&nbsp;<strong>nouvelle gamme&nbsp;<\/strong><a href=\"\"https:\/\/www.fitt.com\/fr\/solutions-pour-le-jardinage-et-les-loisirs\/systeme-nts\"\" rel=\"\"noopener\"\" target=\"\"_blank\"\"><strong>NTS<\/strong><\/a><strong>.<\/strong><\/p>\n<p>Les Journ\u00e9es des Collections sont un rendez-vous unique en Europe pour d\u00e9couvrir les innovations du secteur&nbsp;<strong>Jardin, Plein air et Am\u00e9nagement ext\u00e9rieur.<\/strong>&nbsp;Plus de&nbsp;<strong>350 exposants et 2800 nouveaux produits<\/strong>&nbsp;sont pr\u00e9vus dans un programme riche en propositions et \u00e9v\u00e9nements.<\/p>\n<p>Nous rappelons que YOYO participera au&nbsp;<strong>Prix des Collections Jardin 2019, dans la cat\u00e9gorie Jardin Urbain,<\/strong>&nbsp;pr\u00e9sid\u00e9 par un jury form\u00e9 d\u2019acheteurs de la cha\u00eene Truffaut. Le&nbsp;<strong>r\u00e9sultat&nbsp;<\/strong>du concours sera communiqu\u00e9 le mercredi&nbsp;<strong>11 avril<\/strong>&nbsp;pendant le salon.<\/p>\n<p>FITT sera pr\u00e9sente sur le&nbsp;<strong>stand P20<\/strong>, avec YOYO et le nouveau No Torsion System (<strong>NTS<\/strong>) qui assure au tuyau une grande mall\u00e9abilit\u00e9 et une utilisation facile, emp\u00eachant la formation de n\u0153uds et de torsions et&nbsp;<strong>garantissant<\/strong>&nbsp;<strong>un flux d\u2019eau continu.<\/strong><\/p>\n<p>\u00a0\u00bb<\/p>\n","protected":false},"excerpt":{"rendered":"<p>\u00ab\u00a0 Du&nbsp;10 au 12 avril&nbsp;\u00e0 l\u2019int\u00e9rieur du parc des expositions&nbsp;Chanot de Marseille&nbsp;aura lieu la&nbsp;seizi\u00e8me \u00e9dition du salon JdC&nbsp;o\u00f9 FITT sera pr\u00e9sente avec&nbsp;YOYO&nbsp;et la&nbsp;nouvelle gamme&nbsp;NTS. Les Journ\u00e9es des Collections sont un rendez-vous unique en Europe pour d\u00e9couvrir les innovations du secteur&nbsp;Jardin, Plein air et Am\u00e9nagement ext\u00e9rieur.&nbsp;Plus de&nbsp;350 exposants et 2800 nouveaux produits&nbsp;sont pr\u00e9vus dans un programme [&hellip;]<\/p>\n","protected":false},"author":1,"featured_media":13411,"comment_status":"closed","ping_status":"open","sticky":false,"template":"","format":"standard","meta":{"_acf_changed":false,"footnotes":""},"categories":[367,365],"tags":[],"class_list":["post-14983","post","type-post","status-publish","format-standard","has-post-thumbnail","hentry","category-eventi-fr","category-garden-fr"],"acf":[],"yoast_head":"<!-- This site is optimized with the Yoast SEO Premium plugin v24.1 (Yoast SEO v27.3) - https:\/\/yoast.com\/product\/yoast-seo-premium-wordpress\/ -->\n<title>En attendant le salon JdC de Marseille - FITT<\/title>\n<meta name=\"robots\" content=\"index, follow, max-snippet:-1, max-image-preview:large, max-video-preview:-1\" \/>\n<link rel=\"canonical\" href=\"https:\/\/www.fitt.com\/fr\/news\/en-attendant-le-salon-jdc-de-marseille\/\" \/>\n<meta property=\"og:locale\" content=\"fr_FR\" \/>\n<meta property=\"og:type\" content=\"article\" \/>\n<meta property=\"og:title\" content=\"En attendant le salon JdC de Marseille\" \/>\n<meta property=\"og:description\" content=\"\u00ab\u00a0 Du&nbsp;10 au 12 avril&nbsp;\u00e0 l\u2019int\u00e9rieur du parc des expositions&nbsp;Chanot de Marseille&nbsp;aura lieu la&nbsp;seizi\u00e8me \u00e9dition du salon JdC&nbsp;o\u00f9 FITT sera pr\u00e9sente avec&nbsp;YOYO&nbsp;et la&nbsp;nouvelle gamme&nbsp;NTS. Les Journ\u00e9es des Collections sont un rendez-vous unique en Europe pour d\u00e9couvrir les innovations du secteur&nbsp;Jardin, Plein air et Am\u00e9nagement ext\u00e9rieur.&nbsp;Plus de&nbsp;350 exposants et 2800 nouveaux produits&nbsp;sont pr\u00e9vus dans un programme [&hellip;]\" \/>\n<meta property=\"og:url\" content=\"https:\/\/www.fitt.com\/fr\/news\/en-attendant-le-salon-jdc-de-marseille\/\" \/>\n<meta property=\"og:site_name\" content=\"FITT\" \/>\n<meta property=\"article:published_time\" content=\"2018-03-20T23:00:00+00:00\" \/>\n<meta property=\"article:modified_time\" content=\"2022-08-08T08:40:09+00:00\" \/>\n<meta property=\"og:image\" content=\"https:\/\/www.fitt.com\/wp-content\/uploads\/2018\/03\/FITT-JDC-Marsiglia-1-1600x650-1.jpg\" \/>\n\t<meta property=\"og:image:width\" content=\"1280\" \/>\n\t<meta property=\"og:image:height\" content=\"520\" \/>\n\t<meta property=\"og:image:type\" content=\"image\/jpeg\" \/>\n<meta name=\"author\" content=\"system\" \/>\n<meta name=\"twitter:card\" content=\"summary_large_image\" \/>\n<meta name=\"twitter:label1\" content=\"\u00c9crit par\" \/>\n\t<meta name=\"twitter:data1\" content=\"system\" \/>\n\t<meta name=\"twitter:label2\" content=\"Dur\u00e9e de lecture estim\u00e9e\" \/>\n\t<meta name=\"twitter:data2\" content=\"1 minute\" \/>\n<script type=\"application\/ld+json\" class=\"yoast-schema-graph\">{\"@context\":\"https:\\\/\\\/schema.org\",\"@graph\":[{\"@type\":\"Article\",\"@id\":\"https:\\\/\\\/www.fitt.com\\\/fr\\\/news\\\/en-attendant-le-salon-jdc-de-marseille\\\/#article\",\"isPartOf\":{\"@id\":\"https:\\\/\\\/www.fitt.com\\\/fr\\\/news\\\/en-attendant-le-salon-jdc-de-marseille\\\/\"},\"author\":{\"name\":\"system\",\"@id\":\"https:\\\/\\\/www.fitt.com\\\/fr\\\/#\\\/schema\\\/person\\\/88ed5d9863be31118f9ec9ee37f028a2\"},\"headline\":\"En attendant le salon JdC de Marseille\",\"datePublished\":\"2018-03-20T23:00:00+00:00\",\"dateModified\":\"2022-08-08T08:40:09+00:00\",\"mainEntityOfPage\":{\"@id\":\"https:\\\/\\\/www.fitt.com\\\/fr\\\/news\\\/en-attendant-le-salon-jdc-de-marseille\\\/\"},\"wordCount\":196,\"publisher\":{\"@id\":\"https:\\\/\\\/www.fitt.com\\\/fr\\\/#organization\"},\"image\":{\"@id\":\"https:\\\/\\\/www.fitt.com\\\/fr\\\/news\\\/en-attendant-le-salon-jdc-de-marseille\\\/#primaryimage\"},\"thumbnailUrl\":\"https:\\\/\\\/www.fitt.com\\\/wp-content\\\/uploads\\\/2018\\\/03\\\/FITT-JDC-Marsiglia-1-1600x650-1.jpg\",\"articleSection\":[\"Eventi\",\"Garden\"],\"inLanguage\":\"fr-FR\"},{\"@type\":\"WebPage\",\"@id\":\"https:\\\/\\\/www.fitt.com\\\/fr\\\/news\\\/en-attendant-le-salon-jdc-de-marseille\\\/\",\"url\":\"https:\\\/\\\/www.fitt.com\\\/fr\\\/news\\\/en-attendant-le-salon-jdc-de-marseille\\\/\",\"name\":\"En attendant le salon JdC de Marseille - FITT\",\"isPartOf\":{\"@id\":\"https:\\\/\\\/www.fitt.com\\\/fr\\\/#website\"},\"primaryImageOfPage\":{\"@id\":\"https:\\\/\\\/www.fitt.com\\\/fr\\\/news\\\/en-attendant-le-salon-jdc-de-marseille\\\/#primaryimage\"},\"image\":{\"@id\":\"https:\\\/\\\/www.fitt.com\\\/fr\\\/news\\\/en-attendant-le-salon-jdc-de-marseille\\\/#primaryimage\"},\"thumbnailUrl\":\"https:\\\/\\\/www.fitt.com\\\/wp-content\\\/uploads\\\/2018\\\/03\\\/FITT-JDC-Marsiglia-1-1600x650-1.jpg\",\"datePublished\":\"2018-03-20T23:00:00+00:00\",\"dateModified\":\"2022-08-08T08:40:09+00:00\",\"breadcrumb\":{\"@id\":\"https:\\\/\\\/www.fitt.com\\\/fr\\\/news\\\/en-attendant-le-salon-jdc-de-marseille\\\/#breadcrumb\"},\"inLanguage\":\"fr-FR\",\"potentialAction\":[{\"@type\":\"ReadAction\",\"target\":[\"https:\\\/\\\/www.fitt.com\\\/fr\\\/news\\\/en-attendant-le-salon-jdc-de-marseille\\\/\"]}]},{\"@type\":\"ImageObject\",\"inLanguage\":\"fr-FR\",\"@id\":\"https:\\\/\\\/www.fitt.com\\\/fr\\\/news\\\/en-attendant-le-salon-jdc-de-marseille\\\/#primaryimage\",\"url\":\"https:\\\/\\\/www.fitt.com\\\/wp-content\\\/uploads\\\/2018\\\/03\\\/FITT-JDC-Marsiglia-1-1600x650-1.jpg\",\"contentUrl\":\"https:\\\/\\\/www.fitt.com\\\/wp-content\\\/uploads\\\/2018\\\/03\\\/FITT-JDC-Marsiglia-1-1600x650-1.jpg\",\"width\":1280,\"height\":520},{\"@type\":\"BreadcrumbList\",\"@id\":\"https:\\\/\\\/www.fitt.com\\\/fr\\\/news\\\/en-attendant-le-salon-jdc-de-marseille\\\/#breadcrumb\",\"itemListElement\":[{\"@type\":\"ListItem\",\"position\":1,\"name\":\"Home\",\"item\":\"https:\\\/\\\/www.fitt.com\\\/fr\\\/\"},{\"@type\":\"ListItem\",\"position\":2,\"name\":\"En attendant le salon JdC de Marseille\"}]},{\"@type\":\"WebSite\",\"@id\":\"https:\\\/\\\/www.fitt.com\\\/fr\\\/#website\",\"url\":\"https:\\\/\\\/www.fitt.com\\\/fr\\\/\",\"name\":\"FITT\",\"description\":\"FITT Spa\",\"publisher\":{\"@id\":\"https:\\\/\\\/www.fitt.com\\\/fr\\\/#organization\"},\"potentialAction\":[{\"@type\":\"SearchAction\",\"target\":{\"@type\":\"EntryPoint\",\"urlTemplate\":\"https:\\\/\\\/www.fitt.com\\\/fr\\\/?s={search_term_string}\"},\"query-input\":{\"@type\":\"PropertyValueSpecification\",\"valueRequired\":true,\"valueName\":\"search_term_string\"}}],\"inLanguage\":\"fr-FR\"},{\"@type\":\"Organization\",\"@id\":\"https:\\\/\\\/www.fitt.com\\\/fr\\\/#organization\",\"name\":\"Fitt SPA\",\"url\":\"https:\\\/\\\/www.fitt.com\\\/fr\\\/\",\"logo\":{\"@type\":\"ImageObject\",\"inLanguage\":\"fr-FR\",\"@id\":\"https:\\\/\\\/www.fitt.com\\\/fr\\\/#\\\/schema\\\/logo\\\/image\\\/\",\"url\":\"https:\\\/\\\/www.fitt.com\\\/wp-content\\\/uploads\\\/2022\\\/05\\\/logo-light.png\",\"contentUrl\":\"https:\\\/\\\/www.fitt.com\\\/wp-content\\\/uploads\\\/2022\\\/05\\\/logo-light.png\",\"width\":827,\"height\":508,\"caption\":\"Fitt SPA\"},\"image\":{\"@id\":\"https:\\\/\\\/www.fitt.com\\\/fr\\\/#\\\/schema\\\/logo\\\/image\\\/\"}},{\"@type\":\"Person\",\"@id\":\"https:\\\/\\\/www.fitt.com\\\/fr\\\/#\\\/schema\\\/person\\\/88ed5d9863be31118f9ec9ee37f028a2\",\"name\":\"system\",\"sameAs\":[\"https:\\\/\\\/www.fitt.com\\\/\"]}]}<\/script>\n<!-- \/ Yoast SEO Premium plugin. -->","yoast_head_json":{"title":"En attendant le salon JdC de Marseille - FITT","robots":{"index":"index","follow":"follow","max-snippet":"max-snippet:-1","max-image-preview":"max-image-preview:large","max-video-preview":"max-video-preview:-1"},"canonical":"https:\/\/www.fitt.com\/fr\/news\/en-attendant-le-salon-jdc-de-marseille\/","og_locale":"fr_FR","og_type":"article","og_title":"En attendant le salon JdC de Marseille","og_description":"\u00ab\u00a0 Du&nbsp;10 au 12 avril&nbsp;\u00e0 l\u2019int\u00e9rieur du parc des expositions&nbsp;Chanot de Marseille&nbsp;aura lieu la&nbsp;seizi\u00e8me \u00e9dition du salon JdC&nbsp;o\u00f9 FITT sera pr\u00e9sente avec&nbsp;YOYO&nbsp;et la&nbsp;nouvelle gamme&nbsp;NTS. Les Journ\u00e9es des Collections sont un rendez-vous unique en Europe pour d\u00e9couvrir les innovations du secteur&nbsp;Jardin, Plein air et Am\u00e9nagement ext\u00e9rieur.&nbsp;Plus de&nbsp;350 exposants et 2800 nouveaux produits&nbsp;sont pr\u00e9vus dans un programme [&hellip;]","og_url":"https:\/\/www.fitt.com\/fr\/news\/en-attendant-le-salon-jdc-de-marseille\/","og_site_name":"FITT","article_published_time":"2018-03-20T23:00:00+00:00","article_modified_time":"2022-08-08T08:40:09+00:00","og_image":[{"width":1280,"height":520,"url":"https:\/\/www.fitt.com\/wp-content\/uploads\/2018\/03\/FITT-JDC-Marsiglia-1-1600x650-1.jpg","type":"image\/jpeg"}],"author":"system","twitter_card":"summary_large_image","twitter_misc":{"\u00c9crit par":"system","Dur\u00e9e de lecture estim\u00e9e":"1 minute"},"schema":{"@context":"https:\/\/schema.org","@graph":[{"@type":"Article","@id":"https:\/\/www.fitt.com\/fr\/news\/en-attendant-le-salon-jdc-de-marseille\/#article","isPartOf":{"@id":"https:\/\/www.fitt.com\/fr\/news\/en-attendant-le-salon-jdc-de-marseille\/"},"author":{"name":"system","@id":"https:\/\/www.fitt.com\/fr\/#\/schema\/person\/88ed5d9863be31118f9ec9ee37f028a2"},"headline":"En attendant le salon JdC de Marseille","datePublished":"2018-03-20T23:00:00+00:00","dateModified":"2022-08-08T08:40:09+00:00","mainEntityOfPage":{"@id":"https:\/\/www.fitt.com\/fr\/news\/en-attendant-le-salon-jdc-de-marseille\/"},"wordCount":196,"publisher":{"@id":"https:\/\/www.fitt.com\/fr\/#organization"},"image":{"@id":"https:\/\/www.fitt.com\/fr\/news\/en-attendant-le-salon-jdc-de-marseille\/#primaryimage"},"thumbnailUrl":"https:\/\/www.fitt.com\/wp-content\/uploads\/2018\/03\/FITT-JDC-Marsiglia-1-1600x650-1.jpg","articleSection":["Eventi","Garden"],"inLanguage":"fr-FR"},{"@type":"WebPage","@id":"https:\/\/www.fitt.com\/fr\/news\/en-attendant-le-salon-jdc-de-marseille\/","url":"https:\/\/www.fitt.com\/fr\/news\/en-attendant-le-salon-jdc-de-marseille\/","name":"En attendant le salon JdC de Marseille - FITT","isPartOf":{"@id":"https:\/\/www.fitt.com\/fr\/#website"},"primaryImageOfPage":{"@id":"https:\/\/www.fitt.com\/fr\/news\/en-attendant-le-salon-jdc-de-marseille\/#primaryimage"},"image":{"@id":"https:\/\/www.fitt.com\/fr\/news\/en-attendant-le-salon-jdc-de-marseille\/#primaryimage"},"thumbnailUrl":"https:\/\/www.fitt.com\/wp-content\/uploads\/2018\/03\/FITT-JDC-Marsiglia-1-1600x650-1.jpg","datePublished":"2018-03-20T23:00:00+00:00","dateModified":"2022-08-08T08:40:09+00:00","breadcrumb":{"@id":"https:\/\/www.fitt.com\/fr\/news\/en-attendant-le-salon-jdc-de-marseille\/#breadcrumb"},"inLanguage":"fr-FR","potentialAction":[{"@type":"ReadAction","target":["https:\/\/www.fitt.com\/fr\/news\/en-attendant-le-salon-jdc-de-marseille\/"]}]},{"@type":"ImageObject","inLanguage":"fr-FR","@id":"https:\/\/www.fitt.com\/fr\/news\/en-attendant-le-salon-jdc-de-marseille\/#primaryimage","url":"https:\/\/www.fitt.com\/wp-content\/uploads\/2018\/03\/FITT-JDC-Marsiglia-1-1600x650-1.jpg","contentUrl":"https:\/\/www.fitt.com\/wp-content\/uploads\/2018\/03\/FITT-JDC-Marsiglia-1-1600x650-1.jpg","width":1280,"height":520},{"@type":"BreadcrumbList","@id":"https:\/\/www.fitt.com\/fr\/news\/en-attendant-le-salon-jdc-de-marseille\/#breadcrumb","itemListElement":[{"@type":"ListItem","position":1,"name":"Home","item":"https:\/\/www.fitt.com\/fr\/"},{"@type":"ListItem","position":2,"name":"En attendant le salon JdC de Marseille"}]},{"@type":"WebSite","@id":"https:\/\/www.fitt.com\/fr\/#website","url":"https:\/\/www.fitt.com\/fr\/","name":"FITT","description":"FITT Spa","publisher":{"@id":"https:\/\/www.fitt.com\/fr\/#organization"},"potentialAction":[{"@type":"SearchAction","target":{"@type":"EntryPoint","urlTemplate":"https:\/\/www.fitt.com\/fr\/?s={search_term_string}"},"query-input":{"@type":"PropertyValueSpecification","valueRequired":true,"valueName":"search_term_string"}}],"inLanguage":"fr-FR"},{"@type":"Organization","@id":"https:\/\/www.fitt.com\/fr\/#organization","name":"Fitt SPA","url":"https:\/\/www.fitt.com\/fr\/","logo":{"@type":"ImageObject","inLanguage":"fr-FR","@id":"https:\/\/www.fitt.com\/fr\/#\/schema\/logo\/image\/","url":"https:\/\/www.fitt.com\/wp-content\/uploads\/2022\/05\/logo-light.png","contentUrl":"https:\/\/www.fitt.com\/wp-content\/uploads\/2022\/05\/logo-light.png","width":827,"height":508,"caption":"Fitt SPA"},"image":{"@id":"https:\/\/www.fitt.com\/fr\/#\/schema\/logo\/image\/"}},{"@type":"Person","@id":"https:\/\/www.fitt.com\/fr\/#\/schema\/person\/88ed5d9863be31118f9ec9ee37f028a2","name":"system","sameAs":["https:\/\/www.fitt.com\/"]}]}},"_links":{"self":[{"href":"https:\/\/www.fitt.com\/fr\/wp-json\/wp\/v2\/posts\/14983","targetHints":{"allow":["GET"]}}],"collection":[{"href":"https:\/\/www.fitt.com\/fr\/wp-json\/wp\/v2\/posts"}],"about":[{"href":"https:\/\/www.fitt.com\/fr\/wp-json\/wp\/v2\/types\/post"}],"author":[{"embeddable":true,"href":"https:\/\/www.fitt.com\/fr\/wp-json\/wp\/v2\/users\/1"}],"replies":[{"embeddable":true,"href":"https:\/\/www.fitt.com\/fr\/wp-json\/wp\/v2\/comments?post=14983"}],"version-history":[{"count":1,"href":"https:\/\/www.fitt.com\/fr\/wp-json\/wp\/v2\/posts\/14983\/revisions"}],"predecessor-version":[{"id":14984,"href":"https:\/\/www.fitt.com\/fr\/wp-json\/wp\/v2\/posts\/14983\/revisions\/14984"}],"wp:featuredmedia":[{"embeddable":true,"href":"https:\/\/www.fitt.com\/fr\/wp-json\/wp\/v2\/media\/13411"}],"wp:attachment":[{"href":"https:\/\/www.fitt.com\/fr\/wp-json\/wp\/v2\/media?parent=14983"}],"wp:term":[{"taxonomy":"category","embeddable":true,"href":"https:\/\/www.fitt.com\/fr\/wp-json\/wp\/v2\/categories?post=14983"},{"taxonomy":"post_tag","embeddable":true,"href":"https:\/\/www.fitt.com\/fr\/wp-json\/wp\/v2\/tags?post=14983"}],"curies":[{"name":"wp","href":"https:\/\/api.w.org\/{rel}","templated":true}]}}