{"id":14978,"date":"2018-06-07T00:00:00","date_gmt":"2018-06-06T22:00:00","guid":{"rendered":"https:\/\/www.fitt.com\/news\/fitt-al-salon-du-vegetal\/"},"modified":"2022-08-08T10:35:01","modified_gmt":"2022-08-08T08:35:01","slug":"fitt-au-salon-du-vegetal","status":"publish","type":"post","link":"https:\/\/www.fitt.com\/fr\/news\/fitt-au-salon-du-vegetal\/","title":{"rendered":"FITT au Salon du V\u00e9g\u00e9tal"},"content":{"rendered":"<p>\u00ab\u00a0<\/p>\n<p><strong>Du 19 au 21 juin<\/strong>,&nbsp;<strong>FITT<\/strong>&nbsp;sera pr\u00e9sente&nbsp; au&nbsp;&nbsp;<a href=\"\"http:\/\/www.salonduvegetal.com\/pro\/fr\/\"\" rel=\"\"noopener\"\" target=\"\"_blank\"\"><strong>Salon du V\u00e9g\u00e9tal<\/strong><\/a>, le rendez-vous annuel des professionnels des univers du v\u00e9g\u00e9tal, du jardin et de la nature en ville, qui aura lieu \u00e0 Nantes dans le Parc des Expositions de la Beaujoire.<\/p>\n<p>La manifestation attire des exposants, acheteurs et visiteurs provenant de plus de 30 pays diff\u00e9rents et op\u00e9rant dans les secteurs de la production, de la&nbsp; distribution, espaces verts et fleuristerie.<\/p>\n<p>FITT sera pr\u00e9sente sur le<strong>&nbsp;stand 741<\/strong>&nbsp;du&nbsp; Grand Palais, avec&nbsp;<a href=\"\"https:\/\/www.yoyotuyauextensible.fr\/\"\" rel=\"\"noopener\"\" target=\"\"_blank\"\"><strong>YOYO<\/strong><\/a>&nbsp;et le nouveau&nbsp;<a href=\"\"https:\/\/www.fitt.com\/fr\/solutions-pour-le-jardinage-et-les-loisirs\/systeme-nts\"\" rel=\"\"noopener\"\" target=\"\"_blank\"\"><strong>NTS<\/strong><\/a>&nbsp;(No Torsion System).<\/p>\n<p>Gros plan sur<strong>&nbsp;FITT NTS YELLOW<\/strong>, qui a \u00e9t\u00e9&nbsp;<strong>s\u00e9lectionn\u00e9 au concours&nbsp;<\/strong>de nouveaut\u00e9s<strong>&nbsp;Innovert 2018<\/strong>.<\/p>\n<p>Les prix seront d\u00e9cern\u00e9s le Mardi 19 Juin en soir\u00e9e.<\/p>\n<p>\u00a0\u00bb<\/p>\n","protected":false},"excerpt":{"rendered":"<p>\u00ab\u00a0 Du 19 au 21 juin,&nbsp;FITT&nbsp;sera pr\u00e9sente&nbsp; au&nbsp;&nbsp;Salon du V\u00e9g\u00e9tal, le rendez-vous annuel des professionnels des univers du v\u00e9g\u00e9tal, du jardin et de la nature en ville, qui aura lieu \u00e0 Nantes dans le Parc des Expositions de la Beaujoire. La manifestation attire des exposants, acheteurs et visiteurs provenant de plus de 30 pays diff\u00e9rents [&hellip;]<\/p>\n","protected":false},"author":1,"featured_media":13377,"comment_status":"closed","ping_status":"open","sticky":false,"template":"","format":"standard","meta":{"_acf_changed":false,"footnotes":""},"categories":[367,364],"tags":[],"class_list":["post-14978","post","type-post","status-publish","format-standard","has-post-thumbnail","hentry","category-eventi-fr","category-news-fr"],"acf":[],"yoast_head":"<!-- This site is optimized with the Yoast SEO Premium plugin v24.1 (Yoast SEO v27.3) - https:\/\/yoast.com\/product\/yoast-seo-premium-wordpress\/ -->\n<title>FITT au Salon du V\u00e9g\u00e9tal - FITT<\/title>\n<meta name=\"robots\" content=\"index, follow, max-snippet:-1, max-image-preview:large, max-video-preview:-1\" \/>\n<link rel=\"canonical\" href=\"https:\/\/www.fitt.com\/fr\/news\/fitt-au-salon-du-vegetal\/\" \/>\n<meta property=\"og:locale\" content=\"fr_FR\" \/>\n<meta property=\"og:type\" content=\"article\" \/>\n<meta property=\"og:title\" content=\"FITT au Salon du V\u00e9g\u00e9tal\" \/>\n<meta property=\"og:description\" content=\"\u00ab\u00a0 Du 19 au 21 juin,&nbsp;FITT&nbsp;sera pr\u00e9sente&nbsp; au&nbsp;&nbsp;Salon du V\u00e9g\u00e9tal, le rendez-vous annuel des professionnels des univers du v\u00e9g\u00e9tal, du jardin et de la nature en ville, qui aura lieu \u00e0 Nantes dans le Parc des Expositions de la Beaujoire. La manifestation attire des exposants, acheteurs et visiteurs provenant de plus de 30 pays diff\u00e9rents [&hellip;]\" \/>\n<meta property=\"og:url\" content=\"https:\/\/www.fitt.com\/fr\/news\/fitt-au-salon-du-vegetal\/\" \/>\n<meta property=\"og:site_name\" content=\"FITT\" \/>\n<meta property=\"article:published_time\" content=\"2018-06-06T22:00:00+00:00\" \/>\n<meta property=\"article:modified_time\" content=\"2022-08-08T08:35:01+00:00\" \/>\n<meta property=\"og:image\" content=\"https:\/\/www.fitt.com\/wp-content\/uploads\/2018\/06\/cover-website-1.jpg\" \/>\n\t<meta property=\"og:image:width\" content=\"1108\" \/>\n\t<meta property=\"og:image:height\" content=\"460\" \/>\n\t<meta property=\"og:image:type\" content=\"image\/jpeg\" \/>\n<meta name=\"author\" content=\"system\" \/>\n<meta name=\"twitter:card\" content=\"summary_large_image\" \/>\n<meta name=\"twitter:label1\" content=\"\u00c9crit par\" \/>\n\t<meta name=\"twitter:data1\" content=\"system\" \/>\n\t<meta name=\"twitter:label2\" content=\"Dur\u00e9e de lecture estim\u00e9e\" \/>\n\t<meta name=\"twitter:data2\" content=\"1 minute\" \/>\n<script type=\"application\/ld+json\" class=\"yoast-schema-graph\">{\"@context\":\"https:\\\/\\\/schema.org\",\"@graph\":[{\"@type\":\"Article\",\"@id\":\"https:\\\/\\\/www.fitt.com\\\/fr\\\/news\\\/fitt-au-salon-du-vegetal\\\/#article\",\"isPartOf\":{\"@id\":\"https:\\\/\\\/www.fitt.com\\\/fr\\\/news\\\/fitt-au-salon-du-vegetal\\\/\"},\"author\":{\"name\":\"system\",\"@id\":\"https:\\\/\\\/www.fitt.com\\\/fr\\\/#\\\/schema\\\/person\\\/88ed5d9863be31118f9ec9ee37f028a2\"},\"headline\":\"FITT au Salon du V\u00e9g\u00e9tal\",\"datePublished\":\"2018-06-06T22:00:00+00:00\",\"dateModified\":\"2022-08-08T08:35:01+00:00\",\"mainEntityOfPage\":{\"@id\":\"https:\\\/\\\/www.fitt.com\\\/fr\\\/news\\\/fitt-au-salon-du-vegetal\\\/\"},\"wordCount\":147,\"publisher\":{\"@id\":\"https:\\\/\\\/www.fitt.com\\\/fr\\\/#organization\"},\"image\":{\"@id\":\"https:\\\/\\\/www.fitt.com\\\/fr\\\/news\\\/fitt-au-salon-du-vegetal\\\/#primaryimage\"},\"thumbnailUrl\":\"https:\\\/\\\/www.fitt.com\\\/wp-content\\\/uploads\\\/2018\\\/06\\\/cover-website-1.jpg\",\"articleSection\":[\"Eventi\",\"News\"],\"inLanguage\":\"fr-FR\"},{\"@type\":\"WebPage\",\"@id\":\"https:\\\/\\\/www.fitt.com\\\/fr\\\/news\\\/fitt-au-salon-du-vegetal\\\/\",\"url\":\"https:\\\/\\\/www.fitt.com\\\/fr\\\/news\\\/fitt-au-salon-du-vegetal\\\/\",\"name\":\"FITT au Salon du V\u00e9g\u00e9tal - FITT\",\"isPartOf\":{\"@id\":\"https:\\\/\\\/www.fitt.com\\\/fr\\\/#website\"},\"primaryImageOfPage\":{\"@id\":\"https:\\\/\\\/www.fitt.com\\\/fr\\\/news\\\/fitt-au-salon-du-vegetal\\\/#primaryimage\"},\"image\":{\"@id\":\"https:\\\/\\\/www.fitt.com\\\/fr\\\/news\\\/fitt-au-salon-du-vegetal\\\/#primaryimage\"},\"thumbnailUrl\":\"https:\\\/\\\/www.fitt.com\\\/wp-content\\\/uploads\\\/2018\\\/06\\\/cover-website-1.jpg\",\"datePublished\":\"2018-06-06T22:00:00+00:00\",\"dateModified\":\"2022-08-08T08:35:01+00:00\",\"breadcrumb\":{\"@id\":\"https:\\\/\\\/www.fitt.com\\\/fr\\\/news\\\/fitt-au-salon-du-vegetal\\\/#breadcrumb\"},\"inLanguage\":\"fr-FR\",\"potentialAction\":[{\"@type\":\"ReadAction\",\"target\":[\"https:\\\/\\\/www.fitt.com\\\/fr\\\/news\\\/fitt-au-salon-du-vegetal\\\/\"]}]},{\"@type\":\"ImageObject\",\"inLanguage\":\"fr-FR\",\"@id\":\"https:\\\/\\\/www.fitt.com\\\/fr\\\/news\\\/fitt-au-salon-du-vegetal\\\/#primaryimage\",\"url\":\"https:\\\/\\\/www.fitt.com\\\/wp-content\\\/uploads\\\/2018\\\/06\\\/cover-website-1.jpg\",\"contentUrl\":\"https:\\\/\\\/www.fitt.com\\\/wp-content\\\/uploads\\\/2018\\\/06\\\/cover-website-1.jpg\",\"width\":1108,\"height\":460},{\"@type\":\"BreadcrumbList\",\"@id\":\"https:\\\/\\\/www.fitt.com\\\/fr\\\/news\\\/fitt-au-salon-du-vegetal\\\/#breadcrumb\",\"itemListElement\":[{\"@type\":\"ListItem\",\"position\":1,\"name\":\"Home\",\"item\":\"https:\\\/\\\/www.fitt.com\\\/fr\\\/\"},{\"@type\":\"ListItem\",\"position\":2,\"name\":\"FITT au Salon du V\u00e9g\u00e9tal\"}]},{\"@type\":\"WebSite\",\"@id\":\"https:\\\/\\\/www.fitt.com\\\/fr\\\/#website\",\"url\":\"https:\\\/\\\/www.fitt.com\\\/fr\\\/\",\"name\":\"FITT\",\"description\":\"FITT Spa\",\"publisher\":{\"@id\":\"https:\\\/\\\/www.fitt.com\\\/fr\\\/#organization\"},\"potentialAction\":[{\"@type\":\"SearchAction\",\"target\":{\"@type\":\"EntryPoint\",\"urlTemplate\":\"https:\\\/\\\/www.fitt.com\\\/fr\\\/?s={search_term_string}\"},\"query-input\":{\"@type\":\"PropertyValueSpecification\",\"valueRequired\":true,\"valueName\":\"search_term_string\"}}],\"inLanguage\":\"fr-FR\"},{\"@type\":\"Organization\",\"@id\":\"https:\\\/\\\/www.fitt.com\\\/fr\\\/#organization\",\"name\":\"Fitt SPA\",\"url\":\"https:\\\/\\\/www.fitt.com\\\/fr\\\/\",\"logo\":{\"@type\":\"ImageObject\",\"inLanguage\":\"fr-FR\",\"@id\":\"https:\\\/\\\/www.fitt.com\\\/fr\\\/#\\\/schema\\\/logo\\\/image\\\/\",\"url\":\"https:\\\/\\\/www.fitt.com\\\/wp-content\\\/uploads\\\/2022\\\/05\\\/logo-light.png\",\"contentUrl\":\"https:\\\/\\\/www.fitt.com\\\/wp-content\\\/uploads\\\/2022\\\/05\\\/logo-light.png\",\"width\":827,\"height\":508,\"caption\":\"Fitt SPA\"},\"image\":{\"@id\":\"https:\\\/\\\/www.fitt.com\\\/fr\\\/#\\\/schema\\\/logo\\\/image\\\/\"}},{\"@type\":\"Person\",\"@id\":\"https:\\\/\\\/www.fitt.com\\\/fr\\\/#\\\/schema\\\/person\\\/88ed5d9863be31118f9ec9ee37f028a2\",\"name\":\"system\",\"sameAs\":[\"https:\\\/\\\/www.fitt.com\\\/\"]}]}<\/script>\n<!-- \/ Yoast SEO Premium plugin. -->","yoast_head_json":{"title":"FITT au Salon du V\u00e9g\u00e9tal - FITT","robots":{"index":"index","follow":"follow","max-snippet":"max-snippet:-1","max-image-preview":"max-image-preview:large","max-video-preview":"max-video-preview:-1"},"canonical":"https:\/\/www.fitt.com\/fr\/news\/fitt-au-salon-du-vegetal\/","og_locale":"fr_FR","og_type":"article","og_title":"FITT au Salon du V\u00e9g\u00e9tal","og_description":"\u00ab\u00a0 Du 19 au 21 juin,&nbsp;FITT&nbsp;sera pr\u00e9sente&nbsp; au&nbsp;&nbsp;Salon du V\u00e9g\u00e9tal, le rendez-vous annuel des professionnels des univers du v\u00e9g\u00e9tal, du jardin et de la nature en ville, qui aura lieu \u00e0 Nantes dans le Parc des Expositions de la Beaujoire. La manifestation attire des exposants, acheteurs et visiteurs provenant de plus de 30 pays diff\u00e9rents [&hellip;]","og_url":"https:\/\/www.fitt.com\/fr\/news\/fitt-au-salon-du-vegetal\/","og_site_name":"FITT","article_published_time":"2018-06-06T22:00:00+00:00","article_modified_time":"2022-08-08T08:35:01+00:00","og_image":[{"width":1108,"height":460,"url":"https:\/\/www.fitt.com\/wp-content\/uploads\/2018\/06\/cover-website-1.jpg","type":"image\/jpeg"}],"author":"system","twitter_card":"summary_large_image","twitter_misc":{"\u00c9crit par":"system","Dur\u00e9e de lecture estim\u00e9e":"1 minute"},"schema":{"@context":"https:\/\/schema.org","@graph":[{"@type":"Article","@id":"https:\/\/www.fitt.com\/fr\/news\/fitt-au-salon-du-vegetal\/#article","isPartOf":{"@id":"https:\/\/www.fitt.com\/fr\/news\/fitt-au-salon-du-vegetal\/"},"author":{"name":"system","@id":"https:\/\/www.fitt.com\/fr\/#\/schema\/person\/88ed5d9863be31118f9ec9ee37f028a2"},"headline":"FITT au Salon du V\u00e9g\u00e9tal","datePublished":"2018-06-06T22:00:00+00:00","dateModified":"2022-08-08T08:35:01+00:00","mainEntityOfPage":{"@id":"https:\/\/www.fitt.com\/fr\/news\/fitt-au-salon-du-vegetal\/"},"wordCount":147,"publisher":{"@id":"https:\/\/www.fitt.com\/fr\/#organization"},"image":{"@id":"https:\/\/www.fitt.com\/fr\/news\/fitt-au-salon-du-vegetal\/#primaryimage"},"thumbnailUrl":"https:\/\/www.fitt.com\/wp-content\/uploads\/2018\/06\/cover-website-1.jpg","articleSection":["Eventi","News"],"inLanguage":"fr-FR"},{"@type":"WebPage","@id":"https:\/\/www.fitt.com\/fr\/news\/fitt-au-salon-du-vegetal\/","url":"https:\/\/www.fitt.com\/fr\/news\/fitt-au-salon-du-vegetal\/","name":"FITT au Salon du V\u00e9g\u00e9tal - FITT","isPartOf":{"@id":"https:\/\/www.fitt.com\/fr\/#website"},"primaryImageOfPage":{"@id":"https:\/\/www.fitt.com\/fr\/news\/fitt-au-salon-du-vegetal\/#primaryimage"},"image":{"@id":"https:\/\/www.fitt.com\/fr\/news\/fitt-au-salon-du-vegetal\/#primaryimage"},"thumbnailUrl":"https:\/\/www.fitt.com\/wp-content\/uploads\/2018\/06\/cover-website-1.jpg","datePublished":"2018-06-06T22:00:00+00:00","dateModified":"2022-08-08T08:35:01+00:00","breadcrumb":{"@id":"https:\/\/www.fitt.com\/fr\/news\/fitt-au-salon-du-vegetal\/#breadcrumb"},"inLanguage":"fr-FR","potentialAction":[{"@type":"ReadAction","target":["https:\/\/www.fitt.com\/fr\/news\/fitt-au-salon-du-vegetal\/"]}]},{"@type":"ImageObject","inLanguage":"fr-FR","@id":"https:\/\/www.fitt.com\/fr\/news\/fitt-au-salon-du-vegetal\/#primaryimage","url":"https:\/\/www.fitt.com\/wp-content\/uploads\/2018\/06\/cover-website-1.jpg","contentUrl":"https:\/\/www.fitt.com\/wp-content\/uploads\/2018\/06\/cover-website-1.jpg","width":1108,"height":460},{"@type":"BreadcrumbList","@id":"https:\/\/www.fitt.com\/fr\/news\/fitt-au-salon-du-vegetal\/#breadcrumb","itemListElement":[{"@type":"ListItem","position":1,"name":"Home","item":"https:\/\/www.fitt.com\/fr\/"},{"@type":"ListItem","position":2,"name":"FITT au Salon du V\u00e9g\u00e9tal"}]},{"@type":"WebSite","@id":"https:\/\/www.fitt.com\/fr\/#website","url":"https:\/\/www.fitt.com\/fr\/","name":"FITT","description":"FITT Spa","publisher":{"@id":"https:\/\/www.fitt.com\/fr\/#organization"},"potentialAction":[{"@type":"SearchAction","target":{"@type":"EntryPoint","urlTemplate":"https:\/\/www.fitt.com\/fr\/?s={search_term_string}"},"query-input":{"@type":"PropertyValueSpecification","valueRequired":true,"valueName":"search_term_string"}}],"inLanguage":"fr-FR"},{"@type":"Organization","@id":"https:\/\/www.fitt.com\/fr\/#organization","name":"Fitt SPA","url":"https:\/\/www.fitt.com\/fr\/","logo":{"@type":"ImageObject","inLanguage":"fr-FR","@id":"https:\/\/www.fitt.com\/fr\/#\/schema\/logo\/image\/","url":"https:\/\/www.fitt.com\/wp-content\/uploads\/2022\/05\/logo-light.png","contentUrl":"https:\/\/www.fitt.com\/wp-content\/uploads\/2022\/05\/logo-light.png","width":827,"height":508,"caption":"Fitt SPA"},"image":{"@id":"https:\/\/www.fitt.com\/fr\/#\/schema\/logo\/image\/"}},{"@type":"Person","@id":"https:\/\/www.fitt.com\/fr\/#\/schema\/person\/88ed5d9863be31118f9ec9ee37f028a2","name":"system","sameAs":["https:\/\/www.fitt.com\/"]}]}},"_links":{"self":[{"href":"https:\/\/www.fitt.com\/fr\/wp-json\/wp\/v2\/posts\/14978","targetHints":{"allow":["GET"]}}],"collection":[{"href":"https:\/\/www.fitt.com\/fr\/wp-json\/wp\/v2\/posts"}],"about":[{"href":"https:\/\/www.fitt.com\/fr\/wp-json\/wp\/v2\/types\/post"}],"author":[{"embeddable":true,"href":"https:\/\/www.fitt.com\/fr\/wp-json\/wp\/v2\/users\/1"}],"replies":[{"embeddable":true,"href":"https:\/\/www.fitt.com\/fr\/wp-json\/wp\/v2\/comments?post=14978"}],"version-history":[{"count":2,"href":"https:\/\/www.fitt.com\/fr\/wp-json\/wp\/v2\/posts\/14978\/revisions"}],"predecessor-version":[{"id":14980,"href":"https:\/\/www.fitt.com\/fr\/wp-json\/wp\/v2\/posts\/14978\/revisions\/14980"}],"wp:featuredmedia":[{"embeddable":true,"href":"https:\/\/www.fitt.com\/fr\/wp-json\/wp\/v2\/media\/13377"}],"wp:attachment":[{"href":"https:\/\/www.fitt.com\/fr\/wp-json\/wp\/v2\/media?parent=14978"}],"wp:term":[{"taxonomy":"category","embeddable":true,"href":"https:\/\/www.fitt.com\/fr\/wp-json\/wp\/v2\/categories?post=14978"},{"taxonomy":"post_tag","embeddable":true,"href":"https:\/\/www.fitt.com\/fr\/wp-json\/wp\/v2\/tags?post=14978"}],"curies":[{"name":"wp","href":"https:\/\/api.w.org\/{rel}","templated":true}]}}