{"id":14970,"date":"2018-11-26T00:00:00","date_gmt":"2018-11-25T23:00:00","guid":{"rendered":"https:\/\/www.fitt.com\/news\/buona-la-prima-al-metstrade\/"},"modified":"2022-08-08T10:23:57","modified_gmt":"2022-08-08T08:23:57","slug":"buona-la-prima-al-metstrade","status":"publish","type":"post","link":"https:\/\/www.fitt.com\/fr\/news\/buona-la-prima-al-metstrade\/","title":{"rendered":"Notre premi\u00e8re participation au METSTRADE a \u00e9t\u00e9 un v\u00e9ritable succ\u00e8s !"},"content":{"rendered":"<p>\u00ab\u00a0<\/p>\n<p>&nbsp;<\/p>\n<p><a href=\"\"https:\/\/www.metstrade.com\/\"\" rel=\"\"noopener\"\" target=\"\"_blank\"\"><strong>METSTRADE<\/strong><\/a>, le rendez-vous international des composants nautiques d\u00e9di\u00e9 aux professionnels du secteur, vient tout juste de se terminer et a marqu\u00e9 les d\u00e9buts officiels de&nbsp;<a href=\"\"https:\/\/www.fitt.com\/fr\"\" rel=\"\"noopener\"\" target=\"\"_blank\"\"><strong>FITT<\/strong><\/a>&nbsp;dans ce domaine.<\/p>\n<p><strong>FITT Marine<\/strong>, l\u2019ensemble de solutions personnalis\u00e9es pour la gestion de tous les fluides \u00e0 l\u2019int\u00e9rieur des embarcations, a particip\u00e9 au salon.<\/p>\n<p>Le fleuron de FITT Marine, les tuyaux de la ligne sans odeur, con\u00e7us pour vidanger les sanitaires et les eaux grises&nbsp;:&nbsp;<strong>FITT Diamond<\/strong>,&nbsp;<strong>FITT Captive White<\/strong>&nbsp;et&nbsp;<strong>FITT Captive Grey<\/strong>.<\/p>\n<p>Le syst\u00e8me FITT Marine a \u00e9t\u00e9&nbsp;<strong>accueilli avec beaucoup d\u2019enthousiasme<\/strong>&nbsp;par tous les visiteurs du salon.<\/p>\n<p>\u00a0\u00bb<\/p>\n","protected":false},"excerpt":{"rendered":"<p>\u00ab\u00a0 &nbsp; METSTRADE, le rendez-vous international des composants nautiques d\u00e9di\u00e9 aux professionnels du secteur, vient tout juste de se terminer et a marqu\u00e9 les d\u00e9buts officiels de&nbsp;FITT&nbsp;dans ce domaine. FITT Marine, l\u2019ensemble de solutions personnalis\u00e9es pour la gestion de tous les fluides \u00e0 l\u2019int\u00e9rieur des embarcations, a particip\u00e9 au salon. Le fleuron de FITT Marine, [&hellip;]<\/p>\n","protected":false},"author":1,"featured_media":13292,"comment_status":"closed","ping_status":"open","sticky":false,"template":"","format":"standard","meta":{"_acf_changed":false,"footnotes":""},"categories":[366,364],"tags":[],"class_list":["post-14970","post","type-post","status-publish","format-standard","has-post-thumbnail","hentry","category-industrial-fr","category-news-fr"],"acf":[],"yoast_head":"<!-- This site is optimized with the Yoast SEO Premium plugin v24.1 (Yoast SEO v27.3) - https:\/\/yoast.com\/product\/yoast-seo-premium-wordpress\/ -->\n<title>Notre premi\u00e8re participation au METSTRADE a \u00e9t\u00e9 un v\u00e9ritable succ\u00e8s ! - FITT<\/title>\n<meta name=\"robots\" content=\"index, follow, max-snippet:-1, max-image-preview:large, max-video-preview:-1\" \/>\n<link rel=\"canonical\" href=\"https:\/\/www.fitt.com\/fr\/news\/buona-la-prima-al-metstrade\/\" \/>\n<meta property=\"og:locale\" content=\"fr_FR\" \/>\n<meta property=\"og:type\" content=\"article\" \/>\n<meta property=\"og:title\" content=\"Notre premi\u00e8re participation au METSTRADE a \u00e9t\u00e9 un v\u00e9ritable succ\u00e8s !\" \/>\n<meta property=\"og:description\" content=\"\u00ab\u00a0 &nbsp; METSTRADE, le rendez-vous international des composants nautiques d\u00e9di\u00e9 aux professionnels du secteur, vient tout juste de se terminer et a marqu\u00e9 les d\u00e9buts officiels de&nbsp;FITT&nbsp;dans ce domaine. FITT Marine, l\u2019ensemble de solutions personnalis\u00e9es pour la gestion de tous les fluides \u00e0 l\u2019int\u00e9rieur des embarcations, a particip\u00e9 au salon. Le fleuron de FITT Marine, [&hellip;]\" \/>\n<meta property=\"og:url\" content=\"https:\/\/www.fitt.com\/fr\/news\/buona-la-prima-al-metstrade\/\" \/>\n<meta property=\"og:site_name\" content=\"FITT\" \/>\n<meta property=\"article:published_time\" content=\"2018-11-25T23:00:00+00:00\" \/>\n<meta property=\"article:modified_time\" content=\"2022-08-08T08:23:57+00:00\" \/>\n<meta property=\"og:image\" content=\"https:\/\/www.fitt.com\/wp-content\/uploads\/2018\/11\/FITT-Marine-Metstrade-header-1600x650-1.jpg\" \/>\n\t<meta property=\"og:image:width\" content=\"1280\" \/>\n\t<meta property=\"og:image:height\" content=\"520\" \/>\n\t<meta property=\"og:image:type\" content=\"image\/jpeg\" \/>\n<meta name=\"author\" content=\"system\" \/>\n<meta name=\"twitter:card\" content=\"summary_large_image\" \/>\n<meta name=\"twitter:label1\" content=\"\u00c9crit par\" \/>\n\t<meta name=\"twitter:data1\" content=\"system\" \/>\n\t<meta name=\"twitter:label2\" content=\"Dur\u00e9e de lecture estim\u00e9e\" \/>\n\t<meta name=\"twitter:data2\" content=\"1 minute\" \/>\n<script type=\"application\/ld+json\" class=\"yoast-schema-graph\">{\"@context\":\"https:\\\/\\\/schema.org\",\"@graph\":[{\"@type\":\"Article\",\"@id\":\"https:\\\/\\\/www.fitt.com\\\/fr\\\/news\\\/buona-la-prima-al-metstrade\\\/#article\",\"isPartOf\":{\"@id\":\"https:\\\/\\\/www.fitt.com\\\/fr\\\/news\\\/buona-la-prima-al-metstrade\\\/\"},\"author\":{\"name\":\"system\",\"@id\":\"https:\\\/\\\/www.fitt.com\\\/fr\\\/#\\\/schema\\\/person\\\/88ed5d9863be31118f9ec9ee37f028a2\"},\"headline\":\"Notre premi\u00e8re participation au METSTRADE a \u00e9t\u00e9 un v\u00e9ritable succ\u00e8s !\",\"datePublished\":\"2018-11-25T23:00:00+00:00\",\"dateModified\":\"2022-08-08T08:23:57+00:00\",\"mainEntityOfPage\":{\"@id\":\"https:\\\/\\\/www.fitt.com\\\/fr\\\/news\\\/buona-la-prima-al-metstrade\\\/\"},\"wordCount\":127,\"publisher\":{\"@id\":\"https:\\\/\\\/www.fitt.com\\\/fr\\\/#organization\"},\"image\":{\"@id\":\"https:\\\/\\\/www.fitt.com\\\/fr\\\/news\\\/buona-la-prima-al-metstrade\\\/#primaryimage\"},\"thumbnailUrl\":\"https:\\\/\\\/www.fitt.com\\\/wp-content\\\/uploads\\\/2018\\\/11\\\/FITT-Marine-Metstrade-header-1600x650-1.jpg\",\"articleSection\":[\"Industrial\",\"News\"],\"inLanguage\":\"fr-FR\"},{\"@type\":\"WebPage\",\"@id\":\"https:\\\/\\\/www.fitt.com\\\/fr\\\/news\\\/buona-la-prima-al-metstrade\\\/\",\"url\":\"https:\\\/\\\/www.fitt.com\\\/fr\\\/news\\\/buona-la-prima-al-metstrade\\\/\",\"name\":\"Notre premi\u00e8re participation au METSTRADE a \u00e9t\u00e9 un v\u00e9ritable succ\u00e8s ! - FITT\",\"isPartOf\":{\"@id\":\"https:\\\/\\\/www.fitt.com\\\/fr\\\/#website\"},\"primaryImageOfPage\":{\"@id\":\"https:\\\/\\\/www.fitt.com\\\/fr\\\/news\\\/buona-la-prima-al-metstrade\\\/#primaryimage\"},\"image\":{\"@id\":\"https:\\\/\\\/www.fitt.com\\\/fr\\\/news\\\/buona-la-prima-al-metstrade\\\/#primaryimage\"},\"thumbnailUrl\":\"https:\\\/\\\/www.fitt.com\\\/wp-content\\\/uploads\\\/2018\\\/11\\\/FITT-Marine-Metstrade-header-1600x650-1.jpg\",\"datePublished\":\"2018-11-25T23:00:00+00:00\",\"dateModified\":\"2022-08-08T08:23:57+00:00\",\"breadcrumb\":{\"@id\":\"https:\\\/\\\/www.fitt.com\\\/fr\\\/news\\\/buona-la-prima-al-metstrade\\\/#breadcrumb\"},\"inLanguage\":\"fr-FR\",\"potentialAction\":[{\"@type\":\"ReadAction\",\"target\":[\"https:\\\/\\\/www.fitt.com\\\/fr\\\/news\\\/buona-la-prima-al-metstrade\\\/\"]}]},{\"@type\":\"ImageObject\",\"inLanguage\":\"fr-FR\",\"@id\":\"https:\\\/\\\/www.fitt.com\\\/fr\\\/news\\\/buona-la-prima-al-metstrade\\\/#primaryimage\",\"url\":\"https:\\\/\\\/www.fitt.com\\\/wp-content\\\/uploads\\\/2018\\\/11\\\/FITT-Marine-Metstrade-header-1600x650-1.jpg\",\"contentUrl\":\"https:\\\/\\\/www.fitt.com\\\/wp-content\\\/uploads\\\/2018\\\/11\\\/FITT-Marine-Metstrade-header-1600x650-1.jpg\",\"width\":1280,\"height\":520},{\"@type\":\"BreadcrumbList\",\"@id\":\"https:\\\/\\\/www.fitt.com\\\/fr\\\/news\\\/buona-la-prima-al-metstrade\\\/#breadcrumb\",\"itemListElement\":[{\"@type\":\"ListItem\",\"position\":1,\"name\":\"Home\",\"item\":\"https:\\\/\\\/www.fitt.com\\\/fr\\\/\"},{\"@type\":\"ListItem\",\"position\":2,\"name\":\"Notre premi\u00e8re participation au METSTRADE a \u00e9t\u00e9 un v\u00e9ritable succ\u00e8s !\"}]},{\"@type\":\"WebSite\",\"@id\":\"https:\\\/\\\/www.fitt.com\\\/fr\\\/#website\",\"url\":\"https:\\\/\\\/www.fitt.com\\\/fr\\\/\",\"name\":\"FITT\",\"description\":\"FITT Spa\",\"publisher\":{\"@id\":\"https:\\\/\\\/www.fitt.com\\\/fr\\\/#organization\"},\"potentialAction\":[{\"@type\":\"SearchAction\",\"target\":{\"@type\":\"EntryPoint\",\"urlTemplate\":\"https:\\\/\\\/www.fitt.com\\\/fr\\\/?s={search_term_string}\"},\"query-input\":{\"@type\":\"PropertyValueSpecification\",\"valueRequired\":true,\"valueName\":\"search_term_string\"}}],\"inLanguage\":\"fr-FR\"},{\"@type\":\"Organization\",\"@id\":\"https:\\\/\\\/www.fitt.com\\\/fr\\\/#organization\",\"name\":\"Fitt SPA\",\"url\":\"https:\\\/\\\/www.fitt.com\\\/fr\\\/\",\"logo\":{\"@type\":\"ImageObject\",\"inLanguage\":\"fr-FR\",\"@id\":\"https:\\\/\\\/www.fitt.com\\\/fr\\\/#\\\/schema\\\/logo\\\/image\\\/\",\"url\":\"https:\\\/\\\/www.fitt.com\\\/wp-content\\\/uploads\\\/2022\\\/05\\\/logo-light.png\",\"contentUrl\":\"https:\\\/\\\/www.fitt.com\\\/wp-content\\\/uploads\\\/2022\\\/05\\\/logo-light.png\",\"width\":827,\"height\":508,\"caption\":\"Fitt SPA\"},\"image\":{\"@id\":\"https:\\\/\\\/www.fitt.com\\\/fr\\\/#\\\/schema\\\/logo\\\/image\\\/\"}},{\"@type\":\"Person\",\"@id\":\"https:\\\/\\\/www.fitt.com\\\/fr\\\/#\\\/schema\\\/person\\\/88ed5d9863be31118f9ec9ee37f028a2\",\"name\":\"system\",\"sameAs\":[\"https:\\\/\\\/www.fitt.com\\\/\"]}]}<\/script>\n<!-- \/ Yoast SEO Premium plugin. -->","yoast_head_json":{"title":"Notre premi\u00e8re participation au METSTRADE a \u00e9t\u00e9 un v\u00e9ritable succ\u00e8s ! - FITT","robots":{"index":"index","follow":"follow","max-snippet":"max-snippet:-1","max-image-preview":"max-image-preview:large","max-video-preview":"max-video-preview:-1"},"canonical":"https:\/\/www.fitt.com\/fr\/news\/buona-la-prima-al-metstrade\/","og_locale":"fr_FR","og_type":"article","og_title":"Notre premi\u00e8re participation au METSTRADE a \u00e9t\u00e9 un v\u00e9ritable succ\u00e8s !","og_description":"\u00ab\u00a0 &nbsp; METSTRADE, le rendez-vous international des composants nautiques d\u00e9di\u00e9 aux professionnels du secteur, vient tout juste de se terminer et a marqu\u00e9 les d\u00e9buts officiels de&nbsp;FITT&nbsp;dans ce domaine. FITT Marine, l\u2019ensemble de solutions personnalis\u00e9es pour la gestion de tous les fluides \u00e0 l\u2019int\u00e9rieur des embarcations, a particip\u00e9 au salon. Le fleuron de FITT Marine, [&hellip;]","og_url":"https:\/\/www.fitt.com\/fr\/news\/buona-la-prima-al-metstrade\/","og_site_name":"FITT","article_published_time":"2018-11-25T23:00:00+00:00","article_modified_time":"2022-08-08T08:23:57+00:00","og_image":[{"width":1280,"height":520,"url":"https:\/\/www.fitt.com\/wp-content\/uploads\/2018\/11\/FITT-Marine-Metstrade-header-1600x650-1.jpg","type":"image\/jpeg"}],"author":"system","twitter_card":"summary_large_image","twitter_misc":{"\u00c9crit par":"system","Dur\u00e9e de lecture estim\u00e9e":"1 minute"},"schema":{"@context":"https:\/\/schema.org","@graph":[{"@type":"Article","@id":"https:\/\/www.fitt.com\/fr\/news\/buona-la-prima-al-metstrade\/#article","isPartOf":{"@id":"https:\/\/www.fitt.com\/fr\/news\/buona-la-prima-al-metstrade\/"},"author":{"name":"system","@id":"https:\/\/www.fitt.com\/fr\/#\/schema\/person\/88ed5d9863be31118f9ec9ee37f028a2"},"headline":"Notre premi\u00e8re participation au METSTRADE a \u00e9t\u00e9 un v\u00e9ritable succ\u00e8s !","datePublished":"2018-11-25T23:00:00+00:00","dateModified":"2022-08-08T08:23:57+00:00","mainEntityOfPage":{"@id":"https:\/\/www.fitt.com\/fr\/news\/buona-la-prima-al-metstrade\/"},"wordCount":127,"publisher":{"@id":"https:\/\/www.fitt.com\/fr\/#organization"},"image":{"@id":"https:\/\/www.fitt.com\/fr\/news\/buona-la-prima-al-metstrade\/#primaryimage"},"thumbnailUrl":"https:\/\/www.fitt.com\/wp-content\/uploads\/2018\/11\/FITT-Marine-Metstrade-header-1600x650-1.jpg","articleSection":["Industrial","News"],"inLanguage":"fr-FR"},{"@type":"WebPage","@id":"https:\/\/www.fitt.com\/fr\/news\/buona-la-prima-al-metstrade\/","url":"https:\/\/www.fitt.com\/fr\/news\/buona-la-prima-al-metstrade\/","name":"Notre premi\u00e8re participation au METSTRADE a \u00e9t\u00e9 un v\u00e9ritable succ\u00e8s ! - FITT","isPartOf":{"@id":"https:\/\/www.fitt.com\/fr\/#website"},"primaryImageOfPage":{"@id":"https:\/\/www.fitt.com\/fr\/news\/buona-la-prima-al-metstrade\/#primaryimage"},"image":{"@id":"https:\/\/www.fitt.com\/fr\/news\/buona-la-prima-al-metstrade\/#primaryimage"},"thumbnailUrl":"https:\/\/www.fitt.com\/wp-content\/uploads\/2018\/11\/FITT-Marine-Metstrade-header-1600x650-1.jpg","datePublished":"2018-11-25T23:00:00+00:00","dateModified":"2022-08-08T08:23:57+00:00","breadcrumb":{"@id":"https:\/\/www.fitt.com\/fr\/news\/buona-la-prima-al-metstrade\/#breadcrumb"},"inLanguage":"fr-FR","potentialAction":[{"@type":"ReadAction","target":["https:\/\/www.fitt.com\/fr\/news\/buona-la-prima-al-metstrade\/"]}]},{"@type":"ImageObject","inLanguage":"fr-FR","@id":"https:\/\/www.fitt.com\/fr\/news\/buona-la-prima-al-metstrade\/#primaryimage","url":"https:\/\/www.fitt.com\/wp-content\/uploads\/2018\/11\/FITT-Marine-Metstrade-header-1600x650-1.jpg","contentUrl":"https:\/\/www.fitt.com\/wp-content\/uploads\/2018\/11\/FITT-Marine-Metstrade-header-1600x650-1.jpg","width":1280,"height":520},{"@type":"BreadcrumbList","@id":"https:\/\/www.fitt.com\/fr\/news\/buona-la-prima-al-metstrade\/#breadcrumb","itemListElement":[{"@type":"ListItem","position":1,"name":"Home","item":"https:\/\/www.fitt.com\/fr\/"},{"@type":"ListItem","position":2,"name":"Notre premi\u00e8re participation au METSTRADE a \u00e9t\u00e9 un v\u00e9ritable succ\u00e8s !"}]},{"@type":"WebSite","@id":"https:\/\/www.fitt.com\/fr\/#website","url":"https:\/\/www.fitt.com\/fr\/","name":"FITT","description":"FITT Spa","publisher":{"@id":"https:\/\/www.fitt.com\/fr\/#organization"},"potentialAction":[{"@type":"SearchAction","target":{"@type":"EntryPoint","urlTemplate":"https:\/\/www.fitt.com\/fr\/?s={search_term_string}"},"query-input":{"@type":"PropertyValueSpecification","valueRequired":true,"valueName":"search_term_string"}}],"inLanguage":"fr-FR"},{"@type":"Organization","@id":"https:\/\/www.fitt.com\/fr\/#organization","name":"Fitt SPA","url":"https:\/\/www.fitt.com\/fr\/","logo":{"@type":"ImageObject","inLanguage":"fr-FR","@id":"https:\/\/www.fitt.com\/fr\/#\/schema\/logo\/image\/","url":"https:\/\/www.fitt.com\/wp-content\/uploads\/2022\/05\/logo-light.png","contentUrl":"https:\/\/www.fitt.com\/wp-content\/uploads\/2022\/05\/logo-light.png","width":827,"height":508,"caption":"Fitt SPA"},"image":{"@id":"https:\/\/www.fitt.com\/fr\/#\/schema\/logo\/image\/"}},{"@type":"Person","@id":"https:\/\/www.fitt.com\/fr\/#\/schema\/person\/88ed5d9863be31118f9ec9ee37f028a2","name":"system","sameAs":["https:\/\/www.fitt.com\/"]}]}},"_links":{"self":[{"href":"https:\/\/www.fitt.com\/fr\/wp-json\/wp\/v2\/posts\/14970","targetHints":{"allow":["GET"]}}],"collection":[{"href":"https:\/\/www.fitt.com\/fr\/wp-json\/wp\/v2\/posts"}],"about":[{"href":"https:\/\/www.fitt.com\/fr\/wp-json\/wp\/v2\/types\/post"}],"author":[{"embeddable":true,"href":"https:\/\/www.fitt.com\/fr\/wp-json\/wp\/v2\/users\/1"}],"replies":[{"embeddable":true,"href":"https:\/\/www.fitt.com\/fr\/wp-json\/wp\/v2\/comments?post=14970"}],"version-history":[{"count":1,"href":"https:\/\/www.fitt.com\/fr\/wp-json\/wp\/v2\/posts\/14970\/revisions"}],"predecessor-version":[{"id":14971,"href":"https:\/\/www.fitt.com\/fr\/wp-json\/wp\/v2\/posts\/14970\/revisions\/14971"}],"wp:featuredmedia":[{"embeddable":true,"href":"https:\/\/www.fitt.com\/fr\/wp-json\/wp\/v2\/media\/13292"}],"wp:attachment":[{"href":"https:\/\/www.fitt.com\/fr\/wp-json\/wp\/v2\/media?parent=14970"}],"wp:term":[{"taxonomy":"category","embeddable":true,"href":"https:\/\/www.fitt.com\/fr\/wp-json\/wp\/v2\/categories?post=14970"},{"taxonomy":"post_tag","embeddable":true,"href":"https:\/\/www.fitt.com\/fr\/wp-json\/wp\/v2\/tags?post=14970"}],"curies":[{"name":"wp","href":"https:\/\/api.w.org\/{rel}","templated":true}]}}