{"id":23189,"date":"2025-11-25T10:50:55","date_gmt":"2025-11-25T09:50:55","guid":{"rendered":"https:\/\/www.fitt.com\/?p=23189"},"modified":"2025-11-25T11:24:09","modified_gmt":"2025-11-25T10:24:09","slug":"unite-2025-orange-the-world-el-compromiso-del-grupo-fitt-contra-la-violencia-digital-de-genero","status":"publish","type":"post","link":"https:\/\/www.fitt.com\/es\/news\/unite-2025-orange-the-world-el-compromiso-del-grupo-fitt-contra-la-violencia-digital-de-genero\/","title":{"rendered":"UNiTE 2025 \u2013 Orange the World: el compromiso del Grupo FITT contra la violencia digital de g\u00e9nero"},"content":{"rendered":"<p>El Grupo FITT se suma a la campa\u00f1a <strong>UNiTE 2025 \u2013 Orange the World<\/strong> con motivo del D\u00eda Internacional de la Eliminaci\u00f3n de la Violencia contra la Mujer, el 25 de noviembre, ti\u00f1endo de naranja sus dispositivos digitales.<\/p>\n<p>Esta adhesi\u00f3n, que une a instituciones, empresas y ciudadan\u00eda en la lucha contra la violencia hacia las mujeres, forma parte del camino de responsabilidad social que FITT ha desarrollado en los \u00faltimos a\u00f1os, caracterizado por:<br \/>\n\u2022 la adhesi\u00f3n a los <strong>Women\u2019s Empowerment Principles (WEPs)<\/strong> en 2024,<br \/>\n\u2022 la evoluci\u00f3n de su estrategia People, centrada en la inclusi\u00f3n, el respeto y el bienestar.<\/p>\n<p><strong>El enfoque de la edici\u00f3n 2025<\/strong><\/p>\n<p>La campa\u00f1a UNiTE tiene como objetivo romper el silencio, promover una cultura de respeto y fomentar una responsabilidad compartida.<br \/>\nLa edici\u00f3n 2025 pone el \u00e9nfasis en la <strong>violencia digital de g\u00e9nero<\/strong>, una forma de abuso cada vez m\u00e1s extendida, a menudo invisible, pero con efectos profundos en la seguridad y dignidad de las v\u00edctimas.<\/p>\n<p>La violencia digital sigue siendo un fen\u00f3meno subestimado e incluye diversas formas de abuso en l\u00ednea que:<br \/>\n\u2022 afectan a mujeres y ni\u00f1as en todo el mundo,<br \/>\n\u2022 silencian sus voces y limitan su libertad de expresi\u00f3n y participaci\u00f3n p\u00fablica, generando da\u00f1os psicol\u00f3gicos, sociales y econ\u00f3micos,<br \/>\n\u2022 a menudo preceden o acompa\u00f1an la violencia offline, como el acoso, las agresiones o el feminicidio.<\/p>\n<p><strong>Un gesto simb\u00f3lico que se convierte en informaci\u00f3n<\/strong><\/p>\n<p>Para contribuir a la sensibilizaci\u00f3n, el Grupo FITT introduce una serie de <strong>screensavers tem\u00e1ticos<\/strong>, que no solo incorporan el color naranja \u2014s\u00edmbolo de la campa\u00f1a\u2014, sino que tambi\u00e9n incluyen breves c\u00e1psulas informativas sobre los principales aspectos de la violencia digital de g\u00e9nero.<br \/>\nUn gesto sencillo pero significativo que lleva contenido educativo directamente a las herramientas de trabajo diarias.<\/p>\n<p>FITT reconoce la importancia de un compromiso colectivo para construir un futuro en el que mujeres y ni\u00f1as puedan vivir libres y seguras, tambi\u00e9n en los entornos digitales.<\/p>\n","protected":false},"excerpt":{"rendered":"<p>El Grupo FITT se suma a la campa\u00f1a UNiTE 2025 \u2013 Orange the World con motivo del D\u00eda Internacional de la Eliminaci\u00f3n de la Violencia contra la Mujer, el 25 de noviembre, ti\u00f1endo de naranja sus dispositivos digitales. Esta adhesi\u00f3n, que une a instituciones, empresas y ciudadan\u00eda en la lucha contra la violencia hacia las [&hellip;]<\/p>\n","protected":false},"author":5,"featured_media":23195,"comment_status":"closed","ping_status":"closed","sticky":false,"template":"","format":"standard","meta":{"_acf_changed":false,"footnotes":""},"categories":[388,385],"tags":[],"class_list":["post-23189","post","type-post","status-publish","format-standard","has-post-thumbnail","hentry","category-social-responsibility-es","category-sustainability-es"],"acf":[],"yoast_head":"<!-- This site is optimized with the Yoast SEO Premium plugin v24.1 (Yoast SEO v27.3) - https:\/\/yoast.com\/product\/yoast-seo-premium-wordpress\/ -->\n<title>UNiTE 2025 \u2013 Orange the World: el compromiso del Grupo FITT contra la violencia digital de g\u00e9nero - FITT<\/title>\n<meta name=\"description\" content=\"El Grupo FITT se suma a la campa\u00f1a UNiTE 2025 \u2013 Orange the World con motivo del D\u00eda Internacional de la Eliminaci\u00f3n de la Violencia contra la Mujer, el 25 de noviembre, ti\u00f1endo de naranja sus dispositivos digitales.\" \/>\n<meta name=\"robots\" content=\"index, follow, max-snippet:-1, max-image-preview:large, max-video-preview:-1\" \/>\n<link rel=\"canonical\" href=\"https:\/\/www.fitt.com\/es\/news\/unite-2025-orange-the-world-el-compromiso-del-grupo-fitt-contra-la-violencia-digital-de-genero\/\" \/>\n<meta property=\"og:locale\" content=\"es_ES\" \/>\n<meta property=\"og:type\" content=\"article\" \/>\n<meta property=\"og:title\" content=\"UNiTE 2025 \u2013 Orange the World: el compromiso del Grupo FITT contra la violencia digital de g\u00e9nero\" \/>\n<meta property=\"og:description\" content=\"El Grupo FITT se suma a la campa\u00f1a UNiTE 2025 \u2013 Orange the World con motivo del D\u00eda Internacional de la Eliminaci\u00f3n de la Violencia contra la Mujer, el 25 de noviembre, ti\u00f1endo de naranja sus dispositivos digitales.\" \/>\n<meta property=\"og:url\" content=\"https:\/\/www.fitt.com\/es\/news\/unite-2025-orange-the-world-el-compromiso-del-grupo-fitt-contra-la-violencia-digital-de-genero\/\" \/>\n<meta property=\"og:site_name\" content=\"FITT\" \/>\n<meta property=\"article:published_time\" content=\"2025-11-25T09:50:55+00:00\" \/>\n<meta property=\"article:modified_time\" content=\"2025-11-25T10:24:09+00:00\" \/>\n<meta property=\"og:image\" content=\"https:\/\/www.fitt.com\/wp-content\/uploads\/2025\/11\/Header-News-Campagna-Unite-1.png\" \/>\n\t<meta property=\"og:image:width\" content=\"3125\" \/>\n\t<meta property=\"og:image:height\" content=\"1188\" \/>\n\t<meta property=\"og:image:type\" content=\"image\/png\" \/>\n<meta name=\"author\" content=\"digital-team\" \/>\n<meta name=\"twitter:card\" content=\"summary_large_image\" \/>\n<meta name=\"twitter:label1\" content=\"Escrito por\" \/>\n\t<meta name=\"twitter:data1\" content=\"digital-team\" \/>\n\t<meta name=\"twitter:label2\" content=\"Tiempo de lectura\" \/>\n\t<meta name=\"twitter:data2\" content=\"2 minutos\" \/>\n<script type=\"application\/ld+json\" class=\"yoast-schema-graph\">{\"@context\":\"https:\\\/\\\/schema.org\",\"@graph\":[{\"@type\":\"Article\",\"@id\":\"https:\\\/\\\/www.fitt.com\\\/es\\\/news\\\/unite-2025-orange-the-world-el-compromiso-del-grupo-fitt-contra-la-violencia-digital-de-genero\\\/#article\",\"isPartOf\":{\"@id\":\"https:\\\/\\\/www.fitt.com\\\/es\\\/news\\\/unite-2025-orange-the-world-el-compromiso-del-grupo-fitt-contra-la-violencia-digital-de-genero\\\/\"},\"author\":{\"name\":\"digital-team\",\"@id\":\"https:\\\/\\\/www.fitt.com\\\/es\\\/#\\\/schema\\\/person\\\/dcf4ccbfb4c9980e6a3babe2db2acb48\"},\"headline\":\"UNiTE 2025 \u2013 Orange the World: el compromiso del Grupo FITT contra la violencia digital de g\u00e9nero\",\"datePublished\":\"2025-11-25T09:50:55+00:00\",\"dateModified\":\"2025-11-25T10:24:09+00:00\",\"mainEntityOfPage\":{\"@id\":\"https:\\\/\\\/www.fitt.com\\\/es\\\/news\\\/unite-2025-orange-the-world-el-compromiso-del-grupo-fitt-contra-la-violencia-digital-de-genero\\\/\"},\"wordCount\":360,\"publisher\":{\"@id\":\"https:\\\/\\\/www.fitt.com\\\/es\\\/#organization\"},\"image\":{\"@id\":\"https:\\\/\\\/www.fitt.com\\\/es\\\/news\\\/unite-2025-orange-the-world-el-compromiso-del-grupo-fitt-contra-la-violencia-digital-de-genero\\\/#primaryimage\"},\"thumbnailUrl\":\"https:\\\/\\\/www.fitt.com\\\/wp-content\\\/uploads\\\/2025\\\/11\\\/Header-News-Campagna-Unite-1.png\",\"articleSection\":[\"Social Responsibility\",\"Sustainability\"],\"inLanguage\":\"es\"},{\"@type\":\"WebPage\",\"@id\":\"https:\\\/\\\/www.fitt.com\\\/es\\\/news\\\/unite-2025-orange-the-world-el-compromiso-del-grupo-fitt-contra-la-violencia-digital-de-genero\\\/\",\"url\":\"https:\\\/\\\/www.fitt.com\\\/es\\\/news\\\/unite-2025-orange-the-world-el-compromiso-del-grupo-fitt-contra-la-violencia-digital-de-genero\\\/\",\"name\":\"UNiTE 2025 \u2013 Orange the World: el compromiso del Grupo FITT contra la violencia digital de g\u00e9nero - FITT\",\"isPartOf\":{\"@id\":\"https:\\\/\\\/www.fitt.com\\\/es\\\/#website\"},\"primaryImageOfPage\":{\"@id\":\"https:\\\/\\\/www.fitt.com\\\/es\\\/news\\\/unite-2025-orange-the-world-el-compromiso-del-grupo-fitt-contra-la-violencia-digital-de-genero\\\/#primaryimage\"},\"image\":{\"@id\":\"https:\\\/\\\/www.fitt.com\\\/es\\\/news\\\/unite-2025-orange-the-world-el-compromiso-del-grupo-fitt-contra-la-violencia-digital-de-genero\\\/#primaryimage\"},\"thumbnailUrl\":\"https:\\\/\\\/www.fitt.com\\\/wp-content\\\/uploads\\\/2025\\\/11\\\/Header-News-Campagna-Unite-1.png\",\"datePublished\":\"2025-11-25T09:50:55+00:00\",\"dateModified\":\"2025-11-25T10:24:09+00:00\",\"description\":\"El Grupo FITT se suma a la campa\u00f1a UNiTE 2025 \u2013 Orange the World con motivo del D\u00eda Internacional de la Eliminaci\u00f3n de la Violencia contra la Mujer, el 25 de noviembre, ti\u00f1endo de naranja sus dispositivos digitales.\",\"breadcrumb\":{\"@id\":\"https:\\\/\\\/www.fitt.com\\\/es\\\/news\\\/unite-2025-orange-the-world-el-compromiso-del-grupo-fitt-contra-la-violencia-digital-de-genero\\\/#breadcrumb\"},\"inLanguage\":\"es\",\"potentialAction\":[{\"@type\":\"ReadAction\",\"target\":[\"https:\\\/\\\/www.fitt.com\\\/es\\\/news\\\/unite-2025-orange-the-world-el-compromiso-del-grupo-fitt-contra-la-violencia-digital-de-genero\\\/\"]}]},{\"@type\":\"ImageObject\",\"inLanguage\":\"es\",\"@id\":\"https:\\\/\\\/www.fitt.com\\\/es\\\/news\\\/unite-2025-orange-the-world-el-compromiso-del-grupo-fitt-contra-la-violencia-digital-de-genero\\\/#primaryimage\",\"url\":\"https:\\\/\\\/www.fitt.com\\\/wp-content\\\/uploads\\\/2025\\\/11\\\/Header-News-Campagna-Unite-1.png\",\"contentUrl\":\"https:\\\/\\\/www.fitt.com\\\/wp-content\\\/uploads\\\/2025\\\/11\\\/Header-News-Campagna-Unite-1.png\",\"width\":3125,\"height\":1188},{\"@type\":\"BreadcrumbList\",\"@id\":\"https:\\\/\\\/www.fitt.com\\\/es\\\/news\\\/unite-2025-orange-the-world-el-compromiso-del-grupo-fitt-contra-la-violencia-digital-de-genero\\\/#breadcrumb\",\"itemListElement\":[{\"@type\":\"ListItem\",\"position\":1,\"name\":\"Home\",\"item\":\"https:\\\/\\\/www.fitt.com\\\/es\\\/\"},{\"@type\":\"ListItem\",\"position\":2,\"name\":\"UNiTE 2025 \u2013 Orange the World: el compromiso del Grupo FITT contra la violencia digital de g\u00e9nero\"}]},{\"@type\":\"WebSite\",\"@id\":\"https:\\\/\\\/www.fitt.com\\\/es\\\/#website\",\"url\":\"https:\\\/\\\/www.fitt.com\\\/es\\\/\",\"name\":\"FITT\",\"description\":\"FITT Spa\",\"publisher\":{\"@id\":\"https:\\\/\\\/www.fitt.com\\\/es\\\/#organization\"},\"potentialAction\":[{\"@type\":\"SearchAction\",\"target\":{\"@type\":\"EntryPoint\",\"urlTemplate\":\"https:\\\/\\\/www.fitt.com\\\/es\\\/?s={search_term_string}\"},\"query-input\":{\"@type\":\"PropertyValueSpecification\",\"valueRequired\":true,\"valueName\":\"search_term_string\"}}],\"inLanguage\":\"es\"},{\"@type\":\"Organization\",\"@id\":\"https:\\\/\\\/www.fitt.com\\\/es\\\/#organization\",\"name\":\"Fitt SPA\",\"url\":\"https:\\\/\\\/www.fitt.com\\\/es\\\/\",\"logo\":{\"@type\":\"ImageObject\",\"inLanguage\":\"es\",\"@id\":\"https:\\\/\\\/www.fitt.com\\\/es\\\/#\\\/schema\\\/logo\\\/image\\\/\",\"url\":\"https:\\\/\\\/www.fitt.com\\\/wp-content\\\/uploads\\\/2022\\\/05\\\/logo-light.png\",\"contentUrl\":\"https:\\\/\\\/www.fitt.com\\\/wp-content\\\/uploads\\\/2022\\\/05\\\/logo-light.png\",\"width\":827,\"height\":508,\"caption\":\"Fitt SPA\"},\"image\":{\"@id\":\"https:\\\/\\\/www.fitt.com\\\/es\\\/#\\\/schema\\\/logo\\\/image\\\/\"}},{\"@type\":\"Person\",\"@id\":\"https:\\\/\\\/www.fitt.com\\\/es\\\/#\\\/schema\\\/person\\\/dcf4ccbfb4c9980e6a3babe2db2acb48\",\"name\":\"digital-team\"}]}<\/script>\n<!-- \/ Yoast SEO Premium plugin. -->","yoast_head_json":{"title":"UNiTE 2025 \u2013 Orange the World: el compromiso del Grupo FITT contra la violencia digital de g\u00e9nero - FITT","description":"El Grupo FITT se suma a la campa\u00f1a UNiTE 2025 \u2013 Orange the World con motivo del D\u00eda Internacional de la Eliminaci\u00f3n de la Violencia contra la Mujer, el 25 de noviembre, ti\u00f1endo de naranja sus dispositivos digitales.","robots":{"index":"index","follow":"follow","max-snippet":"max-snippet:-1","max-image-preview":"max-image-preview:large","max-video-preview":"max-video-preview:-1"},"canonical":"https:\/\/www.fitt.com\/es\/news\/unite-2025-orange-the-world-el-compromiso-del-grupo-fitt-contra-la-violencia-digital-de-genero\/","og_locale":"es_ES","og_type":"article","og_title":"UNiTE 2025 \u2013 Orange the World: el compromiso del Grupo FITT contra la violencia digital de g\u00e9nero","og_description":"El Grupo FITT se suma a la campa\u00f1a UNiTE 2025 \u2013 Orange the World con motivo del D\u00eda Internacional de la Eliminaci\u00f3n de la Violencia contra la Mujer, el 25 de noviembre, ti\u00f1endo de naranja sus dispositivos digitales.","og_url":"https:\/\/www.fitt.com\/es\/news\/unite-2025-orange-the-world-el-compromiso-del-grupo-fitt-contra-la-violencia-digital-de-genero\/","og_site_name":"FITT","article_published_time":"2025-11-25T09:50:55+00:00","article_modified_time":"2025-11-25T10:24:09+00:00","og_image":[{"width":3125,"height":1188,"url":"https:\/\/www.fitt.com\/wp-content\/uploads\/2025\/11\/Header-News-Campagna-Unite-1.png","type":"image\/png"}],"author":"digital-team","twitter_card":"summary_large_image","twitter_misc":{"Escrito por":"digital-team","Tiempo de lectura":"2 minutos"},"schema":{"@context":"https:\/\/schema.org","@graph":[{"@type":"Article","@id":"https:\/\/www.fitt.com\/es\/news\/unite-2025-orange-the-world-el-compromiso-del-grupo-fitt-contra-la-violencia-digital-de-genero\/#article","isPartOf":{"@id":"https:\/\/www.fitt.com\/es\/news\/unite-2025-orange-the-world-el-compromiso-del-grupo-fitt-contra-la-violencia-digital-de-genero\/"},"author":{"name":"digital-team","@id":"https:\/\/www.fitt.com\/es\/#\/schema\/person\/dcf4ccbfb4c9980e6a3babe2db2acb48"},"headline":"UNiTE 2025 \u2013 Orange the World: el compromiso del Grupo FITT contra la violencia digital de g\u00e9nero","datePublished":"2025-11-25T09:50:55+00:00","dateModified":"2025-11-25T10:24:09+00:00","mainEntityOfPage":{"@id":"https:\/\/www.fitt.com\/es\/news\/unite-2025-orange-the-world-el-compromiso-del-grupo-fitt-contra-la-violencia-digital-de-genero\/"},"wordCount":360,"publisher":{"@id":"https:\/\/www.fitt.com\/es\/#organization"},"image":{"@id":"https:\/\/www.fitt.com\/es\/news\/unite-2025-orange-the-world-el-compromiso-del-grupo-fitt-contra-la-violencia-digital-de-genero\/#primaryimage"},"thumbnailUrl":"https:\/\/www.fitt.com\/wp-content\/uploads\/2025\/11\/Header-News-Campagna-Unite-1.png","articleSection":["Social Responsibility","Sustainability"],"inLanguage":"es"},{"@type":"WebPage","@id":"https:\/\/www.fitt.com\/es\/news\/unite-2025-orange-the-world-el-compromiso-del-grupo-fitt-contra-la-violencia-digital-de-genero\/","url":"https:\/\/www.fitt.com\/es\/news\/unite-2025-orange-the-world-el-compromiso-del-grupo-fitt-contra-la-violencia-digital-de-genero\/","name":"UNiTE 2025 \u2013 Orange the World: el compromiso del Grupo FITT contra la violencia digital de g\u00e9nero - FITT","isPartOf":{"@id":"https:\/\/www.fitt.com\/es\/#website"},"primaryImageOfPage":{"@id":"https:\/\/www.fitt.com\/es\/news\/unite-2025-orange-the-world-el-compromiso-del-grupo-fitt-contra-la-violencia-digital-de-genero\/#primaryimage"},"image":{"@id":"https:\/\/www.fitt.com\/es\/news\/unite-2025-orange-the-world-el-compromiso-del-grupo-fitt-contra-la-violencia-digital-de-genero\/#primaryimage"},"thumbnailUrl":"https:\/\/www.fitt.com\/wp-content\/uploads\/2025\/11\/Header-News-Campagna-Unite-1.png","datePublished":"2025-11-25T09:50:55+00:00","dateModified":"2025-11-25T10:24:09+00:00","description":"El Grupo FITT se suma a la campa\u00f1a UNiTE 2025 \u2013 Orange the World con motivo del D\u00eda Internacional de la Eliminaci\u00f3n de la Violencia contra la Mujer, el 25 de noviembre, ti\u00f1endo de naranja sus dispositivos digitales.","breadcrumb":{"@id":"https:\/\/www.fitt.com\/es\/news\/unite-2025-orange-the-world-el-compromiso-del-grupo-fitt-contra-la-violencia-digital-de-genero\/#breadcrumb"},"inLanguage":"es","potentialAction":[{"@type":"ReadAction","target":["https:\/\/www.fitt.com\/es\/news\/unite-2025-orange-the-world-el-compromiso-del-grupo-fitt-contra-la-violencia-digital-de-genero\/"]}]},{"@type":"ImageObject","inLanguage":"es","@id":"https:\/\/www.fitt.com\/es\/news\/unite-2025-orange-the-world-el-compromiso-del-grupo-fitt-contra-la-violencia-digital-de-genero\/#primaryimage","url":"https:\/\/www.fitt.com\/wp-content\/uploads\/2025\/11\/Header-News-Campagna-Unite-1.png","contentUrl":"https:\/\/www.fitt.com\/wp-content\/uploads\/2025\/11\/Header-News-Campagna-Unite-1.png","width":3125,"height":1188},{"@type":"BreadcrumbList","@id":"https:\/\/www.fitt.com\/es\/news\/unite-2025-orange-the-world-el-compromiso-del-grupo-fitt-contra-la-violencia-digital-de-genero\/#breadcrumb","itemListElement":[{"@type":"ListItem","position":1,"name":"Home","item":"https:\/\/www.fitt.com\/es\/"},{"@type":"ListItem","position":2,"name":"UNiTE 2025 \u2013 Orange the World: el compromiso del Grupo FITT contra la violencia digital de g\u00e9nero"}]},{"@type":"WebSite","@id":"https:\/\/www.fitt.com\/es\/#website","url":"https:\/\/www.fitt.com\/es\/","name":"FITT","description":"FITT Spa","publisher":{"@id":"https:\/\/www.fitt.com\/es\/#organization"},"potentialAction":[{"@type":"SearchAction","target":{"@type":"EntryPoint","urlTemplate":"https:\/\/www.fitt.com\/es\/?s={search_term_string}"},"query-input":{"@type":"PropertyValueSpecification","valueRequired":true,"valueName":"search_term_string"}}],"inLanguage":"es"},{"@type":"Organization","@id":"https:\/\/www.fitt.com\/es\/#organization","name":"Fitt SPA","url":"https:\/\/www.fitt.com\/es\/","logo":{"@type":"ImageObject","inLanguage":"es","@id":"https:\/\/www.fitt.com\/es\/#\/schema\/logo\/image\/","url":"https:\/\/www.fitt.com\/wp-content\/uploads\/2022\/05\/logo-light.png","contentUrl":"https:\/\/www.fitt.com\/wp-content\/uploads\/2022\/05\/logo-light.png","width":827,"height":508,"caption":"Fitt SPA"},"image":{"@id":"https:\/\/www.fitt.com\/es\/#\/schema\/logo\/image\/"}},{"@type":"Person","@id":"https:\/\/www.fitt.com\/es\/#\/schema\/person\/dcf4ccbfb4c9980e6a3babe2db2acb48","name":"digital-team"}]}},"_links":{"self":[{"href":"https:\/\/www.fitt.com\/es\/wp-json\/wp\/v2\/posts\/23189","targetHints":{"allow":["GET"]}}],"collection":[{"href":"https:\/\/www.fitt.com\/es\/wp-json\/wp\/v2\/posts"}],"about":[{"href":"https:\/\/www.fitt.com\/es\/wp-json\/wp\/v2\/types\/post"}],"author":[{"embeddable":true,"href":"https:\/\/www.fitt.com\/es\/wp-json\/wp\/v2\/users\/5"}],"replies":[{"embeddable":true,"href":"https:\/\/www.fitt.com\/es\/wp-json\/wp\/v2\/comments?post=23189"}],"version-history":[{"count":1,"href":"https:\/\/www.fitt.com\/es\/wp-json\/wp\/v2\/posts\/23189\/revisions"}],"predecessor-version":[{"id":23190,"href":"https:\/\/www.fitt.com\/es\/wp-json\/wp\/v2\/posts\/23189\/revisions\/23190"}],"wp:featuredmedia":[{"embeddable":true,"href":"https:\/\/www.fitt.com\/es\/wp-json\/wp\/v2\/media\/23195"}],"wp:attachment":[{"href":"https:\/\/www.fitt.com\/es\/wp-json\/wp\/v2\/media?parent=23189"}],"wp:term":[{"taxonomy":"category","embeddable":true,"href":"https:\/\/www.fitt.com\/es\/wp-json\/wp\/v2\/categories?post=23189"},{"taxonomy":"post_tag","embeddable":true,"href":"https:\/\/www.fitt.com\/es\/wp-json\/wp\/v2\/tags?post=23189"}],"curies":[{"name":"wp","href":"https:\/\/api.w.org\/{rel}","templated":true}]}}