{"id":20573,"date":"2024-06-20T10:00:52","date_gmt":"2024-06-20T08:00:52","guid":{"rendered":"https:\/\/www.fitt.com\/?p=20573"},"modified":"2024-06-20T10:00:56","modified_gmt":"2024-06-20T08:00:56","slug":"gafa-2024-fitt-y-claber-juntos-en-favor-de-la-sostenibilidad","status":"publish","type":"post","link":"https:\/\/www.fitt.com\/es\/news\/gafa-2024-fitt-y-claber-juntos-en-favor-de-la-sostenibilidad\/","title":{"rendered":"Gafa 2024: FITT y Claber juntos en favor de la sostenibilidad"},"content":{"rendered":"<p>Comuni\u00f3n de intenciones, de valores y de espacio para FITT y Claber en <strong>Gafa 2024<\/strong>.<\/p>\n<p>Despu\u00e9s de la adquisici\u00f3n de Claber por parte del Grupo FITT, a principios de 2023, las dos empresas han reforzado la sinergia a nivel de valores, manteniendo al mismo tiempo una identidad clara y distinta de las dos marcas.<\/p>\n<p>Compartir los principios de innovaci\u00f3n, responsabilidad social y empresarial han llevado al nacimiento de un lugar espec\u00edfico dedicado al agua, un espacio \u00fanico marcado por la sostenibilidad en el que FITT y Claber han presentado las novedades para la pr\u00f3xima temporada.<\/p>\n<p>Las novedades de FITT \u2014<strong>FITT Kiuma<\/strong> y <strong>FITT Jantis<\/strong>\u2014 tienen origen en las directrices de dise\u00f1o ecol\u00f3gico, la capacidad de medir cient\u00edficamente el impacto de los productos para reducir el CO2 y la adopci\u00f3n de un enfoque de hilera productiva que minimiza los efectos negativos a lo largo de todo el ciclo de vida.<\/p>\n<p>Las dos nuevas familias de productos para el riego dom\u00e9stico toman dos caminos diferentes, pero complementarios: ausencia de PVC para la gama FITT Kiuma y utilizaci\u00f3n de PVC reciclado sin ftalatos para la gama FITT Jantis.<\/p>\n<p>Claber, comprometida desde siempre en el desarrollo de productos y soluciones que unan el placer el bricolaje con una gesti\u00f3n responsable del agua, pone en el centro de su propuesta la l\u00ednea por goteo que optimiza el riego en las ra\u00edces de las plantas y que hoy se completa con una soluci\u00f3n de automatizaci\u00f3n ecosostenible: los programadores myAquaSolar.<\/p>\n<p>Fruto de la investigaci\u00f3n y de la innovaci\u00f3n Claber, <strong>myAquaSolar<\/strong> es el programador de riego alimentado \u00fanicamente por la energ\u00eda solar y sin el uso de pilas, gracias a un panel fotovoltaico integrado de \u00faltima generaci\u00f3n, que permite programar f\u00e1cilmente con una app el riego de jardines y terrazas.<\/p>\n<p>El compromiso hacia una reducci\u00f3n del impacto medio ambiental se apoya tambi\u00e9n en el nuevo embalaje solo con papel FSC y celulosa, para un uso a\u00fan m\u00e1s responsable de los recursos naturales, la reducci\u00f3n de los embalajes y la creaci\u00f3n de envases sin pl\u00e1stico.<\/p>\n","protected":false},"excerpt":{"rendered":"<p>Comuni\u00f3n de intenciones, de valores y de espacio para FITT y Claber en Gafa 2024. Despu\u00e9s de la adquisici\u00f3n de Claber por parte del Grupo FITT, a principios de 2023, las dos empresas han reforzado la sinergia a nivel de valores, manteniendo al mismo tiempo una identidad clara y distinta de las dos marcas. Compartir [&hellip;]<\/p>\n","protected":false},"author":5,"featured_media":20566,"comment_status":"closed","ping_status":"closed","sticky":false,"template":"","format":"standard","meta":{"_acf_changed":false,"footnotes":""},"categories":[378],"tags":[],"class_list":["post-20573","post","type-post","status-publish","format-standard","has-post-thumbnail","hentry","category-garden-es"],"acf":[],"yoast_head":"<!-- This site is optimized with the Yoast SEO Premium plugin v24.1 (Yoast SEO v27.3) - https:\/\/yoast.com\/product\/yoast-seo-premium-wordpress\/ -->\n<title>Gafa 2024: FITT y Claber juntos en favor de la sostenibilidad - FITT<\/title>\n<meta name=\"description\" content=\"Comuni\u00f3n de intenciones, de valores y de espacio para FITT y Claber en Gafa 2024.Despu\u00e9s de la adquisici\u00f3n de Claber por parte del Grupo FITT, a principios de 2023, las dos empresas han reforzado la sinergia a nivel de valores, manteniendo al mismo tiempo una identidad clara y distinta de las dos marcas.\" \/>\n<meta name=\"robots\" content=\"index, follow, max-snippet:-1, max-image-preview:large, max-video-preview:-1\" \/>\n<link rel=\"canonical\" href=\"https:\/\/www.fitt.com\/es\/news\/gafa-2024-fitt-y-claber-juntos-en-favor-de-la-sostenibilidad\/\" \/>\n<meta property=\"og:locale\" content=\"es_ES\" \/>\n<meta property=\"og:type\" content=\"article\" \/>\n<meta property=\"og:title\" content=\"Gafa 2024: FITT y Claber juntos en favor de la sostenibilidad\" \/>\n<meta property=\"og:description\" content=\"Comuni\u00f3n de intenciones, de valores y de espacio para FITT y Claber en Gafa 2024.Despu\u00e9s de la adquisici\u00f3n de Claber por parte del Grupo FITT, a principios de 2023, las dos empresas han reforzado la sinergia a nivel de valores, manteniendo al mismo tiempo una identidad clara y distinta de las dos marcas.\" \/>\n<meta property=\"og:url\" content=\"https:\/\/www.fitt.com\/es\/news\/gafa-2024-fitt-y-claber-juntos-en-favor-de-la-sostenibilidad\/\" \/>\n<meta property=\"og:site_name\" content=\"FITT\" \/>\n<meta property=\"article:published_time\" content=\"2024-06-20T08:00:52+00:00\" \/>\n<meta property=\"article:modified_time\" content=\"2024-06-20T08:00:56+00:00\" \/>\n<meta property=\"og:image\" content=\"https:\/\/www.fitt.com\/wp-content\/uploads\/2024\/06\/fitt.com-news-gafa24.png\" \/>\n\t<meta property=\"og:image:width\" content=\"1200\" \/>\n\t<meta property=\"og:image:height\" content=\"456\" \/>\n\t<meta property=\"og:image:type\" content=\"image\/png\" \/>\n<meta name=\"author\" content=\"digital-team\" \/>\n<meta name=\"twitter:card\" content=\"summary_large_image\" \/>\n<meta name=\"twitter:label1\" content=\"Escrito por\" \/>\n\t<meta name=\"twitter:data1\" content=\"digital-team\" \/>\n\t<meta name=\"twitter:label2\" content=\"Tiempo de lectura\" \/>\n\t<meta name=\"twitter:data2\" content=\"2 minutos\" \/>\n<script type=\"application\/ld+json\" class=\"yoast-schema-graph\">{\"@context\":\"https:\\\/\\\/schema.org\",\"@graph\":[{\"@type\":\"Article\",\"@id\":\"https:\\\/\\\/www.fitt.com\\\/es\\\/news\\\/gafa-2024-fitt-y-claber-juntos-en-favor-de-la-sostenibilidad\\\/#article\",\"isPartOf\":{\"@id\":\"https:\\\/\\\/www.fitt.com\\\/es\\\/news\\\/gafa-2024-fitt-y-claber-juntos-en-favor-de-la-sostenibilidad\\\/\"},\"author\":{\"name\":\"digital-team\",\"@id\":\"https:\\\/\\\/www.fitt.com\\\/es\\\/#\\\/schema\\\/person\\\/dcf4ccbfb4c9980e6a3babe2db2acb48\"},\"headline\":\"Gafa 2024: FITT y Claber juntos en favor de la sostenibilidad\",\"datePublished\":\"2024-06-20T08:00:52+00:00\",\"dateModified\":\"2024-06-20T08:00:56+00:00\",\"mainEntityOfPage\":{\"@id\":\"https:\\\/\\\/www.fitt.com\\\/es\\\/news\\\/gafa-2024-fitt-y-claber-juntos-en-favor-de-la-sostenibilidad\\\/\"},\"wordCount\":373,\"publisher\":{\"@id\":\"https:\\\/\\\/www.fitt.com\\\/es\\\/#organization\"},\"image\":{\"@id\":\"https:\\\/\\\/www.fitt.com\\\/es\\\/news\\\/gafa-2024-fitt-y-claber-juntos-en-favor-de-la-sostenibilidad\\\/#primaryimage\"},\"thumbnailUrl\":\"https:\\\/\\\/www.fitt.com\\\/wp-content\\\/uploads\\\/2024\\\/06\\\/fitt.com-news-gafa24.png\",\"articleSection\":[\"Garden\"],\"inLanguage\":\"es\"},{\"@type\":\"WebPage\",\"@id\":\"https:\\\/\\\/www.fitt.com\\\/es\\\/news\\\/gafa-2024-fitt-y-claber-juntos-en-favor-de-la-sostenibilidad\\\/\",\"url\":\"https:\\\/\\\/www.fitt.com\\\/es\\\/news\\\/gafa-2024-fitt-y-claber-juntos-en-favor-de-la-sostenibilidad\\\/\",\"name\":\"Gafa 2024: FITT y Claber juntos en favor de la sostenibilidad - FITT\",\"isPartOf\":{\"@id\":\"https:\\\/\\\/www.fitt.com\\\/es\\\/#website\"},\"primaryImageOfPage\":{\"@id\":\"https:\\\/\\\/www.fitt.com\\\/es\\\/news\\\/gafa-2024-fitt-y-claber-juntos-en-favor-de-la-sostenibilidad\\\/#primaryimage\"},\"image\":{\"@id\":\"https:\\\/\\\/www.fitt.com\\\/es\\\/news\\\/gafa-2024-fitt-y-claber-juntos-en-favor-de-la-sostenibilidad\\\/#primaryimage\"},\"thumbnailUrl\":\"https:\\\/\\\/www.fitt.com\\\/wp-content\\\/uploads\\\/2024\\\/06\\\/fitt.com-news-gafa24.png\",\"datePublished\":\"2024-06-20T08:00:52+00:00\",\"dateModified\":\"2024-06-20T08:00:56+00:00\",\"description\":\"Comuni\u00f3n de intenciones, de valores y de espacio para FITT y Claber en Gafa 2024.Despu\u00e9s de la adquisici\u00f3n de Claber por parte del Grupo FITT, a principios de 2023, las dos empresas han reforzado la sinergia a nivel de valores, manteniendo al mismo tiempo una identidad clara y distinta de las dos marcas.\",\"breadcrumb\":{\"@id\":\"https:\\\/\\\/www.fitt.com\\\/es\\\/news\\\/gafa-2024-fitt-y-claber-juntos-en-favor-de-la-sostenibilidad\\\/#breadcrumb\"},\"inLanguage\":\"es\",\"potentialAction\":[{\"@type\":\"ReadAction\",\"target\":[\"https:\\\/\\\/www.fitt.com\\\/es\\\/news\\\/gafa-2024-fitt-y-claber-juntos-en-favor-de-la-sostenibilidad\\\/\"]}]},{\"@type\":\"ImageObject\",\"inLanguage\":\"es\",\"@id\":\"https:\\\/\\\/www.fitt.com\\\/es\\\/news\\\/gafa-2024-fitt-y-claber-juntos-en-favor-de-la-sostenibilidad\\\/#primaryimage\",\"url\":\"https:\\\/\\\/www.fitt.com\\\/wp-content\\\/uploads\\\/2024\\\/06\\\/fitt.com-news-gafa24.png\",\"contentUrl\":\"https:\\\/\\\/www.fitt.com\\\/wp-content\\\/uploads\\\/2024\\\/06\\\/fitt.com-news-gafa24.png\",\"width\":1200,\"height\":456},{\"@type\":\"BreadcrumbList\",\"@id\":\"https:\\\/\\\/www.fitt.com\\\/es\\\/news\\\/gafa-2024-fitt-y-claber-juntos-en-favor-de-la-sostenibilidad\\\/#breadcrumb\",\"itemListElement\":[{\"@type\":\"ListItem\",\"position\":1,\"name\":\"Home\",\"item\":\"https:\\\/\\\/www.fitt.com\\\/es\\\/\"},{\"@type\":\"ListItem\",\"position\":2,\"name\":\"Gafa 2024: FITT y Claber juntos en favor de la sostenibilidad\"}]},{\"@type\":\"WebSite\",\"@id\":\"https:\\\/\\\/www.fitt.com\\\/es\\\/#website\",\"url\":\"https:\\\/\\\/www.fitt.com\\\/es\\\/\",\"name\":\"FITT\",\"description\":\"FITT Spa\",\"publisher\":{\"@id\":\"https:\\\/\\\/www.fitt.com\\\/es\\\/#organization\"},\"potentialAction\":[{\"@type\":\"SearchAction\",\"target\":{\"@type\":\"EntryPoint\",\"urlTemplate\":\"https:\\\/\\\/www.fitt.com\\\/es\\\/?s={search_term_string}\"},\"query-input\":{\"@type\":\"PropertyValueSpecification\",\"valueRequired\":true,\"valueName\":\"search_term_string\"}}],\"inLanguage\":\"es\"},{\"@type\":\"Organization\",\"@id\":\"https:\\\/\\\/www.fitt.com\\\/es\\\/#organization\",\"name\":\"Fitt SPA\",\"url\":\"https:\\\/\\\/www.fitt.com\\\/es\\\/\",\"logo\":{\"@type\":\"ImageObject\",\"inLanguage\":\"es\",\"@id\":\"https:\\\/\\\/www.fitt.com\\\/es\\\/#\\\/schema\\\/logo\\\/image\\\/\",\"url\":\"https:\\\/\\\/www.fitt.com\\\/wp-content\\\/uploads\\\/2022\\\/05\\\/logo-light.png\",\"contentUrl\":\"https:\\\/\\\/www.fitt.com\\\/wp-content\\\/uploads\\\/2022\\\/05\\\/logo-light.png\",\"width\":827,\"height\":508,\"caption\":\"Fitt SPA\"},\"image\":{\"@id\":\"https:\\\/\\\/www.fitt.com\\\/es\\\/#\\\/schema\\\/logo\\\/image\\\/\"}},{\"@type\":\"Person\",\"@id\":\"https:\\\/\\\/www.fitt.com\\\/es\\\/#\\\/schema\\\/person\\\/dcf4ccbfb4c9980e6a3babe2db2acb48\",\"name\":\"digital-team\"}]}<\/script>\n<!-- \/ Yoast SEO Premium plugin. -->","yoast_head_json":{"title":"Gafa 2024: FITT y Claber juntos en favor de la sostenibilidad - FITT","description":"Comuni\u00f3n de intenciones, de valores y de espacio para FITT y Claber en Gafa 2024.Despu\u00e9s de la adquisici\u00f3n de Claber por parte del Grupo FITT, a principios de 2023, las dos empresas han reforzado la sinergia a nivel de valores, manteniendo al mismo tiempo una identidad clara y distinta de las dos marcas.","robots":{"index":"index","follow":"follow","max-snippet":"max-snippet:-1","max-image-preview":"max-image-preview:large","max-video-preview":"max-video-preview:-1"},"canonical":"https:\/\/www.fitt.com\/es\/news\/gafa-2024-fitt-y-claber-juntos-en-favor-de-la-sostenibilidad\/","og_locale":"es_ES","og_type":"article","og_title":"Gafa 2024: FITT y Claber juntos en favor de la sostenibilidad","og_description":"Comuni\u00f3n de intenciones, de valores y de espacio para FITT y Claber en Gafa 2024.Despu\u00e9s de la adquisici\u00f3n de Claber por parte del Grupo FITT, a principios de 2023, las dos empresas han reforzado la sinergia a nivel de valores, manteniendo al mismo tiempo una identidad clara y distinta de las dos marcas.","og_url":"https:\/\/www.fitt.com\/es\/news\/gafa-2024-fitt-y-claber-juntos-en-favor-de-la-sostenibilidad\/","og_site_name":"FITT","article_published_time":"2024-06-20T08:00:52+00:00","article_modified_time":"2024-06-20T08:00:56+00:00","og_image":[{"width":1200,"height":456,"url":"https:\/\/www.fitt.com\/wp-content\/uploads\/2024\/06\/fitt.com-news-gafa24.png","type":"image\/png"}],"author":"digital-team","twitter_card":"summary_large_image","twitter_misc":{"Escrito por":"digital-team","Tiempo de lectura":"2 minutos"},"schema":{"@context":"https:\/\/schema.org","@graph":[{"@type":"Article","@id":"https:\/\/www.fitt.com\/es\/news\/gafa-2024-fitt-y-claber-juntos-en-favor-de-la-sostenibilidad\/#article","isPartOf":{"@id":"https:\/\/www.fitt.com\/es\/news\/gafa-2024-fitt-y-claber-juntos-en-favor-de-la-sostenibilidad\/"},"author":{"name":"digital-team","@id":"https:\/\/www.fitt.com\/es\/#\/schema\/person\/dcf4ccbfb4c9980e6a3babe2db2acb48"},"headline":"Gafa 2024: FITT y Claber juntos en favor de la sostenibilidad","datePublished":"2024-06-20T08:00:52+00:00","dateModified":"2024-06-20T08:00:56+00:00","mainEntityOfPage":{"@id":"https:\/\/www.fitt.com\/es\/news\/gafa-2024-fitt-y-claber-juntos-en-favor-de-la-sostenibilidad\/"},"wordCount":373,"publisher":{"@id":"https:\/\/www.fitt.com\/es\/#organization"},"image":{"@id":"https:\/\/www.fitt.com\/es\/news\/gafa-2024-fitt-y-claber-juntos-en-favor-de-la-sostenibilidad\/#primaryimage"},"thumbnailUrl":"https:\/\/www.fitt.com\/wp-content\/uploads\/2024\/06\/fitt.com-news-gafa24.png","articleSection":["Garden"],"inLanguage":"es"},{"@type":"WebPage","@id":"https:\/\/www.fitt.com\/es\/news\/gafa-2024-fitt-y-claber-juntos-en-favor-de-la-sostenibilidad\/","url":"https:\/\/www.fitt.com\/es\/news\/gafa-2024-fitt-y-claber-juntos-en-favor-de-la-sostenibilidad\/","name":"Gafa 2024: FITT y Claber juntos en favor de la sostenibilidad - FITT","isPartOf":{"@id":"https:\/\/www.fitt.com\/es\/#website"},"primaryImageOfPage":{"@id":"https:\/\/www.fitt.com\/es\/news\/gafa-2024-fitt-y-claber-juntos-en-favor-de-la-sostenibilidad\/#primaryimage"},"image":{"@id":"https:\/\/www.fitt.com\/es\/news\/gafa-2024-fitt-y-claber-juntos-en-favor-de-la-sostenibilidad\/#primaryimage"},"thumbnailUrl":"https:\/\/www.fitt.com\/wp-content\/uploads\/2024\/06\/fitt.com-news-gafa24.png","datePublished":"2024-06-20T08:00:52+00:00","dateModified":"2024-06-20T08:00:56+00:00","description":"Comuni\u00f3n de intenciones, de valores y de espacio para FITT y Claber en Gafa 2024.Despu\u00e9s de la adquisici\u00f3n de Claber por parte del Grupo FITT, a principios de 2023, las dos empresas han reforzado la sinergia a nivel de valores, manteniendo al mismo tiempo una identidad clara y distinta de las dos marcas.","breadcrumb":{"@id":"https:\/\/www.fitt.com\/es\/news\/gafa-2024-fitt-y-claber-juntos-en-favor-de-la-sostenibilidad\/#breadcrumb"},"inLanguage":"es","potentialAction":[{"@type":"ReadAction","target":["https:\/\/www.fitt.com\/es\/news\/gafa-2024-fitt-y-claber-juntos-en-favor-de-la-sostenibilidad\/"]}]},{"@type":"ImageObject","inLanguage":"es","@id":"https:\/\/www.fitt.com\/es\/news\/gafa-2024-fitt-y-claber-juntos-en-favor-de-la-sostenibilidad\/#primaryimage","url":"https:\/\/www.fitt.com\/wp-content\/uploads\/2024\/06\/fitt.com-news-gafa24.png","contentUrl":"https:\/\/www.fitt.com\/wp-content\/uploads\/2024\/06\/fitt.com-news-gafa24.png","width":1200,"height":456},{"@type":"BreadcrumbList","@id":"https:\/\/www.fitt.com\/es\/news\/gafa-2024-fitt-y-claber-juntos-en-favor-de-la-sostenibilidad\/#breadcrumb","itemListElement":[{"@type":"ListItem","position":1,"name":"Home","item":"https:\/\/www.fitt.com\/es\/"},{"@type":"ListItem","position":2,"name":"Gafa 2024: FITT y Claber juntos en favor de la sostenibilidad"}]},{"@type":"WebSite","@id":"https:\/\/www.fitt.com\/es\/#website","url":"https:\/\/www.fitt.com\/es\/","name":"FITT","description":"FITT Spa","publisher":{"@id":"https:\/\/www.fitt.com\/es\/#organization"},"potentialAction":[{"@type":"SearchAction","target":{"@type":"EntryPoint","urlTemplate":"https:\/\/www.fitt.com\/es\/?s={search_term_string}"},"query-input":{"@type":"PropertyValueSpecification","valueRequired":true,"valueName":"search_term_string"}}],"inLanguage":"es"},{"@type":"Organization","@id":"https:\/\/www.fitt.com\/es\/#organization","name":"Fitt SPA","url":"https:\/\/www.fitt.com\/es\/","logo":{"@type":"ImageObject","inLanguage":"es","@id":"https:\/\/www.fitt.com\/es\/#\/schema\/logo\/image\/","url":"https:\/\/www.fitt.com\/wp-content\/uploads\/2022\/05\/logo-light.png","contentUrl":"https:\/\/www.fitt.com\/wp-content\/uploads\/2022\/05\/logo-light.png","width":827,"height":508,"caption":"Fitt SPA"},"image":{"@id":"https:\/\/www.fitt.com\/es\/#\/schema\/logo\/image\/"}},{"@type":"Person","@id":"https:\/\/www.fitt.com\/es\/#\/schema\/person\/dcf4ccbfb4c9980e6a3babe2db2acb48","name":"digital-team"}]}},"_links":{"self":[{"href":"https:\/\/www.fitt.com\/es\/wp-json\/wp\/v2\/posts\/20573","targetHints":{"allow":["GET"]}}],"collection":[{"href":"https:\/\/www.fitt.com\/es\/wp-json\/wp\/v2\/posts"}],"about":[{"href":"https:\/\/www.fitt.com\/es\/wp-json\/wp\/v2\/types\/post"}],"author":[{"embeddable":true,"href":"https:\/\/www.fitt.com\/es\/wp-json\/wp\/v2\/users\/5"}],"replies":[{"embeddable":true,"href":"https:\/\/www.fitt.com\/es\/wp-json\/wp\/v2\/comments?post=20573"}],"version-history":[{"count":1,"href":"https:\/\/www.fitt.com\/es\/wp-json\/wp\/v2\/posts\/20573\/revisions"}],"predecessor-version":[{"id":20574,"href":"https:\/\/www.fitt.com\/es\/wp-json\/wp\/v2\/posts\/20573\/revisions\/20574"}],"wp:featuredmedia":[{"embeddable":true,"href":"https:\/\/www.fitt.com\/es\/wp-json\/wp\/v2\/media\/20566"}],"wp:attachment":[{"href":"https:\/\/www.fitt.com\/es\/wp-json\/wp\/v2\/media?parent=20573"}],"wp:term":[{"taxonomy":"category","embeddable":true,"href":"https:\/\/www.fitt.com\/es\/wp-json\/wp\/v2\/categories?post=20573"},{"taxonomy":"post_tag","embeddable":true,"href":"https:\/\/www.fitt.com\/es\/wp-json\/wp\/v2\/tags?post=20573"}],"curies":[{"name":"wp","href":"https:\/\/api.w.org\/{rel}","templated":true}]}}