{"id":18701,"date":"2023-11-06T09:14:26","date_gmt":"2023-11-06T08:14:26","guid":{"rendered":"https:\/\/www.fitt.com\/?p=18701"},"modified":"2023-11-06T09:16:14","modified_gmt":"2023-11-06T08:16:14","slug":"fitt-inicia-la-construccion-de-la-fabrica-en-ee-uu-es-el-resultado-de-una-vision-global-y-de-una-accion-local","status":"publish","type":"post","link":"https:\/\/www.fitt.com\/es\/news\/fitt-inicia-la-construccion-de-la-fabrica-en-ee-uu-es-el-resultado-de-una-vision-global-y-de-una-accion-local\/","title":{"rendered":"FITT inicia la construcci\u00f3n de la f\u00e1brica en EE.UU.: es el resultado de una visi\u00f3n global y de una acci\u00f3n local"},"content":{"rendered":"<p>El sue\u00f1o americano de FITT que inici\u00f3 en 2017 con un estudio de mercado, y que se convirti\u00f3 en una estrategia empresarial con una empresa comercial en 2020, se ha transformado actualmente en un verdadero plan industrial que llevar\u00e1 a la construcci\u00f3n de un establecimiento de producci\u00f3n en Anderson, Indiana.<\/p>\n<p>Lideran el proyecto dos valores fundamentales y cada vez m\u00e1s interrelacionados de la actividad comercial de FITT: innovaci\u00f3n y sostenibilidad.<\/p>\n<p>El crecimiento constante de doble cifra del volumen de negocios ya no pod\u00eda seguir siendo sostenido por la producci\u00f3n en Italia: la f\u00e1brica in situ permitir\u00e1 reducir el impacto medioambiental causado por transportar mercanc\u00edas y garantizar un servicio de atenci\u00f3n al cliente mejor.<br \/>\nFITT decidi\u00f3 <strong>rehabilitar un llamado \u201cbrownfield\u201d de 120.000 metros cuadrados<\/strong>, una planta industrial en desuso, ex General Motors, potenciando las caracter\u00edsticas y la colocaci\u00f3n geogr\u00e1fica a trav\u00e9s de importantes intervenciones de reurbanizaci\u00f3n y sin ocupar otros terrenos.<\/p>\n<p>El pasado 18 de octubre, en presencia del Alcalde de Anderson y de algunos representantes de la Administraci\u00f3n local y del Estado de Indiana, se celebr\u00f3 la ceremonia de Ground Breaking que dio inicio a los trabajos de construcci\u00f3n de la planta. Est\u00e1 previsto que las obras finalicen en septiembre de 2024 y que la producci\u00f3n inicie a partir de octubre de 2024. <strong>La inversi\u00f3n ha sido de casi 30 millones de USD y, en pleno funcionamiento, tendr\u00e1 6 l\u00edneas de producci\u00f3n y casi 100 empleados en 2028<\/strong>.<\/p>\n<p>La entrada de FITT en EE.UU. tuvo lugar en 2020 y el \u00e9xito comercial de sus propuestas para el mundo del jard\u00edn se debe al hecho de que el mercado estadounidense se ha demostrado siempre m\u00e1s receptivo hacia soluciones innovadoras para el riego dom\u00e9stico que, con igualdad de resultado, sepan combinar exigencias concretas de sostenibilidad. <strong>FITT Force<\/strong>, que Europa ya conoce por ser el <strong>primer producto carb\u00f3n neutral en el mundo del riego, <\/strong>ha sido desarrollado siguiendo directrices de dise\u00f1o ecol\u00f3gico (rendimiento, circularidad y reducci\u00f3n) y, en la versi\u00f3n estudiada, especialmente para el mercado estadounidense (con racores de aluminio y otras prestaciones), enseguida se convirti\u00f3 en el producto estrella de los distribuidores extranjeros, impulsando la conquista de las cuotas de mercado.<\/p>\n<p>De hecho, <strong>FITT Force se distribuye en las principales cadenas de bricolaje<\/strong> del pa\u00eds, como<strong> The Home Depot<\/strong>, <strong>Walmart<\/strong>, <strong>Ace<\/strong>, <strong>Do It Best<\/strong>, <strong>Target<\/strong>, y tambi\u00e9n en el canal digital <strong>Amazon US<\/strong> del Grupo.<\/p>\n<p>\u00ab<em>La \u201cllegada\u201d en EE.UU. para FITT es el resultado de una visi\u00f3n estrat\u00e9gica a largo plazo<\/em>. \u2013 declara Alessandro Mezzalira, CEO de FITT Group \u2013 <em>Empezamos en 2017 estudiando el mercado y sus din\u00e1micas, las necesidades de los usuarios finales, a la competencia y la potencialidad, construyendo este proyecto sobre bases s\u00f3lidas. Pronto nos dimos cuenta de que el mercado estadounidense tiene un tama\u00f1o y unas caracter\u00edsticas muy peculiares, que requieren una presencia territorial que la actual empresa comercial no puede tener.<\/em> <em>Un centro de producci\u00f3n en el extranjero nos permitir\u00eda garantizar el servicio al cliente que FITT ofrece a sus socios europeos desde hace cincuenta a\u00f1os<\/em>.\u00bb<\/p>\n<p><iframe loading=\"lazy\" id=\"zgoos\" src=\"https:\/\/fitt-cdn.thron.com\/shared\/plugins\/embed\/current\/fitt\/fccd81f9-a9ac-46c2-84e9-fec8463a2630\/wjdqtz\" width=\"1200\" height=\"800\" frameborder=\"0\" scrolling=\"no\" allowfullscreen=\"allowfullscreen\"><span data-mce-type=\"bookmark\" style=\"display: inline-block; width: 0px; overflow: hidden; line-height: 0;\" class=\"mce_SELRES_start\">\ufeff<\/span><span data-mce-type=\"bookmark\" style=\"display: inline-block; width: 0px; overflow: hidden; line-height: 0;\" class=\"mce_SELRES_start\">\ufeff<\/span><span data-mce-type=\"bookmark\" style=\"display: inline-block; width: 0px; overflow: hidden; line-height: 0;\" class=\"mce_SELRES_start\">\ufeff<\/span><span data-mce-type=\"bookmark\" style=\"display: inline-block; width: 0px; overflow: hidden; line-height: 0;\" class=\"mce_SELRES_start\">\ufeff<\/span><span data-mce-type=\"bookmark\" style=\"display: inline-block; width: 0px; overflow: hidden; line-height: 0;\" class=\"mce_SELRES_start\">\ufeff<\/span><span data-mce-type=\"bookmark\" style=\"display: inline-block; width: 0px; overflow: hidden; line-height: 0;\" class=\"mce_SELRES_start\">\ufeff<\/span><span data-mce-type=\"bookmark\" style=\"display: inline-block; width: 0px; overflow: hidden; line-height: 0;\" class=\"mce_SELRES_start\"><span data-mce-type=\"bookmark\" style=\"display: inline-block; width: 0px; overflow: hidden; line-height: 0;\" class=\"mce_SELRES_start\">\ufeff<\/span>\ufeff<\/span><span data-mce-type=\"bookmark\" style=\"display: inline-block; width: 0px; overflow: hidden; line-height: 0;\" class=\"mce_SELRES_start\">\ufeff<\/span><\/iframe><\/p>\n","protected":false},"excerpt":{"rendered":"<p>El sue\u00f1o americano de FITT que inici\u00f3 en 2017 con un estudio de mercado, y que se convirti\u00f3 en una estrategia empresarial con una empresa comercial en 2020, se ha transformado actualmente en un verdadero plan industrial que llevar\u00e1 a la construcci\u00f3n de un establecimiento de producci\u00f3n en Anderson, Indiana. Lideran el proyecto dos valores [&hellip;]<\/p>\n","protected":false},"author":5,"featured_media":18693,"comment_status":"closed","ping_status":"closed","sticky":false,"template":"","format":"standard","meta":{"_acf_changed":false,"footnotes":""},"categories":[390],"tags":[],"class_list":["post-18701","post","type-post","status-publish","format-standard","has-post-thumbnail","hentry","category-news-de"],"acf":[],"yoast_head":"<!-- This site is optimized with the Yoast SEO Premium plugin v24.1 (Yoast SEO v27.3) - https:\/\/yoast.com\/product\/yoast-seo-premium-wordpress\/ -->\n<title>FITT inicia la construcci\u00f3n de la f\u00e1brica en EE.UU.: es el resultado de una visi\u00f3n global y de una acci\u00f3n local - FITT<\/title>\n<meta name=\"description\" content=\"El sue\u00f1o americano de FITT que inici\u00f3 en 2017 con un estudio de mercado, y que se convirti\u00f3 en una estrategia empresarial con una empresa comercial en 2020, se ha transformado actualmente en un verdadero plan industrial que llevar\u00e1 a la construcci\u00f3n de un establecimiento de producci\u00f3n en Anderson, Indiana.\" \/>\n<meta name=\"robots\" content=\"index, follow, max-snippet:-1, max-image-preview:large, max-video-preview:-1\" \/>\n<link rel=\"canonical\" href=\"https:\/\/www.fitt.com\/es\/news\/fitt-inicia-la-construccion-de-la-fabrica-en-ee-uu-es-el-resultado-de-una-vision-global-y-de-una-accion-local\/\" \/>\n<meta property=\"og:locale\" content=\"es_ES\" \/>\n<meta property=\"og:type\" content=\"article\" \/>\n<meta property=\"og:title\" content=\"FITT inicia la construcci\u00f3n de la f\u00e1brica en EE.UU.: es el resultado de una visi\u00f3n global y de una acci\u00f3n local\" \/>\n<meta property=\"og:description\" content=\"El sue\u00f1o americano de FITT que inici\u00f3 en 2017 con un estudio de mercado, y que se convirti\u00f3 en una estrategia empresarial con una empresa comercial en 2020, se ha transformado actualmente en un verdadero plan industrial que llevar\u00e1 a la construcci\u00f3n de un establecimiento de producci\u00f3n en Anderson, Indiana.\" \/>\n<meta property=\"og:url\" content=\"https:\/\/www.fitt.com\/es\/news\/fitt-inicia-la-construccion-de-la-fabrica-en-ee-uu-es-el-resultado-de-una-vision-global-y-de-una-accion-local\/\" \/>\n<meta property=\"og:site_name\" content=\"FITT\" \/>\n<meta property=\"article:published_time\" content=\"2023-11-06T08:14:26+00:00\" \/>\n<meta property=\"article:modified_time\" content=\"2023-11-06T08:16:14+00:00\" \/>\n<meta property=\"og:image\" content=\"https:\/\/www.fitt.com\/wp-content\/uploads\/2023\/10\/fitt.com-news-1200x456-USA.png\" \/>\n\t<meta property=\"og:image:width\" content=\"1200\" \/>\n\t<meta property=\"og:image:height\" content=\"456\" \/>\n\t<meta property=\"og:image:type\" content=\"image\/png\" \/>\n<meta name=\"author\" content=\"digital-team\" \/>\n<meta name=\"twitter:card\" content=\"summary_large_image\" \/>\n<meta name=\"twitter:label1\" content=\"Escrito por\" \/>\n\t<meta name=\"twitter:data1\" content=\"digital-team\" \/>\n\t<meta name=\"twitter:label2\" content=\"Tiempo de lectura\" \/>\n\t<meta name=\"twitter:data2\" content=\"3 minutos\" \/>\n<script type=\"application\/ld+json\" class=\"yoast-schema-graph\">{\"@context\":\"https:\\\/\\\/schema.org\",\"@graph\":[{\"@type\":\"Article\",\"@id\":\"https:\\\/\\\/www.fitt.com\\\/es\\\/news\\\/fitt-inicia-la-construccion-de-la-fabrica-en-ee-uu-es-el-resultado-de-una-vision-global-y-de-una-accion-local\\\/#article\",\"isPartOf\":{\"@id\":\"https:\\\/\\\/www.fitt.com\\\/es\\\/news\\\/fitt-inicia-la-construccion-de-la-fabrica-en-ee-uu-es-el-resultado-de-una-vision-global-y-de-una-accion-local\\\/\"},\"author\":{\"name\":\"digital-team\",\"@id\":\"https:\\\/\\\/www.fitt.com\\\/es\\\/#\\\/schema\\\/person\\\/dcf4ccbfb4c9980e6a3babe2db2acb48\"},\"headline\":\"FITT inicia la construcci\u00f3n de la f\u00e1brica en EE.UU.: es el resultado de una visi\u00f3n global y de una acci\u00f3n local\",\"datePublished\":\"2023-11-06T08:14:26+00:00\",\"dateModified\":\"2023-11-06T08:16:14+00:00\",\"mainEntityOfPage\":{\"@id\":\"https:\\\/\\\/www.fitt.com\\\/es\\\/news\\\/fitt-inicia-la-construccion-de-la-fabrica-en-ee-uu-es-el-resultado-de-una-vision-global-y-de-una-accion-local\\\/\"},\"wordCount\":554,\"publisher\":{\"@id\":\"https:\\\/\\\/www.fitt.com\\\/es\\\/#organization\"},\"image\":{\"@id\":\"https:\\\/\\\/www.fitt.com\\\/es\\\/news\\\/fitt-inicia-la-construccion-de-la-fabrica-en-ee-uu-es-el-resultado-de-una-vision-global-y-de-una-accion-local\\\/#primaryimage\"},\"thumbnailUrl\":\"https:\\\/\\\/www.fitt.com\\\/wp-content\\\/uploads\\\/2023\\\/10\\\/fitt.com-news-1200x456-USA.png\",\"articleSection\":[\"News\"],\"inLanguage\":\"es\"},{\"@type\":\"WebPage\",\"@id\":\"https:\\\/\\\/www.fitt.com\\\/es\\\/news\\\/fitt-inicia-la-construccion-de-la-fabrica-en-ee-uu-es-el-resultado-de-una-vision-global-y-de-una-accion-local\\\/\",\"url\":\"https:\\\/\\\/www.fitt.com\\\/es\\\/news\\\/fitt-inicia-la-construccion-de-la-fabrica-en-ee-uu-es-el-resultado-de-una-vision-global-y-de-una-accion-local\\\/\",\"name\":\"FITT inicia la construcci\u00f3n de la f\u00e1brica en EE.UU.: es el resultado de una visi\u00f3n global y de una acci\u00f3n local - FITT\",\"isPartOf\":{\"@id\":\"https:\\\/\\\/www.fitt.com\\\/es\\\/#website\"},\"primaryImageOfPage\":{\"@id\":\"https:\\\/\\\/www.fitt.com\\\/es\\\/news\\\/fitt-inicia-la-construccion-de-la-fabrica-en-ee-uu-es-el-resultado-de-una-vision-global-y-de-una-accion-local\\\/#primaryimage\"},\"image\":{\"@id\":\"https:\\\/\\\/www.fitt.com\\\/es\\\/news\\\/fitt-inicia-la-construccion-de-la-fabrica-en-ee-uu-es-el-resultado-de-una-vision-global-y-de-una-accion-local\\\/#primaryimage\"},\"thumbnailUrl\":\"https:\\\/\\\/www.fitt.com\\\/wp-content\\\/uploads\\\/2023\\\/10\\\/fitt.com-news-1200x456-USA.png\",\"datePublished\":\"2023-11-06T08:14:26+00:00\",\"dateModified\":\"2023-11-06T08:16:14+00:00\",\"description\":\"El sue\u00f1o americano de FITT que inici\u00f3 en 2017 con un estudio de mercado, y que se convirti\u00f3 en una estrategia empresarial con una empresa comercial en 2020, se ha transformado actualmente en un verdadero plan industrial que llevar\u00e1 a la construcci\u00f3n de un establecimiento de producci\u00f3n en Anderson, Indiana.\",\"breadcrumb\":{\"@id\":\"https:\\\/\\\/www.fitt.com\\\/es\\\/news\\\/fitt-inicia-la-construccion-de-la-fabrica-en-ee-uu-es-el-resultado-de-una-vision-global-y-de-una-accion-local\\\/#breadcrumb\"},\"inLanguage\":\"es\",\"potentialAction\":[{\"@type\":\"ReadAction\",\"target\":[\"https:\\\/\\\/www.fitt.com\\\/es\\\/news\\\/fitt-inicia-la-construccion-de-la-fabrica-en-ee-uu-es-el-resultado-de-una-vision-global-y-de-una-accion-local\\\/\"]}]},{\"@type\":\"ImageObject\",\"inLanguage\":\"es\",\"@id\":\"https:\\\/\\\/www.fitt.com\\\/es\\\/news\\\/fitt-inicia-la-construccion-de-la-fabrica-en-ee-uu-es-el-resultado-de-una-vision-global-y-de-una-accion-local\\\/#primaryimage\",\"url\":\"https:\\\/\\\/www.fitt.com\\\/wp-content\\\/uploads\\\/2023\\\/10\\\/fitt.com-news-1200x456-USA.png\",\"contentUrl\":\"https:\\\/\\\/www.fitt.com\\\/wp-content\\\/uploads\\\/2023\\\/10\\\/fitt.com-news-1200x456-USA.png\",\"width\":1200,\"height\":456},{\"@type\":\"BreadcrumbList\",\"@id\":\"https:\\\/\\\/www.fitt.com\\\/es\\\/news\\\/fitt-inicia-la-construccion-de-la-fabrica-en-ee-uu-es-el-resultado-de-una-vision-global-y-de-una-accion-local\\\/#breadcrumb\",\"itemListElement\":[{\"@type\":\"ListItem\",\"position\":1,\"name\":\"Home\",\"item\":\"https:\\\/\\\/www.fitt.com\\\/es\\\/\"},{\"@type\":\"ListItem\",\"position\":2,\"name\":\"FITT inicia la construcci\u00f3n de la f\u00e1brica en EE.UU.: es el resultado de una visi\u00f3n global y de una acci\u00f3n local\"}]},{\"@type\":\"WebSite\",\"@id\":\"https:\\\/\\\/www.fitt.com\\\/es\\\/#website\",\"url\":\"https:\\\/\\\/www.fitt.com\\\/es\\\/\",\"name\":\"FITT\",\"description\":\"FITT Spa\",\"publisher\":{\"@id\":\"https:\\\/\\\/www.fitt.com\\\/es\\\/#organization\"},\"potentialAction\":[{\"@type\":\"SearchAction\",\"target\":{\"@type\":\"EntryPoint\",\"urlTemplate\":\"https:\\\/\\\/www.fitt.com\\\/es\\\/?s={search_term_string}\"},\"query-input\":{\"@type\":\"PropertyValueSpecification\",\"valueRequired\":true,\"valueName\":\"search_term_string\"}}],\"inLanguage\":\"es\"},{\"@type\":\"Organization\",\"@id\":\"https:\\\/\\\/www.fitt.com\\\/es\\\/#organization\",\"name\":\"Fitt SPA\",\"url\":\"https:\\\/\\\/www.fitt.com\\\/es\\\/\",\"logo\":{\"@type\":\"ImageObject\",\"inLanguage\":\"es\",\"@id\":\"https:\\\/\\\/www.fitt.com\\\/es\\\/#\\\/schema\\\/logo\\\/image\\\/\",\"url\":\"https:\\\/\\\/www.fitt.com\\\/wp-content\\\/uploads\\\/2022\\\/05\\\/logo-light.png\",\"contentUrl\":\"https:\\\/\\\/www.fitt.com\\\/wp-content\\\/uploads\\\/2022\\\/05\\\/logo-light.png\",\"width\":827,\"height\":508,\"caption\":\"Fitt SPA\"},\"image\":{\"@id\":\"https:\\\/\\\/www.fitt.com\\\/es\\\/#\\\/schema\\\/logo\\\/image\\\/\"}},{\"@type\":\"Person\",\"@id\":\"https:\\\/\\\/www.fitt.com\\\/es\\\/#\\\/schema\\\/person\\\/dcf4ccbfb4c9980e6a3babe2db2acb48\",\"name\":\"digital-team\"}]}<\/script>\n<!-- \/ Yoast SEO Premium plugin. -->","yoast_head_json":{"title":"FITT inicia la construcci\u00f3n de la f\u00e1brica en EE.UU.: es el resultado de una visi\u00f3n global y de una acci\u00f3n local - FITT","description":"El sue\u00f1o americano de FITT que inici\u00f3 en 2017 con un estudio de mercado, y que se convirti\u00f3 en una estrategia empresarial con una empresa comercial en 2020, se ha transformado actualmente en un verdadero plan industrial que llevar\u00e1 a la construcci\u00f3n de un establecimiento de producci\u00f3n en Anderson, Indiana.","robots":{"index":"index","follow":"follow","max-snippet":"max-snippet:-1","max-image-preview":"max-image-preview:large","max-video-preview":"max-video-preview:-1"},"canonical":"https:\/\/www.fitt.com\/es\/news\/fitt-inicia-la-construccion-de-la-fabrica-en-ee-uu-es-el-resultado-de-una-vision-global-y-de-una-accion-local\/","og_locale":"es_ES","og_type":"article","og_title":"FITT inicia la construcci\u00f3n de la f\u00e1brica en EE.UU.: es el resultado de una visi\u00f3n global y de una acci\u00f3n local","og_description":"El sue\u00f1o americano de FITT que inici\u00f3 en 2017 con un estudio de mercado, y que se convirti\u00f3 en una estrategia empresarial con una empresa comercial en 2020, se ha transformado actualmente en un verdadero plan industrial que llevar\u00e1 a la construcci\u00f3n de un establecimiento de producci\u00f3n en Anderson, Indiana.","og_url":"https:\/\/www.fitt.com\/es\/news\/fitt-inicia-la-construccion-de-la-fabrica-en-ee-uu-es-el-resultado-de-una-vision-global-y-de-una-accion-local\/","og_site_name":"FITT","article_published_time":"2023-11-06T08:14:26+00:00","article_modified_time":"2023-11-06T08:16:14+00:00","og_image":[{"width":1200,"height":456,"url":"https:\/\/www.fitt.com\/wp-content\/uploads\/2023\/10\/fitt.com-news-1200x456-USA.png","type":"image\/png"}],"author":"digital-team","twitter_card":"summary_large_image","twitter_misc":{"Escrito por":"digital-team","Tiempo de lectura":"3 minutos"},"schema":{"@context":"https:\/\/schema.org","@graph":[{"@type":"Article","@id":"https:\/\/www.fitt.com\/es\/news\/fitt-inicia-la-construccion-de-la-fabrica-en-ee-uu-es-el-resultado-de-una-vision-global-y-de-una-accion-local\/#article","isPartOf":{"@id":"https:\/\/www.fitt.com\/es\/news\/fitt-inicia-la-construccion-de-la-fabrica-en-ee-uu-es-el-resultado-de-una-vision-global-y-de-una-accion-local\/"},"author":{"name":"digital-team","@id":"https:\/\/www.fitt.com\/es\/#\/schema\/person\/dcf4ccbfb4c9980e6a3babe2db2acb48"},"headline":"FITT inicia la construcci\u00f3n de la f\u00e1brica en EE.UU.: es el resultado de una visi\u00f3n global y de una acci\u00f3n local","datePublished":"2023-11-06T08:14:26+00:00","dateModified":"2023-11-06T08:16:14+00:00","mainEntityOfPage":{"@id":"https:\/\/www.fitt.com\/es\/news\/fitt-inicia-la-construccion-de-la-fabrica-en-ee-uu-es-el-resultado-de-una-vision-global-y-de-una-accion-local\/"},"wordCount":554,"publisher":{"@id":"https:\/\/www.fitt.com\/es\/#organization"},"image":{"@id":"https:\/\/www.fitt.com\/es\/news\/fitt-inicia-la-construccion-de-la-fabrica-en-ee-uu-es-el-resultado-de-una-vision-global-y-de-una-accion-local\/#primaryimage"},"thumbnailUrl":"https:\/\/www.fitt.com\/wp-content\/uploads\/2023\/10\/fitt.com-news-1200x456-USA.png","articleSection":["News"],"inLanguage":"es"},{"@type":"WebPage","@id":"https:\/\/www.fitt.com\/es\/news\/fitt-inicia-la-construccion-de-la-fabrica-en-ee-uu-es-el-resultado-de-una-vision-global-y-de-una-accion-local\/","url":"https:\/\/www.fitt.com\/es\/news\/fitt-inicia-la-construccion-de-la-fabrica-en-ee-uu-es-el-resultado-de-una-vision-global-y-de-una-accion-local\/","name":"FITT inicia la construcci\u00f3n de la f\u00e1brica en EE.UU.: es el resultado de una visi\u00f3n global y de una acci\u00f3n local - FITT","isPartOf":{"@id":"https:\/\/www.fitt.com\/es\/#website"},"primaryImageOfPage":{"@id":"https:\/\/www.fitt.com\/es\/news\/fitt-inicia-la-construccion-de-la-fabrica-en-ee-uu-es-el-resultado-de-una-vision-global-y-de-una-accion-local\/#primaryimage"},"image":{"@id":"https:\/\/www.fitt.com\/es\/news\/fitt-inicia-la-construccion-de-la-fabrica-en-ee-uu-es-el-resultado-de-una-vision-global-y-de-una-accion-local\/#primaryimage"},"thumbnailUrl":"https:\/\/www.fitt.com\/wp-content\/uploads\/2023\/10\/fitt.com-news-1200x456-USA.png","datePublished":"2023-11-06T08:14:26+00:00","dateModified":"2023-11-06T08:16:14+00:00","description":"El sue\u00f1o americano de FITT que inici\u00f3 en 2017 con un estudio de mercado, y que se convirti\u00f3 en una estrategia empresarial con una empresa comercial en 2020, se ha transformado actualmente en un verdadero plan industrial que llevar\u00e1 a la construcci\u00f3n de un establecimiento de producci\u00f3n en Anderson, Indiana.","breadcrumb":{"@id":"https:\/\/www.fitt.com\/es\/news\/fitt-inicia-la-construccion-de-la-fabrica-en-ee-uu-es-el-resultado-de-una-vision-global-y-de-una-accion-local\/#breadcrumb"},"inLanguage":"es","potentialAction":[{"@type":"ReadAction","target":["https:\/\/www.fitt.com\/es\/news\/fitt-inicia-la-construccion-de-la-fabrica-en-ee-uu-es-el-resultado-de-una-vision-global-y-de-una-accion-local\/"]}]},{"@type":"ImageObject","inLanguage":"es","@id":"https:\/\/www.fitt.com\/es\/news\/fitt-inicia-la-construccion-de-la-fabrica-en-ee-uu-es-el-resultado-de-una-vision-global-y-de-una-accion-local\/#primaryimage","url":"https:\/\/www.fitt.com\/wp-content\/uploads\/2023\/10\/fitt.com-news-1200x456-USA.png","contentUrl":"https:\/\/www.fitt.com\/wp-content\/uploads\/2023\/10\/fitt.com-news-1200x456-USA.png","width":1200,"height":456},{"@type":"BreadcrumbList","@id":"https:\/\/www.fitt.com\/es\/news\/fitt-inicia-la-construccion-de-la-fabrica-en-ee-uu-es-el-resultado-de-una-vision-global-y-de-una-accion-local\/#breadcrumb","itemListElement":[{"@type":"ListItem","position":1,"name":"Home","item":"https:\/\/www.fitt.com\/es\/"},{"@type":"ListItem","position":2,"name":"FITT inicia la construcci\u00f3n de la f\u00e1brica en EE.UU.: es el resultado de una visi\u00f3n global y de una acci\u00f3n local"}]},{"@type":"WebSite","@id":"https:\/\/www.fitt.com\/es\/#website","url":"https:\/\/www.fitt.com\/es\/","name":"FITT","description":"FITT Spa","publisher":{"@id":"https:\/\/www.fitt.com\/es\/#organization"},"potentialAction":[{"@type":"SearchAction","target":{"@type":"EntryPoint","urlTemplate":"https:\/\/www.fitt.com\/es\/?s={search_term_string}"},"query-input":{"@type":"PropertyValueSpecification","valueRequired":true,"valueName":"search_term_string"}}],"inLanguage":"es"},{"@type":"Organization","@id":"https:\/\/www.fitt.com\/es\/#organization","name":"Fitt SPA","url":"https:\/\/www.fitt.com\/es\/","logo":{"@type":"ImageObject","inLanguage":"es","@id":"https:\/\/www.fitt.com\/es\/#\/schema\/logo\/image\/","url":"https:\/\/www.fitt.com\/wp-content\/uploads\/2022\/05\/logo-light.png","contentUrl":"https:\/\/www.fitt.com\/wp-content\/uploads\/2022\/05\/logo-light.png","width":827,"height":508,"caption":"Fitt SPA"},"image":{"@id":"https:\/\/www.fitt.com\/es\/#\/schema\/logo\/image\/"}},{"@type":"Person","@id":"https:\/\/www.fitt.com\/es\/#\/schema\/person\/dcf4ccbfb4c9980e6a3babe2db2acb48","name":"digital-team"}]}},"_links":{"self":[{"href":"https:\/\/www.fitt.com\/es\/wp-json\/wp\/v2\/posts\/18701","targetHints":{"allow":["GET"]}}],"collection":[{"href":"https:\/\/www.fitt.com\/es\/wp-json\/wp\/v2\/posts"}],"about":[{"href":"https:\/\/www.fitt.com\/es\/wp-json\/wp\/v2\/types\/post"}],"author":[{"embeddable":true,"href":"https:\/\/www.fitt.com\/es\/wp-json\/wp\/v2\/users\/5"}],"replies":[{"embeddable":true,"href":"https:\/\/www.fitt.com\/es\/wp-json\/wp\/v2\/comments?post=18701"}],"version-history":[{"count":2,"href":"https:\/\/www.fitt.com\/es\/wp-json\/wp\/v2\/posts\/18701\/revisions"}],"predecessor-version":[{"id":18715,"href":"https:\/\/www.fitt.com\/es\/wp-json\/wp\/v2\/posts\/18701\/revisions\/18715"}],"wp:featuredmedia":[{"embeddable":true,"href":"https:\/\/www.fitt.com\/es\/wp-json\/wp\/v2\/media\/18693"}],"wp:attachment":[{"href":"https:\/\/www.fitt.com\/es\/wp-json\/wp\/v2\/media?parent=18701"}],"wp:term":[{"taxonomy":"category","embeddable":true,"href":"https:\/\/www.fitt.com\/es\/wp-json\/wp\/v2\/categories?post=18701"},{"taxonomy":"post_tag","embeddable":true,"href":"https:\/\/www.fitt.com\/es\/wp-json\/wp\/v2\/tags?post=18701"}],"curies":[{"name":"wp","href":"https:\/\/api.w.org\/{rel}","templated":true}]}}