{"id":16777,"date":"2023-05-30T10:16:31","date_gmt":"2023-05-30T08:16:31","guid":{"rendered":"https:\/\/www.fitt.com\/?p=16777"},"modified":"2023-05-30T11:41:38","modified_gmt":"2023-05-30T09:41:38","slug":"neutralidad-en-las-emisiones-de-carbono-que-es-por-que-es-necesaria-y-como-se-consigue","status":"publish","type":"post","link":"https:\/\/www.fitt.com\/es\/news\/neutralidad-en-las-emisiones-de-carbono-que-es-por-que-es-necesaria-y-como-se-consigue\/","title":{"rendered":"Neutralidad en las emisiones de carbono: qu\u00e9 es, por qu\u00e9 es necesaria y c\u00f3mo se consigue"},"content":{"rendered":"<p>O\u00edmos hablar cada vez m\u00e1s de reducci\u00f3n en las emisiones de CO2eq para proteger el planeta de los efectos que el cambio clim\u00e1tico est\u00e1 generando.<br \/>\nBasta con pensar en lo que sucede en Italia y en el mundo: el temporal Vaia, las inundaciones en Pakist\u00e1n y las de Emilia-Roma\u00f1a, los incendios en California, la sequ\u00eda m\u00e1s grave de los \u00faltimos 40 a\u00f1os en Somalia: la lista podr\u00eda seguir.<\/p>\n<p><strong>El fen\u00f3meno del efecto invernadero natural existe desde siempre y, en s\u00ed mismo, es un factor positivo y necesario: si no existiese, la temperatura media del planeta estar\u00eda alrededor de los -15\u00b0C, en vez de +18\u00b0C.\u00a0 El efecto invernadero natural tiene un papel fundamental para el crecimiento y el desarrollo de las formas de vida.<\/strong><\/p>\n<p>Sin embargo, a lo largo del tiempo han surgidos los <strong>gases con efecto invernadero producidos por el hombre, llamados antr\u00f3picos.<\/strong> Se trata de todos los gases generados por la <strong>combusti\u00f3n de fuentes f\u00f3siles (carb\u00f3n, petr\u00f3leo y gas natural) a fin de generar energ\u00eda para el sector p\u00fablico civil, industrial, agr\u00edcola y terciario. <\/strong><\/p>\n<p>La elevada concentraci\u00f3n de este tipo de gases producidos por el hombre genera emisiones que normalmente surgen durante la combusti\u00f3n, como por ejemplo <strong>el anh\u00eddrido carb\u00f3nico y esto es lo que rompe el equilibrio, con consecuencias como la subida de las temperaturas medias globales<\/strong>.<\/p>\n<p>Por lo tanto, estas anomal\u00edas clim\u00e1ticas son el resultado del efecto invernadero antr\u00f3pico y los ganadores del Premio Nobel de F\u00edsica de 2021\u2014 Giorgio Parisi, Syukuro Manabe y Klaus Hasselmann\u2014 as\u00ed como el sexto informe del GIECC (Grupo Intergubernamental de Expertos sobre el Cambio Clim\u00e1tico), confirman la <strong>importante vinculaci\u00f3n entre el cambio clim\u00e1tico y las intervenciones humanas<\/strong>.<\/p>\n<p><strong>Para detener el cambio clim\u00e1tico es necesaria una reducci\u00f3n dr\u00e1stica y r\u00e1pida de la emisiones de CO2eq y de los otros gases que alteran el clima liberados por las actividades humanas en todo el mundo.<\/strong><\/p>\n<p>&nbsp;<\/p>\n<h2><strong>El papel de los pa\u00edses, instituciones, empresas y ciudadanos en la neutralidad en emisiones de carbono<\/strong><\/h2>\n<p><strong>Conseguir la neutralidad de carbono significa equilibrar las emisiones de gases con efecto invernadero generadas y las emisiones reabsorbidas<\/strong>, como resultado de un proceso de cuantificaci\u00f3n, reducci\u00f3n y compensaci\u00f3n de las emisiones de carbono (CO2eq).<\/p>\n<p>Todos \u2014pa\u00edses, instituciones, empresas y ciudadanos individuales\u2014 estamos llamados a ofrecer nuestra contribuci\u00f3n en la reducci\u00f3n de la emisiones de CO2eq.<\/p>\n<p><strong>Los pa\u00edses y las instituciones de todo el mundo se han situado en primera l\u00ednea implementando estrategias a largo plazo,<\/strong> invirtiendo en soluciones tecnol\u00f3gicas realistas, responsabilizando a los ciudadanos y alineando la acci\u00f3n en sectores clave como la <strong>pol\u00edtica industrial, las finanzas y la investigaci\u00f3n, garantizando al mismo tiempo la equidad social para una transici\u00f3n energ\u00e9tica correcta en beneficio de la sociedad y el medio ambiente<\/strong>.<\/p>\n<p>Entre las actividades directas que <strong>las empresas, pero tambi\u00e9n los ciudadanos<\/strong> pueden llevar a cabo para luchar contra el calentamiento global existen: <strong>ahorro energ\u00e9tico, mayor eficiencia en la producci\u00f3n y en el consumo de energ\u00eda, aumento de generaci\u00f3n y utilizaci\u00f3n de fuentes renovables, recurso a las \u201c3 R<\/strong>\u201d (Reducci\u00f3n, Reutilizaci\u00f3n, Reciclaje).<\/p>\n<p>Sin embargo, las intervenciones directas no son suficientes para limitar el calentamiento global: por lo tanto, es necesario recurrir a la <strong>compensaci\u00f3n (offsetting) de las emisiones residuales<\/strong>, las que una empresa no consigue reducir debido a limitaciones t\u00e9cnicas o econ\u00f3micas, para conseguir el objetivo de cero emisiones netas de anh\u00eddrido carb\u00f3nico.<\/p>\n<p>Para muchas empresas, compensar sus emisiones no es una obligaci\u00f3n, sino una <strong>elecci\u00f3n de responsabilidad social y medio ambiental<\/strong>. La compensaci\u00f3n de la <strong>huella de carbono permite a las empresas convertirse en parte de la soluci\u00f3n al cambio clim\u00e1tico<\/strong>, gracias a la reducci\u00f3n de sus emisiones de CO2eq en proporci\u00f3n a la contaminaci\u00f3n que generan.<\/p>\n<p><img loading=\"lazy\" decoding=\"async\" class=\"aligncenter wp-image-16803\" src=\"https:\/\/www.fitt.com\/wp-content\/uploads\/2023\/05\/FITT-Mappa_Carbon-Reduction-plans-and-target-300x129.jpg\" alt=\"\" width=\"600\" height=\"258\" srcset=\"https:\/\/www.fitt.com\/wp-content\/uploads\/2023\/05\/FITT-Mappa_Carbon-Reduction-plans-and-target-300x129.jpg 300w, https:\/\/www.fitt.com\/wp-content\/uploads\/2023\/05\/FITT-Mappa_Carbon-Reduction-plans-and-target-768x330.jpg 768w, https:\/\/www.fitt.com\/wp-content\/uploads\/2023\/05\/FITT-Mappa_Carbon-Reduction-plans-and-target-1536x661.jpg 1536w, https:\/\/www.fitt.com\/wp-content\/uploads\/2023\/05\/FITT-Mappa_Carbon-Reduction-plans-and-target-400x172.jpg 400w, https:\/\/www.fitt.com\/wp-content\/uploads\/2023\/05\/FITT-Mappa_Carbon-Reduction-plans-and-target-1200x516.jpg 1200w, https:\/\/www.fitt.com\/wp-content\/uploads\/2023\/05\/FITT-Mappa_Carbon-Reduction-plans-and-target-600x258.jpg 600w, https:\/\/www.fitt.com\/wp-content\/uploads\/2023\/05\/FITT-Mappa_Carbon-Reduction-plans-and-target.jpg 1920w\" sizes=\"auto, (max-width: 600px) 100vw, 600px\" \/><\/p>\n<h2><strong>C\u00f3mo se compromete FITT a ser parte del cambio<\/strong><\/h2>\n<p>Para FITT, salvaguardar el planeta significa reducir el impacto ambiental, limitar y compensar las emisiones de CO2: una prioridad en l\u00ednea con su estrategia de sostenibilidad para el 2030, <em>El flujo responsable<\/em>.<\/p>\n<p>La estrategia de FITT se basa en cuatro acciones importantes: medir, conocer, reducir y compensar.<\/p>\n<p>Despu\u00e9s de haber reducido el impacto medioambiental de nuestros productos m\u00e1s innovadores, hemos decidido compensar las emisiones restantes de CO2eq derivadas de su ciclo productivo adquiriendo los cr\u00e9ditos de carbono certificados por Gold Standard, generados por el proyecto Water is Life, en colaboraci\u00f3n con Wami Water.<\/p>\n<p>La misi\u00f3n de Water is Life es llevar agua potable a las familias que viven en los pueblos de Anketrake, Andranogadra y Ankatsaky, en Madagascar.<\/p>\n<p>En algunas \u00e1reas de la isla, a\u00fan hoy el 80% de la poblaci\u00f3n no tiene acceso directo al agua potable y est\u00e1 obligada a afrontar largos viajes diarios en \u00e1reas para llegar a las fuentes.<\/p>\n<p>El proyecto Water is Life tiene consecuencias positivas a tres niveles: sanitario, medio ambiental y social.<br \/>\nLlevar agua potable al pueblo significa proporcionar a sus habitantes agua segura, <strong>disminuyendo el riesgo de enfermedades infecciosas<\/strong>, como diarrea, infecciones intestinales y parasitosis; significa <strong>evitar emisiones en la atmosfera de m\u00e1s CO<sub>2<\/sub><\/strong> ya que los habitantes locales no necesitan quemar cualquier material para calentar el agua y que sea potable; significa ofrecer <strong>la posibilidad a los ni\u00f1os de ir a la escuela<\/strong> y a sus <strong>madres de poder ocuparse de manera activa del sustento de sus familias<\/strong>.<\/p>\n<p>&nbsp;<\/p>\n","protected":false},"excerpt":{"rendered":"<p>O\u00edmos hablar cada vez m\u00e1s de reducci\u00f3n en las emisiones de CO2eq para proteger el planeta de los efectos que el cambio clim\u00e1tico est\u00e1 generando. Basta con pensar en lo que sucede en Italia y en el mundo: el temporal Vaia, las inundaciones en Pakist\u00e1n y las de Emilia-Roma\u00f1a, los incendios en California, la sequ\u00eda [&hellip;]<\/p>\n","protected":false},"author":5,"featured_media":20671,"comment_status":"closed","ping_status":"closed","sticky":false,"template":"","format":"standard","meta":{"_acf_changed":false,"footnotes":""},"categories":[363,385],"tags":[],"class_list":["post-16777","post","type-post","status-publish","format-standard","has-post-thumbnail","hentry","category-news-es","category-sustainability-es"],"acf":[],"yoast_head":"<!-- This site is optimized with the Yoast SEO Premium plugin v24.1 (Yoast SEO v27.3) - https:\/\/yoast.com\/product\/yoast-seo-premium-wordpress\/ -->\n<title>Neutralidad en las emisiones de carbono: qu\u00e9 es, por qu\u00e9 es necesaria y c\u00f3mo se consigue - FITT<\/title>\n<meta name=\"description\" content=\"Para detener el cambio clim\u00e1tico es necesaria una reducci\u00f3n dr\u00e1stica y r\u00e1pida de la emisiones de CO2eq y de los otros gases que alteran el clima liberados por las actividades humanas en todo el mundo.\" \/>\n<meta name=\"robots\" content=\"index, follow, max-snippet:-1, max-image-preview:large, max-video-preview:-1\" \/>\n<link rel=\"canonical\" href=\"https:\/\/www.fitt.com\/es\/news\/neutralidad-en-las-emisiones-de-carbono-que-es-por-que-es-necesaria-y-como-se-consigue\/\" \/>\n<meta property=\"og:locale\" content=\"es_ES\" \/>\n<meta property=\"og:type\" content=\"article\" \/>\n<meta property=\"og:title\" content=\"Neutralidad en las emisiones de carbono: qu\u00e9 es, por qu\u00e9 es necesaria y c\u00f3mo se consigue\" \/>\n<meta property=\"og:description\" content=\"Para detener el cambio clim\u00e1tico es necesaria una reducci\u00f3n dr\u00e1stica y r\u00e1pida de la emisiones de CO2eq y de los otros gases que alteran el clima liberados por las actividades humanas en todo el mundo.\" \/>\n<meta property=\"og:url\" content=\"https:\/\/www.fitt.com\/es\/news\/neutralidad-en-las-emisiones-de-carbono-que-es-por-que-es-necesaria-y-como-se-consigue\/\" \/>\n<meta property=\"og:site_name\" content=\"FITT\" \/>\n<meta property=\"article:published_time\" content=\"2023-05-30T08:16:31+00:00\" \/>\n<meta property=\"article:modified_time\" content=\"2023-05-30T09:41:38+00:00\" \/>\n<meta property=\"og:image\" content=\"https:\/\/www.fitt.com\/wp-content\/uploads\/2023\/05\/FITTgreen-header-website6-scaled.jpg\" \/>\n\t<meta property=\"og:image:width\" content=\"2560\" \/>\n\t<meta property=\"og:image:height\" content=\"1040\" \/>\n\t<meta property=\"og:image:type\" content=\"image\/jpeg\" \/>\n<meta name=\"author\" content=\"digital-team\" \/>\n<meta name=\"twitter:card\" content=\"summary_large_image\" \/>\n<meta name=\"twitter:label1\" content=\"Escrito por\" \/>\n\t<meta name=\"twitter:data1\" content=\"digital-team\" \/>\n\t<meta name=\"twitter:label2\" content=\"Tiempo de lectura\" \/>\n\t<meta name=\"twitter:data2\" content=\"4 minutos\" \/>\n<script type=\"application\/ld+json\" class=\"yoast-schema-graph\">{\"@context\":\"https:\\\/\\\/schema.org\",\"@graph\":[{\"@type\":\"Article\",\"@id\":\"https:\\\/\\\/www.fitt.com\\\/es\\\/news\\\/neutralidad-en-las-emisiones-de-carbono-que-es-por-que-es-necesaria-y-como-se-consigue\\\/#article\",\"isPartOf\":{\"@id\":\"https:\\\/\\\/www.fitt.com\\\/es\\\/news\\\/neutralidad-en-las-emisiones-de-carbono-que-es-por-que-es-necesaria-y-como-se-consigue\\\/\"},\"author\":{\"name\":\"digital-team\",\"@id\":\"https:\\\/\\\/www.fitt.com\\\/es\\\/#\\\/schema\\\/person\\\/dcf4ccbfb4c9980e6a3babe2db2acb48\"},\"headline\":\"Neutralidad en las emisiones de carbono: qu\u00e9 es, por qu\u00e9 es necesaria y c\u00f3mo se consigue\",\"datePublished\":\"2023-05-30T08:16:31+00:00\",\"dateModified\":\"2023-05-30T09:41:38+00:00\",\"mainEntityOfPage\":{\"@id\":\"https:\\\/\\\/www.fitt.com\\\/es\\\/news\\\/neutralidad-en-las-emisiones-de-carbono-que-es-por-que-es-necesaria-y-como-se-consigue\\\/\"},\"wordCount\":965,\"publisher\":{\"@id\":\"https:\\\/\\\/www.fitt.com\\\/es\\\/#organization\"},\"image\":{\"@id\":\"https:\\\/\\\/www.fitt.com\\\/es\\\/news\\\/neutralidad-en-las-emisiones-de-carbono-que-es-por-que-es-necesaria-y-como-se-consigue\\\/#primaryimage\"},\"thumbnailUrl\":\"https:\\\/\\\/www.fitt.com\\\/wp-content\\\/uploads\\\/2023\\\/05\\\/FITTgreen-header-website6-scaled.jpg\",\"articleSection\":[\"News\",\"Sustainability\"],\"inLanguage\":\"es\"},{\"@type\":\"WebPage\",\"@id\":\"https:\\\/\\\/www.fitt.com\\\/es\\\/news\\\/neutralidad-en-las-emisiones-de-carbono-que-es-por-que-es-necesaria-y-como-se-consigue\\\/\",\"url\":\"https:\\\/\\\/www.fitt.com\\\/es\\\/news\\\/neutralidad-en-las-emisiones-de-carbono-que-es-por-que-es-necesaria-y-como-se-consigue\\\/\",\"name\":\"Neutralidad en las emisiones de carbono: qu\u00e9 es, por qu\u00e9 es necesaria y c\u00f3mo se consigue - FITT\",\"isPartOf\":{\"@id\":\"https:\\\/\\\/www.fitt.com\\\/es\\\/#website\"},\"primaryImageOfPage\":{\"@id\":\"https:\\\/\\\/www.fitt.com\\\/es\\\/news\\\/neutralidad-en-las-emisiones-de-carbono-que-es-por-que-es-necesaria-y-como-se-consigue\\\/#primaryimage\"},\"image\":{\"@id\":\"https:\\\/\\\/www.fitt.com\\\/es\\\/news\\\/neutralidad-en-las-emisiones-de-carbono-que-es-por-que-es-necesaria-y-como-se-consigue\\\/#primaryimage\"},\"thumbnailUrl\":\"https:\\\/\\\/www.fitt.com\\\/wp-content\\\/uploads\\\/2023\\\/05\\\/FITTgreen-header-website6-scaled.jpg\",\"datePublished\":\"2023-05-30T08:16:31+00:00\",\"dateModified\":\"2023-05-30T09:41:38+00:00\",\"description\":\"Para detener el cambio clim\u00e1tico es necesaria una reducci\u00f3n dr\u00e1stica y r\u00e1pida de la emisiones de CO2eq y de los otros gases que alteran el clima liberados por las actividades humanas en todo el mundo.\",\"breadcrumb\":{\"@id\":\"https:\\\/\\\/www.fitt.com\\\/es\\\/news\\\/neutralidad-en-las-emisiones-de-carbono-que-es-por-que-es-necesaria-y-como-se-consigue\\\/#breadcrumb\"},\"inLanguage\":\"es\",\"potentialAction\":[{\"@type\":\"ReadAction\",\"target\":[\"https:\\\/\\\/www.fitt.com\\\/es\\\/news\\\/neutralidad-en-las-emisiones-de-carbono-que-es-por-que-es-necesaria-y-como-se-consigue\\\/\"]}]},{\"@type\":\"ImageObject\",\"inLanguage\":\"es\",\"@id\":\"https:\\\/\\\/www.fitt.com\\\/es\\\/news\\\/neutralidad-en-las-emisiones-de-carbono-que-es-por-que-es-necesaria-y-como-se-consigue\\\/#primaryimage\",\"url\":\"https:\\\/\\\/www.fitt.com\\\/wp-content\\\/uploads\\\/2023\\\/05\\\/FITTgreen-header-website6-scaled.jpg\",\"contentUrl\":\"https:\\\/\\\/www.fitt.com\\\/wp-content\\\/uploads\\\/2023\\\/05\\\/FITTgreen-header-website6-scaled.jpg\",\"width\":2560,\"height\":1040},{\"@type\":\"BreadcrumbList\",\"@id\":\"https:\\\/\\\/www.fitt.com\\\/es\\\/news\\\/neutralidad-en-las-emisiones-de-carbono-que-es-por-que-es-necesaria-y-como-se-consigue\\\/#breadcrumb\",\"itemListElement\":[{\"@type\":\"ListItem\",\"position\":1,\"name\":\"Home\",\"item\":\"https:\\\/\\\/www.fitt.com\\\/es\\\/\"},{\"@type\":\"ListItem\",\"position\":2,\"name\":\"Neutralidad en las emisiones de carbono: qu\u00e9 es, por qu\u00e9 es necesaria y c\u00f3mo se consigue\"}]},{\"@type\":\"WebSite\",\"@id\":\"https:\\\/\\\/www.fitt.com\\\/es\\\/#website\",\"url\":\"https:\\\/\\\/www.fitt.com\\\/es\\\/\",\"name\":\"FITT\",\"description\":\"FITT Spa\",\"publisher\":{\"@id\":\"https:\\\/\\\/www.fitt.com\\\/es\\\/#organization\"},\"potentialAction\":[{\"@type\":\"SearchAction\",\"target\":{\"@type\":\"EntryPoint\",\"urlTemplate\":\"https:\\\/\\\/www.fitt.com\\\/es\\\/?s={search_term_string}\"},\"query-input\":{\"@type\":\"PropertyValueSpecification\",\"valueRequired\":true,\"valueName\":\"search_term_string\"}}],\"inLanguage\":\"es\"},{\"@type\":\"Organization\",\"@id\":\"https:\\\/\\\/www.fitt.com\\\/es\\\/#organization\",\"name\":\"Fitt SPA\",\"url\":\"https:\\\/\\\/www.fitt.com\\\/es\\\/\",\"logo\":{\"@type\":\"ImageObject\",\"inLanguage\":\"es\",\"@id\":\"https:\\\/\\\/www.fitt.com\\\/es\\\/#\\\/schema\\\/logo\\\/image\\\/\",\"url\":\"https:\\\/\\\/www.fitt.com\\\/wp-content\\\/uploads\\\/2022\\\/05\\\/logo-light.png\",\"contentUrl\":\"https:\\\/\\\/www.fitt.com\\\/wp-content\\\/uploads\\\/2022\\\/05\\\/logo-light.png\",\"width\":827,\"height\":508,\"caption\":\"Fitt SPA\"},\"image\":{\"@id\":\"https:\\\/\\\/www.fitt.com\\\/es\\\/#\\\/schema\\\/logo\\\/image\\\/\"}},{\"@type\":\"Person\",\"@id\":\"https:\\\/\\\/www.fitt.com\\\/es\\\/#\\\/schema\\\/person\\\/dcf4ccbfb4c9980e6a3babe2db2acb48\",\"name\":\"digital-team\"}]}<\/script>\n<!-- \/ Yoast SEO Premium plugin. -->","yoast_head_json":{"title":"Neutralidad en las emisiones de carbono: qu\u00e9 es, por qu\u00e9 es necesaria y c\u00f3mo se consigue - FITT","description":"Para detener el cambio clim\u00e1tico es necesaria una reducci\u00f3n dr\u00e1stica y r\u00e1pida de la emisiones de CO2eq y de los otros gases que alteran el clima liberados por las actividades humanas en todo el mundo.","robots":{"index":"index","follow":"follow","max-snippet":"max-snippet:-1","max-image-preview":"max-image-preview:large","max-video-preview":"max-video-preview:-1"},"canonical":"https:\/\/www.fitt.com\/es\/news\/neutralidad-en-las-emisiones-de-carbono-que-es-por-que-es-necesaria-y-como-se-consigue\/","og_locale":"es_ES","og_type":"article","og_title":"Neutralidad en las emisiones de carbono: qu\u00e9 es, por qu\u00e9 es necesaria y c\u00f3mo se consigue","og_description":"Para detener el cambio clim\u00e1tico es necesaria una reducci\u00f3n dr\u00e1stica y r\u00e1pida de la emisiones de CO2eq y de los otros gases que alteran el clima liberados por las actividades humanas en todo el mundo.","og_url":"https:\/\/www.fitt.com\/es\/news\/neutralidad-en-las-emisiones-de-carbono-que-es-por-que-es-necesaria-y-como-se-consigue\/","og_site_name":"FITT","article_published_time":"2023-05-30T08:16:31+00:00","article_modified_time":"2023-05-30T09:41:38+00:00","og_image":[{"width":2560,"height":1040,"url":"https:\/\/www.fitt.com\/wp-content\/uploads\/2023\/05\/FITTgreen-header-website6-scaled.jpg","type":"image\/jpeg"}],"author":"digital-team","twitter_card":"summary_large_image","twitter_misc":{"Escrito por":"digital-team","Tiempo de lectura":"4 minutos"},"schema":{"@context":"https:\/\/schema.org","@graph":[{"@type":"Article","@id":"https:\/\/www.fitt.com\/es\/news\/neutralidad-en-las-emisiones-de-carbono-que-es-por-que-es-necesaria-y-como-se-consigue\/#article","isPartOf":{"@id":"https:\/\/www.fitt.com\/es\/news\/neutralidad-en-las-emisiones-de-carbono-que-es-por-que-es-necesaria-y-como-se-consigue\/"},"author":{"name":"digital-team","@id":"https:\/\/www.fitt.com\/es\/#\/schema\/person\/dcf4ccbfb4c9980e6a3babe2db2acb48"},"headline":"Neutralidad en las emisiones de carbono: qu\u00e9 es, por qu\u00e9 es necesaria y c\u00f3mo se consigue","datePublished":"2023-05-30T08:16:31+00:00","dateModified":"2023-05-30T09:41:38+00:00","mainEntityOfPage":{"@id":"https:\/\/www.fitt.com\/es\/news\/neutralidad-en-las-emisiones-de-carbono-que-es-por-que-es-necesaria-y-como-se-consigue\/"},"wordCount":965,"publisher":{"@id":"https:\/\/www.fitt.com\/es\/#organization"},"image":{"@id":"https:\/\/www.fitt.com\/es\/news\/neutralidad-en-las-emisiones-de-carbono-que-es-por-que-es-necesaria-y-como-se-consigue\/#primaryimage"},"thumbnailUrl":"https:\/\/www.fitt.com\/wp-content\/uploads\/2023\/05\/FITTgreen-header-website6-scaled.jpg","articleSection":["News","Sustainability"],"inLanguage":"es"},{"@type":"WebPage","@id":"https:\/\/www.fitt.com\/es\/news\/neutralidad-en-las-emisiones-de-carbono-que-es-por-que-es-necesaria-y-como-se-consigue\/","url":"https:\/\/www.fitt.com\/es\/news\/neutralidad-en-las-emisiones-de-carbono-que-es-por-que-es-necesaria-y-como-se-consigue\/","name":"Neutralidad en las emisiones de carbono: qu\u00e9 es, por qu\u00e9 es necesaria y c\u00f3mo se consigue - FITT","isPartOf":{"@id":"https:\/\/www.fitt.com\/es\/#website"},"primaryImageOfPage":{"@id":"https:\/\/www.fitt.com\/es\/news\/neutralidad-en-las-emisiones-de-carbono-que-es-por-que-es-necesaria-y-como-se-consigue\/#primaryimage"},"image":{"@id":"https:\/\/www.fitt.com\/es\/news\/neutralidad-en-las-emisiones-de-carbono-que-es-por-que-es-necesaria-y-como-se-consigue\/#primaryimage"},"thumbnailUrl":"https:\/\/www.fitt.com\/wp-content\/uploads\/2023\/05\/FITTgreen-header-website6-scaled.jpg","datePublished":"2023-05-30T08:16:31+00:00","dateModified":"2023-05-30T09:41:38+00:00","description":"Para detener el cambio clim\u00e1tico es necesaria una reducci\u00f3n dr\u00e1stica y r\u00e1pida de la emisiones de CO2eq y de los otros gases que alteran el clima liberados por las actividades humanas en todo el mundo.","breadcrumb":{"@id":"https:\/\/www.fitt.com\/es\/news\/neutralidad-en-las-emisiones-de-carbono-que-es-por-que-es-necesaria-y-como-se-consigue\/#breadcrumb"},"inLanguage":"es","potentialAction":[{"@type":"ReadAction","target":["https:\/\/www.fitt.com\/es\/news\/neutralidad-en-las-emisiones-de-carbono-que-es-por-que-es-necesaria-y-como-se-consigue\/"]}]},{"@type":"ImageObject","inLanguage":"es","@id":"https:\/\/www.fitt.com\/es\/news\/neutralidad-en-las-emisiones-de-carbono-que-es-por-que-es-necesaria-y-como-se-consigue\/#primaryimage","url":"https:\/\/www.fitt.com\/wp-content\/uploads\/2023\/05\/FITTgreen-header-website6-scaled.jpg","contentUrl":"https:\/\/www.fitt.com\/wp-content\/uploads\/2023\/05\/FITTgreen-header-website6-scaled.jpg","width":2560,"height":1040},{"@type":"BreadcrumbList","@id":"https:\/\/www.fitt.com\/es\/news\/neutralidad-en-las-emisiones-de-carbono-que-es-por-que-es-necesaria-y-como-se-consigue\/#breadcrumb","itemListElement":[{"@type":"ListItem","position":1,"name":"Home","item":"https:\/\/www.fitt.com\/es\/"},{"@type":"ListItem","position":2,"name":"Neutralidad en las emisiones de carbono: qu\u00e9 es, por qu\u00e9 es necesaria y c\u00f3mo se consigue"}]},{"@type":"WebSite","@id":"https:\/\/www.fitt.com\/es\/#website","url":"https:\/\/www.fitt.com\/es\/","name":"FITT","description":"FITT Spa","publisher":{"@id":"https:\/\/www.fitt.com\/es\/#organization"},"potentialAction":[{"@type":"SearchAction","target":{"@type":"EntryPoint","urlTemplate":"https:\/\/www.fitt.com\/es\/?s={search_term_string}"},"query-input":{"@type":"PropertyValueSpecification","valueRequired":true,"valueName":"search_term_string"}}],"inLanguage":"es"},{"@type":"Organization","@id":"https:\/\/www.fitt.com\/es\/#organization","name":"Fitt SPA","url":"https:\/\/www.fitt.com\/es\/","logo":{"@type":"ImageObject","inLanguage":"es","@id":"https:\/\/www.fitt.com\/es\/#\/schema\/logo\/image\/","url":"https:\/\/www.fitt.com\/wp-content\/uploads\/2022\/05\/logo-light.png","contentUrl":"https:\/\/www.fitt.com\/wp-content\/uploads\/2022\/05\/logo-light.png","width":827,"height":508,"caption":"Fitt SPA"},"image":{"@id":"https:\/\/www.fitt.com\/es\/#\/schema\/logo\/image\/"}},{"@type":"Person","@id":"https:\/\/www.fitt.com\/es\/#\/schema\/person\/dcf4ccbfb4c9980e6a3babe2db2acb48","name":"digital-team"}]}},"_links":{"self":[{"href":"https:\/\/www.fitt.com\/es\/wp-json\/wp\/v2\/posts\/16777","targetHints":{"allow":["GET"]}}],"collection":[{"href":"https:\/\/www.fitt.com\/es\/wp-json\/wp\/v2\/posts"}],"about":[{"href":"https:\/\/www.fitt.com\/es\/wp-json\/wp\/v2\/types\/post"}],"author":[{"embeddable":true,"href":"https:\/\/www.fitt.com\/es\/wp-json\/wp\/v2\/users\/5"}],"replies":[{"embeddable":true,"href":"https:\/\/www.fitt.com\/es\/wp-json\/wp\/v2\/comments?post=16777"}],"version-history":[{"count":3,"href":"https:\/\/www.fitt.com\/es\/wp-json\/wp\/v2\/posts\/16777\/revisions"}],"predecessor-version":[{"id":16810,"href":"https:\/\/www.fitt.com\/es\/wp-json\/wp\/v2\/posts\/16777\/revisions\/16810"}],"wp:featuredmedia":[{"embeddable":true,"href":"https:\/\/www.fitt.com\/es\/wp-json\/wp\/v2\/media\/20671"}],"wp:attachment":[{"href":"https:\/\/www.fitt.com\/es\/wp-json\/wp\/v2\/media?parent=16777"}],"wp:term":[{"taxonomy":"category","embeddable":true,"href":"https:\/\/www.fitt.com\/es\/wp-json\/wp\/v2\/categories?post=16777"},{"taxonomy":"post_tag","embeddable":true,"href":"https:\/\/www.fitt.com\/es\/wp-json\/wp\/v2\/tags?post=16777"}],"curies":[{"name":"wp","href":"https:\/\/api.w.org\/{rel}","templated":true}]}}