{"id":15307,"date":"2019-11-26T00:00:00","date_gmt":"2019-11-25T23:00:00","guid":{"rendered":"https:\/\/www.fitt.com\/news\/mens-sana-in-spatio-sano\/"},"modified":"2022-08-09T16:02:57","modified_gmt":"2022-08-09T14:02:57","slug":"mens-sana-in-spatio-sano","status":"publish","type":"post","link":"https:\/\/www.fitt.com\/es\/news\/mens-sana-in-spatio-sano\/","title":{"rendered":"Mens sana in spatio sano"},"content":{"rendered":"<div class='custom_gallery' data-module='gallery-modal'>\n<div class='outside-gallery-container row'>\n<div class='col-md-4 col-sm-6 btn-modal'>\n<div class='image-container' data-index='0'>\n<img decoding=\"async\" src=\"https:\/\/www.fitt.com\/wp-content\/uploads\/2019\/11\/mens-scaled.jpg\"><\/div>\n<\/div>\n<div class='col-md-4 col-sm-6 btn-modal'>\n<div class='image-container' data-index='1'>\n<img decoding=\"async\" src=\"https:\/\/www.fitt.com\/wp-content\/uploads\/2019\/11\/mens2-scaled.jpg\"><\/div>\n<\/div>\n<div class='col-md-4 col-sm-6 btn-modal'>\n<div class='image-container' data-index='2'>\n<img decoding=\"async\" src=\"https:\/\/www.fitt.com\/wp-content\/uploads\/2019\/11\/mens3.jpg\"><\/div>\n<\/div>\n<div class='col-md-4 col-sm-6 btn-modal'>\n<div class='image-container' data-index='3'>\n<img decoding=\"async\" src=\"https:\/\/www.fitt.com\/wp-content\/uploads\/2019\/11\/mens4-scaled.jpg\"><\/div>\n<\/div>\n<\/div>\n\n      <div class=\"ud_modal modal-js js_gallery\">\n        <div class=\"box\">\n          <div class=\"btn-close\">\n            <span class=\"icon-close\">\n              <svg viewBox=\"0 0 27 27\" xmlns=\"http:\/\/www.w3.org\/2000\/svg\">\n                <rect id=\"rect-1\" x=\"2.25146\" y=\"0.129944\" width=\"35\" height=\"3\" rx=\"1.5\" transform=\"rotate(45 2.25146 0.129944)\"\/>\n                <rect id=\"rect-2\" width=\"35\" height=\"3\" rx=\"1.5\" transform=\"matrix(-0.707107 0.707107 0.707107 0.707107 24.8135 0.0649719)\"\/>\n              <\/svg>\n            <\/span>\n          <\/div>\n          <div class=\"content mx-md-n32\">\n            <div class=\"slider\">\n              <div class=\"swiper-wrapper\">\n                <div class='swiper-slide'>\n<img decoding=\"async\" src=\"https:\/\/www.fitt.com\/wp-content\/uploads\/2019\/11\/mens-scaled.jpg\"><\/div>\n<div class='swiper-slide'>\n<img decoding=\"async\" src=\"https:\/\/www.fitt.com\/wp-content\/uploads\/2019\/11\/mens2-scaled.jpg\"><\/div>\n<div class='swiper-slide'>\n<img decoding=\"async\" src=\"https:\/\/www.fitt.com\/wp-content\/uploads\/2019\/11\/mens3.jpg\"><\/div>\n<div class='swiper-slide'>\n<img decoding=\"async\" src=\"https:\/\/www.fitt.com\/wp-content\/uploads\/2019\/11\/mens4-scaled.jpg\"><\/div>\n\n              <\/div>\n            <\/div>\n          <\/div>\n\n          <div class=\"ud_slider__nav--prev\">\n            <svg fill=\"none\" height=\"20\" viewBox=\"0 0 14 20\" width=\"14\" xmlns=\"http:\/\/www.w3.org\/2000\/svg\">\n              <path d=\"m12.9706 9.20759c.52.40031.52 1.18451 0 1.58481l-10.8606 8.3605c-.65757.5062-1.609999.0375-1.609999-.7924l-.000001-16.72102c0-.829843.95243-1.298607 1.60999-.79241z\" fill=\"#000\"><\/path>\n            <\/svg>\n          <\/div>\n          <div class=\"ud_slider__nav--next\">\n            <svg fill=\"none\" height=\"20\" viewBox=\"0 0 14 20\" width=\"14\" xmlns=\"http:\/\/www.w3.org\/2000\/svg\">\n              <path d=\"m12.9706 9.20759c.52.40031.52 1.18451 0 1.58481l-10.8606 8.3605c-.65757.5062-1.609999.0375-1.609999-.7924l-.000001-16.72102c0-.829843.95243-1.298607 1.60999-.79241z\" fill=\"#000\"><\/path>\n            <\/svg>\n          <\/div>\n        <\/div>\n      <\/div>\n    <\/div>\n<p><strong><em>Mens sana in spatio sano<\/em><\/strong>, as\u00ed se podr\u00eda adaptar la famosa locuci\u00f3n latina.<br \/>\nYa que se han inaugurado <strong>espacios nuevos, acogedores y sostenibles<\/strong>, dedicados no solo a los momentos de trabajo, sino tambi\u00e9n a los momentos de relax <strong>en nuestra sede de Sandrigo<\/strong>.<\/p>\n<p>Hemos <strong>renovado el comedor de la empresa<\/strong>, <strong>con el objetivo de poner a cero la producci\u00f3n de residuos no biodegradables<\/strong>: por este motivo, hemos introducido la cocci\u00f3n y emplatado in situ y hemos abandonado los envases individuales y las botellas de agua, en favor de platos, cubiertos y vasos que se puedan lavar, con la comodidad de tomar nuestras bebidas directamente de un distribuidor de km cero.<\/p>\n<p>Hemos <strong>enriquecido la zona de relax recurriendo a una galer\u00eda que mira al exterior <\/strong>con un toque de verde y teniendo en cuenta el dise\u00f1o y la modernidad, elementos que se respiran en toda la <strong>nueva \u00e1rea de las oficinas<\/strong>, dotada de grandes vidrieras a lo largo de toda la pared exterior, lo que deja un amplio espacio a la luz natural. Juegos de luz y transparencias que se producen en el altillo en el que se puede beber un caf\u00e9 o charlar.<\/p>\n<p>El <strong>resultado <\/strong>de este proyecto es la creaci\u00f3n de una <strong>estructura moderna, acogedora y optimizada de la mejor manera para reducir al m\u00ednimo los consumos de energ\u00eda<\/strong> gracias a la introducci\u00f3n de instalaciones el\u00e9ctricas, climatizaci\u00f3n autom\u00e1tica, sistemas de recambio del aire de \u00faltima generaci\u00f3n e iluminaci\u00f3n completamente de led, adem\u00e1s de aislamiento termoac\u00fastico. <strong>M\u00e1s comodidad para unos servicios mejores.<\/strong><\/p>\n<p>Los nuevos ambientes se han convertido en <strong>lugares en los que vivir plenamente la empresa, dar voz a nuestras ideas <\/strong>y <strong>espacio a nuestra creatividad<\/strong>.<\/p>\n<p><strong>Porque en FITT nos sentimos como en casa.<\/strong><\/p>\n","protected":false},"excerpt":{"rendered":"<p>Mens sana in spatio sano, as\u00ed se podr\u00eda adaptar la famosa locuci\u00f3n latina. Ya que se han inaugurado espacios nuevos, acogedores y sostenibles, dedicados no solo a los momentos de trabajo, sino tambi\u00e9n a los momentos de relax en nuestra sede de Sandrigo. Hemos renovado el comedor de la empresa, con el objetivo de poner [&hellip;]<\/p>\n","protected":false},"author":1,"featured_media":12013,"comment_status":"closed","ping_status":"open","sticky":false,"template":"","format":"standard","meta":{"_acf_changed":false,"footnotes":""},"categories":[363,383,385],"tags":[],"class_list":["post-15307","post","type-post","status-publish","format-standard","has-post-thumbnail","hentry","category-news-es","category-people-es","category-sustainability-es"],"acf":[],"yoast_head":"<!-- This site is optimized with the Yoast SEO Premium plugin v24.1 (Yoast SEO v27.3) - https:\/\/yoast.com\/product\/yoast-seo-premium-wordpress\/ -->\n<title>Mens sana in spatio sano - FITT<\/title>\n<meta name=\"robots\" content=\"index, follow, max-snippet:-1, max-image-preview:large, max-video-preview:-1\" \/>\n<link rel=\"canonical\" href=\"https:\/\/www.fitt.com\/es\/news\/mens-sana-in-spatio-sano\/\" \/>\n<meta property=\"og:locale\" content=\"es_ES\" \/>\n<meta property=\"og:type\" content=\"article\" \/>\n<meta property=\"og:title\" content=\"Mens sana in spatio sano\" \/>\n<meta property=\"og:description\" content=\"Mens sana in spatio sano, as\u00ed se podr\u00eda adaptar la famosa locuci\u00f3n latina. Ya que se han inaugurado espacios nuevos, acogedores y sostenibles, dedicados no solo a los momentos de trabajo, sino tambi\u00e9n a los momentos de relax en nuestra sede de Sandrigo. Hemos renovado el comedor de la empresa, con el objetivo de poner [&hellip;]\" \/>\n<meta property=\"og:url\" content=\"https:\/\/www.fitt.com\/es\/news\/mens-sana-in-spatio-sano\/\" \/>\n<meta property=\"og:site_name\" content=\"FITT\" \/>\n<meta property=\"article:published_time\" content=\"2019-11-25T23:00:00+00:00\" \/>\n<meta property=\"article:modified_time\" content=\"2022-08-09T14:02:57+00:00\" \/>\n<meta property=\"og:image\" content=\"https:\/\/www.fitt.com\/wp-content\/uploads\/2019\/11\/Mens-sana-in-spatio-sano.jpg\" \/>\n\t<meta property=\"og:image:width\" content=\"1200\" \/>\n\t<meta property=\"og:image:height\" content=\"800\" \/>\n\t<meta property=\"og:image:type\" content=\"image\/jpeg\" \/>\n<meta name=\"author\" content=\"system\" \/>\n<meta name=\"twitter:card\" content=\"summary_large_image\" \/>\n<meta name=\"twitter:label1\" content=\"Escrito por\" \/>\n\t<meta name=\"twitter:data1\" content=\"system\" \/>\n\t<meta name=\"twitter:label2\" content=\"Tiempo de lectura\" \/>\n\t<meta name=\"twitter:data2\" content=\"2 minutos\" \/>\n<script type=\"application\/ld+json\" class=\"yoast-schema-graph\">{\"@context\":\"https:\\\/\\\/schema.org\",\"@graph\":[{\"@type\":\"Article\",\"@id\":\"https:\\\/\\\/www.fitt.com\\\/es\\\/news\\\/mens-sana-in-spatio-sano\\\/#article\",\"isPartOf\":{\"@id\":\"https:\\\/\\\/www.fitt.com\\\/es\\\/news\\\/mens-sana-in-spatio-sano\\\/\"},\"author\":{\"name\":\"system\",\"@id\":\"https:\\\/\\\/www.fitt.com\\\/es\\\/#\\\/schema\\\/person\\\/88ed5d9863be31118f9ec9ee37f028a2\"},\"headline\":\"Mens sana in spatio sano\",\"datePublished\":\"2019-11-25T23:00:00+00:00\",\"dateModified\":\"2022-08-09T14:02:57+00:00\",\"mainEntityOfPage\":{\"@id\":\"https:\\\/\\\/www.fitt.com\\\/es\\\/news\\\/mens-sana-in-spatio-sano\\\/\"},\"wordCount\":311,\"publisher\":{\"@id\":\"https:\\\/\\\/www.fitt.com\\\/es\\\/#organization\"},\"image\":{\"@id\":\"https:\\\/\\\/www.fitt.com\\\/es\\\/news\\\/mens-sana-in-spatio-sano\\\/#primaryimage\"},\"thumbnailUrl\":\"https:\\\/\\\/www.fitt.com\\\/wp-content\\\/uploads\\\/2019\\\/11\\\/Mens-sana-in-spatio-sano.jpg\",\"articleSection\":[\"News\",\"People\",\"Sustainability\"],\"inLanguage\":\"es\"},{\"@type\":\"WebPage\",\"@id\":\"https:\\\/\\\/www.fitt.com\\\/es\\\/news\\\/mens-sana-in-spatio-sano\\\/\",\"url\":\"https:\\\/\\\/www.fitt.com\\\/es\\\/news\\\/mens-sana-in-spatio-sano\\\/\",\"name\":\"Mens sana in spatio sano - FITT\",\"isPartOf\":{\"@id\":\"https:\\\/\\\/www.fitt.com\\\/es\\\/#website\"},\"primaryImageOfPage\":{\"@id\":\"https:\\\/\\\/www.fitt.com\\\/es\\\/news\\\/mens-sana-in-spatio-sano\\\/#primaryimage\"},\"image\":{\"@id\":\"https:\\\/\\\/www.fitt.com\\\/es\\\/news\\\/mens-sana-in-spatio-sano\\\/#primaryimage\"},\"thumbnailUrl\":\"https:\\\/\\\/www.fitt.com\\\/wp-content\\\/uploads\\\/2019\\\/11\\\/Mens-sana-in-spatio-sano.jpg\",\"datePublished\":\"2019-11-25T23:00:00+00:00\",\"dateModified\":\"2022-08-09T14:02:57+00:00\",\"breadcrumb\":{\"@id\":\"https:\\\/\\\/www.fitt.com\\\/es\\\/news\\\/mens-sana-in-spatio-sano\\\/#breadcrumb\"},\"inLanguage\":\"es\",\"potentialAction\":[{\"@type\":\"ReadAction\",\"target\":[\"https:\\\/\\\/www.fitt.com\\\/es\\\/news\\\/mens-sana-in-spatio-sano\\\/\"]}]},{\"@type\":\"ImageObject\",\"inLanguage\":\"es\",\"@id\":\"https:\\\/\\\/www.fitt.com\\\/es\\\/news\\\/mens-sana-in-spatio-sano\\\/#primaryimage\",\"url\":\"https:\\\/\\\/www.fitt.com\\\/wp-content\\\/uploads\\\/2019\\\/11\\\/Mens-sana-in-spatio-sano.jpg\",\"contentUrl\":\"https:\\\/\\\/www.fitt.com\\\/wp-content\\\/uploads\\\/2019\\\/11\\\/Mens-sana-in-spatio-sano.jpg\",\"width\":1200,\"height\":800},{\"@type\":\"BreadcrumbList\",\"@id\":\"https:\\\/\\\/www.fitt.com\\\/es\\\/news\\\/mens-sana-in-spatio-sano\\\/#breadcrumb\",\"itemListElement\":[{\"@type\":\"ListItem\",\"position\":1,\"name\":\"Home\",\"item\":\"https:\\\/\\\/www.fitt.com\\\/es\\\/\"},{\"@type\":\"ListItem\",\"position\":2,\"name\":\"Mens sana in spatio sano\"}]},{\"@type\":\"WebSite\",\"@id\":\"https:\\\/\\\/www.fitt.com\\\/es\\\/#website\",\"url\":\"https:\\\/\\\/www.fitt.com\\\/es\\\/\",\"name\":\"FITT\",\"description\":\"FITT Spa\",\"publisher\":{\"@id\":\"https:\\\/\\\/www.fitt.com\\\/es\\\/#organization\"},\"potentialAction\":[{\"@type\":\"SearchAction\",\"target\":{\"@type\":\"EntryPoint\",\"urlTemplate\":\"https:\\\/\\\/www.fitt.com\\\/es\\\/?s={search_term_string}\"},\"query-input\":{\"@type\":\"PropertyValueSpecification\",\"valueRequired\":true,\"valueName\":\"search_term_string\"}}],\"inLanguage\":\"es\"},{\"@type\":\"Organization\",\"@id\":\"https:\\\/\\\/www.fitt.com\\\/es\\\/#organization\",\"name\":\"Fitt SPA\",\"url\":\"https:\\\/\\\/www.fitt.com\\\/es\\\/\",\"logo\":{\"@type\":\"ImageObject\",\"inLanguage\":\"es\",\"@id\":\"https:\\\/\\\/www.fitt.com\\\/es\\\/#\\\/schema\\\/logo\\\/image\\\/\",\"url\":\"https:\\\/\\\/www.fitt.com\\\/wp-content\\\/uploads\\\/2022\\\/05\\\/logo-light.png\",\"contentUrl\":\"https:\\\/\\\/www.fitt.com\\\/wp-content\\\/uploads\\\/2022\\\/05\\\/logo-light.png\",\"width\":827,\"height\":508,\"caption\":\"Fitt SPA\"},\"image\":{\"@id\":\"https:\\\/\\\/www.fitt.com\\\/es\\\/#\\\/schema\\\/logo\\\/image\\\/\"}},{\"@type\":\"Person\",\"@id\":\"https:\\\/\\\/www.fitt.com\\\/es\\\/#\\\/schema\\\/person\\\/88ed5d9863be31118f9ec9ee37f028a2\",\"name\":\"system\",\"sameAs\":[\"https:\\\/\\\/www.fitt.com\\\/\"]}]}<\/script>\n<!-- \/ Yoast SEO Premium plugin. -->","yoast_head_json":{"title":"Mens sana in spatio sano - FITT","robots":{"index":"index","follow":"follow","max-snippet":"max-snippet:-1","max-image-preview":"max-image-preview:large","max-video-preview":"max-video-preview:-1"},"canonical":"https:\/\/www.fitt.com\/es\/news\/mens-sana-in-spatio-sano\/","og_locale":"es_ES","og_type":"article","og_title":"Mens sana in spatio sano","og_description":"Mens sana in spatio sano, as\u00ed se podr\u00eda adaptar la famosa locuci\u00f3n latina. Ya que se han inaugurado espacios nuevos, acogedores y sostenibles, dedicados no solo a los momentos de trabajo, sino tambi\u00e9n a los momentos de relax en nuestra sede de Sandrigo. Hemos renovado el comedor de la empresa, con el objetivo de poner [&hellip;]","og_url":"https:\/\/www.fitt.com\/es\/news\/mens-sana-in-spatio-sano\/","og_site_name":"FITT","article_published_time":"2019-11-25T23:00:00+00:00","article_modified_time":"2022-08-09T14:02:57+00:00","og_image":[{"width":1200,"height":800,"url":"https:\/\/www.fitt.com\/wp-content\/uploads\/2019\/11\/Mens-sana-in-spatio-sano.jpg","type":"image\/jpeg"}],"author":"system","twitter_card":"summary_large_image","twitter_misc":{"Escrito por":"system","Tiempo de lectura":"2 minutos"},"schema":{"@context":"https:\/\/schema.org","@graph":[{"@type":"Article","@id":"https:\/\/www.fitt.com\/es\/news\/mens-sana-in-spatio-sano\/#article","isPartOf":{"@id":"https:\/\/www.fitt.com\/es\/news\/mens-sana-in-spatio-sano\/"},"author":{"name":"system","@id":"https:\/\/www.fitt.com\/es\/#\/schema\/person\/88ed5d9863be31118f9ec9ee37f028a2"},"headline":"Mens sana in spatio sano","datePublished":"2019-11-25T23:00:00+00:00","dateModified":"2022-08-09T14:02:57+00:00","mainEntityOfPage":{"@id":"https:\/\/www.fitt.com\/es\/news\/mens-sana-in-spatio-sano\/"},"wordCount":311,"publisher":{"@id":"https:\/\/www.fitt.com\/es\/#organization"},"image":{"@id":"https:\/\/www.fitt.com\/es\/news\/mens-sana-in-spatio-sano\/#primaryimage"},"thumbnailUrl":"https:\/\/www.fitt.com\/wp-content\/uploads\/2019\/11\/Mens-sana-in-spatio-sano.jpg","articleSection":["News","People","Sustainability"],"inLanguage":"es"},{"@type":"WebPage","@id":"https:\/\/www.fitt.com\/es\/news\/mens-sana-in-spatio-sano\/","url":"https:\/\/www.fitt.com\/es\/news\/mens-sana-in-spatio-sano\/","name":"Mens sana in spatio sano - FITT","isPartOf":{"@id":"https:\/\/www.fitt.com\/es\/#website"},"primaryImageOfPage":{"@id":"https:\/\/www.fitt.com\/es\/news\/mens-sana-in-spatio-sano\/#primaryimage"},"image":{"@id":"https:\/\/www.fitt.com\/es\/news\/mens-sana-in-spatio-sano\/#primaryimage"},"thumbnailUrl":"https:\/\/www.fitt.com\/wp-content\/uploads\/2019\/11\/Mens-sana-in-spatio-sano.jpg","datePublished":"2019-11-25T23:00:00+00:00","dateModified":"2022-08-09T14:02:57+00:00","breadcrumb":{"@id":"https:\/\/www.fitt.com\/es\/news\/mens-sana-in-spatio-sano\/#breadcrumb"},"inLanguage":"es","potentialAction":[{"@type":"ReadAction","target":["https:\/\/www.fitt.com\/es\/news\/mens-sana-in-spatio-sano\/"]}]},{"@type":"ImageObject","inLanguage":"es","@id":"https:\/\/www.fitt.com\/es\/news\/mens-sana-in-spatio-sano\/#primaryimage","url":"https:\/\/www.fitt.com\/wp-content\/uploads\/2019\/11\/Mens-sana-in-spatio-sano.jpg","contentUrl":"https:\/\/www.fitt.com\/wp-content\/uploads\/2019\/11\/Mens-sana-in-spatio-sano.jpg","width":1200,"height":800},{"@type":"BreadcrumbList","@id":"https:\/\/www.fitt.com\/es\/news\/mens-sana-in-spatio-sano\/#breadcrumb","itemListElement":[{"@type":"ListItem","position":1,"name":"Home","item":"https:\/\/www.fitt.com\/es\/"},{"@type":"ListItem","position":2,"name":"Mens sana in spatio sano"}]},{"@type":"WebSite","@id":"https:\/\/www.fitt.com\/es\/#website","url":"https:\/\/www.fitt.com\/es\/","name":"FITT","description":"FITT Spa","publisher":{"@id":"https:\/\/www.fitt.com\/es\/#organization"},"potentialAction":[{"@type":"SearchAction","target":{"@type":"EntryPoint","urlTemplate":"https:\/\/www.fitt.com\/es\/?s={search_term_string}"},"query-input":{"@type":"PropertyValueSpecification","valueRequired":true,"valueName":"search_term_string"}}],"inLanguage":"es"},{"@type":"Organization","@id":"https:\/\/www.fitt.com\/es\/#organization","name":"Fitt SPA","url":"https:\/\/www.fitt.com\/es\/","logo":{"@type":"ImageObject","inLanguage":"es","@id":"https:\/\/www.fitt.com\/es\/#\/schema\/logo\/image\/","url":"https:\/\/www.fitt.com\/wp-content\/uploads\/2022\/05\/logo-light.png","contentUrl":"https:\/\/www.fitt.com\/wp-content\/uploads\/2022\/05\/logo-light.png","width":827,"height":508,"caption":"Fitt SPA"},"image":{"@id":"https:\/\/www.fitt.com\/es\/#\/schema\/logo\/image\/"}},{"@type":"Person","@id":"https:\/\/www.fitt.com\/es\/#\/schema\/person\/88ed5d9863be31118f9ec9ee37f028a2","name":"system","sameAs":["https:\/\/www.fitt.com\/"]}]}},"_links":{"self":[{"href":"https:\/\/www.fitt.com\/es\/wp-json\/wp\/v2\/posts\/15307","targetHints":{"allow":["GET"]}}],"collection":[{"href":"https:\/\/www.fitt.com\/es\/wp-json\/wp\/v2\/posts"}],"about":[{"href":"https:\/\/www.fitt.com\/es\/wp-json\/wp\/v2\/types\/post"}],"author":[{"embeddable":true,"href":"https:\/\/www.fitt.com\/es\/wp-json\/wp\/v2\/users\/1"}],"replies":[{"embeddable":true,"href":"https:\/\/www.fitt.com\/es\/wp-json\/wp\/v2\/comments?post=15307"}],"version-history":[{"count":1,"href":"https:\/\/www.fitt.com\/es\/wp-json\/wp\/v2\/posts\/15307\/revisions"}],"predecessor-version":[{"id":15309,"href":"https:\/\/www.fitt.com\/es\/wp-json\/wp\/v2\/posts\/15307\/revisions\/15309"}],"wp:featuredmedia":[{"embeddable":true,"href":"https:\/\/www.fitt.com\/es\/wp-json\/wp\/v2\/media\/12013"}],"wp:attachment":[{"href":"https:\/\/www.fitt.com\/es\/wp-json\/wp\/v2\/media?parent=15307"}],"wp:term":[{"taxonomy":"category","embeddable":true,"href":"https:\/\/www.fitt.com\/es\/wp-json\/wp\/v2\/categories?post=15307"},{"taxonomy":"post_tag","embeddable":true,"href":"https:\/\/www.fitt.com\/es\/wp-json\/wp\/v2\/tags?post=15307"}],"curies":[{"name":"wp","href":"https:\/\/api.w.org\/{rel}","templated":true}]}}