{"id":15256,"date":"2017-09-19T00:00:00","date_gmt":"2017-09-18T22:00:00","guid":{"rendered":"https:\/\/www.fitt.com\/news\/fitt-alla-fiera-gafa-di-colonia-grande-entusiasmo-per-la-nuova-vision-e-la-collezione-yoyo-2018\/"},"modified":"2022-08-09T14:49:12","modified_gmt":"2022-08-09T12:49:12","slug":"fitt-en-la-feria-gafa-de-colonia-gran-entusiasmo-por-la-nueva-vision-y-la-coleccion-yoyo-2018","status":"publish","type":"post","link":"https:\/\/www.fitt.com\/es\/news\/fitt-en-la-feria-gafa-de-colonia-gran-entusiasmo-por-la-nueva-vision-y-la-coleccion-yoyo-2018\/","title":{"rendered":"FITT en la Feria Gafa de Colonia: gran entusiasmo por la nueva Visi\u00f3n y la colecci\u00f3n YOYO 2018"},"content":{"rendered":"<div class='custom_gallery' data-module='gallery-modal'>\n<div class='outside-gallery-container row'>\n<div class='col-md-4 col-sm-6 btn-modal'>\n<div class='image-container' data-index='0'>\n<img decoding=\"async\" src=\"https:\/\/www.fitt.com\/wp-content\/uploads\/2017\/09\/FITT-Fiera-Gafa-2017-16.jpg\"><\/div>\n<\/div>\n<div class='col-md-4 col-sm-6 btn-modal'>\n<div class='image-container' data-index='1'>\n<img decoding=\"async\" src=\"https:\/\/www.fitt.com\/wp-content\/uploads\/2017\/09\/Area_interattiva_yoyo_Fitt_Fiera_Gafa_Colonia-720x479-1.jpg\"><\/div>\n<\/div>\n<div class='col-md-4 col-sm-6 btn-modal'>\n<div class='image-container' data-index='2'>\n<img decoding=\"async\" src=\"https:\/\/www.fitt.com\/wp-content\/uploads\/2017\/09\/FITT-Fiera-Gafa-2017-01.jpg\"><\/div>\n<\/div>\n<div class='col-md-4 col-sm-6 btn-modal'>\n<div class='image-container' data-index='3'>\n<img decoding=\"async\" src=\"https:\/\/www.fitt.com\/wp-content\/uploads\/2017\/09\/FITT-Fiera-Gafa-2017-02.jpg\"><\/div>\n<\/div>\n<div class='col-md-4 col-sm-6 btn-modal'>\n<div class='image-container' data-index='4'>\n<img decoding=\"async\" src=\"https:\/\/www.fitt.com\/wp-content\/uploads\/2017\/09\/FITT-Fiera-Gafa-2017-04.jpg\"><\/div>\n<\/div>\n<div class='col-md-4 col-sm-6 btn-modal'>\n<div class='image-container' data-index='5'>\n<img decoding=\"async\" src=\"https:\/\/www.fitt.com\/wp-content\/uploads\/2017\/09\/FITT-Fiera-Gafa-2017-05.jpg\"><\/div>\n<\/div>\n<div class='col-md-4 col-sm-6 btn-modal'>\n<div class='image-container' data-index='6'>\n<img decoding=\"async\" src=\"https:\/\/www.fitt.com\/wp-content\/uploads\/2017\/09\/FITT-Fiera-Gafa-2017-06.jpg\"><\/div>\n<\/div>\n<div class='col-md-4 col-sm-6 btn-modal'>\n<div class='image-container' data-index='7'>\n<img decoding=\"async\" src=\"https:\/\/www.fitt.com\/wp-content\/uploads\/2017\/09\/FITT-Fiera-Gafa-2017-07.jpg\"><\/div>\n<\/div>\n<div class='col-md-4 col-sm-6 btn-modal'>\n<div class='image-container' data-index='8'>\n<img decoding=\"async\" src=\"https:\/\/www.fitt.com\/wp-content\/uploads\/2017\/09\/FITT-Fiera-Gafa-2017-08.jpg\"><\/div>\n<\/div>\n<div class='col-md-4 col-sm-6 btn-modal'>\n<div class='image-container' data-index='9'>\n<img decoding=\"async\" src=\"https:\/\/www.fitt.com\/wp-content\/uploads\/2017\/09\/FITT-Fiera-Gafa-2017-09.jpg\"><\/div>\n<\/div>\n<div class='col-md-4 col-sm-6 btn-modal'>\n<div class='image-container' data-index='10'>\n<img decoding=\"async\" src=\"https:\/\/www.fitt.com\/wp-content\/uploads\/2017\/09\/FITT-Fiera-Gafa-2017-10.jpg\"><\/div>\n<\/div>\n<div class='col-md-4 col-sm-6 btn-modal'>\n<div class='image-container' data-index='11'>\n<img decoding=\"async\" src=\"https:\/\/www.fitt.com\/wp-content\/uploads\/2017\/09\/FITT-Fiera-Gafa-2017-11.jpg\"><\/div>\n<\/div>\n<div class='col-md-4 col-sm-6 btn-modal'>\n<div class='image-container' data-index='12'>\n<img decoding=\"async\" src=\"https:\/\/www.fitt.com\/wp-content\/uploads\/2017\/09\/FITT-Fiera-Gafa-2017-13.jpg\"><\/div>\n<\/div>\n<div class='col-md-4 col-sm-6 btn-modal'>\n<div class='image-container' data-index='13'>\n<img decoding=\"async\" src=\"https:\/\/www.fitt.com\/wp-content\/uploads\/2017\/09\/FITT-Fiera-Gafa-2017-14.jpg\"><\/div>\n<\/div>\n<div class='col-md-4 col-sm-6 btn-modal'>\n<div class='image-container' data-index='14'>\n<img decoding=\"async\" src=\"https:\/\/www.fitt.com\/wp-content\/uploads\/2017\/09\/FITT-Fiera-Gafa-2017-15.jpg\"><\/div>\n<\/div>\n<div class='col-md-4 col-sm-6 btn-modal'>\n<div class='image-container' data-index='15'>\n<img decoding=\"async\" src=\"https:\/\/www.fitt.com\/wp-content\/uploads\/2017\/09\/Nuova_linea_yoyo_2018_Fitt_Fiera_Gafa_Colonia-720x479-1.jpg\"><\/div>\n<\/div>\n<div class='col-md-4 col-sm-6 btn-modal'>\n<div class='image-container' data-index='16'>\n<img decoding=\"async\" src=\"https:\/\/www.fitt.com\/wp-content\/uploads\/2017\/09\/Stand_Fitt_Fiera_Gafa_Colonia_2017-1024x681-1.jpg\"><\/div>\n<\/div>\n<\/div>\n\n      <div class=\"ud_modal modal-js js_gallery\">\n        <div class=\"box\">\n          <div class=\"btn-close\">\n            <span class=\"icon-close\">\n              <svg viewBox=\"0 0 27 27\" xmlns=\"http:\/\/www.w3.org\/2000\/svg\">\n                <rect id=\"rect-1\" x=\"2.25146\" y=\"0.129944\" width=\"35\" height=\"3\" rx=\"1.5\" transform=\"rotate(45 2.25146 0.129944)\"\/>\n                <rect id=\"rect-2\" width=\"35\" height=\"3\" rx=\"1.5\" transform=\"matrix(-0.707107 0.707107 0.707107 0.707107 24.8135 0.0649719)\"\/>\n              <\/svg>\n            <\/span>\n          <\/div>\n          <div class=\"content mx-md-n32\">\n            <div class=\"slider\">\n              <div class=\"swiper-wrapper\">\n                <div class='swiper-slide'>\n<img decoding=\"async\" src=\"https:\/\/www.fitt.com\/wp-content\/uploads\/2017\/09\/FITT-Fiera-Gafa-2017-16.jpg\"><\/div>\n<div class='swiper-slide'>\n<img decoding=\"async\" src=\"https:\/\/www.fitt.com\/wp-content\/uploads\/2017\/09\/Area_interattiva_yoyo_Fitt_Fiera_Gafa_Colonia-720x479-1.jpg\"><\/div>\n<div class='swiper-slide'>\n<img decoding=\"async\" src=\"https:\/\/www.fitt.com\/wp-content\/uploads\/2017\/09\/FITT-Fiera-Gafa-2017-01.jpg\"><\/div>\n<div class='swiper-slide'>\n<img decoding=\"async\" src=\"https:\/\/www.fitt.com\/wp-content\/uploads\/2017\/09\/FITT-Fiera-Gafa-2017-02.jpg\"><\/div>\n<div class='swiper-slide'>\n<img decoding=\"async\" src=\"https:\/\/www.fitt.com\/wp-content\/uploads\/2017\/09\/FITT-Fiera-Gafa-2017-04.jpg\"><\/div>\n<div class='swiper-slide'>\n<img decoding=\"async\" src=\"https:\/\/www.fitt.com\/wp-content\/uploads\/2017\/09\/FITT-Fiera-Gafa-2017-05.jpg\"><\/div>\n<div class='swiper-slide'>\n<img decoding=\"async\" src=\"https:\/\/www.fitt.com\/wp-content\/uploads\/2017\/09\/FITT-Fiera-Gafa-2017-06.jpg\"><\/div>\n<div class='swiper-slide'>\n<img decoding=\"async\" src=\"https:\/\/www.fitt.com\/wp-content\/uploads\/2017\/09\/FITT-Fiera-Gafa-2017-07.jpg\"><\/div>\n<div class='swiper-slide'>\n<img decoding=\"async\" src=\"https:\/\/www.fitt.com\/wp-content\/uploads\/2017\/09\/FITT-Fiera-Gafa-2017-08.jpg\"><\/div>\n<div class='swiper-slide'>\n<img decoding=\"async\" src=\"https:\/\/www.fitt.com\/wp-content\/uploads\/2017\/09\/FITT-Fiera-Gafa-2017-09.jpg\"><\/div>\n<div class='swiper-slide'>\n<img decoding=\"async\" src=\"https:\/\/www.fitt.com\/wp-content\/uploads\/2017\/09\/FITT-Fiera-Gafa-2017-10.jpg\"><\/div>\n<div class='swiper-slide'>\n<img decoding=\"async\" src=\"https:\/\/www.fitt.com\/wp-content\/uploads\/2017\/09\/FITT-Fiera-Gafa-2017-11.jpg\"><\/div>\n<div class='swiper-slide'>\n<img decoding=\"async\" src=\"https:\/\/www.fitt.com\/wp-content\/uploads\/2017\/09\/FITT-Fiera-Gafa-2017-13.jpg\"><\/div>\n<div class='swiper-slide'>\n<img decoding=\"async\" src=\"https:\/\/www.fitt.com\/wp-content\/uploads\/2017\/09\/FITT-Fiera-Gafa-2017-14.jpg\"><\/div>\n<div class='swiper-slide'>\n<img decoding=\"async\" src=\"https:\/\/www.fitt.com\/wp-content\/uploads\/2017\/09\/FITT-Fiera-Gafa-2017-15.jpg\"><\/div>\n<div class='swiper-slide'>\n<img decoding=\"async\" src=\"https:\/\/www.fitt.com\/wp-content\/uploads\/2017\/09\/Nuova_linea_yoyo_2018_Fitt_Fiera_Gafa_Colonia-720x479-1.jpg\"><\/div>\n<div class='swiper-slide'>\n<img decoding=\"async\" src=\"https:\/\/www.fitt.com\/wp-content\/uploads\/2017\/09\/Stand_Fitt_Fiera_Gafa_Colonia_2017-1024x681-1.jpg\"><\/div>\n\n              <\/div>\n            <\/div>\n          <\/div>\n\n          <div class=\"ud_slider__nav--prev\">\n            <svg fill=\"none\" height=\"20\" viewBox=\"0 0 14 20\" width=\"14\" xmlns=\"http:\/\/www.w3.org\/2000\/svg\">\n              <path d=\"m12.9706 9.20759c.52.40031.52 1.18451 0 1.58481l-10.8606 8.3605c-.65757.5062-1.609999.0375-1.609999-.7924l-.000001-16.72102c0-.829843.95243-1.298607 1.60999-.79241z\" fill=\"#000\"><\/path>\n            <\/svg>\n          <\/div>\n          <div class=\"ud_slider__nav--next\">\n            <svg fill=\"none\" height=\"20\" viewBox=\"0 0 14 20\" width=\"14\" xmlns=\"http:\/\/www.w3.org\/2000\/svg\">\n              <path d=\"m12.9706 9.20759c.52.40031.52 1.18451 0 1.58481l-10.8606 8.3605c-.65757.5062-1.609999.0375-1.609999-.7924l-.000001-16.72102c0-.829843.95243-1.298607 1.60999-.79241z\" fill=\"#000\"><\/path>\n            <\/svg>\n          <\/div>\n        <\/div>\n      <\/div>\n    <\/div>\n<header><a href=\"\"https:\/\/www.fitt.com\/es\/magazine\/categorie\/news-es\"\" title=\"\"News\"\">NEWS<\/a>,&nbsp;<a href=\"\"https:\/\/www.fitt.com\/es\/magazine\/categorie\/eventos\"\" title=\"\"Eventos\"\">EVENTOS<\/a>,&nbsp;<a href=\"\"https:\/\/www.fitt.com\/es\/magazine\/categorie\/jardin-es\"\" title=\"\"Jard\u00edn\"\">JARD\u00cdN<\/a><a href=\"\"https:\/\/www.fitt.com\/es\/magazine\"\" title=\"\"Torna all'elenco\"\">TORNA ALL&#8217;ELENCO<\/a><time datetime=\"\"2017-09-19T07:22:10+00:00\"\">2017-09-19<\/time><\/header>\n<p>Balance m\u00e1s que positivo por la participaci\u00f3n de FITT en la&nbsp;<strong>vig\u00e9simo sexta&nbsp;<\/strong>edici\u00f3n de la Feria Gafa de Colonia,&nbsp;<a href=\"\"http:\/\/www.spogagafa.com\/spogagafa\/Trade-Fair\/index.php\"\" rel=\"\"noopener\"\" target=\"\"_blank\"\">el prestigioso escaparate internacional dedicado a la jardiner\u00eda<\/a>. Con m\u00e1s de&nbsp;<strong>2000 expositores provenientes de 59 pa\u00edses&nbsp;<\/strong>(presencia internacional en un 84%) y una&nbsp;<strong>afluencia de 39.000 operadores de todo el mundo<\/strong>, Gafa confirma su validez como punto de encuentro y ocasi\u00f3n ideal para el intercambio,&nbsp;<a href=\"\"https:\/\/www.fitt.com\/es\/magazine\/fitt-feria-gafa\"\" rel=\"\"noopener\"\" target=\"\"_blank\"\">el an\u00e1lisis de las tendencias del mercado y el lanzamiento de novedades en todos los segmentos de la jardiner\u00eda.&nbsp;<\/a><\/p>\n<p>En este contexto, FITT estuvo con referentes de las principales marcas internacionales y representantes de los principales grupos de compra europeos, adem\u00e1s de clientes potenciales de Estados Unidos y Australia.<\/p>\n<h2>Objetivos Feria Gafa 2017: el cliente en el centro<\/h2>\n<p>A todos los actores y partes interesadas del sector de la jardiner\u00eda y de la mejora del hogar&nbsp;<strong>FITT present\u00f3 tres grandes novedades:<\/strong><\/p>\n<h3>Nueva visi\u00f3n de la empresa<\/h3>\n<p>El CEO de la empresa, Alessandro Mezzalira, ilustr\u00f3 la nueva estructura organizativa y la estrategia que guiar\u00e1 la actividad futura de FITT en una l\u00f3gica orientada a la marca. Se dio gran relevancia a la renovada identidad visual del Grupo, en cuyos colores y dise\u00f1o gr\u00e1fico estaba inspirado el stand.<\/p>\n<h3>Nueva herramienta interactiva para transmitir la experiencia de producto en los puntos de venta<\/h3>\n<p>Con esta herramienta, desarrollada sobre el producto YOYO, FITT confirma la&nbsp;<strong>centralidad del usuario final dentro de la nueva estrategia de la empresa<\/strong>&nbsp;y&nbsp;<strong>la importancia creciente que el mundo digital reviste para la empresa<\/strong>. El punto de venta se convierte en un lugar experiencial donde vivir el producto a\u00fan antes de la compra: en el stand hab\u00eda dos pantallas<strong>&nbsp;t\u00e1ctiles de gran tama\u00f1o que permit\u00edan al visitante interactuar<\/strong>&nbsp;virtualmente con YOYO y vivir una experiencia digital que le acercaba m\u00e1s a las soluciones FITT, de manera detallada y al mismo tiempo emocional.<\/p>\n<h3>Nueva colecci\u00f3n YOYO 2018<\/h3>\n<p>Estudios de mercado realizados recientemente por FITT han puesto en evidencia la exigencia del consumidor de disponer de soluciones diversificadas para conservar la manguera de riego dej\u00e1ndola en orden, protegida y limpia despu\u00e9s del uso. La voluntad de responder a esta necesidad del mercado ha dado vida a&nbsp;<strong>3 variantes de<\/strong>&nbsp;<strong>YOYO -YOYO GO, YOYO UP, YOYO BAG&nbsp;<\/strong>\u2013 que estar\u00e1n disponibles en los puntos de venta a partir del a\u00f1o pr\u00f3ximo pero que ya se presentaron como primicia en Gafa.<\/p>\n<h2>\u00c1rea de prueba del producto: la experiencia de YOYO se vuelve real<\/h2>\n<p>En el stand, YOYO 2018 ha sido protagonista en su dimensi\u00f3n m\u00e1s f\u00edsica:&nbsp;<strong>dos \u00e1reas de prueba<\/strong>&nbsp;a&nbsp;<strong>disposici\u00f3n de los visitantes han permitido poner a prueba YOYO con agua de verdad y con c\u00e9sped para regar<\/strong>. Adem\u00e1s, un \u00e1rea expositiva ha mostrado c\u00f3mo YOYO se presentar\u00e1 en el punto de venta dentro de expositores funcionales y personalizados.<\/p>\n<p><strong>El momento culminante de los tres d\u00edas de feria fue el evento del 4 de septiembre, que reuni\u00f3 en el stand a los principales clientes nacionales e internacionales y a la prensa del sector<\/strong>. A continuaci\u00f3n aparece una galer\u00eda con las im\u00e1genes m\u00e1s significativas del evento.<\/p>\n","protected":false},"excerpt":{"rendered":"<p>NEWS,&nbsp;EVENTOS,&nbsp;JARD\u00cdN<\/p>\n","protected":false},"author":1,"featured_media":12685,"comment_status":"closed","ping_status":"open","sticky":false,"template":"","format":"standard","meta":{"_acf_changed":false,"footnotes":""},"categories":[380,378,363],"tags":[],"class_list":["post-15256","post","type-post","status-publish","format-standard","has-post-thumbnail","hentry","category-eventi-es","category-garden-es","category-news-es"],"acf":[],"yoast_head":"<!-- This site is optimized with the Yoast SEO Premium plugin v24.1 (Yoast SEO v27.3) - https:\/\/yoast.com\/product\/yoast-seo-premium-wordpress\/ -->\n<title>FITT en la Feria Gafa de Colonia: gran entusiasmo por la nueva Visi\u00f3n y la colecci\u00f3n YOYO 2018 - FITT<\/title>\n<meta name=\"robots\" content=\"index, follow, max-snippet:-1, max-image-preview:large, max-video-preview:-1\" \/>\n<link rel=\"canonical\" href=\"https:\/\/www.fitt.com\/es\/news\/fitt-en-la-feria-gafa-de-colonia-gran-entusiasmo-por-la-nueva-vision-y-la-coleccion-yoyo-2018\/\" \/>\n<meta property=\"og:locale\" content=\"es_ES\" \/>\n<meta property=\"og:type\" content=\"article\" \/>\n<meta property=\"og:title\" content=\"FITT en la Feria Gafa de Colonia: gran entusiasmo por la nueva Visi\u00f3n y la colecci\u00f3n YOYO 2018\" \/>\n<meta property=\"og:description\" content=\"NEWS,&nbsp;EVENTOS,&nbsp;JARD\u00cdN\" \/>\n<meta property=\"og:url\" content=\"https:\/\/www.fitt.com\/es\/news\/fitt-en-la-feria-gafa-de-colonia-gran-entusiasmo-por-la-nueva-vision-y-la-coleccion-yoyo-2018\/\" \/>\n<meta property=\"og:site_name\" content=\"FITT\" \/>\n<meta property=\"article:published_time\" content=\"2017-09-18T22:00:00+00:00\" \/>\n<meta property=\"article:modified_time\" content=\"2022-08-09T12:49:12+00:00\" \/>\n<meta property=\"og:image\" content=\"https:\/\/www.fitt.com\/wp-content\/uploads\/2017\/09\/Nuova_brand_identity_Fitt_Fiera_Gafa_Colonia_.jpg\" \/>\n\t<meta property=\"og:image:width\" content=\"1280\" \/>\n\t<meta property=\"og:image:height\" content=\"852\" \/>\n\t<meta property=\"og:image:type\" content=\"image\/jpeg\" \/>\n<meta name=\"author\" content=\"system\" \/>\n<meta name=\"twitter:card\" content=\"summary_large_image\" \/>\n<meta name=\"twitter:label1\" content=\"Escrito por\" \/>\n\t<meta name=\"twitter:data1\" content=\"system\" \/>\n<script type=\"application\/ld+json\" class=\"yoast-schema-graph\">{\"@context\":\"https:\\\/\\\/schema.org\",\"@graph\":[{\"@type\":\"Article\",\"@id\":\"https:\\\/\\\/www.fitt.com\\\/es\\\/news\\\/fitt-en-la-feria-gafa-de-colonia-gran-entusiasmo-por-la-nueva-vision-y-la-coleccion-yoyo-2018\\\/#article\",\"isPartOf\":{\"@id\":\"https:\\\/\\\/www.fitt.com\\\/es\\\/news\\\/fitt-en-la-feria-gafa-de-colonia-gran-entusiasmo-por-la-nueva-vision-y-la-coleccion-yoyo-2018\\\/\"},\"author\":{\"name\":\"system\",\"@id\":\"https:\\\/\\\/www.fitt.com\\\/es\\\/#\\\/schema\\\/person\\\/88ed5d9863be31118f9ec9ee37f028a2\"},\"headline\":\"FITT en la Feria Gafa de Colonia: gran entusiasmo por la nueva Visi\u00f3n y la colecci\u00f3n YOYO 2018\",\"datePublished\":\"2017-09-18T22:00:00+00:00\",\"dateModified\":\"2022-08-09T12:49:12+00:00\",\"mainEntityOfPage\":{\"@id\":\"https:\\\/\\\/www.fitt.com\\\/es\\\/news\\\/fitt-en-la-feria-gafa-de-colonia-gran-entusiasmo-por-la-nueva-vision-y-la-coleccion-yoyo-2018\\\/\"},\"wordCount\":27,\"publisher\":{\"@id\":\"https:\\\/\\\/www.fitt.com\\\/es\\\/#organization\"},\"image\":{\"@id\":\"https:\\\/\\\/www.fitt.com\\\/es\\\/news\\\/fitt-en-la-feria-gafa-de-colonia-gran-entusiasmo-por-la-nueva-vision-y-la-coleccion-yoyo-2018\\\/#primaryimage\"},\"thumbnailUrl\":\"https:\\\/\\\/www.fitt.com\\\/wp-content\\\/uploads\\\/2017\\\/09\\\/Nuova_brand_identity_Fitt_Fiera_Gafa_Colonia_.jpg\",\"articleSection\":[\"Eventi\",\"Garden\",\"News\"],\"inLanguage\":\"es\"},{\"@type\":\"WebPage\",\"@id\":\"https:\\\/\\\/www.fitt.com\\\/es\\\/news\\\/fitt-en-la-feria-gafa-de-colonia-gran-entusiasmo-por-la-nueva-vision-y-la-coleccion-yoyo-2018\\\/\",\"url\":\"https:\\\/\\\/www.fitt.com\\\/es\\\/news\\\/fitt-en-la-feria-gafa-de-colonia-gran-entusiasmo-por-la-nueva-vision-y-la-coleccion-yoyo-2018\\\/\",\"name\":\"FITT en la Feria Gafa de Colonia: gran entusiasmo por la nueva Visi\u00f3n y la colecci\u00f3n YOYO 2018 - FITT\",\"isPartOf\":{\"@id\":\"https:\\\/\\\/www.fitt.com\\\/es\\\/#website\"},\"primaryImageOfPage\":{\"@id\":\"https:\\\/\\\/www.fitt.com\\\/es\\\/news\\\/fitt-en-la-feria-gafa-de-colonia-gran-entusiasmo-por-la-nueva-vision-y-la-coleccion-yoyo-2018\\\/#primaryimage\"},\"image\":{\"@id\":\"https:\\\/\\\/www.fitt.com\\\/es\\\/news\\\/fitt-en-la-feria-gafa-de-colonia-gran-entusiasmo-por-la-nueva-vision-y-la-coleccion-yoyo-2018\\\/#primaryimage\"},\"thumbnailUrl\":\"https:\\\/\\\/www.fitt.com\\\/wp-content\\\/uploads\\\/2017\\\/09\\\/Nuova_brand_identity_Fitt_Fiera_Gafa_Colonia_.jpg\",\"datePublished\":\"2017-09-18T22:00:00+00:00\",\"dateModified\":\"2022-08-09T12:49:12+00:00\",\"breadcrumb\":{\"@id\":\"https:\\\/\\\/www.fitt.com\\\/es\\\/news\\\/fitt-en-la-feria-gafa-de-colonia-gran-entusiasmo-por-la-nueva-vision-y-la-coleccion-yoyo-2018\\\/#breadcrumb\"},\"inLanguage\":\"es\",\"potentialAction\":[{\"@type\":\"ReadAction\",\"target\":[\"https:\\\/\\\/www.fitt.com\\\/es\\\/news\\\/fitt-en-la-feria-gafa-de-colonia-gran-entusiasmo-por-la-nueva-vision-y-la-coleccion-yoyo-2018\\\/\"]}]},{\"@type\":\"ImageObject\",\"inLanguage\":\"es\",\"@id\":\"https:\\\/\\\/www.fitt.com\\\/es\\\/news\\\/fitt-en-la-feria-gafa-de-colonia-gran-entusiasmo-por-la-nueva-vision-y-la-coleccion-yoyo-2018\\\/#primaryimage\",\"url\":\"https:\\\/\\\/www.fitt.com\\\/wp-content\\\/uploads\\\/2017\\\/09\\\/Nuova_brand_identity_Fitt_Fiera_Gafa_Colonia_.jpg\",\"contentUrl\":\"https:\\\/\\\/www.fitt.com\\\/wp-content\\\/uploads\\\/2017\\\/09\\\/Nuova_brand_identity_Fitt_Fiera_Gafa_Colonia_.jpg\",\"width\":1280,\"height\":852},{\"@type\":\"BreadcrumbList\",\"@id\":\"https:\\\/\\\/www.fitt.com\\\/es\\\/news\\\/fitt-en-la-feria-gafa-de-colonia-gran-entusiasmo-por-la-nueva-vision-y-la-coleccion-yoyo-2018\\\/#breadcrumb\",\"itemListElement\":[{\"@type\":\"ListItem\",\"position\":1,\"name\":\"Home\",\"item\":\"https:\\\/\\\/www.fitt.com\\\/es\\\/\"},{\"@type\":\"ListItem\",\"position\":2,\"name\":\"FITT en la Feria Gafa de Colonia: gran entusiasmo por la nueva Visi\u00f3n y la colecci\u00f3n YOYO 2018\"}]},{\"@type\":\"WebSite\",\"@id\":\"https:\\\/\\\/www.fitt.com\\\/es\\\/#website\",\"url\":\"https:\\\/\\\/www.fitt.com\\\/es\\\/\",\"name\":\"FITT\",\"description\":\"FITT Spa\",\"publisher\":{\"@id\":\"https:\\\/\\\/www.fitt.com\\\/es\\\/#organization\"},\"potentialAction\":[{\"@type\":\"SearchAction\",\"target\":{\"@type\":\"EntryPoint\",\"urlTemplate\":\"https:\\\/\\\/www.fitt.com\\\/es\\\/?s={search_term_string}\"},\"query-input\":{\"@type\":\"PropertyValueSpecification\",\"valueRequired\":true,\"valueName\":\"search_term_string\"}}],\"inLanguage\":\"es\"},{\"@type\":\"Organization\",\"@id\":\"https:\\\/\\\/www.fitt.com\\\/es\\\/#organization\",\"name\":\"Fitt SPA\",\"url\":\"https:\\\/\\\/www.fitt.com\\\/es\\\/\",\"logo\":{\"@type\":\"ImageObject\",\"inLanguage\":\"es\",\"@id\":\"https:\\\/\\\/www.fitt.com\\\/es\\\/#\\\/schema\\\/logo\\\/image\\\/\",\"url\":\"https:\\\/\\\/www.fitt.com\\\/wp-content\\\/uploads\\\/2022\\\/05\\\/logo-light.png\",\"contentUrl\":\"https:\\\/\\\/www.fitt.com\\\/wp-content\\\/uploads\\\/2022\\\/05\\\/logo-light.png\",\"width\":827,\"height\":508,\"caption\":\"Fitt SPA\"},\"image\":{\"@id\":\"https:\\\/\\\/www.fitt.com\\\/es\\\/#\\\/schema\\\/logo\\\/image\\\/\"}},{\"@type\":\"Person\",\"@id\":\"https:\\\/\\\/www.fitt.com\\\/es\\\/#\\\/schema\\\/person\\\/88ed5d9863be31118f9ec9ee37f028a2\",\"name\":\"system\",\"sameAs\":[\"https:\\\/\\\/www.fitt.com\\\/\"]}]}<\/script>\n<!-- \/ Yoast SEO Premium plugin. -->","yoast_head_json":{"title":"FITT en la Feria Gafa de Colonia: gran entusiasmo por la nueva Visi\u00f3n y la colecci\u00f3n YOYO 2018 - FITT","robots":{"index":"index","follow":"follow","max-snippet":"max-snippet:-1","max-image-preview":"max-image-preview:large","max-video-preview":"max-video-preview:-1"},"canonical":"https:\/\/www.fitt.com\/es\/news\/fitt-en-la-feria-gafa-de-colonia-gran-entusiasmo-por-la-nueva-vision-y-la-coleccion-yoyo-2018\/","og_locale":"es_ES","og_type":"article","og_title":"FITT en la Feria Gafa de Colonia: gran entusiasmo por la nueva Visi\u00f3n y la colecci\u00f3n YOYO 2018","og_description":"NEWS,&nbsp;EVENTOS,&nbsp;JARD\u00cdN","og_url":"https:\/\/www.fitt.com\/es\/news\/fitt-en-la-feria-gafa-de-colonia-gran-entusiasmo-por-la-nueva-vision-y-la-coleccion-yoyo-2018\/","og_site_name":"FITT","article_published_time":"2017-09-18T22:00:00+00:00","article_modified_time":"2022-08-09T12:49:12+00:00","og_image":[{"width":1280,"height":852,"url":"https:\/\/www.fitt.com\/wp-content\/uploads\/2017\/09\/Nuova_brand_identity_Fitt_Fiera_Gafa_Colonia_.jpg","type":"image\/jpeg"}],"author":"system","twitter_card":"summary_large_image","twitter_misc":{"Escrito por":"system"},"schema":{"@context":"https:\/\/schema.org","@graph":[{"@type":"Article","@id":"https:\/\/www.fitt.com\/es\/news\/fitt-en-la-feria-gafa-de-colonia-gran-entusiasmo-por-la-nueva-vision-y-la-coleccion-yoyo-2018\/#article","isPartOf":{"@id":"https:\/\/www.fitt.com\/es\/news\/fitt-en-la-feria-gafa-de-colonia-gran-entusiasmo-por-la-nueva-vision-y-la-coleccion-yoyo-2018\/"},"author":{"name":"system","@id":"https:\/\/www.fitt.com\/es\/#\/schema\/person\/88ed5d9863be31118f9ec9ee37f028a2"},"headline":"FITT en la Feria Gafa de Colonia: gran entusiasmo por la nueva Visi\u00f3n y la colecci\u00f3n YOYO 2018","datePublished":"2017-09-18T22:00:00+00:00","dateModified":"2022-08-09T12:49:12+00:00","mainEntityOfPage":{"@id":"https:\/\/www.fitt.com\/es\/news\/fitt-en-la-feria-gafa-de-colonia-gran-entusiasmo-por-la-nueva-vision-y-la-coleccion-yoyo-2018\/"},"wordCount":27,"publisher":{"@id":"https:\/\/www.fitt.com\/es\/#organization"},"image":{"@id":"https:\/\/www.fitt.com\/es\/news\/fitt-en-la-feria-gafa-de-colonia-gran-entusiasmo-por-la-nueva-vision-y-la-coleccion-yoyo-2018\/#primaryimage"},"thumbnailUrl":"https:\/\/www.fitt.com\/wp-content\/uploads\/2017\/09\/Nuova_brand_identity_Fitt_Fiera_Gafa_Colonia_.jpg","articleSection":["Eventi","Garden","News"],"inLanguage":"es"},{"@type":"WebPage","@id":"https:\/\/www.fitt.com\/es\/news\/fitt-en-la-feria-gafa-de-colonia-gran-entusiasmo-por-la-nueva-vision-y-la-coleccion-yoyo-2018\/","url":"https:\/\/www.fitt.com\/es\/news\/fitt-en-la-feria-gafa-de-colonia-gran-entusiasmo-por-la-nueva-vision-y-la-coleccion-yoyo-2018\/","name":"FITT en la Feria Gafa de Colonia: gran entusiasmo por la nueva Visi\u00f3n y la colecci\u00f3n YOYO 2018 - FITT","isPartOf":{"@id":"https:\/\/www.fitt.com\/es\/#website"},"primaryImageOfPage":{"@id":"https:\/\/www.fitt.com\/es\/news\/fitt-en-la-feria-gafa-de-colonia-gran-entusiasmo-por-la-nueva-vision-y-la-coleccion-yoyo-2018\/#primaryimage"},"image":{"@id":"https:\/\/www.fitt.com\/es\/news\/fitt-en-la-feria-gafa-de-colonia-gran-entusiasmo-por-la-nueva-vision-y-la-coleccion-yoyo-2018\/#primaryimage"},"thumbnailUrl":"https:\/\/www.fitt.com\/wp-content\/uploads\/2017\/09\/Nuova_brand_identity_Fitt_Fiera_Gafa_Colonia_.jpg","datePublished":"2017-09-18T22:00:00+00:00","dateModified":"2022-08-09T12:49:12+00:00","breadcrumb":{"@id":"https:\/\/www.fitt.com\/es\/news\/fitt-en-la-feria-gafa-de-colonia-gran-entusiasmo-por-la-nueva-vision-y-la-coleccion-yoyo-2018\/#breadcrumb"},"inLanguage":"es","potentialAction":[{"@type":"ReadAction","target":["https:\/\/www.fitt.com\/es\/news\/fitt-en-la-feria-gafa-de-colonia-gran-entusiasmo-por-la-nueva-vision-y-la-coleccion-yoyo-2018\/"]}]},{"@type":"ImageObject","inLanguage":"es","@id":"https:\/\/www.fitt.com\/es\/news\/fitt-en-la-feria-gafa-de-colonia-gran-entusiasmo-por-la-nueva-vision-y-la-coleccion-yoyo-2018\/#primaryimage","url":"https:\/\/www.fitt.com\/wp-content\/uploads\/2017\/09\/Nuova_brand_identity_Fitt_Fiera_Gafa_Colonia_.jpg","contentUrl":"https:\/\/www.fitt.com\/wp-content\/uploads\/2017\/09\/Nuova_brand_identity_Fitt_Fiera_Gafa_Colonia_.jpg","width":1280,"height":852},{"@type":"BreadcrumbList","@id":"https:\/\/www.fitt.com\/es\/news\/fitt-en-la-feria-gafa-de-colonia-gran-entusiasmo-por-la-nueva-vision-y-la-coleccion-yoyo-2018\/#breadcrumb","itemListElement":[{"@type":"ListItem","position":1,"name":"Home","item":"https:\/\/www.fitt.com\/es\/"},{"@type":"ListItem","position":2,"name":"FITT en la Feria Gafa de Colonia: gran entusiasmo por la nueva Visi\u00f3n y la colecci\u00f3n YOYO 2018"}]},{"@type":"WebSite","@id":"https:\/\/www.fitt.com\/es\/#website","url":"https:\/\/www.fitt.com\/es\/","name":"FITT","description":"FITT Spa","publisher":{"@id":"https:\/\/www.fitt.com\/es\/#organization"},"potentialAction":[{"@type":"SearchAction","target":{"@type":"EntryPoint","urlTemplate":"https:\/\/www.fitt.com\/es\/?s={search_term_string}"},"query-input":{"@type":"PropertyValueSpecification","valueRequired":true,"valueName":"search_term_string"}}],"inLanguage":"es"},{"@type":"Organization","@id":"https:\/\/www.fitt.com\/es\/#organization","name":"Fitt SPA","url":"https:\/\/www.fitt.com\/es\/","logo":{"@type":"ImageObject","inLanguage":"es","@id":"https:\/\/www.fitt.com\/es\/#\/schema\/logo\/image\/","url":"https:\/\/www.fitt.com\/wp-content\/uploads\/2022\/05\/logo-light.png","contentUrl":"https:\/\/www.fitt.com\/wp-content\/uploads\/2022\/05\/logo-light.png","width":827,"height":508,"caption":"Fitt SPA"},"image":{"@id":"https:\/\/www.fitt.com\/es\/#\/schema\/logo\/image\/"}},{"@type":"Person","@id":"https:\/\/www.fitt.com\/es\/#\/schema\/person\/88ed5d9863be31118f9ec9ee37f028a2","name":"system","sameAs":["https:\/\/www.fitt.com\/"]}]}},"_links":{"self":[{"href":"https:\/\/www.fitt.com\/es\/wp-json\/wp\/v2\/posts\/15256","targetHints":{"allow":["GET"]}}],"collection":[{"href":"https:\/\/www.fitt.com\/es\/wp-json\/wp\/v2\/posts"}],"about":[{"href":"https:\/\/www.fitt.com\/es\/wp-json\/wp\/v2\/types\/post"}],"author":[{"embeddable":true,"href":"https:\/\/www.fitt.com\/es\/wp-json\/wp\/v2\/users\/1"}],"replies":[{"embeddable":true,"href":"https:\/\/www.fitt.com\/es\/wp-json\/wp\/v2\/comments?post=15256"}],"version-history":[{"count":1,"href":"https:\/\/www.fitt.com\/es\/wp-json\/wp\/v2\/posts\/15256\/revisions"}],"predecessor-version":[{"id":15257,"href":"https:\/\/www.fitt.com\/es\/wp-json\/wp\/v2\/posts\/15256\/revisions\/15257"}],"wp:featuredmedia":[{"embeddable":true,"href":"https:\/\/www.fitt.com\/es\/wp-json\/wp\/v2\/media\/12685"}],"wp:attachment":[{"href":"https:\/\/www.fitt.com\/es\/wp-json\/wp\/v2\/media?parent=15256"}],"wp:term":[{"taxonomy":"category","embeddable":true,"href":"https:\/\/www.fitt.com\/es\/wp-json\/wp\/v2\/categories?post=15256"},{"taxonomy":"post_tag","embeddable":true,"href":"https:\/\/www.fitt.com\/es\/wp-json\/wp\/v2\/tags?post=15256"}],"curies":[{"name":"wp","href":"https:\/\/api.w.org\/{rel}","templated":true}]}}