{"id":15251,"date":"2017-10-02T00:00:00","date_gmt":"2017-10-01T22:00:00","guid":{"rendered":"https:\/\/www.fitt.com\/news\/fitt-alla-settima-edizione-della-fiera-aquanale-di-colonia\/"},"modified":"2022-08-09T14:46:08","modified_gmt":"2022-08-09T12:46:08","slug":"fitt-en-la-septima-edicion-de-la-feria-aquanale-de-colonia","status":"publish","type":"post","link":"https:\/\/www.fitt.com\/es\/news\/fitt-en-la-septima-edicion-de-la-feria-aquanale-de-colonia\/","title":{"rendered":"FITT en la s\u00e9ptima edici\u00f3n de la Feria Aquanale de Colonia"},"content":{"rendered":"<p>Del 7 al 10 de noviembre, FITT estar\u00e1 presente, en calidad de expositor, en el evento&nbsp;<a href=\"\"http:\/\/www.aquanale.com\/\"\" rel=\"\"noopener\"\" target=\"\"_blank\"\"><strong>Aquanale de Colonia<\/strong><\/a>, la feria internacional dedicada al sector Piscinas, Sauna y Ambiente.<\/p>\n<p>En su s\u00e9ptima edici\u00f3n, Aquanale constituye el mayor evento internacional por presentar al sector las m\u00e1s recientes tecnolog\u00edas para piscinas y las tendencias para SPA y Wellness. Un evento que cada a\u00f1o re\u00fane a m\u00e1s de 300 expositores de todo el mundo, interesados en mostrar sus tecnolog\u00edas a los expertos del sector.<\/p>\n<p>Un escenario importante tambi\u00e9n para FITT, que tendr\u00e1 la oportunidad de presentar al p\u00fablico sus mangueras para la&nbsp;<a href=\"\"https:\/\/www.fitt.com\/es\/soluciones-para-aplicaciones-industriales\/piscinas-y-spa\"\"><strong>recirculaci\u00f3n del agua en piscinas enterradas y ba\u00f1eras de hidromasaje<\/strong><\/a>&nbsp;y su manguera espiralada&nbsp;<a href=\"\"http:\/\/bactive.fitt.com\/\"\" rel=\"\"noopener\"\" target=\"\"_blank\"\"><strong>FITT B-ACTIVE<\/strong><\/a>, el producto Made in Italy para los instaladores y revendedores de piscinas.<\/p>\n","protected":false},"excerpt":{"rendered":"<p>Del 7 al 10 de noviembre, FITT estar\u00e1 presente, en calidad de expositor, en el evento&nbsp;Aquanale de Colonia, la feria internacional dedicada al sector Piscinas, Sauna y Ambiente. En su s\u00e9ptima edici\u00f3n, Aquanale constituye el mayor evento internacional por presentar al sector las m\u00e1s recientes tecnolog\u00edas para piscinas y las tendencias para SPA y Wellness. [&hellip;]<\/p>\n","protected":false},"author":1,"featured_media":12684,"comment_status":"closed","ping_status":"open","sticky":false,"template":"","format":"standard","meta":{"_acf_changed":false,"footnotes":""},"categories":[380,379,363],"tags":[],"class_list":["post-15251","post","type-post","status-publish","format-standard","has-post-thumbnail","hentry","category-eventi-es","category-industrial-es","category-news-es"],"acf":[],"yoast_head":"<!-- This site is optimized with the Yoast SEO Premium plugin v24.1 (Yoast SEO v27.3) - https:\/\/yoast.com\/product\/yoast-seo-premium-wordpress\/ -->\n<title>FITT en la s\u00e9ptima edici\u00f3n de la Feria Aquanale de Colonia - FITT<\/title>\n<meta name=\"robots\" content=\"index, follow, max-snippet:-1, max-image-preview:large, max-video-preview:-1\" \/>\n<link rel=\"canonical\" href=\"https:\/\/www.fitt.com\/es\/news\/fitt-en-la-septima-edicion-de-la-feria-aquanale-de-colonia\/\" \/>\n<meta property=\"og:locale\" content=\"es_ES\" \/>\n<meta property=\"og:type\" content=\"article\" \/>\n<meta property=\"og:title\" content=\"FITT en la s\u00e9ptima edici\u00f3n de la Feria Aquanale de Colonia\" \/>\n<meta property=\"og:description\" content=\"Del 7 al 10 de noviembre, FITT estar\u00e1 presente, en calidad de expositor, en el evento&nbsp;Aquanale de Colonia, la feria internacional dedicada al sector Piscinas, Sauna y Ambiente. En su s\u00e9ptima edici\u00f3n, Aquanale constituye el mayor evento internacional por presentar al sector las m\u00e1s recientes tecnolog\u00edas para piscinas y las tendencias para SPA y Wellness. [&hellip;]\" \/>\n<meta property=\"og:url\" content=\"https:\/\/www.fitt.com\/es\/news\/fitt-en-la-septima-edicion-de-la-feria-aquanale-de-colonia\/\" \/>\n<meta property=\"og:site_name\" content=\"FITT\" \/>\n<meta property=\"article:published_time\" content=\"2017-10-01T22:00:00+00:00\" \/>\n<meta property=\"article:modified_time\" content=\"2022-08-09T12:46:08+00:00\" \/>\n<meta property=\"og:image\" content=\"https:\/\/www.fitt.com\/wp-content\/uploads\/2017\/10\/20170929-PostImage-5.jpg\" \/>\n\t<meta property=\"og:image:width\" content=\"1200\" \/>\n\t<meta property=\"og:image:height\" content=\"627\" \/>\n\t<meta property=\"og:image:type\" content=\"image\/jpeg\" \/>\n<meta name=\"author\" content=\"system\" \/>\n<meta name=\"twitter:card\" content=\"summary_large_image\" \/>\n<meta name=\"twitter:label1\" content=\"Escrito por\" \/>\n\t<meta name=\"twitter:data1\" content=\"system\" \/>\n\t<meta name=\"twitter:label2\" content=\"Tiempo de lectura\" \/>\n\t<meta name=\"twitter:data2\" content=\"1 minuto\" \/>\n<script type=\"application\/ld+json\" class=\"yoast-schema-graph\">{\"@context\":\"https:\\\/\\\/schema.org\",\"@graph\":[{\"@type\":\"Article\",\"@id\":\"https:\\\/\\\/www.fitt.com\\\/es\\\/news\\\/fitt-en-la-septima-edicion-de-la-feria-aquanale-de-colonia\\\/#article\",\"isPartOf\":{\"@id\":\"https:\\\/\\\/www.fitt.com\\\/es\\\/news\\\/fitt-en-la-septima-edicion-de-la-feria-aquanale-de-colonia\\\/\"},\"author\":{\"name\":\"system\",\"@id\":\"https:\\\/\\\/www.fitt.com\\\/es\\\/#\\\/schema\\\/person\\\/88ed5d9863be31118f9ec9ee37f028a2\"},\"headline\":\"FITT en la s\u00e9ptima edici\u00f3n de la Feria Aquanale de Colonia\",\"datePublished\":\"2017-10-01T22:00:00+00:00\",\"dateModified\":\"2022-08-09T12:46:08+00:00\",\"mainEntityOfPage\":{\"@id\":\"https:\\\/\\\/www.fitt.com\\\/es\\\/news\\\/fitt-en-la-septima-edicion-de-la-feria-aquanale-de-colonia\\\/\"},\"wordCount\":153,\"publisher\":{\"@id\":\"https:\\\/\\\/www.fitt.com\\\/es\\\/#organization\"},\"image\":{\"@id\":\"https:\\\/\\\/www.fitt.com\\\/es\\\/news\\\/fitt-en-la-septima-edicion-de-la-feria-aquanale-de-colonia\\\/#primaryimage\"},\"thumbnailUrl\":\"https:\\\/\\\/www.fitt.com\\\/wp-content\\\/uploads\\\/2017\\\/10\\\/20170929-PostImage-5.jpg\",\"articleSection\":[\"Eventi\",\"Industrial\",\"News\"],\"inLanguage\":\"es\"},{\"@type\":\"WebPage\",\"@id\":\"https:\\\/\\\/www.fitt.com\\\/es\\\/news\\\/fitt-en-la-septima-edicion-de-la-feria-aquanale-de-colonia\\\/\",\"url\":\"https:\\\/\\\/www.fitt.com\\\/es\\\/news\\\/fitt-en-la-septima-edicion-de-la-feria-aquanale-de-colonia\\\/\",\"name\":\"FITT en la s\u00e9ptima edici\u00f3n de la Feria Aquanale de Colonia - FITT\",\"isPartOf\":{\"@id\":\"https:\\\/\\\/www.fitt.com\\\/es\\\/#website\"},\"primaryImageOfPage\":{\"@id\":\"https:\\\/\\\/www.fitt.com\\\/es\\\/news\\\/fitt-en-la-septima-edicion-de-la-feria-aquanale-de-colonia\\\/#primaryimage\"},\"image\":{\"@id\":\"https:\\\/\\\/www.fitt.com\\\/es\\\/news\\\/fitt-en-la-septima-edicion-de-la-feria-aquanale-de-colonia\\\/#primaryimage\"},\"thumbnailUrl\":\"https:\\\/\\\/www.fitt.com\\\/wp-content\\\/uploads\\\/2017\\\/10\\\/20170929-PostImage-5.jpg\",\"datePublished\":\"2017-10-01T22:00:00+00:00\",\"dateModified\":\"2022-08-09T12:46:08+00:00\",\"breadcrumb\":{\"@id\":\"https:\\\/\\\/www.fitt.com\\\/es\\\/news\\\/fitt-en-la-septima-edicion-de-la-feria-aquanale-de-colonia\\\/#breadcrumb\"},\"inLanguage\":\"es\",\"potentialAction\":[{\"@type\":\"ReadAction\",\"target\":[\"https:\\\/\\\/www.fitt.com\\\/es\\\/news\\\/fitt-en-la-septima-edicion-de-la-feria-aquanale-de-colonia\\\/\"]}]},{\"@type\":\"ImageObject\",\"inLanguage\":\"es\",\"@id\":\"https:\\\/\\\/www.fitt.com\\\/es\\\/news\\\/fitt-en-la-septima-edicion-de-la-feria-aquanale-de-colonia\\\/#primaryimage\",\"url\":\"https:\\\/\\\/www.fitt.com\\\/wp-content\\\/uploads\\\/2017\\\/10\\\/20170929-PostImage-5.jpg\",\"contentUrl\":\"https:\\\/\\\/www.fitt.com\\\/wp-content\\\/uploads\\\/2017\\\/10\\\/20170929-PostImage-5.jpg\",\"width\":1200,\"height\":627},{\"@type\":\"BreadcrumbList\",\"@id\":\"https:\\\/\\\/www.fitt.com\\\/es\\\/news\\\/fitt-en-la-septima-edicion-de-la-feria-aquanale-de-colonia\\\/#breadcrumb\",\"itemListElement\":[{\"@type\":\"ListItem\",\"position\":1,\"name\":\"Home\",\"item\":\"https:\\\/\\\/www.fitt.com\\\/es\\\/\"},{\"@type\":\"ListItem\",\"position\":2,\"name\":\"FITT en la s\u00e9ptima edici\u00f3n de la Feria Aquanale de Colonia\"}]},{\"@type\":\"WebSite\",\"@id\":\"https:\\\/\\\/www.fitt.com\\\/es\\\/#website\",\"url\":\"https:\\\/\\\/www.fitt.com\\\/es\\\/\",\"name\":\"FITT\",\"description\":\"FITT Spa\",\"publisher\":{\"@id\":\"https:\\\/\\\/www.fitt.com\\\/es\\\/#organization\"},\"potentialAction\":[{\"@type\":\"SearchAction\",\"target\":{\"@type\":\"EntryPoint\",\"urlTemplate\":\"https:\\\/\\\/www.fitt.com\\\/es\\\/?s={search_term_string}\"},\"query-input\":{\"@type\":\"PropertyValueSpecification\",\"valueRequired\":true,\"valueName\":\"search_term_string\"}}],\"inLanguage\":\"es\"},{\"@type\":\"Organization\",\"@id\":\"https:\\\/\\\/www.fitt.com\\\/es\\\/#organization\",\"name\":\"Fitt SPA\",\"url\":\"https:\\\/\\\/www.fitt.com\\\/es\\\/\",\"logo\":{\"@type\":\"ImageObject\",\"inLanguage\":\"es\",\"@id\":\"https:\\\/\\\/www.fitt.com\\\/es\\\/#\\\/schema\\\/logo\\\/image\\\/\",\"url\":\"https:\\\/\\\/www.fitt.com\\\/wp-content\\\/uploads\\\/2022\\\/05\\\/logo-light.png\",\"contentUrl\":\"https:\\\/\\\/www.fitt.com\\\/wp-content\\\/uploads\\\/2022\\\/05\\\/logo-light.png\",\"width\":827,\"height\":508,\"caption\":\"Fitt SPA\"},\"image\":{\"@id\":\"https:\\\/\\\/www.fitt.com\\\/es\\\/#\\\/schema\\\/logo\\\/image\\\/\"}},{\"@type\":\"Person\",\"@id\":\"https:\\\/\\\/www.fitt.com\\\/es\\\/#\\\/schema\\\/person\\\/88ed5d9863be31118f9ec9ee37f028a2\",\"name\":\"system\",\"sameAs\":[\"https:\\\/\\\/www.fitt.com\\\/\"]}]}<\/script>\n<!-- \/ Yoast SEO Premium plugin. -->","yoast_head_json":{"title":"FITT en la s\u00e9ptima edici\u00f3n de la Feria Aquanale de Colonia - FITT","robots":{"index":"index","follow":"follow","max-snippet":"max-snippet:-1","max-image-preview":"max-image-preview:large","max-video-preview":"max-video-preview:-1"},"canonical":"https:\/\/www.fitt.com\/es\/news\/fitt-en-la-septima-edicion-de-la-feria-aquanale-de-colonia\/","og_locale":"es_ES","og_type":"article","og_title":"FITT en la s\u00e9ptima edici\u00f3n de la Feria Aquanale de Colonia","og_description":"Del 7 al 10 de noviembre, FITT estar\u00e1 presente, en calidad de expositor, en el evento&nbsp;Aquanale de Colonia, la feria internacional dedicada al sector Piscinas, Sauna y Ambiente. En su s\u00e9ptima edici\u00f3n, Aquanale constituye el mayor evento internacional por presentar al sector las m\u00e1s recientes tecnolog\u00edas para piscinas y las tendencias para SPA y Wellness. [&hellip;]","og_url":"https:\/\/www.fitt.com\/es\/news\/fitt-en-la-septima-edicion-de-la-feria-aquanale-de-colonia\/","og_site_name":"FITT","article_published_time":"2017-10-01T22:00:00+00:00","article_modified_time":"2022-08-09T12:46:08+00:00","og_image":[{"width":1200,"height":627,"url":"https:\/\/www.fitt.com\/wp-content\/uploads\/2017\/10\/20170929-PostImage-5.jpg","type":"image\/jpeg"}],"author":"system","twitter_card":"summary_large_image","twitter_misc":{"Escrito por":"system","Tiempo de lectura":"1 minuto"},"schema":{"@context":"https:\/\/schema.org","@graph":[{"@type":"Article","@id":"https:\/\/www.fitt.com\/es\/news\/fitt-en-la-septima-edicion-de-la-feria-aquanale-de-colonia\/#article","isPartOf":{"@id":"https:\/\/www.fitt.com\/es\/news\/fitt-en-la-septima-edicion-de-la-feria-aquanale-de-colonia\/"},"author":{"name":"system","@id":"https:\/\/www.fitt.com\/es\/#\/schema\/person\/88ed5d9863be31118f9ec9ee37f028a2"},"headline":"FITT en la s\u00e9ptima edici\u00f3n de la Feria Aquanale de Colonia","datePublished":"2017-10-01T22:00:00+00:00","dateModified":"2022-08-09T12:46:08+00:00","mainEntityOfPage":{"@id":"https:\/\/www.fitt.com\/es\/news\/fitt-en-la-septima-edicion-de-la-feria-aquanale-de-colonia\/"},"wordCount":153,"publisher":{"@id":"https:\/\/www.fitt.com\/es\/#organization"},"image":{"@id":"https:\/\/www.fitt.com\/es\/news\/fitt-en-la-septima-edicion-de-la-feria-aquanale-de-colonia\/#primaryimage"},"thumbnailUrl":"https:\/\/www.fitt.com\/wp-content\/uploads\/2017\/10\/20170929-PostImage-5.jpg","articleSection":["Eventi","Industrial","News"],"inLanguage":"es"},{"@type":"WebPage","@id":"https:\/\/www.fitt.com\/es\/news\/fitt-en-la-septima-edicion-de-la-feria-aquanale-de-colonia\/","url":"https:\/\/www.fitt.com\/es\/news\/fitt-en-la-septima-edicion-de-la-feria-aquanale-de-colonia\/","name":"FITT en la s\u00e9ptima edici\u00f3n de la Feria Aquanale de Colonia - FITT","isPartOf":{"@id":"https:\/\/www.fitt.com\/es\/#website"},"primaryImageOfPage":{"@id":"https:\/\/www.fitt.com\/es\/news\/fitt-en-la-septima-edicion-de-la-feria-aquanale-de-colonia\/#primaryimage"},"image":{"@id":"https:\/\/www.fitt.com\/es\/news\/fitt-en-la-septima-edicion-de-la-feria-aquanale-de-colonia\/#primaryimage"},"thumbnailUrl":"https:\/\/www.fitt.com\/wp-content\/uploads\/2017\/10\/20170929-PostImage-5.jpg","datePublished":"2017-10-01T22:00:00+00:00","dateModified":"2022-08-09T12:46:08+00:00","breadcrumb":{"@id":"https:\/\/www.fitt.com\/es\/news\/fitt-en-la-septima-edicion-de-la-feria-aquanale-de-colonia\/#breadcrumb"},"inLanguage":"es","potentialAction":[{"@type":"ReadAction","target":["https:\/\/www.fitt.com\/es\/news\/fitt-en-la-septima-edicion-de-la-feria-aquanale-de-colonia\/"]}]},{"@type":"ImageObject","inLanguage":"es","@id":"https:\/\/www.fitt.com\/es\/news\/fitt-en-la-septima-edicion-de-la-feria-aquanale-de-colonia\/#primaryimage","url":"https:\/\/www.fitt.com\/wp-content\/uploads\/2017\/10\/20170929-PostImage-5.jpg","contentUrl":"https:\/\/www.fitt.com\/wp-content\/uploads\/2017\/10\/20170929-PostImage-5.jpg","width":1200,"height":627},{"@type":"BreadcrumbList","@id":"https:\/\/www.fitt.com\/es\/news\/fitt-en-la-septima-edicion-de-la-feria-aquanale-de-colonia\/#breadcrumb","itemListElement":[{"@type":"ListItem","position":1,"name":"Home","item":"https:\/\/www.fitt.com\/es\/"},{"@type":"ListItem","position":2,"name":"FITT en la s\u00e9ptima edici\u00f3n de la Feria Aquanale de Colonia"}]},{"@type":"WebSite","@id":"https:\/\/www.fitt.com\/es\/#website","url":"https:\/\/www.fitt.com\/es\/","name":"FITT","description":"FITT Spa","publisher":{"@id":"https:\/\/www.fitt.com\/es\/#organization"},"potentialAction":[{"@type":"SearchAction","target":{"@type":"EntryPoint","urlTemplate":"https:\/\/www.fitt.com\/es\/?s={search_term_string}"},"query-input":{"@type":"PropertyValueSpecification","valueRequired":true,"valueName":"search_term_string"}}],"inLanguage":"es"},{"@type":"Organization","@id":"https:\/\/www.fitt.com\/es\/#organization","name":"Fitt SPA","url":"https:\/\/www.fitt.com\/es\/","logo":{"@type":"ImageObject","inLanguage":"es","@id":"https:\/\/www.fitt.com\/es\/#\/schema\/logo\/image\/","url":"https:\/\/www.fitt.com\/wp-content\/uploads\/2022\/05\/logo-light.png","contentUrl":"https:\/\/www.fitt.com\/wp-content\/uploads\/2022\/05\/logo-light.png","width":827,"height":508,"caption":"Fitt SPA"},"image":{"@id":"https:\/\/www.fitt.com\/es\/#\/schema\/logo\/image\/"}},{"@type":"Person","@id":"https:\/\/www.fitt.com\/es\/#\/schema\/person\/88ed5d9863be31118f9ec9ee37f028a2","name":"system","sameAs":["https:\/\/www.fitt.com\/"]}]}},"_links":{"self":[{"href":"https:\/\/www.fitt.com\/es\/wp-json\/wp\/v2\/posts\/15251","targetHints":{"allow":["GET"]}}],"collection":[{"href":"https:\/\/www.fitt.com\/es\/wp-json\/wp\/v2\/posts"}],"about":[{"href":"https:\/\/www.fitt.com\/es\/wp-json\/wp\/v2\/types\/post"}],"author":[{"embeddable":true,"href":"https:\/\/www.fitt.com\/es\/wp-json\/wp\/v2\/users\/1"}],"replies":[{"embeddable":true,"href":"https:\/\/www.fitt.com\/es\/wp-json\/wp\/v2\/comments?post=15251"}],"version-history":[{"count":2,"href":"https:\/\/www.fitt.com\/es\/wp-json\/wp\/v2\/posts\/15251\/revisions"}],"predecessor-version":[{"id":15255,"href":"https:\/\/www.fitt.com\/es\/wp-json\/wp\/v2\/posts\/15251\/revisions\/15255"}],"wp:featuredmedia":[{"embeddable":true,"href":"https:\/\/www.fitt.com\/es\/wp-json\/wp\/v2\/media\/12684"}],"wp:attachment":[{"href":"https:\/\/www.fitt.com\/es\/wp-json\/wp\/v2\/media?parent=15251"}],"wp:term":[{"taxonomy":"category","embeddable":true,"href":"https:\/\/www.fitt.com\/es\/wp-json\/wp\/v2\/categories?post=15251"},{"taxonomy":"post_tag","embeddable":true,"href":"https:\/\/www.fitt.com\/es\/wp-json\/wp\/v2\/tags?post=15251"}],"curies":[{"name":"wp","href":"https:\/\/api.w.org\/{rel}","templated":true}]}}