{"id":15243,"date":"2017-11-06T00:00:00","date_gmt":"2017-11-05T23:00:00","guid":{"rendered":"https:\/\/www.fitt.com\/news\/fitt-alla-fiera-internazionale-batimat-di-parigi\/"},"modified":"2022-08-09T11:54:21","modified_gmt":"2022-08-09T09:54:21","slug":"fitt-en-la-feria-internacional-batimat-de-paris","status":"publish","type":"post","link":"https:\/\/www.fitt.com\/es\/news\/fitt-en-la-feria-internacional-batimat-de-paris\/","title":{"rendered":"FITT en la feria internacional Batimat de Par\u00eds"},"content":{"rendered":"<p>Del 6 al 10 de noviembre, FITT estar\u00e1 presente en Batimat, la feria internacional de Par\u00eds dedicada al sector de la construcci\u00f3n. El evento es un punto de encuentro fundamental para los expertos del sector que buscan productos y&nbsp;<a href=\"\"https:\/\/www.fitt.com\/es\/tuberias-para-construccion-e-infraestructuras\"\" rel=\"\"noopener\"\" target=\"\"_blank\"\">soluciones para la construcci\u00f3n y las infraestructuras<\/a>.<\/p>\n<p>FITT estar\u00e1 en el stand 6-G167 de&nbsp;<a href=\"\"http:\/\/www.datadubatiment.com\/en\/Exhibitors\/3332435\/INTERPLAST-TUBES-ET-RACCORDS\"\" rel=\"\"noopener\"\" target=\"\"_blank\"\">INTERPLAST TUBES ET RACCORDS<\/a>.<\/p>\n","protected":false},"excerpt":{"rendered":"<p>Del 6 al 10 de noviembre, FITT estar\u00e1 presente en Batimat, la feria internacional de Par\u00eds dedicada al sector de la construcci\u00f3n. El evento es un punto de encuentro fundamental para los expertos del sector que buscan productos y&nbsp;soluciones para la construcci\u00f3n y las infraestructuras. FITT estar\u00e1 en el stand 6-G167 de&nbsp;INTERPLAST TUBES ET RACCORDS.<\/p>\n","protected":false},"author":1,"featured_media":12625,"comment_status":"closed","ping_status":"open","sticky":false,"template":"","format":"standard","meta":{"_acf_changed":false,"footnotes":""},"categories":[381,380],"tags":[],"class_list":["post-15243","post","type-post","status-publish","format-standard","has-post-thumbnail","hentry","category-building-es","category-eventi-es"],"acf":[],"yoast_head":"<!-- This site is optimized with the Yoast SEO Premium plugin v24.1 (Yoast SEO v27.3) - https:\/\/yoast.com\/product\/yoast-seo-premium-wordpress\/ -->\n<title>FITT en la feria internacional Batimat de Par\u00eds - FITT<\/title>\n<meta name=\"robots\" content=\"index, follow, max-snippet:-1, max-image-preview:large, max-video-preview:-1\" \/>\n<link rel=\"canonical\" href=\"https:\/\/www.fitt.com\/es\/news\/fitt-en-la-feria-internacional-batimat-de-paris\/\" \/>\n<meta property=\"og:locale\" content=\"es_ES\" \/>\n<meta property=\"og:type\" content=\"article\" \/>\n<meta property=\"og:title\" content=\"FITT en la feria internacional Batimat de Par\u00eds\" \/>\n<meta property=\"og:description\" content=\"Del 6 al 10 de noviembre, FITT estar\u00e1 presente en Batimat, la feria internacional de Par\u00eds dedicada al sector de la construcci\u00f3n. El evento es un punto de encuentro fundamental para los expertos del sector que buscan productos y&nbsp;soluciones para la construcci\u00f3n y las infraestructuras. FITT estar\u00e1 en el stand 6-G167 de&nbsp;INTERPLAST TUBES ET RACCORDS.\" \/>\n<meta property=\"og:url\" content=\"https:\/\/www.fitt.com\/es\/news\/fitt-en-la-feria-internacional-batimat-de-paris\/\" \/>\n<meta property=\"og:site_name\" content=\"FITT\" \/>\n<meta property=\"article:published_time\" content=\"2017-11-05T23:00:00+00:00\" \/>\n<meta property=\"article:modified_time\" content=\"2022-08-09T09:54:21+00:00\" \/>\n<meta property=\"og:image\" content=\"https:\/\/www.fitt.com\/wp-content\/uploads\/2017\/11\/FITT-Batimat2-1600x650-1.jpg\" \/>\n\t<meta property=\"og:image:width\" content=\"1280\" \/>\n\t<meta property=\"og:image:height\" content=\"520\" \/>\n\t<meta property=\"og:image:type\" content=\"image\/jpeg\" \/>\n<meta name=\"author\" content=\"system\" \/>\n<meta name=\"twitter:card\" content=\"summary_large_image\" \/>\n<meta name=\"twitter:label1\" content=\"Escrito por\" \/>\n\t<meta name=\"twitter:data1\" content=\"system\" \/>\n<script type=\"application\/ld+json\" class=\"yoast-schema-graph\">{\"@context\":\"https:\\\/\\\/schema.org\",\"@graph\":[{\"@type\":\"Article\",\"@id\":\"https:\\\/\\\/www.fitt.com\\\/es\\\/news\\\/fitt-en-la-feria-internacional-batimat-de-paris\\\/#article\",\"isPartOf\":{\"@id\":\"https:\\\/\\\/www.fitt.com\\\/es\\\/news\\\/fitt-en-la-feria-internacional-batimat-de-paris\\\/\"},\"author\":{\"name\":\"system\",\"@id\":\"https:\\\/\\\/www.fitt.com\\\/es\\\/#\\\/schema\\\/person\\\/88ed5d9863be31118f9ec9ee37f028a2\"},\"headline\":\"FITT en la feria internacional Batimat de Par\u00eds\",\"datePublished\":\"2017-11-05T23:00:00+00:00\",\"dateModified\":\"2022-08-09T09:54:21+00:00\",\"mainEntityOfPage\":{\"@id\":\"https:\\\/\\\/www.fitt.com\\\/es\\\/news\\\/fitt-en-la-feria-internacional-batimat-de-paris\\\/\"},\"wordCount\":69,\"publisher\":{\"@id\":\"https:\\\/\\\/www.fitt.com\\\/es\\\/#organization\"},\"image\":{\"@id\":\"https:\\\/\\\/www.fitt.com\\\/es\\\/news\\\/fitt-en-la-feria-internacional-batimat-de-paris\\\/#primaryimage\"},\"thumbnailUrl\":\"https:\\\/\\\/www.fitt.com\\\/wp-content\\\/uploads\\\/2017\\\/11\\\/FITT-Batimat2-1600x650-1.jpg\",\"articleSection\":[\"Building\",\"Eventi\"],\"inLanguage\":\"es\"},{\"@type\":\"WebPage\",\"@id\":\"https:\\\/\\\/www.fitt.com\\\/es\\\/news\\\/fitt-en-la-feria-internacional-batimat-de-paris\\\/\",\"url\":\"https:\\\/\\\/www.fitt.com\\\/es\\\/news\\\/fitt-en-la-feria-internacional-batimat-de-paris\\\/\",\"name\":\"FITT en la feria internacional Batimat de Par\u00eds - FITT\",\"isPartOf\":{\"@id\":\"https:\\\/\\\/www.fitt.com\\\/es\\\/#website\"},\"primaryImageOfPage\":{\"@id\":\"https:\\\/\\\/www.fitt.com\\\/es\\\/news\\\/fitt-en-la-feria-internacional-batimat-de-paris\\\/#primaryimage\"},\"image\":{\"@id\":\"https:\\\/\\\/www.fitt.com\\\/es\\\/news\\\/fitt-en-la-feria-internacional-batimat-de-paris\\\/#primaryimage\"},\"thumbnailUrl\":\"https:\\\/\\\/www.fitt.com\\\/wp-content\\\/uploads\\\/2017\\\/11\\\/FITT-Batimat2-1600x650-1.jpg\",\"datePublished\":\"2017-11-05T23:00:00+00:00\",\"dateModified\":\"2022-08-09T09:54:21+00:00\",\"breadcrumb\":{\"@id\":\"https:\\\/\\\/www.fitt.com\\\/es\\\/news\\\/fitt-en-la-feria-internacional-batimat-de-paris\\\/#breadcrumb\"},\"inLanguage\":\"es\",\"potentialAction\":[{\"@type\":\"ReadAction\",\"target\":[\"https:\\\/\\\/www.fitt.com\\\/es\\\/news\\\/fitt-en-la-feria-internacional-batimat-de-paris\\\/\"]}]},{\"@type\":\"ImageObject\",\"inLanguage\":\"es\",\"@id\":\"https:\\\/\\\/www.fitt.com\\\/es\\\/news\\\/fitt-en-la-feria-internacional-batimat-de-paris\\\/#primaryimage\",\"url\":\"https:\\\/\\\/www.fitt.com\\\/wp-content\\\/uploads\\\/2017\\\/11\\\/FITT-Batimat2-1600x650-1.jpg\",\"contentUrl\":\"https:\\\/\\\/www.fitt.com\\\/wp-content\\\/uploads\\\/2017\\\/11\\\/FITT-Batimat2-1600x650-1.jpg\",\"width\":1280,\"height\":520},{\"@type\":\"BreadcrumbList\",\"@id\":\"https:\\\/\\\/www.fitt.com\\\/es\\\/news\\\/fitt-en-la-feria-internacional-batimat-de-paris\\\/#breadcrumb\",\"itemListElement\":[{\"@type\":\"ListItem\",\"position\":1,\"name\":\"Home\",\"item\":\"https:\\\/\\\/www.fitt.com\\\/es\\\/\"},{\"@type\":\"ListItem\",\"position\":2,\"name\":\"FITT en la feria internacional Batimat de Par\u00eds\"}]},{\"@type\":\"WebSite\",\"@id\":\"https:\\\/\\\/www.fitt.com\\\/es\\\/#website\",\"url\":\"https:\\\/\\\/www.fitt.com\\\/es\\\/\",\"name\":\"FITT\",\"description\":\"FITT Spa\",\"publisher\":{\"@id\":\"https:\\\/\\\/www.fitt.com\\\/es\\\/#organization\"},\"potentialAction\":[{\"@type\":\"SearchAction\",\"target\":{\"@type\":\"EntryPoint\",\"urlTemplate\":\"https:\\\/\\\/www.fitt.com\\\/es\\\/?s={search_term_string}\"},\"query-input\":{\"@type\":\"PropertyValueSpecification\",\"valueRequired\":true,\"valueName\":\"search_term_string\"}}],\"inLanguage\":\"es\"},{\"@type\":\"Organization\",\"@id\":\"https:\\\/\\\/www.fitt.com\\\/es\\\/#organization\",\"name\":\"Fitt SPA\",\"url\":\"https:\\\/\\\/www.fitt.com\\\/es\\\/\",\"logo\":{\"@type\":\"ImageObject\",\"inLanguage\":\"es\",\"@id\":\"https:\\\/\\\/www.fitt.com\\\/es\\\/#\\\/schema\\\/logo\\\/image\\\/\",\"url\":\"https:\\\/\\\/www.fitt.com\\\/wp-content\\\/uploads\\\/2022\\\/05\\\/logo-light.png\",\"contentUrl\":\"https:\\\/\\\/www.fitt.com\\\/wp-content\\\/uploads\\\/2022\\\/05\\\/logo-light.png\",\"width\":827,\"height\":508,\"caption\":\"Fitt SPA\"},\"image\":{\"@id\":\"https:\\\/\\\/www.fitt.com\\\/es\\\/#\\\/schema\\\/logo\\\/image\\\/\"}},{\"@type\":\"Person\",\"@id\":\"https:\\\/\\\/www.fitt.com\\\/es\\\/#\\\/schema\\\/person\\\/88ed5d9863be31118f9ec9ee37f028a2\",\"name\":\"system\",\"sameAs\":[\"https:\\\/\\\/www.fitt.com\\\/\"]}]}<\/script>\n<!-- \/ Yoast SEO Premium plugin. -->","yoast_head_json":{"title":"FITT en la feria internacional Batimat de Par\u00eds - FITT","robots":{"index":"index","follow":"follow","max-snippet":"max-snippet:-1","max-image-preview":"max-image-preview:large","max-video-preview":"max-video-preview:-1"},"canonical":"https:\/\/www.fitt.com\/es\/news\/fitt-en-la-feria-internacional-batimat-de-paris\/","og_locale":"es_ES","og_type":"article","og_title":"FITT en la feria internacional Batimat de Par\u00eds","og_description":"Del 6 al 10 de noviembre, FITT estar\u00e1 presente en Batimat, la feria internacional de Par\u00eds dedicada al sector de la construcci\u00f3n. El evento es un punto de encuentro fundamental para los expertos del sector que buscan productos y&nbsp;soluciones para la construcci\u00f3n y las infraestructuras. FITT estar\u00e1 en el stand 6-G167 de&nbsp;INTERPLAST TUBES ET RACCORDS.","og_url":"https:\/\/www.fitt.com\/es\/news\/fitt-en-la-feria-internacional-batimat-de-paris\/","og_site_name":"FITT","article_published_time":"2017-11-05T23:00:00+00:00","article_modified_time":"2022-08-09T09:54:21+00:00","og_image":[{"width":1280,"height":520,"url":"https:\/\/www.fitt.com\/wp-content\/uploads\/2017\/11\/FITT-Batimat2-1600x650-1.jpg","type":"image\/jpeg"}],"author":"system","twitter_card":"summary_large_image","twitter_misc":{"Escrito por":"system"},"schema":{"@context":"https:\/\/schema.org","@graph":[{"@type":"Article","@id":"https:\/\/www.fitt.com\/es\/news\/fitt-en-la-feria-internacional-batimat-de-paris\/#article","isPartOf":{"@id":"https:\/\/www.fitt.com\/es\/news\/fitt-en-la-feria-internacional-batimat-de-paris\/"},"author":{"name":"system","@id":"https:\/\/www.fitt.com\/es\/#\/schema\/person\/88ed5d9863be31118f9ec9ee37f028a2"},"headline":"FITT en la feria internacional Batimat de Par\u00eds","datePublished":"2017-11-05T23:00:00+00:00","dateModified":"2022-08-09T09:54:21+00:00","mainEntityOfPage":{"@id":"https:\/\/www.fitt.com\/es\/news\/fitt-en-la-feria-internacional-batimat-de-paris\/"},"wordCount":69,"publisher":{"@id":"https:\/\/www.fitt.com\/es\/#organization"},"image":{"@id":"https:\/\/www.fitt.com\/es\/news\/fitt-en-la-feria-internacional-batimat-de-paris\/#primaryimage"},"thumbnailUrl":"https:\/\/www.fitt.com\/wp-content\/uploads\/2017\/11\/FITT-Batimat2-1600x650-1.jpg","articleSection":["Building","Eventi"],"inLanguage":"es"},{"@type":"WebPage","@id":"https:\/\/www.fitt.com\/es\/news\/fitt-en-la-feria-internacional-batimat-de-paris\/","url":"https:\/\/www.fitt.com\/es\/news\/fitt-en-la-feria-internacional-batimat-de-paris\/","name":"FITT en la feria internacional Batimat de Par\u00eds - FITT","isPartOf":{"@id":"https:\/\/www.fitt.com\/es\/#website"},"primaryImageOfPage":{"@id":"https:\/\/www.fitt.com\/es\/news\/fitt-en-la-feria-internacional-batimat-de-paris\/#primaryimage"},"image":{"@id":"https:\/\/www.fitt.com\/es\/news\/fitt-en-la-feria-internacional-batimat-de-paris\/#primaryimage"},"thumbnailUrl":"https:\/\/www.fitt.com\/wp-content\/uploads\/2017\/11\/FITT-Batimat2-1600x650-1.jpg","datePublished":"2017-11-05T23:00:00+00:00","dateModified":"2022-08-09T09:54:21+00:00","breadcrumb":{"@id":"https:\/\/www.fitt.com\/es\/news\/fitt-en-la-feria-internacional-batimat-de-paris\/#breadcrumb"},"inLanguage":"es","potentialAction":[{"@type":"ReadAction","target":["https:\/\/www.fitt.com\/es\/news\/fitt-en-la-feria-internacional-batimat-de-paris\/"]}]},{"@type":"ImageObject","inLanguage":"es","@id":"https:\/\/www.fitt.com\/es\/news\/fitt-en-la-feria-internacional-batimat-de-paris\/#primaryimage","url":"https:\/\/www.fitt.com\/wp-content\/uploads\/2017\/11\/FITT-Batimat2-1600x650-1.jpg","contentUrl":"https:\/\/www.fitt.com\/wp-content\/uploads\/2017\/11\/FITT-Batimat2-1600x650-1.jpg","width":1280,"height":520},{"@type":"BreadcrumbList","@id":"https:\/\/www.fitt.com\/es\/news\/fitt-en-la-feria-internacional-batimat-de-paris\/#breadcrumb","itemListElement":[{"@type":"ListItem","position":1,"name":"Home","item":"https:\/\/www.fitt.com\/es\/"},{"@type":"ListItem","position":2,"name":"FITT en la feria internacional Batimat de Par\u00eds"}]},{"@type":"WebSite","@id":"https:\/\/www.fitt.com\/es\/#website","url":"https:\/\/www.fitt.com\/es\/","name":"FITT","description":"FITT Spa","publisher":{"@id":"https:\/\/www.fitt.com\/es\/#organization"},"potentialAction":[{"@type":"SearchAction","target":{"@type":"EntryPoint","urlTemplate":"https:\/\/www.fitt.com\/es\/?s={search_term_string}"},"query-input":{"@type":"PropertyValueSpecification","valueRequired":true,"valueName":"search_term_string"}}],"inLanguage":"es"},{"@type":"Organization","@id":"https:\/\/www.fitt.com\/es\/#organization","name":"Fitt SPA","url":"https:\/\/www.fitt.com\/es\/","logo":{"@type":"ImageObject","inLanguage":"es","@id":"https:\/\/www.fitt.com\/es\/#\/schema\/logo\/image\/","url":"https:\/\/www.fitt.com\/wp-content\/uploads\/2022\/05\/logo-light.png","contentUrl":"https:\/\/www.fitt.com\/wp-content\/uploads\/2022\/05\/logo-light.png","width":827,"height":508,"caption":"Fitt SPA"},"image":{"@id":"https:\/\/www.fitt.com\/es\/#\/schema\/logo\/image\/"}},{"@type":"Person","@id":"https:\/\/www.fitt.com\/es\/#\/schema\/person\/88ed5d9863be31118f9ec9ee37f028a2","name":"system","sameAs":["https:\/\/www.fitt.com\/"]}]}},"_links":{"self":[{"href":"https:\/\/www.fitt.com\/es\/wp-json\/wp\/v2\/posts\/15243","targetHints":{"allow":["GET"]}}],"collection":[{"href":"https:\/\/www.fitt.com\/es\/wp-json\/wp\/v2\/posts"}],"about":[{"href":"https:\/\/www.fitt.com\/es\/wp-json\/wp\/v2\/types\/post"}],"author":[{"embeddable":true,"href":"https:\/\/www.fitt.com\/es\/wp-json\/wp\/v2\/users\/1"}],"replies":[{"embeddable":true,"href":"https:\/\/www.fitt.com\/es\/wp-json\/wp\/v2\/comments?post=15243"}],"version-history":[{"count":2,"href":"https:\/\/www.fitt.com\/es\/wp-json\/wp\/v2\/posts\/15243\/revisions"}],"predecessor-version":[{"id":15245,"href":"https:\/\/www.fitt.com\/es\/wp-json\/wp\/v2\/posts\/15243\/revisions\/15245"}],"wp:featuredmedia":[{"embeddable":true,"href":"https:\/\/www.fitt.com\/es\/wp-json\/wp\/v2\/media\/12625"}],"wp:attachment":[{"href":"https:\/\/www.fitt.com\/es\/wp-json\/wp\/v2\/media?parent=15243"}],"wp:term":[{"taxonomy":"category","embeddable":true,"href":"https:\/\/www.fitt.com\/es\/wp-json\/wp\/v2\/categories?post=15243"},{"taxonomy":"post_tag","embeddable":true,"href":"https:\/\/www.fitt.com\/es\/wp-json\/wp\/v2\/tags?post=15243"}],"curies":[{"name":"wp","href":"https:\/\/api.w.org\/{rel}","templated":true}]}}