{"id":15228,"date":"2018-09-01T17:53:17","date_gmt":"2018-09-01T15:53:17","guid":{"rendered":"https:\/\/www.fitt.com\/news\/lo-spot-del-tubo-estensibile-yoyo-al-concorso-les-palmes-de-promojardin-di-parigi\/"},"modified":"2022-08-09T11:23:31","modified_gmt":"2022-08-09T09:23:31","slug":"el-anuncio-publicitario-de-la-manguera-extensible-yoyo-en-el-concurso-les-palmes-de-promojardin-de-paris","status":"publish","type":"post","link":"https:\/\/www.fitt.com\/es\/news\/el-anuncio-publicitario-de-la-manguera-extensible-yoyo-en-el-concurso-les-palmes-de-promojardin-de-paris\/","title":{"rendered":"El anuncio publicitario de la manguera extensible YOYO en el concurso \u201cLes Palmes de Promojardin\u201d de Par\u00eds"},"content":{"rendered":"<div class='custom_gallery' data-module='gallery-modal'>\n<div class='outside-gallery-container row'>\n<div class='col-md-4 col-sm-6 btn-modal'>\n<div class='image-container' data-index='0'>\n<img decoding=\"async\" src=\"https:\/\/www.fitt.com\/wp-content\/uploads\/2018\/09\/FireShot-Capture-1-Palmes-de-Promo_-http___lespalmesdepromojardin.com_email_EPR181-20180104.html-1.png\"><\/div>\n<\/div>\n<\/div>\n\n      <div class=\"ud_modal modal-js js_gallery\">\n        <div class=\"box\">\n          <div class=\"btn-close\">\n            <span class=\"icon-close\">\n              <svg viewBox=\"0 0 27 27\" xmlns=\"http:\/\/www.w3.org\/2000\/svg\">\n                <rect id=\"rect-1\" x=\"2.25146\" y=\"0.129944\" width=\"35\" height=\"3\" rx=\"1.5\" transform=\"rotate(45 2.25146 0.129944)\"\/>\n                <rect id=\"rect-2\" width=\"35\" height=\"3\" rx=\"1.5\" transform=\"matrix(-0.707107 0.707107 0.707107 0.707107 24.8135 0.0649719)\"\/>\n              <\/svg>\n            <\/span>\n          <\/div>\n          <div class=\"content mx-md-n32\">\n            <div class=\"slider\">\n              <div class=\"swiper-wrapper\">\n                <div class='swiper-slide'>\n<img decoding=\"async\" src=\"https:\/\/www.fitt.com\/wp-content\/uploads\/2018\/09\/FireShot-Capture-1-Palmes-de-Promo_-http___lespalmesdepromojardin.com_email_EPR181-20180104.html-1.png\"><\/div>\n\n              <\/div>\n            <\/div>\n          <\/div>\n\n          <div class=\"ud_slider__nav--prev\">\n            <svg fill=\"none\" height=\"20\" viewBox=\"0 0 14 20\" width=\"14\" xmlns=\"http:\/\/www.w3.org\/2000\/svg\">\n              <path d=\"m12.9706 9.20759c.52.40031.52 1.18451 0 1.58481l-10.8606 8.3605c-.65757.5062-1.609999.0375-1.609999-.7924l-.000001-16.72102c0-.829843.95243-1.298607 1.60999-.79241z\" fill=\"#000\"><\/path>\n            <\/svg>\n          <\/div>\n          <div class=\"ud_slider__nav--next\">\n            <svg fill=\"none\" height=\"20\" viewBox=\"0 0 14 20\" width=\"14\" xmlns=\"http:\/\/www.w3.org\/2000\/svg\">\n              <path d=\"m12.9706 9.20759c.52.40031.52 1.18451 0 1.58481l-10.8606 8.3605c-.65757.5062-1.609999.0375-1.609999-.7924l-.000001-16.72102c0-.829843.95243-1.298607 1.60999-.79241z\" fill=\"#000\"><\/path>\n            <\/svg>\n          <\/div>\n        <\/div>\n      <\/div>\n    <\/div>\n<p>El&nbsp;<strong>11 de enero de 2018<\/strong>, FITT participar\u00e1 con el&nbsp;<strong>anuncio publicitario en franc\u00e9s&nbsp;<\/strong><a href=\"\"https:\/\/youtu.be\/d5gcv6V5B-c\"\">\u201cYOYO g\u00e9nial et irr\u00e9sistible\u201d<\/a>&nbsp;en el gran evento parisino&nbsp;<a href=\"\"http:\/\/www.promojardin.com\/conferences-et-evenements\/palmes-de-promojardin\/les-palmes-de-promojardin-4\/\"\"><strong>\u201cLes Palmes de Promojardin\u201d<\/strong><\/a>, que tendr\u00e1 lugar en la sede de la&nbsp;<strong>Sociedad Nacional de Horticultura de Francia<\/strong>, cita dedicada a la comunicaci\u00f3n en los sectores de la jardiner\u00eda y los animales de compa\u00f1\u00eda.<\/p>\n<p>La segunda edici\u00f3n del concurso ver\u00e1 a las empresas participantes competir en&nbsp;<strong>cinco categor\u00edas<\/strong>: mass media, Internet digital e social network, comunicaci\u00f3n en el punto de venta, eventos e innovaci\u00f3n.<\/p>\n<p><strong>FITT participar\u00e1<\/strong>&nbsp;con el prop\u00f3sito de adjudicarse el reconocimiento de la&nbsp;<strong>categor\u00eda mass media,&nbsp;<\/strong>instituido para premiar las campa\u00f1as televisivas y radiof\u00f3nicas.<\/p>\n<p>Los&nbsp;<strong>criterios de evaluaci\u00f3n<\/strong>&nbsp;adoptados por el jurado se concentrar\u00e1n en el nivel de innovaci\u00f3n de la campa\u00f1a, la calidad de la comunicaci\u00f3n, el impacto medi\u00e1tico y la originalidad del enfoque.<\/p>\n<p>La iniciativa nace del deseo de reunir a los principales actores del ecosistema de la jardiner\u00eda y los animales dom\u00e9sticos. FITT competir\u00e1 presentando el&nbsp;<strong>fant\u00e1stico producto YOYO<\/strong>: el sistema para regar y lavar ligero, compacto y listo para usar.<\/p>\n","protected":false},"excerpt":{"rendered":"<p>El&nbsp;11 de enero de 2018, FITT participar\u00e1 con el&nbsp;anuncio publicitario en franc\u00e9s&nbsp;\u201cYOYO g\u00e9nial et irr\u00e9sistible\u201d&nbsp;en el gran evento parisino&nbsp;\u201cLes Palmes de Promojardin\u201d, que tendr\u00e1 lugar en la sede de la&nbsp;Sociedad Nacional de Horticultura de Francia, cita dedicada a la comunicaci\u00f3n en los sectores de la jardiner\u00eda y los animales de compa\u00f1\u00eda. La segunda edici\u00f3n del [&hellip;]<\/p>\n","protected":false},"author":1,"featured_media":12760,"comment_status":"closed","ping_status":"open","sticky":false,"template":"","format":"standard","meta":{"_acf_changed":false,"footnotes":""},"categories":[363],"tags":[],"class_list":["post-15228","post","type-post","status-publish","format-standard","has-post-thumbnail","hentry","category-news-es"],"acf":[],"yoast_head":"<!-- This site is optimized with the Yoast SEO Premium plugin v24.1 (Yoast SEO v27.3) - https:\/\/yoast.com\/product\/yoast-seo-premium-wordpress\/ -->\n<title>El anuncio publicitario de la manguera extensible YOYO en el concurso \u201cLes Palmes de Promojardin\u201d de Par\u00eds - FITT<\/title>\n<meta name=\"robots\" content=\"index, follow, max-snippet:-1, max-image-preview:large, max-video-preview:-1\" \/>\n<link rel=\"canonical\" href=\"https:\/\/www.fitt.com\/es\/news\/el-anuncio-publicitario-de-la-manguera-extensible-yoyo-en-el-concurso-les-palmes-de-promojardin-de-paris\/\" \/>\n<meta property=\"og:locale\" content=\"es_ES\" \/>\n<meta property=\"og:type\" content=\"article\" \/>\n<meta property=\"og:title\" content=\"El anuncio publicitario de la manguera extensible YOYO en el concurso \u201cLes Palmes de Promojardin\u201d de Par\u00eds\" \/>\n<meta property=\"og:description\" content=\"El&nbsp;11 de enero de 2018, FITT participar\u00e1 con el&nbsp;anuncio publicitario en franc\u00e9s&nbsp;\u201cYOYO g\u00e9nial et irr\u00e9sistible\u201d&nbsp;en el gran evento parisino&nbsp;\u201cLes Palmes de Promojardin\u201d, que tendr\u00e1 lugar en la sede de la&nbsp;Sociedad Nacional de Horticultura de Francia, cita dedicada a la comunicaci\u00f3n en los sectores de la jardiner\u00eda y los animales de compa\u00f1\u00eda. La segunda edici\u00f3n del [&hellip;]\" \/>\n<meta property=\"og:url\" content=\"https:\/\/www.fitt.com\/es\/news\/el-anuncio-publicitario-de-la-manguera-extensible-yoyo-en-el-concurso-les-palmes-de-promojardin-de-paris\/\" \/>\n<meta property=\"og:site_name\" content=\"FITT\" \/>\n<meta property=\"article:published_time\" content=\"2018-09-01T15:53:17+00:00\" \/>\n<meta property=\"article:modified_time\" content=\"2022-08-09T09:23:31+00:00\" \/>\n<meta property=\"og:image\" content=\"https:\/\/www.fitt.com\/wp-content\/uploads\/2018\/09\/FITT-promojardin-1600x650-1.jpg\" \/>\n\t<meta property=\"og:image:width\" content=\"1280\" \/>\n\t<meta property=\"og:image:height\" content=\"520\" \/>\n\t<meta property=\"og:image:type\" content=\"image\/jpeg\" \/>\n<meta name=\"author\" content=\"system\" \/>\n<meta name=\"twitter:card\" content=\"summary_large_image\" \/>\n<meta name=\"twitter:label1\" content=\"Escrito por\" \/>\n\t<meta name=\"twitter:data1\" content=\"system\" \/>\n\t<meta name=\"twitter:label2\" content=\"Tiempo de lectura\" \/>\n\t<meta name=\"twitter:data2\" content=\"1 minuto\" \/>\n<script type=\"application\/ld+json\" class=\"yoast-schema-graph\">{\"@context\":\"https:\\\/\\\/schema.org\",\"@graph\":[{\"@type\":\"Article\",\"@id\":\"https:\\\/\\\/www.fitt.com\\\/es\\\/news\\\/el-anuncio-publicitario-de-la-manguera-extensible-yoyo-en-el-concurso-les-palmes-de-promojardin-de-paris\\\/#article\",\"isPartOf\":{\"@id\":\"https:\\\/\\\/www.fitt.com\\\/es\\\/news\\\/el-anuncio-publicitario-de-la-manguera-extensible-yoyo-en-el-concurso-les-palmes-de-promojardin-de-paris\\\/\"},\"author\":{\"name\":\"system\",\"@id\":\"https:\\\/\\\/www.fitt.com\\\/es\\\/#\\\/schema\\\/person\\\/88ed5d9863be31118f9ec9ee37f028a2\"},\"headline\":\"El anuncio publicitario de la manguera extensible YOYO en el concurso \u201cLes Palmes de Promojardin\u201d de Par\u00eds\",\"datePublished\":\"2018-09-01T15:53:17+00:00\",\"dateModified\":\"2022-08-09T09:23:31+00:00\",\"mainEntityOfPage\":{\"@id\":\"https:\\\/\\\/www.fitt.com\\\/es\\\/news\\\/el-anuncio-publicitario-de-la-manguera-extensible-yoyo-en-el-concurso-les-palmes-de-promojardin-de-paris\\\/\"},\"wordCount\":233,\"publisher\":{\"@id\":\"https:\\\/\\\/www.fitt.com\\\/es\\\/#organization\"},\"image\":{\"@id\":\"https:\\\/\\\/www.fitt.com\\\/es\\\/news\\\/el-anuncio-publicitario-de-la-manguera-extensible-yoyo-en-el-concurso-les-palmes-de-promojardin-de-paris\\\/#primaryimage\"},\"thumbnailUrl\":\"https:\\\/\\\/www.fitt.com\\\/wp-content\\\/uploads\\\/2018\\\/09\\\/FITT-promojardin-1600x650-1.jpg\",\"articleSection\":[\"News\"],\"inLanguage\":\"es\"},{\"@type\":\"WebPage\",\"@id\":\"https:\\\/\\\/www.fitt.com\\\/es\\\/news\\\/el-anuncio-publicitario-de-la-manguera-extensible-yoyo-en-el-concurso-les-palmes-de-promojardin-de-paris\\\/\",\"url\":\"https:\\\/\\\/www.fitt.com\\\/es\\\/news\\\/el-anuncio-publicitario-de-la-manguera-extensible-yoyo-en-el-concurso-les-palmes-de-promojardin-de-paris\\\/\",\"name\":\"El anuncio publicitario de la manguera extensible YOYO en el concurso \u201cLes Palmes de Promojardin\u201d de Par\u00eds - FITT\",\"isPartOf\":{\"@id\":\"https:\\\/\\\/www.fitt.com\\\/es\\\/#website\"},\"primaryImageOfPage\":{\"@id\":\"https:\\\/\\\/www.fitt.com\\\/es\\\/news\\\/el-anuncio-publicitario-de-la-manguera-extensible-yoyo-en-el-concurso-les-palmes-de-promojardin-de-paris\\\/#primaryimage\"},\"image\":{\"@id\":\"https:\\\/\\\/www.fitt.com\\\/es\\\/news\\\/el-anuncio-publicitario-de-la-manguera-extensible-yoyo-en-el-concurso-les-palmes-de-promojardin-de-paris\\\/#primaryimage\"},\"thumbnailUrl\":\"https:\\\/\\\/www.fitt.com\\\/wp-content\\\/uploads\\\/2018\\\/09\\\/FITT-promojardin-1600x650-1.jpg\",\"datePublished\":\"2018-09-01T15:53:17+00:00\",\"dateModified\":\"2022-08-09T09:23:31+00:00\",\"breadcrumb\":{\"@id\":\"https:\\\/\\\/www.fitt.com\\\/es\\\/news\\\/el-anuncio-publicitario-de-la-manguera-extensible-yoyo-en-el-concurso-les-palmes-de-promojardin-de-paris\\\/#breadcrumb\"},\"inLanguage\":\"es\",\"potentialAction\":[{\"@type\":\"ReadAction\",\"target\":[\"https:\\\/\\\/www.fitt.com\\\/es\\\/news\\\/el-anuncio-publicitario-de-la-manguera-extensible-yoyo-en-el-concurso-les-palmes-de-promojardin-de-paris\\\/\"]}]},{\"@type\":\"ImageObject\",\"inLanguage\":\"es\",\"@id\":\"https:\\\/\\\/www.fitt.com\\\/es\\\/news\\\/el-anuncio-publicitario-de-la-manguera-extensible-yoyo-en-el-concurso-les-palmes-de-promojardin-de-paris\\\/#primaryimage\",\"url\":\"https:\\\/\\\/www.fitt.com\\\/wp-content\\\/uploads\\\/2018\\\/09\\\/FITT-promojardin-1600x650-1.jpg\",\"contentUrl\":\"https:\\\/\\\/www.fitt.com\\\/wp-content\\\/uploads\\\/2018\\\/09\\\/FITT-promojardin-1600x650-1.jpg\",\"width\":1280,\"height\":520},{\"@type\":\"BreadcrumbList\",\"@id\":\"https:\\\/\\\/www.fitt.com\\\/es\\\/news\\\/el-anuncio-publicitario-de-la-manguera-extensible-yoyo-en-el-concurso-les-palmes-de-promojardin-de-paris\\\/#breadcrumb\",\"itemListElement\":[{\"@type\":\"ListItem\",\"position\":1,\"name\":\"Home\",\"item\":\"https:\\\/\\\/www.fitt.com\\\/es\\\/\"},{\"@type\":\"ListItem\",\"position\":2,\"name\":\"El anuncio publicitario de la manguera extensible YOYO en el concurso \u201cLes Palmes de Promojardin\u201d de Par\u00eds\"}]},{\"@type\":\"WebSite\",\"@id\":\"https:\\\/\\\/www.fitt.com\\\/es\\\/#website\",\"url\":\"https:\\\/\\\/www.fitt.com\\\/es\\\/\",\"name\":\"FITT\",\"description\":\"FITT Spa\",\"publisher\":{\"@id\":\"https:\\\/\\\/www.fitt.com\\\/es\\\/#organization\"},\"potentialAction\":[{\"@type\":\"SearchAction\",\"target\":{\"@type\":\"EntryPoint\",\"urlTemplate\":\"https:\\\/\\\/www.fitt.com\\\/es\\\/?s={search_term_string}\"},\"query-input\":{\"@type\":\"PropertyValueSpecification\",\"valueRequired\":true,\"valueName\":\"search_term_string\"}}],\"inLanguage\":\"es\"},{\"@type\":\"Organization\",\"@id\":\"https:\\\/\\\/www.fitt.com\\\/es\\\/#organization\",\"name\":\"Fitt SPA\",\"url\":\"https:\\\/\\\/www.fitt.com\\\/es\\\/\",\"logo\":{\"@type\":\"ImageObject\",\"inLanguage\":\"es\",\"@id\":\"https:\\\/\\\/www.fitt.com\\\/es\\\/#\\\/schema\\\/logo\\\/image\\\/\",\"url\":\"https:\\\/\\\/www.fitt.com\\\/wp-content\\\/uploads\\\/2022\\\/05\\\/logo-light.png\",\"contentUrl\":\"https:\\\/\\\/www.fitt.com\\\/wp-content\\\/uploads\\\/2022\\\/05\\\/logo-light.png\",\"width\":827,\"height\":508,\"caption\":\"Fitt SPA\"},\"image\":{\"@id\":\"https:\\\/\\\/www.fitt.com\\\/es\\\/#\\\/schema\\\/logo\\\/image\\\/\"}},{\"@type\":\"Person\",\"@id\":\"https:\\\/\\\/www.fitt.com\\\/es\\\/#\\\/schema\\\/person\\\/88ed5d9863be31118f9ec9ee37f028a2\",\"name\":\"system\",\"sameAs\":[\"https:\\\/\\\/www.fitt.com\\\/\"]}]}<\/script>\n<!-- \/ Yoast SEO Premium plugin. -->","yoast_head_json":{"title":"El anuncio publicitario de la manguera extensible YOYO en el concurso \u201cLes Palmes de Promojardin\u201d de Par\u00eds - FITT","robots":{"index":"index","follow":"follow","max-snippet":"max-snippet:-1","max-image-preview":"max-image-preview:large","max-video-preview":"max-video-preview:-1"},"canonical":"https:\/\/www.fitt.com\/es\/news\/el-anuncio-publicitario-de-la-manguera-extensible-yoyo-en-el-concurso-les-palmes-de-promojardin-de-paris\/","og_locale":"es_ES","og_type":"article","og_title":"El anuncio publicitario de la manguera extensible YOYO en el concurso \u201cLes Palmes de Promojardin\u201d de Par\u00eds","og_description":"El&nbsp;11 de enero de 2018, FITT participar\u00e1 con el&nbsp;anuncio publicitario en franc\u00e9s&nbsp;\u201cYOYO g\u00e9nial et irr\u00e9sistible\u201d&nbsp;en el gran evento parisino&nbsp;\u201cLes Palmes de Promojardin\u201d, que tendr\u00e1 lugar en la sede de la&nbsp;Sociedad Nacional de Horticultura de Francia, cita dedicada a la comunicaci\u00f3n en los sectores de la jardiner\u00eda y los animales de compa\u00f1\u00eda. La segunda edici\u00f3n del [&hellip;]","og_url":"https:\/\/www.fitt.com\/es\/news\/el-anuncio-publicitario-de-la-manguera-extensible-yoyo-en-el-concurso-les-palmes-de-promojardin-de-paris\/","og_site_name":"FITT","article_published_time":"2018-09-01T15:53:17+00:00","article_modified_time":"2022-08-09T09:23:31+00:00","og_image":[{"width":1280,"height":520,"url":"https:\/\/www.fitt.com\/wp-content\/uploads\/2018\/09\/FITT-promojardin-1600x650-1.jpg","type":"image\/jpeg"}],"author":"system","twitter_card":"summary_large_image","twitter_misc":{"Escrito por":"system","Tiempo de lectura":"1 minuto"},"schema":{"@context":"https:\/\/schema.org","@graph":[{"@type":"Article","@id":"https:\/\/www.fitt.com\/es\/news\/el-anuncio-publicitario-de-la-manguera-extensible-yoyo-en-el-concurso-les-palmes-de-promojardin-de-paris\/#article","isPartOf":{"@id":"https:\/\/www.fitt.com\/es\/news\/el-anuncio-publicitario-de-la-manguera-extensible-yoyo-en-el-concurso-les-palmes-de-promojardin-de-paris\/"},"author":{"name":"system","@id":"https:\/\/www.fitt.com\/es\/#\/schema\/person\/88ed5d9863be31118f9ec9ee37f028a2"},"headline":"El anuncio publicitario de la manguera extensible YOYO en el concurso \u201cLes Palmes de Promojardin\u201d de Par\u00eds","datePublished":"2018-09-01T15:53:17+00:00","dateModified":"2022-08-09T09:23:31+00:00","mainEntityOfPage":{"@id":"https:\/\/www.fitt.com\/es\/news\/el-anuncio-publicitario-de-la-manguera-extensible-yoyo-en-el-concurso-les-palmes-de-promojardin-de-paris\/"},"wordCount":233,"publisher":{"@id":"https:\/\/www.fitt.com\/es\/#organization"},"image":{"@id":"https:\/\/www.fitt.com\/es\/news\/el-anuncio-publicitario-de-la-manguera-extensible-yoyo-en-el-concurso-les-palmes-de-promojardin-de-paris\/#primaryimage"},"thumbnailUrl":"https:\/\/www.fitt.com\/wp-content\/uploads\/2018\/09\/FITT-promojardin-1600x650-1.jpg","articleSection":["News"],"inLanguage":"es"},{"@type":"WebPage","@id":"https:\/\/www.fitt.com\/es\/news\/el-anuncio-publicitario-de-la-manguera-extensible-yoyo-en-el-concurso-les-palmes-de-promojardin-de-paris\/","url":"https:\/\/www.fitt.com\/es\/news\/el-anuncio-publicitario-de-la-manguera-extensible-yoyo-en-el-concurso-les-palmes-de-promojardin-de-paris\/","name":"El anuncio publicitario de la manguera extensible YOYO en el concurso \u201cLes Palmes de Promojardin\u201d de Par\u00eds - FITT","isPartOf":{"@id":"https:\/\/www.fitt.com\/es\/#website"},"primaryImageOfPage":{"@id":"https:\/\/www.fitt.com\/es\/news\/el-anuncio-publicitario-de-la-manguera-extensible-yoyo-en-el-concurso-les-palmes-de-promojardin-de-paris\/#primaryimage"},"image":{"@id":"https:\/\/www.fitt.com\/es\/news\/el-anuncio-publicitario-de-la-manguera-extensible-yoyo-en-el-concurso-les-palmes-de-promojardin-de-paris\/#primaryimage"},"thumbnailUrl":"https:\/\/www.fitt.com\/wp-content\/uploads\/2018\/09\/FITT-promojardin-1600x650-1.jpg","datePublished":"2018-09-01T15:53:17+00:00","dateModified":"2022-08-09T09:23:31+00:00","breadcrumb":{"@id":"https:\/\/www.fitt.com\/es\/news\/el-anuncio-publicitario-de-la-manguera-extensible-yoyo-en-el-concurso-les-palmes-de-promojardin-de-paris\/#breadcrumb"},"inLanguage":"es","potentialAction":[{"@type":"ReadAction","target":["https:\/\/www.fitt.com\/es\/news\/el-anuncio-publicitario-de-la-manguera-extensible-yoyo-en-el-concurso-les-palmes-de-promojardin-de-paris\/"]}]},{"@type":"ImageObject","inLanguage":"es","@id":"https:\/\/www.fitt.com\/es\/news\/el-anuncio-publicitario-de-la-manguera-extensible-yoyo-en-el-concurso-les-palmes-de-promojardin-de-paris\/#primaryimage","url":"https:\/\/www.fitt.com\/wp-content\/uploads\/2018\/09\/FITT-promojardin-1600x650-1.jpg","contentUrl":"https:\/\/www.fitt.com\/wp-content\/uploads\/2018\/09\/FITT-promojardin-1600x650-1.jpg","width":1280,"height":520},{"@type":"BreadcrumbList","@id":"https:\/\/www.fitt.com\/es\/news\/el-anuncio-publicitario-de-la-manguera-extensible-yoyo-en-el-concurso-les-palmes-de-promojardin-de-paris\/#breadcrumb","itemListElement":[{"@type":"ListItem","position":1,"name":"Home","item":"https:\/\/www.fitt.com\/es\/"},{"@type":"ListItem","position":2,"name":"El anuncio publicitario de la manguera extensible YOYO en el concurso \u201cLes Palmes de Promojardin\u201d de Par\u00eds"}]},{"@type":"WebSite","@id":"https:\/\/www.fitt.com\/es\/#website","url":"https:\/\/www.fitt.com\/es\/","name":"FITT","description":"FITT Spa","publisher":{"@id":"https:\/\/www.fitt.com\/es\/#organization"},"potentialAction":[{"@type":"SearchAction","target":{"@type":"EntryPoint","urlTemplate":"https:\/\/www.fitt.com\/es\/?s={search_term_string}"},"query-input":{"@type":"PropertyValueSpecification","valueRequired":true,"valueName":"search_term_string"}}],"inLanguage":"es"},{"@type":"Organization","@id":"https:\/\/www.fitt.com\/es\/#organization","name":"Fitt SPA","url":"https:\/\/www.fitt.com\/es\/","logo":{"@type":"ImageObject","inLanguage":"es","@id":"https:\/\/www.fitt.com\/es\/#\/schema\/logo\/image\/","url":"https:\/\/www.fitt.com\/wp-content\/uploads\/2022\/05\/logo-light.png","contentUrl":"https:\/\/www.fitt.com\/wp-content\/uploads\/2022\/05\/logo-light.png","width":827,"height":508,"caption":"Fitt SPA"},"image":{"@id":"https:\/\/www.fitt.com\/es\/#\/schema\/logo\/image\/"}},{"@type":"Person","@id":"https:\/\/www.fitt.com\/es\/#\/schema\/person\/88ed5d9863be31118f9ec9ee37f028a2","name":"system","sameAs":["https:\/\/www.fitt.com\/"]}]}},"_links":{"self":[{"href":"https:\/\/www.fitt.com\/es\/wp-json\/wp\/v2\/posts\/15228","targetHints":{"allow":["GET"]}}],"collection":[{"href":"https:\/\/www.fitt.com\/es\/wp-json\/wp\/v2\/posts"}],"about":[{"href":"https:\/\/www.fitt.com\/es\/wp-json\/wp\/v2\/types\/post"}],"author":[{"embeddable":true,"href":"https:\/\/www.fitt.com\/es\/wp-json\/wp\/v2\/users\/1"}],"replies":[{"embeddable":true,"href":"https:\/\/www.fitt.com\/es\/wp-json\/wp\/v2\/comments?post=15228"}],"version-history":[{"count":2,"href":"https:\/\/www.fitt.com\/es\/wp-json\/wp\/v2\/posts\/15228\/revisions"}],"predecessor-version":[{"id":15230,"href":"https:\/\/www.fitt.com\/es\/wp-json\/wp\/v2\/posts\/15228\/revisions\/15230"}],"wp:featuredmedia":[{"embeddable":true,"href":"https:\/\/www.fitt.com\/es\/wp-json\/wp\/v2\/media\/12760"}],"wp:attachment":[{"href":"https:\/\/www.fitt.com\/es\/wp-json\/wp\/v2\/media?parent=15228"}],"wp:term":[{"taxonomy":"category","embeddable":true,"href":"https:\/\/www.fitt.com\/es\/wp-json\/wp\/v2\/categories?post=15228"},{"taxonomy":"post_tag","embeddable":true,"href":"https:\/\/www.fitt.com\/es\/wp-json\/wp\/v2\/tags?post=15228"}],"curies":[{"name":"wp","href":"https:\/\/api.w.org\/{rel}","templated":true}]}}