{"id":15221,"date":"2018-01-29T00:00:00","date_gmt":"2018-01-28T23:00:00","guid":{"rendered":"https:\/\/www.fitt.com\/news\/fitt-al-salon-sa2e-di-angers\/"},"modified":"2022-08-09T11:15:11","modified_gmt":"2022-08-09T09:15:11","slug":"fitt-en-el-salon-sa2e-de-angers","status":"publish","type":"post","link":"https:\/\/www.fitt.com\/es\/news\/fitt-en-el-salon-sa2e-de-angers\/","title":{"rendered":"FITT en el Sal\u00f3n SA2E de Angers"},"content":{"rendered":"<p>El&nbsp;<strong>24 y 25 de enero<\/strong>&nbsp;pasados se realiz\u00f3 el&nbsp;<strong>Sal\u00f3n SA2E<\/strong>&nbsp;en la ciudad francesa de&nbsp;<strong>Angers<\/strong>, evento realizado para el mercado LISA (Low-Input Sustainable Agriculture) y para los peque\u00f1os viveros.<\/p>\n<p>La sede de&nbsp;<strong>FITT en Francia present\u00f3 en su stand varios productos y accesorios para el riego<\/strong>. Gran inter\u00e9s suscitado por la nueva l\u00ednea&nbsp;<strong>de YOYO 2018<\/strong>, el innovador sistema para regar, en su inconfundible color rojo, conocido tambi\u00e9n por la exitosa campa\u00f1a televisiva que est\u00e1 en el aire desde 2017.<\/p>\n<p>Particularmente apreciada la versi\u00f3n&nbsp;<strong>YOYO BAG<\/strong>, dotada de un pr\u00e1ctico&nbsp;<strong>packaging reutilizable<\/strong>&nbsp;donde guardar YOYO despu\u00e9s de cada uso.<\/p>\n","protected":false},"excerpt":{"rendered":"<p>El&nbsp;24 y 25 de enero&nbsp;pasados se realiz\u00f3 el&nbsp;Sal\u00f3n SA2E&nbsp;en la ciudad francesa de&nbsp;Angers, evento realizado para el mercado LISA (Low-Input Sustainable Agriculture) y para los peque\u00f1os viveros. La sede de&nbsp;FITT en Francia present\u00f3 en su stand varios productos y accesorios para el riego. Gran inter\u00e9s suscitado por la nueva l\u00ednea&nbsp;de YOYO 2018, el innovador sistema [&hellip;]<\/p>\n","protected":false},"author":1,"featured_media":12469,"comment_status":"closed","ping_status":"open","sticky":false,"template":"","format":"standard","meta":{"_acf_changed":false,"footnotes":""},"categories":[380,378,363],"tags":[],"class_list":["post-15221","post","type-post","status-publish","format-standard","has-post-thumbnail","hentry","category-eventi-es","category-garden-es","category-news-es"],"acf":[],"yoast_head":"<!-- This site is optimized with the Yoast SEO Premium plugin v24.1 (Yoast SEO v27.3) - https:\/\/yoast.com\/product\/yoast-seo-premium-wordpress\/ -->\n<title>FITT en el Sal\u00f3n SA2E de Angers - FITT<\/title>\n<meta name=\"robots\" content=\"index, follow, max-snippet:-1, max-image-preview:large, max-video-preview:-1\" \/>\n<link rel=\"canonical\" href=\"https:\/\/www.fitt.com\/es\/news\/fitt-en-el-salon-sa2e-de-angers\/\" \/>\n<meta property=\"og:locale\" content=\"es_ES\" \/>\n<meta property=\"og:type\" content=\"article\" \/>\n<meta property=\"og:title\" content=\"FITT en el Sal\u00f3n SA2E de Angers\" \/>\n<meta property=\"og:description\" content=\"El&nbsp;24 y 25 de enero&nbsp;pasados se realiz\u00f3 el&nbsp;Sal\u00f3n SA2E&nbsp;en la ciudad francesa de&nbsp;Angers, evento realizado para el mercado LISA (Low-Input Sustainable Agriculture) y para los peque\u00f1os viveros. La sede de&nbsp;FITT en Francia present\u00f3 en su stand varios productos y accesorios para el riego. Gran inter\u00e9s suscitado por la nueva l\u00ednea&nbsp;de YOYO 2018, el innovador sistema [&hellip;]\" \/>\n<meta property=\"og:url\" content=\"https:\/\/www.fitt.com\/es\/news\/fitt-en-el-salon-sa2e-de-angers\/\" \/>\n<meta property=\"og:site_name\" content=\"FITT\" \/>\n<meta property=\"article:published_time\" content=\"2018-01-28T23:00:00+00:00\" \/>\n<meta property=\"article:modified_time\" content=\"2022-08-09T09:15:11+00:00\" \/>\n<meta property=\"og:image\" content=\"https:\/\/www.fitt.com\/wp-content\/uploads\/2018\/01\/FITT-salon-sa2e-1600x650-1.jpg\" \/>\n\t<meta property=\"og:image:width\" content=\"1280\" \/>\n\t<meta property=\"og:image:height\" content=\"520\" \/>\n\t<meta property=\"og:image:type\" content=\"image\/jpeg\" \/>\n<meta name=\"author\" content=\"system\" \/>\n<meta name=\"twitter:card\" content=\"summary_large_image\" \/>\n<meta name=\"twitter:label1\" content=\"Escrito por\" \/>\n\t<meta name=\"twitter:data1\" content=\"system\" \/>\n\t<meta name=\"twitter:label2\" content=\"Tiempo de lectura\" \/>\n\t<meta name=\"twitter:data2\" content=\"1 minuto\" \/>\n<script type=\"application\/ld+json\" class=\"yoast-schema-graph\">{\"@context\":\"https:\\\/\\\/schema.org\",\"@graph\":[{\"@type\":\"Article\",\"@id\":\"https:\\\/\\\/www.fitt.com\\\/es\\\/news\\\/fitt-en-el-salon-sa2e-de-angers\\\/#article\",\"isPartOf\":{\"@id\":\"https:\\\/\\\/www.fitt.com\\\/es\\\/news\\\/fitt-en-el-salon-sa2e-de-angers\\\/\"},\"author\":{\"name\":\"system\",\"@id\":\"https:\\\/\\\/www.fitt.com\\\/es\\\/#\\\/schema\\\/person\\\/88ed5d9863be31118f9ec9ee37f028a2\"},\"headline\":\"FITT en el Sal\u00f3n SA2E de Angers\",\"datePublished\":\"2018-01-28T23:00:00+00:00\",\"dateModified\":\"2022-08-09T09:15:11+00:00\",\"mainEntityOfPage\":{\"@id\":\"https:\\\/\\\/www.fitt.com\\\/es\\\/news\\\/fitt-en-el-salon-sa2e-de-angers\\\/\"},\"wordCount\":127,\"publisher\":{\"@id\":\"https:\\\/\\\/www.fitt.com\\\/es\\\/#organization\"},\"image\":{\"@id\":\"https:\\\/\\\/www.fitt.com\\\/es\\\/news\\\/fitt-en-el-salon-sa2e-de-angers\\\/#primaryimage\"},\"thumbnailUrl\":\"https:\\\/\\\/www.fitt.com\\\/wp-content\\\/uploads\\\/2018\\\/01\\\/FITT-salon-sa2e-1600x650-1.jpg\",\"articleSection\":[\"Eventi\",\"Garden\",\"News\"],\"inLanguage\":\"es\"},{\"@type\":\"WebPage\",\"@id\":\"https:\\\/\\\/www.fitt.com\\\/es\\\/news\\\/fitt-en-el-salon-sa2e-de-angers\\\/\",\"url\":\"https:\\\/\\\/www.fitt.com\\\/es\\\/news\\\/fitt-en-el-salon-sa2e-de-angers\\\/\",\"name\":\"FITT en el Sal\u00f3n SA2E de Angers - FITT\",\"isPartOf\":{\"@id\":\"https:\\\/\\\/www.fitt.com\\\/es\\\/#website\"},\"primaryImageOfPage\":{\"@id\":\"https:\\\/\\\/www.fitt.com\\\/es\\\/news\\\/fitt-en-el-salon-sa2e-de-angers\\\/#primaryimage\"},\"image\":{\"@id\":\"https:\\\/\\\/www.fitt.com\\\/es\\\/news\\\/fitt-en-el-salon-sa2e-de-angers\\\/#primaryimage\"},\"thumbnailUrl\":\"https:\\\/\\\/www.fitt.com\\\/wp-content\\\/uploads\\\/2018\\\/01\\\/FITT-salon-sa2e-1600x650-1.jpg\",\"datePublished\":\"2018-01-28T23:00:00+00:00\",\"dateModified\":\"2022-08-09T09:15:11+00:00\",\"breadcrumb\":{\"@id\":\"https:\\\/\\\/www.fitt.com\\\/es\\\/news\\\/fitt-en-el-salon-sa2e-de-angers\\\/#breadcrumb\"},\"inLanguage\":\"es\",\"potentialAction\":[{\"@type\":\"ReadAction\",\"target\":[\"https:\\\/\\\/www.fitt.com\\\/es\\\/news\\\/fitt-en-el-salon-sa2e-de-angers\\\/\"]}]},{\"@type\":\"ImageObject\",\"inLanguage\":\"es\",\"@id\":\"https:\\\/\\\/www.fitt.com\\\/es\\\/news\\\/fitt-en-el-salon-sa2e-de-angers\\\/#primaryimage\",\"url\":\"https:\\\/\\\/www.fitt.com\\\/wp-content\\\/uploads\\\/2018\\\/01\\\/FITT-salon-sa2e-1600x650-1.jpg\",\"contentUrl\":\"https:\\\/\\\/www.fitt.com\\\/wp-content\\\/uploads\\\/2018\\\/01\\\/FITT-salon-sa2e-1600x650-1.jpg\",\"width\":1280,\"height\":520},{\"@type\":\"BreadcrumbList\",\"@id\":\"https:\\\/\\\/www.fitt.com\\\/es\\\/news\\\/fitt-en-el-salon-sa2e-de-angers\\\/#breadcrumb\",\"itemListElement\":[{\"@type\":\"ListItem\",\"position\":1,\"name\":\"Home\",\"item\":\"https:\\\/\\\/www.fitt.com\\\/es\\\/\"},{\"@type\":\"ListItem\",\"position\":2,\"name\":\"FITT en el Sal\u00f3n SA2E de Angers\"}]},{\"@type\":\"WebSite\",\"@id\":\"https:\\\/\\\/www.fitt.com\\\/es\\\/#website\",\"url\":\"https:\\\/\\\/www.fitt.com\\\/es\\\/\",\"name\":\"FITT\",\"description\":\"FITT Spa\",\"publisher\":{\"@id\":\"https:\\\/\\\/www.fitt.com\\\/es\\\/#organization\"},\"potentialAction\":[{\"@type\":\"SearchAction\",\"target\":{\"@type\":\"EntryPoint\",\"urlTemplate\":\"https:\\\/\\\/www.fitt.com\\\/es\\\/?s={search_term_string}\"},\"query-input\":{\"@type\":\"PropertyValueSpecification\",\"valueRequired\":true,\"valueName\":\"search_term_string\"}}],\"inLanguage\":\"es\"},{\"@type\":\"Organization\",\"@id\":\"https:\\\/\\\/www.fitt.com\\\/es\\\/#organization\",\"name\":\"Fitt SPA\",\"url\":\"https:\\\/\\\/www.fitt.com\\\/es\\\/\",\"logo\":{\"@type\":\"ImageObject\",\"inLanguage\":\"es\",\"@id\":\"https:\\\/\\\/www.fitt.com\\\/es\\\/#\\\/schema\\\/logo\\\/image\\\/\",\"url\":\"https:\\\/\\\/www.fitt.com\\\/wp-content\\\/uploads\\\/2022\\\/05\\\/logo-light.png\",\"contentUrl\":\"https:\\\/\\\/www.fitt.com\\\/wp-content\\\/uploads\\\/2022\\\/05\\\/logo-light.png\",\"width\":827,\"height\":508,\"caption\":\"Fitt SPA\"},\"image\":{\"@id\":\"https:\\\/\\\/www.fitt.com\\\/es\\\/#\\\/schema\\\/logo\\\/image\\\/\"}},{\"@type\":\"Person\",\"@id\":\"https:\\\/\\\/www.fitt.com\\\/es\\\/#\\\/schema\\\/person\\\/88ed5d9863be31118f9ec9ee37f028a2\",\"name\":\"system\",\"sameAs\":[\"https:\\\/\\\/www.fitt.com\\\/\"]}]}<\/script>\n<!-- \/ Yoast SEO Premium plugin. -->","yoast_head_json":{"title":"FITT en el Sal\u00f3n SA2E de Angers - FITT","robots":{"index":"index","follow":"follow","max-snippet":"max-snippet:-1","max-image-preview":"max-image-preview:large","max-video-preview":"max-video-preview:-1"},"canonical":"https:\/\/www.fitt.com\/es\/news\/fitt-en-el-salon-sa2e-de-angers\/","og_locale":"es_ES","og_type":"article","og_title":"FITT en el Sal\u00f3n SA2E de Angers","og_description":"El&nbsp;24 y 25 de enero&nbsp;pasados se realiz\u00f3 el&nbsp;Sal\u00f3n SA2E&nbsp;en la ciudad francesa de&nbsp;Angers, evento realizado para el mercado LISA (Low-Input Sustainable Agriculture) y para los peque\u00f1os viveros. La sede de&nbsp;FITT en Francia present\u00f3 en su stand varios productos y accesorios para el riego. Gran inter\u00e9s suscitado por la nueva l\u00ednea&nbsp;de YOYO 2018, el innovador sistema [&hellip;]","og_url":"https:\/\/www.fitt.com\/es\/news\/fitt-en-el-salon-sa2e-de-angers\/","og_site_name":"FITT","article_published_time":"2018-01-28T23:00:00+00:00","article_modified_time":"2022-08-09T09:15:11+00:00","og_image":[{"width":1280,"height":520,"url":"https:\/\/www.fitt.com\/wp-content\/uploads\/2018\/01\/FITT-salon-sa2e-1600x650-1.jpg","type":"image\/jpeg"}],"author":"system","twitter_card":"summary_large_image","twitter_misc":{"Escrito por":"system","Tiempo de lectura":"1 minuto"},"schema":{"@context":"https:\/\/schema.org","@graph":[{"@type":"Article","@id":"https:\/\/www.fitt.com\/es\/news\/fitt-en-el-salon-sa2e-de-angers\/#article","isPartOf":{"@id":"https:\/\/www.fitt.com\/es\/news\/fitt-en-el-salon-sa2e-de-angers\/"},"author":{"name":"system","@id":"https:\/\/www.fitt.com\/es\/#\/schema\/person\/88ed5d9863be31118f9ec9ee37f028a2"},"headline":"FITT en el Sal\u00f3n SA2E de Angers","datePublished":"2018-01-28T23:00:00+00:00","dateModified":"2022-08-09T09:15:11+00:00","mainEntityOfPage":{"@id":"https:\/\/www.fitt.com\/es\/news\/fitt-en-el-salon-sa2e-de-angers\/"},"wordCount":127,"publisher":{"@id":"https:\/\/www.fitt.com\/es\/#organization"},"image":{"@id":"https:\/\/www.fitt.com\/es\/news\/fitt-en-el-salon-sa2e-de-angers\/#primaryimage"},"thumbnailUrl":"https:\/\/www.fitt.com\/wp-content\/uploads\/2018\/01\/FITT-salon-sa2e-1600x650-1.jpg","articleSection":["Eventi","Garden","News"],"inLanguage":"es"},{"@type":"WebPage","@id":"https:\/\/www.fitt.com\/es\/news\/fitt-en-el-salon-sa2e-de-angers\/","url":"https:\/\/www.fitt.com\/es\/news\/fitt-en-el-salon-sa2e-de-angers\/","name":"FITT en el Sal\u00f3n SA2E de Angers - FITT","isPartOf":{"@id":"https:\/\/www.fitt.com\/es\/#website"},"primaryImageOfPage":{"@id":"https:\/\/www.fitt.com\/es\/news\/fitt-en-el-salon-sa2e-de-angers\/#primaryimage"},"image":{"@id":"https:\/\/www.fitt.com\/es\/news\/fitt-en-el-salon-sa2e-de-angers\/#primaryimage"},"thumbnailUrl":"https:\/\/www.fitt.com\/wp-content\/uploads\/2018\/01\/FITT-salon-sa2e-1600x650-1.jpg","datePublished":"2018-01-28T23:00:00+00:00","dateModified":"2022-08-09T09:15:11+00:00","breadcrumb":{"@id":"https:\/\/www.fitt.com\/es\/news\/fitt-en-el-salon-sa2e-de-angers\/#breadcrumb"},"inLanguage":"es","potentialAction":[{"@type":"ReadAction","target":["https:\/\/www.fitt.com\/es\/news\/fitt-en-el-salon-sa2e-de-angers\/"]}]},{"@type":"ImageObject","inLanguage":"es","@id":"https:\/\/www.fitt.com\/es\/news\/fitt-en-el-salon-sa2e-de-angers\/#primaryimage","url":"https:\/\/www.fitt.com\/wp-content\/uploads\/2018\/01\/FITT-salon-sa2e-1600x650-1.jpg","contentUrl":"https:\/\/www.fitt.com\/wp-content\/uploads\/2018\/01\/FITT-salon-sa2e-1600x650-1.jpg","width":1280,"height":520},{"@type":"BreadcrumbList","@id":"https:\/\/www.fitt.com\/es\/news\/fitt-en-el-salon-sa2e-de-angers\/#breadcrumb","itemListElement":[{"@type":"ListItem","position":1,"name":"Home","item":"https:\/\/www.fitt.com\/es\/"},{"@type":"ListItem","position":2,"name":"FITT en el Sal\u00f3n SA2E de Angers"}]},{"@type":"WebSite","@id":"https:\/\/www.fitt.com\/es\/#website","url":"https:\/\/www.fitt.com\/es\/","name":"FITT","description":"FITT Spa","publisher":{"@id":"https:\/\/www.fitt.com\/es\/#organization"},"potentialAction":[{"@type":"SearchAction","target":{"@type":"EntryPoint","urlTemplate":"https:\/\/www.fitt.com\/es\/?s={search_term_string}"},"query-input":{"@type":"PropertyValueSpecification","valueRequired":true,"valueName":"search_term_string"}}],"inLanguage":"es"},{"@type":"Organization","@id":"https:\/\/www.fitt.com\/es\/#organization","name":"Fitt SPA","url":"https:\/\/www.fitt.com\/es\/","logo":{"@type":"ImageObject","inLanguage":"es","@id":"https:\/\/www.fitt.com\/es\/#\/schema\/logo\/image\/","url":"https:\/\/www.fitt.com\/wp-content\/uploads\/2022\/05\/logo-light.png","contentUrl":"https:\/\/www.fitt.com\/wp-content\/uploads\/2022\/05\/logo-light.png","width":827,"height":508,"caption":"Fitt SPA"},"image":{"@id":"https:\/\/www.fitt.com\/es\/#\/schema\/logo\/image\/"}},{"@type":"Person","@id":"https:\/\/www.fitt.com\/es\/#\/schema\/person\/88ed5d9863be31118f9ec9ee37f028a2","name":"system","sameAs":["https:\/\/www.fitt.com\/"]}]}},"_links":{"self":[{"href":"https:\/\/www.fitt.com\/es\/wp-json\/wp\/v2\/posts\/15221","targetHints":{"allow":["GET"]}}],"collection":[{"href":"https:\/\/www.fitt.com\/es\/wp-json\/wp\/v2\/posts"}],"about":[{"href":"https:\/\/www.fitt.com\/es\/wp-json\/wp\/v2\/types\/post"}],"author":[{"embeddable":true,"href":"https:\/\/www.fitt.com\/es\/wp-json\/wp\/v2\/users\/1"}],"replies":[{"embeddable":true,"href":"https:\/\/www.fitt.com\/es\/wp-json\/wp\/v2\/comments?post=15221"}],"version-history":[{"count":1,"href":"https:\/\/www.fitt.com\/es\/wp-json\/wp\/v2\/posts\/15221\/revisions"}],"predecessor-version":[{"id":15222,"href":"https:\/\/www.fitt.com\/es\/wp-json\/wp\/v2\/posts\/15221\/revisions\/15222"}],"wp:featuredmedia":[{"embeddable":true,"href":"https:\/\/www.fitt.com\/es\/wp-json\/wp\/v2\/media\/12469"}],"wp:attachment":[{"href":"https:\/\/www.fitt.com\/es\/wp-json\/wp\/v2\/media?parent=15221"}],"wp:term":[{"taxonomy":"category","embeddable":true,"href":"https:\/\/www.fitt.com\/es\/wp-json\/wp\/v2\/categories?post=15221"},{"taxonomy":"post_tag","embeddable":true,"href":"https:\/\/www.fitt.com\/es\/wp-json\/wp\/v2\/tags?post=15221"}],"curies":[{"name":"wp","href":"https:\/\/api.w.org\/{rel}","templated":true}]}}