{"id":15208,"date":"2018-02-20T00:00:00","date_gmt":"2018-02-19T23:00:00","guid":{"rendered":"https:\/\/www.fitt.com\/news\/alessandro-mezzalira-ceo-di-fitt-allo-speciale-top-500\/"},"modified":"2022-08-09T10:45:25","modified_gmt":"2022-08-09T08:45:25","slug":"el-ceo-de-fitt-alessandro-mezzalira-invitado-al-especial-top-500","status":"publish","type":"post","link":"https:\/\/www.fitt.com\/es\/news\/el-ceo-de-fitt-alessandro-mezzalira-invitado-al-especial-top-500\/","title":{"rendered":"El CEO de FITT, Alessandro Mezzalira, invitado al especial TOP 500"},"content":{"rendered":"<div class='custom_gallery' data-module='gallery-modal'>\n<div class='outside-gallery-container row'>\n<div class='col-md-4 col-sm-6 btn-modal'>\n<div class='image-container' data-index='0'>\n<img decoding=\"async\" src=\"https:\/\/www.fitt.com\/wp-content\/uploads\/2018\/02\/FITT-Top500-Cuoa-Interna.jpg\"><\/div>\n<\/div>\n<\/div>\n\n      <div class=\"ud_modal modal-js js_gallery\">\n        <div class=\"box\">\n          <div class=\"btn-close\">\n            <span class=\"icon-close\">\n              <svg viewBox=\"0 0 27 27\" xmlns=\"http:\/\/www.w3.org\/2000\/svg\">\n                <rect id=\"rect-1\" x=\"2.25146\" y=\"0.129944\" width=\"35\" height=\"3\" rx=\"1.5\" transform=\"rotate(45 2.25146 0.129944)\"\/>\n                <rect id=\"rect-2\" width=\"35\" height=\"3\" rx=\"1.5\" transform=\"matrix(-0.707107 0.707107 0.707107 0.707107 24.8135 0.0649719)\"\/>\n              <\/svg>\n            <\/span>\n          <\/div>\n          <div class=\"content mx-md-n32\">\n            <div class=\"slider\">\n              <div class=\"swiper-wrapper\">\n                <div class='swiper-slide'>\n<img decoding=\"async\" src=\"https:\/\/www.fitt.com\/wp-content\/uploads\/2018\/02\/FITT-Top500-Cuoa-Interna.jpg\"><\/div>\n\n              <\/div>\n            <\/div>\n          <\/div>\n\n          <div class=\"ud_slider__nav--prev\">\n            <svg fill=\"none\" height=\"20\" viewBox=\"0 0 14 20\" width=\"14\" xmlns=\"http:\/\/www.w3.org\/2000\/svg\">\n              <path d=\"m12.9706 9.20759c.52.40031.52 1.18451 0 1.58481l-10.8606 8.3605c-.65757.5062-1.609999.0375-1.609999-.7924l-.000001-16.72102c0-.829843.95243-1.298607 1.60999-.79241z\" fill=\"#000\"><\/path>\n            <\/svg>\n          <\/div>\n          <div class=\"ud_slider__nav--next\">\n            <svg fill=\"none\" height=\"20\" viewBox=\"0 0 14 20\" width=\"14\" xmlns=\"http:\/\/www.w3.org\/2000\/svg\">\n              <path d=\"m12.9706 9.20759c.52.40031.52 1.18451 0 1.58481l-10.8606 8.3605c-.65757.5062-1.609999.0375-1.609999-.7924l-.000001-16.72102c0-.829843.95243-1.298607 1.60999-.79241z\" fill=\"#000\"><\/path>\n            <\/svg>\n          <\/div>\n        <\/div>\n      <\/div>\n    <\/div>\n<p><strong>\u201cLa industria de Vicenza est\u00e1 en movimiento\u201d<\/strong>, as\u00ed se titula el suplemento&nbsp;<strong>especial TOP 500<\/strong>&nbsp;dedicado a las&nbsp;<strong>empresas con mayor facturaci\u00f3n<\/strong>&nbsp;publicado hoy por el&nbsp;<strong>Giornale di Vicenza<\/strong>&nbsp;y presentado ayer por la tarde en la&nbsp;<a href=\"\"https:\/\/www.cuoa.it\/ita\/\"\" rel=\"\"noopener\"\" target=\"\"_blank\"\"><strong>CUOA Business School&nbsp;<\/strong><\/a>de Altavilla.<\/p>\n<p>Un marco en el que se muestra a los grandes protagonistas del retorno y consolidaci\u00f3n&nbsp;<strong>de una recuperaci\u00f3n econ\u00f3mica estrat\u00e9gica y s\u00f3lida<\/strong>&nbsp;que no se basa exclusivamente en la facturaci\u00f3n, sino en un aumento del valor de las actividades empresariales, como demuestran los indicadores EBITDA relacionados con los beneficios operativos de las empresas.<\/p>\n<p>La investigaci\u00f3n del&nbsp;<strong>Departamento de Econom\u00eda empresarial de la Universidad de Verona<\/strong>&nbsp;y de la red profesional&nbsp;<strong><a href=\"\"https:\/\/www.pwc.com\/it\/it.html\"\" rel=\"\"noopener\"\" target=\"\"_blank\"\">PwC<\/a>,<\/strong>&nbsp;que ha tomado en consideraci\u00f3n nada menos que&nbsp;<strong>15&nbsp;000 empresas del territorio<\/strong>, ha revelado c\u00f3mo la tendencia de&nbsp;<strong>crecimiento<\/strong>&nbsp;se registra en el&nbsp;<strong>2,7&nbsp;%<\/strong>. Se concluye que son&nbsp;<strong>tres los factores clave&nbsp;<\/strong>que mayormente contribuyen al crecimiento:&nbsp;<strong>alta tecnolog\u00eda, saber hacer industrial y dise\u00f1o<\/strong>, \u00e1mbitos innovadores que cada vez atraen m\u00e1s inversiones y que indican asimismo una mayor tendencia a asumir riesgos empresariales que en el pasado.<\/p>\n<p>Otro factor com\u00fan de impulso es&nbsp;<strong>la exportaci\u00f3n<\/strong>, que supone un momento decisivo en el proceso de internacionalizaci\u00f3n de una empresa. Las empresas comienzan a operar en los mercados extranjeros con presencias fuertes y consolidadas (presencias directas con empresas asociadas en el territorio\/distribuidoras comerciales en propiedad), lo cual no se debe confundir en absoluto con la deslocalizaci\u00f3n.<\/p>\n<p>En la&nbsp;<strong>mesa redonda<\/strong>&nbsp;moderada por el&nbsp;<strong>periodista Marino Smiderle<\/strong>, se invit\u00f3 a los ponentes a contar su propia estrategia de crecimiento, evidenci\u00e1ndose la existencia de diversas prioridades en com\u00fan entre los participantes.<\/p>\n<p>El&nbsp;<strong>CEO de FITT, Alessandro Mezzalira<\/strong>, ha hecho hincapi\u00e9 en el proceso de construcci\u00f3n de la&nbsp;<strong>Visi\u00f3n<\/strong>, con la decisi\u00f3n de dejar moment\u00e1neamente en segundo plano el papel central de la facturaci\u00f3n en pos de&nbsp;<strong>una transformaci\u00f3n culta<\/strong>, centrada en las personas y los nuevos talentos, optando por cooperar con el mundo de la universidad y la investigaci\u00f3n. Un&nbsp;<strong>futuro diverso y visionario<\/strong>&nbsp;que se basa en la decisi\u00f3n de convertirse en una marca reconocida en los mercados de referencia.&nbsp;<strong>&nbsp;<\/strong><\/p>\n<p><strong>Mauro Fanin, de Cereal Docks<\/strong>, subray\u00f3 la importancia de una estructura directiva en la que el&nbsp;<strong>poder decisorio est\u00e9 compartido<\/strong>, siendo conscientes de que una sola persona no puede dirigir una empresa.<\/p>\n<p>El&nbsp;<strong>director cient\u00edfico del \u00c1rea Empresarial de la CUOA, Paolo Gubitta<\/strong>, cerr\u00f3 la serie de intervenciones hablando de&nbsp;<strong>employer branding<\/strong>&nbsp;y de la necesidad de saber acoger a los&nbsp;<strong><em>millennials<\/em><\/strong>&nbsp;en el mundo empresarial proponiendo un sistema libre de l\u00f3gicas jer\u00e1rquicas y enfocado en equilibrar las relaciones entre la experiencia y los conocimientos innovadores de las nuevas generaciones.<\/p>\n<p>Ma\u00f1ana, 21 de febrero, en el interior de Il Giornale di Vicenza habr\u00e1 ocho p\u00e1ginas dedicadas a profundizar las tem\u00e1ticas tratadas.<\/p>\n","protected":false},"excerpt":{"rendered":"<p>\u201cLa industria de Vicenza est\u00e1 en movimiento\u201d, as\u00ed se titula el suplemento&nbsp;especial TOP 500&nbsp;dedicado a las&nbsp;empresas con mayor facturaci\u00f3n&nbsp;publicado hoy por el&nbsp;Giornale di Vicenza&nbsp;y presentado ayer por la tarde en la&nbsp;CUOA Business School&nbsp;de Altavilla. Un marco en el que se muestra a los grandes protagonistas del retorno y consolidaci\u00f3n&nbsp;de una recuperaci\u00f3n econ\u00f3mica estrat\u00e9gica y s\u00f3lida&nbsp;que [&hellip;]<\/p>\n","protected":false},"author":1,"featured_media":12419,"comment_status":"closed","ping_status":"open","sticky":false,"template":"","format":"standard","meta":{"_acf_changed":false,"footnotes":""},"categories":[363],"tags":[],"class_list":["post-15208","post","type-post","status-publish","format-standard","has-post-thumbnail","hentry","category-news-es"],"acf":[],"yoast_head":"<!-- This site is optimized with the Yoast SEO Premium plugin v24.1 (Yoast SEO v27.3) - https:\/\/yoast.com\/product\/yoast-seo-premium-wordpress\/ -->\n<title>El CEO de FITT, Alessandro Mezzalira, invitado al especial TOP 500 - FITT<\/title>\n<meta name=\"robots\" content=\"index, follow, max-snippet:-1, max-image-preview:large, max-video-preview:-1\" \/>\n<link rel=\"canonical\" href=\"https:\/\/www.fitt.com\/es\/news\/el-ceo-de-fitt-alessandro-mezzalira-invitado-al-especial-top-500\/\" \/>\n<meta property=\"og:locale\" content=\"es_ES\" \/>\n<meta property=\"og:type\" content=\"article\" \/>\n<meta property=\"og:title\" content=\"El CEO de FITT, Alessandro Mezzalira, invitado al especial TOP 500\" \/>\n<meta property=\"og:description\" content=\"\u201cLa industria de Vicenza est\u00e1 en movimiento\u201d, as\u00ed se titula el suplemento&nbsp;especial TOP 500&nbsp;dedicado a las&nbsp;empresas con mayor facturaci\u00f3n&nbsp;publicado hoy por el&nbsp;Giornale di Vicenza&nbsp;y presentado ayer por la tarde en la&nbsp;CUOA Business School&nbsp;de Altavilla. Un marco en el que se muestra a los grandes protagonistas del retorno y consolidaci\u00f3n&nbsp;de una recuperaci\u00f3n econ\u00f3mica estrat\u00e9gica y s\u00f3lida&nbsp;que [&hellip;]\" \/>\n<meta property=\"og:url\" content=\"https:\/\/www.fitt.com\/es\/news\/el-ceo-de-fitt-alessandro-mezzalira-invitado-al-especial-top-500\/\" \/>\n<meta property=\"og:site_name\" content=\"FITT\" \/>\n<meta property=\"article:published_time\" content=\"2018-02-19T23:00:00+00:00\" \/>\n<meta property=\"article:modified_time\" content=\"2022-08-09T08:45:25+00:00\" \/>\n<meta property=\"og:image\" content=\"https:\/\/www.fitt.com\/wp-content\/uploads\/2018\/02\/FITT-Top500-Cuoa-Header-1600x650-1.jpg\" \/>\n\t<meta property=\"og:image:width\" content=\"1280\" \/>\n\t<meta property=\"og:image:height\" content=\"520\" \/>\n\t<meta property=\"og:image:type\" content=\"image\/jpeg\" \/>\n<meta name=\"author\" content=\"system\" \/>\n<meta name=\"twitter:card\" content=\"summary_large_image\" \/>\n<meta name=\"twitter:label1\" content=\"Escrito por\" \/>\n\t<meta name=\"twitter:data1\" content=\"system\" \/>\n\t<meta name=\"twitter:label2\" content=\"Tiempo de lectura\" \/>\n\t<meta name=\"twitter:data2\" content=\"3 minutos\" \/>\n<script type=\"application\/ld+json\" class=\"yoast-schema-graph\">{\"@context\":\"https:\\\/\\\/schema.org\",\"@graph\":[{\"@type\":\"Article\",\"@id\":\"https:\\\/\\\/www.fitt.com\\\/es\\\/news\\\/el-ceo-de-fitt-alessandro-mezzalira-invitado-al-especial-top-500\\\/#article\",\"isPartOf\":{\"@id\":\"https:\\\/\\\/www.fitt.com\\\/es\\\/news\\\/el-ceo-de-fitt-alessandro-mezzalira-invitado-al-especial-top-500\\\/\"},\"author\":{\"name\":\"system\",\"@id\":\"https:\\\/\\\/www.fitt.com\\\/es\\\/#\\\/schema\\\/person\\\/88ed5d9863be31118f9ec9ee37f028a2\"},\"headline\":\"El CEO de FITT, Alessandro Mezzalira, invitado al especial TOP 500\",\"datePublished\":\"2018-02-19T23:00:00+00:00\",\"dateModified\":\"2022-08-09T08:45:25+00:00\",\"mainEntityOfPage\":{\"@id\":\"https:\\\/\\\/www.fitt.com\\\/es\\\/news\\\/el-ceo-de-fitt-alessandro-mezzalira-invitado-al-especial-top-500\\\/\"},\"wordCount\":544,\"publisher\":{\"@id\":\"https:\\\/\\\/www.fitt.com\\\/es\\\/#organization\"},\"image\":{\"@id\":\"https:\\\/\\\/www.fitt.com\\\/es\\\/news\\\/el-ceo-de-fitt-alessandro-mezzalira-invitado-al-especial-top-500\\\/#primaryimage\"},\"thumbnailUrl\":\"https:\\\/\\\/www.fitt.com\\\/wp-content\\\/uploads\\\/2018\\\/02\\\/FITT-Top500-Cuoa-Header-1600x650-1.jpg\",\"articleSection\":[\"News\"],\"inLanguage\":\"es\"},{\"@type\":\"WebPage\",\"@id\":\"https:\\\/\\\/www.fitt.com\\\/es\\\/news\\\/el-ceo-de-fitt-alessandro-mezzalira-invitado-al-especial-top-500\\\/\",\"url\":\"https:\\\/\\\/www.fitt.com\\\/es\\\/news\\\/el-ceo-de-fitt-alessandro-mezzalira-invitado-al-especial-top-500\\\/\",\"name\":\"El CEO de FITT, Alessandro Mezzalira, invitado al especial TOP 500 - FITT\",\"isPartOf\":{\"@id\":\"https:\\\/\\\/www.fitt.com\\\/es\\\/#website\"},\"primaryImageOfPage\":{\"@id\":\"https:\\\/\\\/www.fitt.com\\\/es\\\/news\\\/el-ceo-de-fitt-alessandro-mezzalira-invitado-al-especial-top-500\\\/#primaryimage\"},\"image\":{\"@id\":\"https:\\\/\\\/www.fitt.com\\\/es\\\/news\\\/el-ceo-de-fitt-alessandro-mezzalira-invitado-al-especial-top-500\\\/#primaryimage\"},\"thumbnailUrl\":\"https:\\\/\\\/www.fitt.com\\\/wp-content\\\/uploads\\\/2018\\\/02\\\/FITT-Top500-Cuoa-Header-1600x650-1.jpg\",\"datePublished\":\"2018-02-19T23:00:00+00:00\",\"dateModified\":\"2022-08-09T08:45:25+00:00\",\"breadcrumb\":{\"@id\":\"https:\\\/\\\/www.fitt.com\\\/es\\\/news\\\/el-ceo-de-fitt-alessandro-mezzalira-invitado-al-especial-top-500\\\/#breadcrumb\"},\"inLanguage\":\"es\",\"potentialAction\":[{\"@type\":\"ReadAction\",\"target\":[\"https:\\\/\\\/www.fitt.com\\\/es\\\/news\\\/el-ceo-de-fitt-alessandro-mezzalira-invitado-al-especial-top-500\\\/\"]}]},{\"@type\":\"ImageObject\",\"inLanguage\":\"es\",\"@id\":\"https:\\\/\\\/www.fitt.com\\\/es\\\/news\\\/el-ceo-de-fitt-alessandro-mezzalira-invitado-al-especial-top-500\\\/#primaryimage\",\"url\":\"https:\\\/\\\/www.fitt.com\\\/wp-content\\\/uploads\\\/2018\\\/02\\\/FITT-Top500-Cuoa-Header-1600x650-1.jpg\",\"contentUrl\":\"https:\\\/\\\/www.fitt.com\\\/wp-content\\\/uploads\\\/2018\\\/02\\\/FITT-Top500-Cuoa-Header-1600x650-1.jpg\",\"width\":1280,\"height\":520},{\"@type\":\"BreadcrumbList\",\"@id\":\"https:\\\/\\\/www.fitt.com\\\/es\\\/news\\\/el-ceo-de-fitt-alessandro-mezzalira-invitado-al-especial-top-500\\\/#breadcrumb\",\"itemListElement\":[{\"@type\":\"ListItem\",\"position\":1,\"name\":\"Home\",\"item\":\"https:\\\/\\\/www.fitt.com\\\/es\\\/\"},{\"@type\":\"ListItem\",\"position\":2,\"name\":\"El CEO de FITT, Alessandro Mezzalira, invitado al especial TOP 500\"}]},{\"@type\":\"WebSite\",\"@id\":\"https:\\\/\\\/www.fitt.com\\\/es\\\/#website\",\"url\":\"https:\\\/\\\/www.fitt.com\\\/es\\\/\",\"name\":\"FITT\",\"description\":\"FITT Spa\",\"publisher\":{\"@id\":\"https:\\\/\\\/www.fitt.com\\\/es\\\/#organization\"},\"potentialAction\":[{\"@type\":\"SearchAction\",\"target\":{\"@type\":\"EntryPoint\",\"urlTemplate\":\"https:\\\/\\\/www.fitt.com\\\/es\\\/?s={search_term_string}\"},\"query-input\":{\"@type\":\"PropertyValueSpecification\",\"valueRequired\":true,\"valueName\":\"search_term_string\"}}],\"inLanguage\":\"es\"},{\"@type\":\"Organization\",\"@id\":\"https:\\\/\\\/www.fitt.com\\\/es\\\/#organization\",\"name\":\"Fitt SPA\",\"url\":\"https:\\\/\\\/www.fitt.com\\\/es\\\/\",\"logo\":{\"@type\":\"ImageObject\",\"inLanguage\":\"es\",\"@id\":\"https:\\\/\\\/www.fitt.com\\\/es\\\/#\\\/schema\\\/logo\\\/image\\\/\",\"url\":\"https:\\\/\\\/www.fitt.com\\\/wp-content\\\/uploads\\\/2022\\\/05\\\/logo-light.png\",\"contentUrl\":\"https:\\\/\\\/www.fitt.com\\\/wp-content\\\/uploads\\\/2022\\\/05\\\/logo-light.png\",\"width\":827,\"height\":508,\"caption\":\"Fitt SPA\"},\"image\":{\"@id\":\"https:\\\/\\\/www.fitt.com\\\/es\\\/#\\\/schema\\\/logo\\\/image\\\/\"}},{\"@type\":\"Person\",\"@id\":\"https:\\\/\\\/www.fitt.com\\\/es\\\/#\\\/schema\\\/person\\\/88ed5d9863be31118f9ec9ee37f028a2\",\"name\":\"system\",\"sameAs\":[\"https:\\\/\\\/www.fitt.com\\\/\"]}]}<\/script>\n<!-- \/ Yoast SEO Premium plugin. -->","yoast_head_json":{"title":"El CEO de FITT, Alessandro Mezzalira, invitado al especial TOP 500 - FITT","robots":{"index":"index","follow":"follow","max-snippet":"max-snippet:-1","max-image-preview":"max-image-preview:large","max-video-preview":"max-video-preview:-1"},"canonical":"https:\/\/www.fitt.com\/es\/news\/el-ceo-de-fitt-alessandro-mezzalira-invitado-al-especial-top-500\/","og_locale":"es_ES","og_type":"article","og_title":"El CEO de FITT, Alessandro Mezzalira, invitado al especial TOP 500","og_description":"\u201cLa industria de Vicenza est\u00e1 en movimiento\u201d, as\u00ed se titula el suplemento&nbsp;especial TOP 500&nbsp;dedicado a las&nbsp;empresas con mayor facturaci\u00f3n&nbsp;publicado hoy por el&nbsp;Giornale di Vicenza&nbsp;y presentado ayer por la tarde en la&nbsp;CUOA Business School&nbsp;de Altavilla. Un marco en el que se muestra a los grandes protagonistas del retorno y consolidaci\u00f3n&nbsp;de una recuperaci\u00f3n econ\u00f3mica estrat\u00e9gica y s\u00f3lida&nbsp;que [&hellip;]","og_url":"https:\/\/www.fitt.com\/es\/news\/el-ceo-de-fitt-alessandro-mezzalira-invitado-al-especial-top-500\/","og_site_name":"FITT","article_published_time":"2018-02-19T23:00:00+00:00","article_modified_time":"2022-08-09T08:45:25+00:00","og_image":[{"width":1280,"height":520,"url":"https:\/\/www.fitt.com\/wp-content\/uploads\/2018\/02\/FITT-Top500-Cuoa-Header-1600x650-1.jpg","type":"image\/jpeg"}],"author":"system","twitter_card":"summary_large_image","twitter_misc":{"Escrito por":"system","Tiempo de lectura":"3 minutos"},"schema":{"@context":"https:\/\/schema.org","@graph":[{"@type":"Article","@id":"https:\/\/www.fitt.com\/es\/news\/el-ceo-de-fitt-alessandro-mezzalira-invitado-al-especial-top-500\/#article","isPartOf":{"@id":"https:\/\/www.fitt.com\/es\/news\/el-ceo-de-fitt-alessandro-mezzalira-invitado-al-especial-top-500\/"},"author":{"name":"system","@id":"https:\/\/www.fitt.com\/es\/#\/schema\/person\/88ed5d9863be31118f9ec9ee37f028a2"},"headline":"El CEO de FITT, Alessandro Mezzalira, invitado al especial TOP 500","datePublished":"2018-02-19T23:00:00+00:00","dateModified":"2022-08-09T08:45:25+00:00","mainEntityOfPage":{"@id":"https:\/\/www.fitt.com\/es\/news\/el-ceo-de-fitt-alessandro-mezzalira-invitado-al-especial-top-500\/"},"wordCount":544,"publisher":{"@id":"https:\/\/www.fitt.com\/es\/#organization"},"image":{"@id":"https:\/\/www.fitt.com\/es\/news\/el-ceo-de-fitt-alessandro-mezzalira-invitado-al-especial-top-500\/#primaryimage"},"thumbnailUrl":"https:\/\/www.fitt.com\/wp-content\/uploads\/2018\/02\/FITT-Top500-Cuoa-Header-1600x650-1.jpg","articleSection":["News"],"inLanguage":"es"},{"@type":"WebPage","@id":"https:\/\/www.fitt.com\/es\/news\/el-ceo-de-fitt-alessandro-mezzalira-invitado-al-especial-top-500\/","url":"https:\/\/www.fitt.com\/es\/news\/el-ceo-de-fitt-alessandro-mezzalira-invitado-al-especial-top-500\/","name":"El CEO de FITT, Alessandro Mezzalira, invitado al especial TOP 500 - FITT","isPartOf":{"@id":"https:\/\/www.fitt.com\/es\/#website"},"primaryImageOfPage":{"@id":"https:\/\/www.fitt.com\/es\/news\/el-ceo-de-fitt-alessandro-mezzalira-invitado-al-especial-top-500\/#primaryimage"},"image":{"@id":"https:\/\/www.fitt.com\/es\/news\/el-ceo-de-fitt-alessandro-mezzalira-invitado-al-especial-top-500\/#primaryimage"},"thumbnailUrl":"https:\/\/www.fitt.com\/wp-content\/uploads\/2018\/02\/FITT-Top500-Cuoa-Header-1600x650-1.jpg","datePublished":"2018-02-19T23:00:00+00:00","dateModified":"2022-08-09T08:45:25+00:00","breadcrumb":{"@id":"https:\/\/www.fitt.com\/es\/news\/el-ceo-de-fitt-alessandro-mezzalira-invitado-al-especial-top-500\/#breadcrumb"},"inLanguage":"es","potentialAction":[{"@type":"ReadAction","target":["https:\/\/www.fitt.com\/es\/news\/el-ceo-de-fitt-alessandro-mezzalira-invitado-al-especial-top-500\/"]}]},{"@type":"ImageObject","inLanguage":"es","@id":"https:\/\/www.fitt.com\/es\/news\/el-ceo-de-fitt-alessandro-mezzalira-invitado-al-especial-top-500\/#primaryimage","url":"https:\/\/www.fitt.com\/wp-content\/uploads\/2018\/02\/FITT-Top500-Cuoa-Header-1600x650-1.jpg","contentUrl":"https:\/\/www.fitt.com\/wp-content\/uploads\/2018\/02\/FITT-Top500-Cuoa-Header-1600x650-1.jpg","width":1280,"height":520},{"@type":"BreadcrumbList","@id":"https:\/\/www.fitt.com\/es\/news\/el-ceo-de-fitt-alessandro-mezzalira-invitado-al-especial-top-500\/#breadcrumb","itemListElement":[{"@type":"ListItem","position":1,"name":"Home","item":"https:\/\/www.fitt.com\/es\/"},{"@type":"ListItem","position":2,"name":"El CEO de FITT, Alessandro Mezzalira, invitado al especial TOP 500"}]},{"@type":"WebSite","@id":"https:\/\/www.fitt.com\/es\/#website","url":"https:\/\/www.fitt.com\/es\/","name":"FITT","description":"FITT Spa","publisher":{"@id":"https:\/\/www.fitt.com\/es\/#organization"},"potentialAction":[{"@type":"SearchAction","target":{"@type":"EntryPoint","urlTemplate":"https:\/\/www.fitt.com\/es\/?s={search_term_string}"},"query-input":{"@type":"PropertyValueSpecification","valueRequired":true,"valueName":"search_term_string"}}],"inLanguage":"es"},{"@type":"Organization","@id":"https:\/\/www.fitt.com\/es\/#organization","name":"Fitt SPA","url":"https:\/\/www.fitt.com\/es\/","logo":{"@type":"ImageObject","inLanguage":"es","@id":"https:\/\/www.fitt.com\/es\/#\/schema\/logo\/image\/","url":"https:\/\/www.fitt.com\/wp-content\/uploads\/2022\/05\/logo-light.png","contentUrl":"https:\/\/www.fitt.com\/wp-content\/uploads\/2022\/05\/logo-light.png","width":827,"height":508,"caption":"Fitt SPA"},"image":{"@id":"https:\/\/www.fitt.com\/es\/#\/schema\/logo\/image\/"}},{"@type":"Person","@id":"https:\/\/www.fitt.com\/es\/#\/schema\/person\/88ed5d9863be31118f9ec9ee37f028a2","name":"system","sameAs":["https:\/\/www.fitt.com\/"]}]}},"_links":{"self":[{"href":"https:\/\/www.fitt.com\/es\/wp-json\/wp\/v2\/posts\/15208","targetHints":{"allow":["GET"]}}],"collection":[{"href":"https:\/\/www.fitt.com\/es\/wp-json\/wp\/v2\/posts"}],"about":[{"href":"https:\/\/www.fitt.com\/es\/wp-json\/wp\/v2\/types\/post"}],"author":[{"embeddable":true,"href":"https:\/\/www.fitt.com\/es\/wp-json\/wp\/v2\/users\/1"}],"replies":[{"embeddable":true,"href":"https:\/\/www.fitt.com\/es\/wp-json\/wp\/v2\/comments?post=15208"}],"version-history":[{"count":2,"href":"https:\/\/www.fitt.com\/es\/wp-json\/wp\/v2\/posts\/15208\/revisions"}],"predecessor-version":[{"id":15210,"href":"https:\/\/www.fitt.com\/es\/wp-json\/wp\/v2\/posts\/15208\/revisions\/15210"}],"wp:featuredmedia":[{"embeddable":true,"href":"https:\/\/www.fitt.com\/es\/wp-json\/wp\/v2\/media\/12419"}],"wp:attachment":[{"href":"https:\/\/www.fitt.com\/es\/wp-json\/wp\/v2\/media?parent=15208"}],"wp:term":[{"taxonomy":"category","embeddable":true,"href":"https:\/\/www.fitt.com\/es\/wp-json\/wp\/v2\/categories?post=15208"},{"taxonomy":"post_tag","embeddable":true,"href":"https:\/\/www.fitt.com\/es\/wp-json\/wp\/v2\/tags?post=15208"}],"curies":[{"name":"wp","href":"https:\/\/api.w.org\/{rel}","templated":true}]}}