{"id":15206,"date":"2018-03-07T00:00:00","date_gmt":"2018-03-06T23:00:00","guid":{"rendered":"https:\/\/www.fitt.com\/news\/yoyo-eletto-prodotto-dellanno-2018\/"},"modified":"2022-08-09T10:40:43","modified_gmt":"2022-08-09T08:40:43","slug":"yoyo-elegido-producto-del-ano-2018","status":"publish","type":"post","link":"https:\/\/www.fitt.com\/es\/news\/yoyo-elegido-producto-del-ano-2018\/","title":{"rendered":"\u00a1YOYO elegido Producto del A\u00f1o 2018!"},"content":{"rendered":"<p>&nbsp;<\/p>\n<p>El&nbsp;<strong>sistema extensible rojo de&nbsp;<a href=\"\"https:\/\/www.fitt.com\/es\/\"\" rel=\"\"noopener\"\" target=\"\"_blank\"\">FITT<\/a><\/strong>&nbsp;para regar y lavar ha sido&nbsp;<a href=\"\"https:\/\/www.poyworldwide.com\/worldwide-presence\/\"\" rel=\"\"noopener\"\" target=\"\"_blank\"\"><strong>Elegido<\/strong>&nbsp;<\/a><strong>Producto del A\u00f1o,<\/strong>&nbsp;premio a la innovaci\u00f3n otorgado exclusivamente a partir de las votaciones de los consumidores organizadas por la sociedad Marketing e Innovazione Italia srl en la&nbsp;<strong>categor\u00eda Jardiner\u00eda<\/strong>.<\/p>\n<p><a href=\"\"https:\/\/www.yoyomangueraextensible.es\/\"\" rel=\"\"noopener\"\" target=\"\"_blank\"\"><strong>YOYO<\/strong><\/a>, tras haber superado el dictamen de elegibilidad expresado por un comit\u00e9 formado por representantes de asociaciones profesionales, de la distribuci\u00f3n, de la comunicaci\u00f3n, del marketing, de las instituciones y periodistas, ha sido elegido por&nbsp;<strong>miles de consumidores&nbsp;<\/strong>en&nbsp;<strong>una encuesta realizada por&nbsp;<a href=\"\"https:\/\/www.iriworldwide.com\/es-ES\"\" rel=\"\"noopener\"\" target=\"\"_blank\"\">IRI<\/a><\/strong>&nbsp;en la que se evaluaban la innovaci\u00f3n y la satisfacci\u00f3n. La encuesta se ha realizado consultando a consumidores de diferentes edades seg\u00fan una muestra demogr\u00e1ficamente representativa de la poblaci\u00f3n italiana.<\/p>\n<p>Una grand\u00edsima satisfacci\u00f3n que se coronar\u00e1 durante la entrega de premios en<strong>&nbsp;marzo en el Alcatraz<\/strong>&nbsp;de Mil\u00e1n.<\/p>\n<p>*Ricerca di mercato PdA\u00a9 su una pre-selezione di prodotti innovativi venduti in Italia, condotta da IRI su 12.000 consumatori con pi\u00f9 di 15 anni, svoltasi a gennaio 2018. www.prodottodellanno.it cat. Giardinaggio.<\/p>\n","protected":false},"excerpt":{"rendered":"<p>&nbsp; El&nbsp;sistema extensible rojo de&nbsp;FITT&nbsp;para regar y lavar ha sido&nbsp;Elegido&nbsp;Producto del A\u00f1o,&nbsp;premio a la innovaci\u00f3n otorgado exclusivamente a partir de las votaciones de los consumidores organizadas por la sociedad Marketing e Innovazione Italia srl en la&nbsp;categor\u00eda Jardiner\u00eda. YOYO, tras haber superado el dictamen de elegibilidad expresado por un comit\u00e9 formado por representantes de asociaciones profesionales, [&hellip;]<\/p>\n","protected":false},"author":1,"featured_media":12417,"comment_status":"closed","ping_status":"open","sticky":false,"template":"","format":"standard","meta":{"_acf_changed":false,"footnotes":""},"categories":[378,382,363],"tags":[],"class_list":["post-15206","post","type-post","status-publish","format-standard","has-post-thumbnail","hentry","category-garden-es","category-innovation-stories-es","category-news-es"],"acf":[],"yoast_head":"<!-- This site is optimized with the Yoast SEO Premium plugin v24.1 (Yoast SEO v27.3) - https:\/\/yoast.com\/product\/yoast-seo-premium-wordpress\/ -->\n<title>\u00a1YOYO elegido Producto del A\u00f1o 2018! - FITT<\/title>\n<meta name=\"robots\" content=\"index, follow, max-snippet:-1, max-image-preview:large, max-video-preview:-1\" \/>\n<link rel=\"canonical\" href=\"https:\/\/www.fitt.com\/es\/news\/yoyo-elegido-producto-del-ano-2018\/\" \/>\n<meta property=\"og:locale\" content=\"es_ES\" \/>\n<meta property=\"og:type\" content=\"article\" \/>\n<meta property=\"og:title\" content=\"\u00a1YOYO elegido Producto del A\u00f1o 2018!\" \/>\n<meta property=\"og:description\" content=\"&nbsp; El&nbsp;sistema extensible rojo de&nbsp;FITT&nbsp;para regar y lavar ha sido&nbsp;Elegido&nbsp;Producto del A\u00f1o,&nbsp;premio a la innovaci\u00f3n otorgado exclusivamente a partir de las votaciones de los consumidores organizadas por la sociedad Marketing e Innovazione Italia srl en la&nbsp;categor\u00eda Jardiner\u00eda. YOYO, tras haber superado el dictamen de elegibilidad expresado por un comit\u00e9 formado por representantes de asociaciones profesionales, [&hellip;]\" \/>\n<meta property=\"og:url\" content=\"https:\/\/www.fitt.com\/es\/news\/yoyo-elegido-producto-del-ano-2018\/\" \/>\n<meta property=\"og:site_name\" content=\"FITT\" \/>\n<meta property=\"article:published_time\" content=\"2018-03-06T23:00:00+00:00\" \/>\n<meta property=\"article:modified_time\" content=\"2022-08-09T08:40:43+00:00\" \/>\n<meta property=\"og:image\" content=\"https:\/\/www.fitt.com\/wp-content\/uploads\/2018\/03\/FITT-YOYO-prodotto-dell-anno-2018-1600x650-1.jpg\" \/>\n\t<meta property=\"og:image:width\" content=\"1280\" \/>\n\t<meta property=\"og:image:height\" content=\"520\" \/>\n\t<meta property=\"og:image:type\" content=\"image\/jpeg\" \/>\n<meta name=\"author\" content=\"system\" \/>\n<meta name=\"twitter:card\" content=\"summary_large_image\" \/>\n<meta name=\"twitter:label1\" content=\"Escrito por\" \/>\n\t<meta name=\"twitter:data1\" content=\"system\" \/>\n\t<meta name=\"twitter:label2\" content=\"Tiempo de lectura\" \/>\n\t<meta name=\"twitter:data2\" content=\"1 minuto\" \/>\n<script type=\"application\/ld+json\" class=\"yoast-schema-graph\">{\"@context\":\"https:\\\/\\\/schema.org\",\"@graph\":[{\"@type\":\"Article\",\"@id\":\"https:\\\/\\\/www.fitt.com\\\/es\\\/news\\\/yoyo-elegido-producto-del-ano-2018\\\/#article\",\"isPartOf\":{\"@id\":\"https:\\\/\\\/www.fitt.com\\\/es\\\/news\\\/yoyo-elegido-producto-del-ano-2018\\\/\"},\"author\":{\"name\":\"system\",\"@id\":\"https:\\\/\\\/www.fitt.com\\\/es\\\/#\\\/schema\\\/person\\\/88ed5d9863be31118f9ec9ee37f028a2\"},\"headline\":\"\u00a1YOYO elegido Producto del A\u00f1o 2018!\",\"datePublished\":\"2018-03-06T23:00:00+00:00\",\"dateModified\":\"2022-08-09T08:40:43+00:00\",\"mainEntityOfPage\":{\"@id\":\"https:\\\/\\\/www.fitt.com\\\/es\\\/news\\\/yoyo-elegido-producto-del-ano-2018\\\/\"},\"wordCount\":200,\"publisher\":{\"@id\":\"https:\\\/\\\/www.fitt.com\\\/es\\\/#organization\"},\"image\":{\"@id\":\"https:\\\/\\\/www.fitt.com\\\/es\\\/news\\\/yoyo-elegido-producto-del-ano-2018\\\/#primaryimage\"},\"thumbnailUrl\":\"https:\\\/\\\/www.fitt.com\\\/wp-content\\\/uploads\\\/2018\\\/03\\\/FITT-YOYO-prodotto-dell-anno-2018-1600x650-1.jpg\",\"articleSection\":[\"Garden\",\"Innovation Stories\",\"News\"],\"inLanguage\":\"es\"},{\"@type\":\"WebPage\",\"@id\":\"https:\\\/\\\/www.fitt.com\\\/es\\\/news\\\/yoyo-elegido-producto-del-ano-2018\\\/\",\"url\":\"https:\\\/\\\/www.fitt.com\\\/es\\\/news\\\/yoyo-elegido-producto-del-ano-2018\\\/\",\"name\":\"\u00a1YOYO elegido Producto del A\u00f1o 2018! - FITT\",\"isPartOf\":{\"@id\":\"https:\\\/\\\/www.fitt.com\\\/es\\\/#website\"},\"primaryImageOfPage\":{\"@id\":\"https:\\\/\\\/www.fitt.com\\\/es\\\/news\\\/yoyo-elegido-producto-del-ano-2018\\\/#primaryimage\"},\"image\":{\"@id\":\"https:\\\/\\\/www.fitt.com\\\/es\\\/news\\\/yoyo-elegido-producto-del-ano-2018\\\/#primaryimage\"},\"thumbnailUrl\":\"https:\\\/\\\/www.fitt.com\\\/wp-content\\\/uploads\\\/2018\\\/03\\\/FITT-YOYO-prodotto-dell-anno-2018-1600x650-1.jpg\",\"datePublished\":\"2018-03-06T23:00:00+00:00\",\"dateModified\":\"2022-08-09T08:40:43+00:00\",\"breadcrumb\":{\"@id\":\"https:\\\/\\\/www.fitt.com\\\/es\\\/news\\\/yoyo-elegido-producto-del-ano-2018\\\/#breadcrumb\"},\"inLanguage\":\"es\",\"potentialAction\":[{\"@type\":\"ReadAction\",\"target\":[\"https:\\\/\\\/www.fitt.com\\\/es\\\/news\\\/yoyo-elegido-producto-del-ano-2018\\\/\"]}]},{\"@type\":\"ImageObject\",\"inLanguage\":\"es\",\"@id\":\"https:\\\/\\\/www.fitt.com\\\/es\\\/news\\\/yoyo-elegido-producto-del-ano-2018\\\/#primaryimage\",\"url\":\"https:\\\/\\\/www.fitt.com\\\/wp-content\\\/uploads\\\/2018\\\/03\\\/FITT-YOYO-prodotto-dell-anno-2018-1600x650-1.jpg\",\"contentUrl\":\"https:\\\/\\\/www.fitt.com\\\/wp-content\\\/uploads\\\/2018\\\/03\\\/FITT-YOYO-prodotto-dell-anno-2018-1600x650-1.jpg\",\"width\":1280,\"height\":520},{\"@type\":\"BreadcrumbList\",\"@id\":\"https:\\\/\\\/www.fitt.com\\\/es\\\/news\\\/yoyo-elegido-producto-del-ano-2018\\\/#breadcrumb\",\"itemListElement\":[{\"@type\":\"ListItem\",\"position\":1,\"name\":\"Home\",\"item\":\"https:\\\/\\\/www.fitt.com\\\/es\\\/\"},{\"@type\":\"ListItem\",\"position\":2,\"name\":\"\u00a1YOYO elegido Producto del A\u00f1o 2018!\"}]},{\"@type\":\"WebSite\",\"@id\":\"https:\\\/\\\/www.fitt.com\\\/es\\\/#website\",\"url\":\"https:\\\/\\\/www.fitt.com\\\/es\\\/\",\"name\":\"FITT\",\"description\":\"FITT Spa\",\"publisher\":{\"@id\":\"https:\\\/\\\/www.fitt.com\\\/es\\\/#organization\"},\"potentialAction\":[{\"@type\":\"SearchAction\",\"target\":{\"@type\":\"EntryPoint\",\"urlTemplate\":\"https:\\\/\\\/www.fitt.com\\\/es\\\/?s={search_term_string}\"},\"query-input\":{\"@type\":\"PropertyValueSpecification\",\"valueRequired\":true,\"valueName\":\"search_term_string\"}}],\"inLanguage\":\"es\"},{\"@type\":\"Organization\",\"@id\":\"https:\\\/\\\/www.fitt.com\\\/es\\\/#organization\",\"name\":\"Fitt SPA\",\"url\":\"https:\\\/\\\/www.fitt.com\\\/es\\\/\",\"logo\":{\"@type\":\"ImageObject\",\"inLanguage\":\"es\",\"@id\":\"https:\\\/\\\/www.fitt.com\\\/es\\\/#\\\/schema\\\/logo\\\/image\\\/\",\"url\":\"https:\\\/\\\/www.fitt.com\\\/wp-content\\\/uploads\\\/2022\\\/05\\\/logo-light.png\",\"contentUrl\":\"https:\\\/\\\/www.fitt.com\\\/wp-content\\\/uploads\\\/2022\\\/05\\\/logo-light.png\",\"width\":827,\"height\":508,\"caption\":\"Fitt SPA\"},\"image\":{\"@id\":\"https:\\\/\\\/www.fitt.com\\\/es\\\/#\\\/schema\\\/logo\\\/image\\\/\"}},{\"@type\":\"Person\",\"@id\":\"https:\\\/\\\/www.fitt.com\\\/es\\\/#\\\/schema\\\/person\\\/88ed5d9863be31118f9ec9ee37f028a2\",\"name\":\"system\",\"sameAs\":[\"https:\\\/\\\/www.fitt.com\\\/\"]}]}<\/script>\n<!-- \/ Yoast SEO Premium plugin. -->","yoast_head_json":{"title":"\u00a1YOYO elegido Producto del A\u00f1o 2018! - FITT","robots":{"index":"index","follow":"follow","max-snippet":"max-snippet:-1","max-image-preview":"max-image-preview:large","max-video-preview":"max-video-preview:-1"},"canonical":"https:\/\/www.fitt.com\/es\/news\/yoyo-elegido-producto-del-ano-2018\/","og_locale":"es_ES","og_type":"article","og_title":"\u00a1YOYO elegido Producto del A\u00f1o 2018!","og_description":"&nbsp; El&nbsp;sistema extensible rojo de&nbsp;FITT&nbsp;para regar y lavar ha sido&nbsp;Elegido&nbsp;Producto del A\u00f1o,&nbsp;premio a la innovaci\u00f3n otorgado exclusivamente a partir de las votaciones de los consumidores organizadas por la sociedad Marketing e Innovazione Italia srl en la&nbsp;categor\u00eda Jardiner\u00eda. YOYO, tras haber superado el dictamen de elegibilidad expresado por un comit\u00e9 formado por representantes de asociaciones profesionales, [&hellip;]","og_url":"https:\/\/www.fitt.com\/es\/news\/yoyo-elegido-producto-del-ano-2018\/","og_site_name":"FITT","article_published_time":"2018-03-06T23:00:00+00:00","article_modified_time":"2022-08-09T08:40:43+00:00","og_image":[{"width":1280,"height":520,"url":"https:\/\/www.fitt.com\/wp-content\/uploads\/2018\/03\/FITT-YOYO-prodotto-dell-anno-2018-1600x650-1.jpg","type":"image\/jpeg"}],"author":"system","twitter_card":"summary_large_image","twitter_misc":{"Escrito por":"system","Tiempo de lectura":"1 minuto"},"schema":{"@context":"https:\/\/schema.org","@graph":[{"@type":"Article","@id":"https:\/\/www.fitt.com\/es\/news\/yoyo-elegido-producto-del-ano-2018\/#article","isPartOf":{"@id":"https:\/\/www.fitt.com\/es\/news\/yoyo-elegido-producto-del-ano-2018\/"},"author":{"name":"system","@id":"https:\/\/www.fitt.com\/es\/#\/schema\/person\/88ed5d9863be31118f9ec9ee37f028a2"},"headline":"\u00a1YOYO elegido Producto del A\u00f1o 2018!","datePublished":"2018-03-06T23:00:00+00:00","dateModified":"2022-08-09T08:40:43+00:00","mainEntityOfPage":{"@id":"https:\/\/www.fitt.com\/es\/news\/yoyo-elegido-producto-del-ano-2018\/"},"wordCount":200,"publisher":{"@id":"https:\/\/www.fitt.com\/es\/#organization"},"image":{"@id":"https:\/\/www.fitt.com\/es\/news\/yoyo-elegido-producto-del-ano-2018\/#primaryimage"},"thumbnailUrl":"https:\/\/www.fitt.com\/wp-content\/uploads\/2018\/03\/FITT-YOYO-prodotto-dell-anno-2018-1600x650-1.jpg","articleSection":["Garden","Innovation Stories","News"],"inLanguage":"es"},{"@type":"WebPage","@id":"https:\/\/www.fitt.com\/es\/news\/yoyo-elegido-producto-del-ano-2018\/","url":"https:\/\/www.fitt.com\/es\/news\/yoyo-elegido-producto-del-ano-2018\/","name":"\u00a1YOYO elegido Producto del A\u00f1o 2018! - FITT","isPartOf":{"@id":"https:\/\/www.fitt.com\/es\/#website"},"primaryImageOfPage":{"@id":"https:\/\/www.fitt.com\/es\/news\/yoyo-elegido-producto-del-ano-2018\/#primaryimage"},"image":{"@id":"https:\/\/www.fitt.com\/es\/news\/yoyo-elegido-producto-del-ano-2018\/#primaryimage"},"thumbnailUrl":"https:\/\/www.fitt.com\/wp-content\/uploads\/2018\/03\/FITT-YOYO-prodotto-dell-anno-2018-1600x650-1.jpg","datePublished":"2018-03-06T23:00:00+00:00","dateModified":"2022-08-09T08:40:43+00:00","breadcrumb":{"@id":"https:\/\/www.fitt.com\/es\/news\/yoyo-elegido-producto-del-ano-2018\/#breadcrumb"},"inLanguage":"es","potentialAction":[{"@type":"ReadAction","target":["https:\/\/www.fitt.com\/es\/news\/yoyo-elegido-producto-del-ano-2018\/"]}]},{"@type":"ImageObject","inLanguage":"es","@id":"https:\/\/www.fitt.com\/es\/news\/yoyo-elegido-producto-del-ano-2018\/#primaryimage","url":"https:\/\/www.fitt.com\/wp-content\/uploads\/2018\/03\/FITT-YOYO-prodotto-dell-anno-2018-1600x650-1.jpg","contentUrl":"https:\/\/www.fitt.com\/wp-content\/uploads\/2018\/03\/FITT-YOYO-prodotto-dell-anno-2018-1600x650-1.jpg","width":1280,"height":520},{"@type":"BreadcrumbList","@id":"https:\/\/www.fitt.com\/es\/news\/yoyo-elegido-producto-del-ano-2018\/#breadcrumb","itemListElement":[{"@type":"ListItem","position":1,"name":"Home","item":"https:\/\/www.fitt.com\/es\/"},{"@type":"ListItem","position":2,"name":"\u00a1YOYO elegido Producto del A\u00f1o 2018!"}]},{"@type":"WebSite","@id":"https:\/\/www.fitt.com\/es\/#website","url":"https:\/\/www.fitt.com\/es\/","name":"FITT","description":"FITT Spa","publisher":{"@id":"https:\/\/www.fitt.com\/es\/#organization"},"potentialAction":[{"@type":"SearchAction","target":{"@type":"EntryPoint","urlTemplate":"https:\/\/www.fitt.com\/es\/?s={search_term_string}"},"query-input":{"@type":"PropertyValueSpecification","valueRequired":true,"valueName":"search_term_string"}}],"inLanguage":"es"},{"@type":"Organization","@id":"https:\/\/www.fitt.com\/es\/#organization","name":"Fitt SPA","url":"https:\/\/www.fitt.com\/es\/","logo":{"@type":"ImageObject","inLanguage":"es","@id":"https:\/\/www.fitt.com\/es\/#\/schema\/logo\/image\/","url":"https:\/\/www.fitt.com\/wp-content\/uploads\/2022\/05\/logo-light.png","contentUrl":"https:\/\/www.fitt.com\/wp-content\/uploads\/2022\/05\/logo-light.png","width":827,"height":508,"caption":"Fitt SPA"},"image":{"@id":"https:\/\/www.fitt.com\/es\/#\/schema\/logo\/image\/"}},{"@type":"Person","@id":"https:\/\/www.fitt.com\/es\/#\/schema\/person\/88ed5d9863be31118f9ec9ee37f028a2","name":"system","sameAs":["https:\/\/www.fitt.com\/"]}]}},"_links":{"self":[{"href":"https:\/\/www.fitt.com\/es\/wp-json\/wp\/v2\/posts\/15206","targetHints":{"allow":["GET"]}}],"collection":[{"href":"https:\/\/www.fitt.com\/es\/wp-json\/wp\/v2\/posts"}],"about":[{"href":"https:\/\/www.fitt.com\/es\/wp-json\/wp\/v2\/types\/post"}],"author":[{"embeddable":true,"href":"https:\/\/www.fitt.com\/es\/wp-json\/wp\/v2\/users\/1"}],"replies":[{"embeddable":true,"href":"https:\/\/www.fitt.com\/es\/wp-json\/wp\/v2\/comments?post=15206"}],"version-history":[{"count":1,"href":"https:\/\/www.fitt.com\/es\/wp-json\/wp\/v2\/posts\/15206\/revisions"}],"predecessor-version":[{"id":15207,"href":"https:\/\/www.fitt.com\/es\/wp-json\/wp\/v2\/posts\/15206\/revisions\/15207"}],"wp:featuredmedia":[{"embeddable":true,"href":"https:\/\/www.fitt.com\/es\/wp-json\/wp\/v2\/media\/12417"}],"wp:attachment":[{"href":"https:\/\/www.fitt.com\/es\/wp-json\/wp\/v2\/media?parent=15206"}],"wp:term":[{"taxonomy":"category","embeddable":true,"href":"https:\/\/www.fitt.com\/es\/wp-json\/wp\/v2\/categories?post=15206"},{"taxonomy":"post_tag","embeddable":true,"href":"https:\/\/www.fitt.com\/es\/wp-json\/wp\/v2\/tags?post=15206"}],"curies":[{"name":"wp","href":"https:\/\/api.w.org\/{rel}","templated":true}]}}