{"id":15187,"date":"2018-04-12T00:00:00","date_gmt":"2018-04-11T22:00:00","guid":{"rendered":"https:\/\/www.fitt.com\/news\/fitt-a-foire-de-paris\/"},"modified":"2022-08-09T10:03:15","modified_gmt":"2022-08-09T08:03:15","slug":"fitt-en-la-foire-de-paris","status":"publish","type":"post","link":"https:\/\/www.fitt.com\/es\/news\/fitt-en-la-foire-de-paris\/","title":{"rendered":"FITT en la Foire de Paris"},"content":{"rendered":"<p>\u00ab<\/p>\n<p>Del 27 de abril al 8 de mayo FITT expondr\u00e1 en la&nbsp;<strong>Foire de Paris<\/strong>, que desde hace 112 a\u00f1os es la&nbsp;<strong>mayor exposici\u00f3n europea dedicada al mundo Living<\/strong>, y que se realizar\u00e1 en Paris Expo Porte de Versailles con la participaci\u00f3n de m\u00e1s de 3.500 expositores.<\/p>\n<p>Un evento \u00fanico en el que los visitantes podr\u00e1n descubrir, experimentar, confrontar y comprar productos para el hogar, el tiempo libre, la gastronom\u00eda, el cuidado de la persona, y mucho m\u00e1s. Entre ellos,&nbsp;<a href=\"\"https:\/\/www.yoyomangueraextensible.es\/\"\"><strong>YOYO<\/strong><\/a>,&nbsp;<strong>el innovador sistema rojo liviano, compacto y multiuso<\/strong>.<\/p>\n<p>Los visitantes podr\u00e1n conocer y probar personalmente YOYO en el \u00e1rea demostrativa realizada en el stand, y podr\u00e1n compartir su experiencia en las redes sociales utilizando la etiqueta&nbsp;<a href=\"\"https:\/\/www.instagram.com\/explore\/tags\/yoyobyfitt\/\"\"><strong>#YOYObyFITT<\/strong><\/a>.<\/p>\n<p>El d\u00eda de la inauguraci\u00f3n tendr\u00e1 lugar en el Espace Bulle Eph\u00e9m\u00e8re del Pabell\u00f3n 1 la&nbsp;<strong>ceremonia de entrega de la 6a edici\u00f3n de las etiquetas \u201cElegido por las mujeres\u201d,<\/strong>&nbsp; premio organizado por el Women\u2019s Garden Executive Club, asociaci\u00f3n nacida de la voluntad de mujeres profesionales del sector jardiner\u00eda con el objetivo de aportar un toque femenino al mundo de la jardiner\u00eda.<\/p>\n<p><strong>YOYO retirar\u00e1 la etiqueta ganada en la categor\u00eda \u201celegido por las mujeres para las mujeres<\/strong>\u201d: otro ambicioso premio que se a\u00f1ade a la cartelera de los trofeos.<\/p>\n<p><strong>YOYO te espera en el Pabell\u00f3n 1, stand G058.<\/strong><\/p>\n<p>\u00bb<\/p>\n","protected":false},"excerpt":{"rendered":"<p>\u00ab Del 27 de abril al 8 de mayo FITT expondr\u00e1 en la&nbsp;Foire de Paris, que desde hace 112 a\u00f1os es la&nbsp;mayor exposici\u00f3n europea dedicada al mundo Living, y que se realizar\u00e1 en Paris Expo Porte de Versailles con la participaci\u00f3n de m\u00e1s de 3.500 expositores. Un evento \u00fanico en el que los visitantes podr\u00e1n [&hellip;]<\/p>\n","protected":false},"author":1,"featured_media":12325,"comment_status":"closed","ping_status":"open","sticky":false,"template":"","format":"standard","meta":{"_acf_changed":false,"footnotes":""},"categories":[380,378],"tags":[],"class_list":["post-15187","post","type-post","status-publish","format-standard","has-post-thumbnail","hentry","category-eventi-es","category-garden-es"],"acf":[],"yoast_head":"<!-- This site is optimized with the Yoast SEO Premium plugin v24.1 (Yoast SEO v27.3) - https:\/\/yoast.com\/product\/yoast-seo-premium-wordpress\/ -->\n<title>FITT en la Foire de Paris - FITT<\/title>\n<meta name=\"robots\" content=\"index, follow, max-snippet:-1, max-image-preview:large, max-video-preview:-1\" \/>\n<link rel=\"canonical\" href=\"https:\/\/www.fitt.com\/es\/news\/fitt-en-la-foire-de-paris\/\" \/>\n<meta property=\"og:locale\" content=\"es_ES\" \/>\n<meta property=\"og:type\" content=\"article\" \/>\n<meta property=\"og:title\" content=\"FITT en la Foire de Paris\" \/>\n<meta property=\"og:description\" content=\"\u00ab Del 27 de abril al 8 de mayo FITT expondr\u00e1 en la&nbsp;Foire de Paris, que desde hace 112 a\u00f1os es la&nbsp;mayor exposici\u00f3n europea dedicada al mundo Living, y que se realizar\u00e1 en Paris Expo Porte de Versailles con la participaci\u00f3n de m\u00e1s de 3.500 expositores. Un evento \u00fanico en el que los visitantes podr\u00e1n [&hellip;]\" \/>\n<meta property=\"og:url\" content=\"https:\/\/www.fitt.com\/es\/news\/fitt-en-la-foire-de-paris\/\" \/>\n<meta property=\"og:site_name\" content=\"FITT\" \/>\n<meta property=\"article:published_time\" content=\"2018-04-11T22:00:00+00:00\" \/>\n<meta property=\"article:modified_time\" content=\"2022-08-09T08:03:15+00:00\" \/>\n<meta property=\"og:image\" content=\"https:\/\/www.fitt.com\/wp-content\/uploads\/2018\/04\/FITT-Foire-de-Paris-1600x650-1.jpg\" \/>\n\t<meta property=\"og:image:width\" content=\"1280\" \/>\n\t<meta property=\"og:image:height\" content=\"520\" \/>\n\t<meta property=\"og:image:type\" content=\"image\/jpeg\" \/>\n<meta name=\"author\" content=\"system\" \/>\n<meta name=\"twitter:card\" content=\"summary_large_image\" \/>\n<meta name=\"twitter:label1\" content=\"Escrito por\" \/>\n\t<meta name=\"twitter:data1\" content=\"system\" \/>\n\t<meta name=\"twitter:label2\" content=\"Tiempo de lectura\" \/>\n\t<meta name=\"twitter:data2\" content=\"1 minuto\" \/>\n<script type=\"application\/ld+json\" class=\"yoast-schema-graph\">{\"@context\":\"https:\\\/\\\/schema.org\",\"@graph\":[{\"@type\":\"Article\",\"@id\":\"https:\\\/\\\/www.fitt.com\\\/es\\\/news\\\/fitt-en-la-foire-de-paris\\\/#article\",\"isPartOf\":{\"@id\":\"https:\\\/\\\/www.fitt.com\\\/es\\\/news\\\/fitt-en-la-foire-de-paris\\\/\"},\"author\":{\"name\":\"system\",\"@id\":\"https:\\\/\\\/www.fitt.com\\\/es\\\/#\\\/schema\\\/person\\\/88ed5d9863be31118f9ec9ee37f028a2\"},\"headline\":\"FITT en la Foire de Paris\",\"datePublished\":\"2018-04-11T22:00:00+00:00\",\"dateModified\":\"2022-08-09T08:03:15+00:00\",\"mainEntityOfPage\":{\"@id\":\"https:\\\/\\\/www.fitt.com\\\/es\\\/news\\\/fitt-en-la-foire-de-paris\\\/\"},\"wordCount\":245,\"publisher\":{\"@id\":\"https:\\\/\\\/www.fitt.com\\\/es\\\/#organization\"},\"image\":{\"@id\":\"https:\\\/\\\/www.fitt.com\\\/es\\\/news\\\/fitt-en-la-foire-de-paris\\\/#primaryimage\"},\"thumbnailUrl\":\"https:\\\/\\\/www.fitt.com\\\/wp-content\\\/uploads\\\/2018\\\/04\\\/FITT-Foire-de-Paris-1600x650-1.jpg\",\"articleSection\":[\"Eventi\",\"Garden\"],\"inLanguage\":\"es\"},{\"@type\":\"WebPage\",\"@id\":\"https:\\\/\\\/www.fitt.com\\\/es\\\/news\\\/fitt-en-la-foire-de-paris\\\/\",\"url\":\"https:\\\/\\\/www.fitt.com\\\/es\\\/news\\\/fitt-en-la-foire-de-paris\\\/\",\"name\":\"FITT en la Foire de Paris - FITT\",\"isPartOf\":{\"@id\":\"https:\\\/\\\/www.fitt.com\\\/es\\\/#website\"},\"primaryImageOfPage\":{\"@id\":\"https:\\\/\\\/www.fitt.com\\\/es\\\/news\\\/fitt-en-la-foire-de-paris\\\/#primaryimage\"},\"image\":{\"@id\":\"https:\\\/\\\/www.fitt.com\\\/es\\\/news\\\/fitt-en-la-foire-de-paris\\\/#primaryimage\"},\"thumbnailUrl\":\"https:\\\/\\\/www.fitt.com\\\/wp-content\\\/uploads\\\/2018\\\/04\\\/FITT-Foire-de-Paris-1600x650-1.jpg\",\"datePublished\":\"2018-04-11T22:00:00+00:00\",\"dateModified\":\"2022-08-09T08:03:15+00:00\",\"breadcrumb\":{\"@id\":\"https:\\\/\\\/www.fitt.com\\\/es\\\/news\\\/fitt-en-la-foire-de-paris\\\/#breadcrumb\"},\"inLanguage\":\"es\",\"potentialAction\":[{\"@type\":\"ReadAction\",\"target\":[\"https:\\\/\\\/www.fitt.com\\\/es\\\/news\\\/fitt-en-la-foire-de-paris\\\/\"]}]},{\"@type\":\"ImageObject\",\"inLanguage\":\"es\",\"@id\":\"https:\\\/\\\/www.fitt.com\\\/es\\\/news\\\/fitt-en-la-foire-de-paris\\\/#primaryimage\",\"url\":\"https:\\\/\\\/www.fitt.com\\\/wp-content\\\/uploads\\\/2018\\\/04\\\/FITT-Foire-de-Paris-1600x650-1.jpg\",\"contentUrl\":\"https:\\\/\\\/www.fitt.com\\\/wp-content\\\/uploads\\\/2018\\\/04\\\/FITT-Foire-de-Paris-1600x650-1.jpg\",\"width\":1280,\"height\":520},{\"@type\":\"BreadcrumbList\",\"@id\":\"https:\\\/\\\/www.fitt.com\\\/es\\\/news\\\/fitt-en-la-foire-de-paris\\\/#breadcrumb\",\"itemListElement\":[{\"@type\":\"ListItem\",\"position\":1,\"name\":\"Home\",\"item\":\"https:\\\/\\\/www.fitt.com\\\/es\\\/\"},{\"@type\":\"ListItem\",\"position\":2,\"name\":\"FITT en la Foire de Paris\"}]},{\"@type\":\"WebSite\",\"@id\":\"https:\\\/\\\/www.fitt.com\\\/es\\\/#website\",\"url\":\"https:\\\/\\\/www.fitt.com\\\/es\\\/\",\"name\":\"FITT\",\"description\":\"FITT Spa\",\"publisher\":{\"@id\":\"https:\\\/\\\/www.fitt.com\\\/es\\\/#organization\"},\"potentialAction\":[{\"@type\":\"SearchAction\",\"target\":{\"@type\":\"EntryPoint\",\"urlTemplate\":\"https:\\\/\\\/www.fitt.com\\\/es\\\/?s={search_term_string}\"},\"query-input\":{\"@type\":\"PropertyValueSpecification\",\"valueRequired\":true,\"valueName\":\"search_term_string\"}}],\"inLanguage\":\"es\"},{\"@type\":\"Organization\",\"@id\":\"https:\\\/\\\/www.fitt.com\\\/es\\\/#organization\",\"name\":\"Fitt SPA\",\"url\":\"https:\\\/\\\/www.fitt.com\\\/es\\\/\",\"logo\":{\"@type\":\"ImageObject\",\"inLanguage\":\"es\",\"@id\":\"https:\\\/\\\/www.fitt.com\\\/es\\\/#\\\/schema\\\/logo\\\/image\\\/\",\"url\":\"https:\\\/\\\/www.fitt.com\\\/wp-content\\\/uploads\\\/2022\\\/05\\\/logo-light.png\",\"contentUrl\":\"https:\\\/\\\/www.fitt.com\\\/wp-content\\\/uploads\\\/2022\\\/05\\\/logo-light.png\",\"width\":827,\"height\":508,\"caption\":\"Fitt SPA\"},\"image\":{\"@id\":\"https:\\\/\\\/www.fitt.com\\\/es\\\/#\\\/schema\\\/logo\\\/image\\\/\"}},{\"@type\":\"Person\",\"@id\":\"https:\\\/\\\/www.fitt.com\\\/es\\\/#\\\/schema\\\/person\\\/88ed5d9863be31118f9ec9ee37f028a2\",\"name\":\"system\",\"sameAs\":[\"https:\\\/\\\/www.fitt.com\\\/\"]}]}<\/script>\n<!-- \/ Yoast SEO Premium plugin. -->","yoast_head_json":{"title":"FITT en la Foire de Paris - FITT","robots":{"index":"index","follow":"follow","max-snippet":"max-snippet:-1","max-image-preview":"max-image-preview:large","max-video-preview":"max-video-preview:-1"},"canonical":"https:\/\/www.fitt.com\/es\/news\/fitt-en-la-foire-de-paris\/","og_locale":"es_ES","og_type":"article","og_title":"FITT en la Foire de Paris","og_description":"\u00ab Del 27 de abril al 8 de mayo FITT expondr\u00e1 en la&nbsp;Foire de Paris, que desde hace 112 a\u00f1os es la&nbsp;mayor exposici\u00f3n europea dedicada al mundo Living, y que se realizar\u00e1 en Paris Expo Porte de Versailles con la participaci\u00f3n de m\u00e1s de 3.500 expositores. Un evento \u00fanico en el que los visitantes podr\u00e1n [&hellip;]","og_url":"https:\/\/www.fitt.com\/es\/news\/fitt-en-la-foire-de-paris\/","og_site_name":"FITT","article_published_time":"2018-04-11T22:00:00+00:00","article_modified_time":"2022-08-09T08:03:15+00:00","og_image":[{"width":1280,"height":520,"url":"https:\/\/www.fitt.com\/wp-content\/uploads\/2018\/04\/FITT-Foire-de-Paris-1600x650-1.jpg","type":"image\/jpeg"}],"author":"system","twitter_card":"summary_large_image","twitter_misc":{"Escrito por":"system","Tiempo de lectura":"1 minuto"},"schema":{"@context":"https:\/\/schema.org","@graph":[{"@type":"Article","@id":"https:\/\/www.fitt.com\/es\/news\/fitt-en-la-foire-de-paris\/#article","isPartOf":{"@id":"https:\/\/www.fitt.com\/es\/news\/fitt-en-la-foire-de-paris\/"},"author":{"name":"system","@id":"https:\/\/www.fitt.com\/es\/#\/schema\/person\/88ed5d9863be31118f9ec9ee37f028a2"},"headline":"FITT en la Foire de Paris","datePublished":"2018-04-11T22:00:00+00:00","dateModified":"2022-08-09T08:03:15+00:00","mainEntityOfPage":{"@id":"https:\/\/www.fitt.com\/es\/news\/fitt-en-la-foire-de-paris\/"},"wordCount":245,"publisher":{"@id":"https:\/\/www.fitt.com\/es\/#organization"},"image":{"@id":"https:\/\/www.fitt.com\/es\/news\/fitt-en-la-foire-de-paris\/#primaryimage"},"thumbnailUrl":"https:\/\/www.fitt.com\/wp-content\/uploads\/2018\/04\/FITT-Foire-de-Paris-1600x650-1.jpg","articleSection":["Eventi","Garden"],"inLanguage":"es"},{"@type":"WebPage","@id":"https:\/\/www.fitt.com\/es\/news\/fitt-en-la-foire-de-paris\/","url":"https:\/\/www.fitt.com\/es\/news\/fitt-en-la-foire-de-paris\/","name":"FITT en la Foire de Paris - FITT","isPartOf":{"@id":"https:\/\/www.fitt.com\/es\/#website"},"primaryImageOfPage":{"@id":"https:\/\/www.fitt.com\/es\/news\/fitt-en-la-foire-de-paris\/#primaryimage"},"image":{"@id":"https:\/\/www.fitt.com\/es\/news\/fitt-en-la-foire-de-paris\/#primaryimage"},"thumbnailUrl":"https:\/\/www.fitt.com\/wp-content\/uploads\/2018\/04\/FITT-Foire-de-Paris-1600x650-1.jpg","datePublished":"2018-04-11T22:00:00+00:00","dateModified":"2022-08-09T08:03:15+00:00","breadcrumb":{"@id":"https:\/\/www.fitt.com\/es\/news\/fitt-en-la-foire-de-paris\/#breadcrumb"},"inLanguage":"es","potentialAction":[{"@type":"ReadAction","target":["https:\/\/www.fitt.com\/es\/news\/fitt-en-la-foire-de-paris\/"]}]},{"@type":"ImageObject","inLanguage":"es","@id":"https:\/\/www.fitt.com\/es\/news\/fitt-en-la-foire-de-paris\/#primaryimage","url":"https:\/\/www.fitt.com\/wp-content\/uploads\/2018\/04\/FITT-Foire-de-Paris-1600x650-1.jpg","contentUrl":"https:\/\/www.fitt.com\/wp-content\/uploads\/2018\/04\/FITT-Foire-de-Paris-1600x650-1.jpg","width":1280,"height":520},{"@type":"BreadcrumbList","@id":"https:\/\/www.fitt.com\/es\/news\/fitt-en-la-foire-de-paris\/#breadcrumb","itemListElement":[{"@type":"ListItem","position":1,"name":"Home","item":"https:\/\/www.fitt.com\/es\/"},{"@type":"ListItem","position":2,"name":"FITT en la Foire de Paris"}]},{"@type":"WebSite","@id":"https:\/\/www.fitt.com\/es\/#website","url":"https:\/\/www.fitt.com\/es\/","name":"FITT","description":"FITT Spa","publisher":{"@id":"https:\/\/www.fitt.com\/es\/#organization"},"potentialAction":[{"@type":"SearchAction","target":{"@type":"EntryPoint","urlTemplate":"https:\/\/www.fitt.com\/es\/?s={search_term_string}"},"query-input":{"@type":"PropertyValueSpecification","valueRequired":true,"valueName":"search_term_string"}}],"inLanguage":"es"},{"@type":"Organization","@id":"https:\/\/www.fitt.com\/es\/#organization","name":"Fitt SPA","url":"https:\/\/www.fitt.com\/es\/","logo":{"@type":"ImageObject","inLanguage":"es","@id":"https:\/\/www.fitt.com\/es\/#\/schema\/logo\/image\/","url":"https:\/\/www.fitt.com\/wp-content\/uploads\/2022\/05\/logo-light.png","contentUrl":"https:\/\/www.fitt.com\/wp-content\/uploads\/2022\/05\/logo-light.png","width":827,"height":508,"caption":"Fitt SPA"},"image":{"@id":"https:\/\/www.fitt.com\/es\/#\/schema\/logo\/image\/"}},{"@type":"Person","@id":"https:\/\/www.fitt.com\/es\/#\/schema\/person\/88ed5d9863be31118f9ec9ee37f028a2","name":"system","sameAs":["https:\/\/www.fitt.com\/"]}]}},"_links":{"self":[{"href":"https:\/\/www.fitt.com\/es\/wp-json\/wp\/v2\/posts\/15187","targetHints":{"allow":["GET"]}}],"collection":[{"href":"https:\/\/www.fitt.com\/es\/wp-json\/wp\/v2\/posts"}],"about":[{"href":"https:\/\/www.fitt.com\/es\/wp-json\/wp\/v2\/types\/post"}],"author":[{"embeddable":true,"href":"https:\/\/www.fitt.com\/es\/wp-json\/wp\/v2\/users\/1"}],"replies":[{"embeddable":true,"href":"https:\/\/www.fitt.com\/es\/wp-json\/wp\/v2\/comments?post=15187"}],"version-history":[{"count":1,"href":"https:\/\/www.fitt.com\/es\/wp-json\/wp\/v2\/posts\/15187\/revisions"}],"predecessor-version":[{"id":15188,"href":"https:\/\/www.fitt.com\/es\/wp-json\/wp\/v2\/posts\/15187\/revisions\/15188"}],"wp:featuredmedia":[{"embeddable":true,"href":"https:\/\/www.fitt.com\/es\/wp-json\/wp\/v2\/media\/12325"}],"wp:attachment":[{"href":"https:\/\/www.fitt.com\/es\/wp-json\/wp\/v2\/media?parent=15187"}],"wp:term":[{"taxonomy":"category","embeddable":true,"href":"https:\/\/www.fitt.com\/es\/wp-json\/wp\/v2\/categories?post=15187"},{"taxonomy":"post_tag","embeddable":true,"href":"https:\/\/www.fitt.com\/es\/wp-json\/wp\/v2\/tags?post=15187"}],"curies":[{"name":"wp","href":"https:\/\/api.w.org\/{rel}","templated":true}]}}