{"id":23187,"date":"2025-11-25T10:50:55","date_gmt":"2025-11-25T09:50:55","guid":{"rendered":"https:\/\/www.fitt.com\/?p=23187"},"modified":"2025-11-25T11:23:46","modified_gmt":"2025-11-25T10:23:46","slug":"unite-2025-orange-the-world-das-engagement-der-fitt-gruppe-gegen-digitale-geschlechtsspezifische-gewalt","status":"publish","type":"post","link":"https:\/\/www.fitt.com\/de\/news\/unite-2025-orange-the-world-das-engagement-der-fitt-gruppe-gegen-digitale-geschlechtsspezifische-gewalt\/","title":{"rendered":"UNiTE 2025 \u2013 Orange the World: das Engagement der FITT-Gruppe gegen digitale geschlechtsspezifische Gewalt"},"content":{"rendered":"<p>Die FITT-Gruppe beteiligt sich an der Kampagne <strong>UNiTE 2025 \u2013 Orange the World<\/strong> anl\u00e4sslich des Internationalen Tags zur Beseitigung von Gewalt gegen Frauen am 25. November und f\u00e4rbt ihre digitalen Ger\u00e4te orange.<\/p>\n<p>Die Teilnahme an dieser globalen Initiative, die Institutionen, Unternehmen und B\u00fcrger im Kampf gegen Gewalt an Frauen vereint, f\u00fcgt sich in den Weg der sozialen Verantwortung ein, den FITT in den letzten Jahren verfolgt hat, gepr\u00e4gt von:<br \/>\n\u2022 dem Beitritt zu den <strong>Women\u2019s Empowerment Principles (WEPs)<\/strong> im Jahr 2024,<br \/>\n\u2022 der Weiterentwicklung der People-Strategie mit Fokus auf Inklusion, Respekt und Wohlbefinden.<\/p>\n<p><strong>Schwerpunkt der Ausgabe 2025<\/strong><\/p>\n<p>Die UNiTE-Kampagne hat das Ziel, das Schweigen zu brechen, eine Kultur des Respekts zu f\u00f6rdern und gemeinsame Verantwortung zu st\u00e4rken.<br \/>\nDie Ausgabe 2025 r\u00fcckt die <strong>digitale geschlechtsspezifische Gewalt<\/strong> in den Mittelpunkt \u2013 eine zunehmend verbreitete und oft unsichtbare Form des Missbrauchs, die tiefgreifende Auswirkungen auf Sicherheit, W\u00fcrde und Alltag der Betroffenen hat.<\/p>\n<p>Digitale Gewalt wird weiterhin untersch\u00e4tzt und umfasst verschiedene Formen von Online-Missbrauch, die:<br \/>\n\u2022 Frauen und M\u00e4dchen weltweit treffen,<br \/>\n\u2022 ihre Stimmen zum Schweigen bringen, ihre Meinungsfreiheit und gesellschaftliche Teilhabe einschr\u00e4nken und psychische, soziale sowie wirtschaftliche Sch\u00e4den verursachen,<br \/>\n\u2022 h\u00e4ufig physischer Gewalt offline vorausgehen oder sie begleiten, wie Stalking, \u00dcbergriffe oder Femizid.<\/p>\n<p><strong>Eine symbolische Geste, die Wissen vermittelt<\/strong><\/p>\n<p>Um das Bewusstsein f\u00fcr dieses Ph\u00e4nomen zu st\u00e4rken, f\u00fchrt die FITT-Gruppe eine Reihe thematischer <strong>Bildschirmschoner<\/strong> ein, die nicht nur die orangefarbene Symbolik der Kampagne aufgreifen, sondern auch kurze Informationsmodule zu zentralen Aspekten digitaler geschlechtsspezifischer Gewalt enthalten.<br \/>\nEine einfache, aber wirkungsvolle Ma\u00dfnahme, die Wissen unmittelbar in die t\u00e4glichen Arbeitsumgebungen bringt.<\/p>\n<p>FITT erkennt die Bedeutung eines gemeinsamen Engagements an, um eine Zukunft zu schaffen, in der Frauen und M\u00e4dchen frei und sicher leben k\u00f6nnen \u2013 auch im digitalen Raum.<\/p>\n","protected":false},"excerpt":{"rendered":"<p>Die FITT-Gruppe beteiligt sich an der Kampagne UNiTE 2025 \u2013 Orange the World anl\u00e4sslich des Internationalen Tags zur Beseitigung von Gewalt gegen Frauen am 25. November und f\u00e4rbt ihre digitalen Ger\u00e4te orange. Die Teilnahme an dieser globalen Initiative, die Institutionen, Unternehmen und B\u00fcrger im Kampf gegen Gewalt an Frauen vereint, f\u00fcgt sich in den Weg [&hellip;]<\/p>\n","protected":false},"author":5,"featured_media":23194,"comment_status":"closed","ping_status":"closed","sticky":false,"template":"","format":"standard","meta":{"_acf_changed":false,"footnotes":""},"categories":[401,398],"tags":[],"class_list":["post-23187","post","type-post","status-publish","format-standard","has-post-thumbnail","hentry","category-social-responsibility-de","category-sustainability-de"],"acf":[],"yoast_head":"<!-- This site is optimized with the Yoast SEO Premium plugin v24.1 (Yoast SEO v27.3) - https:\/\/yoast.com\/product\/yoast-seo-premium-wordpress\/ -->\n<title>UNiTE 2025 \u2013 Orange the World: das Engagement der FITT-Gruppe gegen digitale geschlechtsspezifische Gewalt - FITT<\/title>\n<meta name=\"description\" content=\"Die FITT-Gruppe beteiligt sich an der Kampagne UNiTE 2025 \u2013 Orange the World anl\u00e4sslich des Internationalen Tags zur Beseitigung von Gewalt gegen Frauen am 25. November und f\u00e4rbt ihre digitalen Ger\u00e4te orange.\" \/>\n<meta name=\"robots\" content=\"index, follow, max-snippet:-1, max-image-preview:large, max-video-preview:-1\" \/>\n<link rel=\"canonical\" href=\"https:\/\/www.fitt.com\/de\/news\/unite-2025-orange-the-world-das-engagement-der-fitt-gruppe-gegen-digitale-geschlechtsspezifische-gewalt\/\" \/>\n<meta property=\"og:locale\" content=\"de_DE\" \/>\n<meta property=\"og:type\" content=\"article\" \/>\n<meta property=\"og:title\" content=\"UNiTE 2025 \u2013 Orange the World: das Engagement der FITT-Gruppe gegen digitale geschlechtsspezifische Gewalt\" \/>\n<meta property=\"og:description\" content=\"Die FITT-Gruppe beteiligt sich an der Kampagne UNiTE 2025 \u2013 Orange the World anl\u00e4sslich des Internationalen Tags zur Beseitigung von Gewalt gegen Frauen am 25. November und f\u00e4rbt ihre digitalen Ger\u00e4te orange.\" \/>\n<meta property=\"og:url\" content=\"https:\/\/www.fitt.com\/de\/news\/unite-2025-orange-the-world-das-engagement-der-fitt-gruppe-gegen-digitale-geschlechtsspezifische-gewalt\/\" \/>\n<meta property=\"og:site_name\" content=\"FITT\" \/>\n<meta property=\"article:published_time\" content=\"2025-11-25T09:50:55+00:00\" \/>\n<meta property=\"article:modified_time\" content=\"2025-11-25T10:23:46+00:00\" \/>\n<meta property=\"og:image\" content=\"https:\/\/www.fitt.com\/wp-content\/uploads\/2025\/11\/Header-News-Campagna-Unite.jpg\" \/>\n\t<meta property=\"og:image:width\" content=\"800\" \/>\n\t<meta property=\"og:image:height\" content=\"304\" \/>\n\t<meta property=\"og:image:type\" content=\"image\/jpeg\" \/>\n<meta name=\"author\" content=\"digital-team\" \/>\n<meta name=\"twitter:card\" content=\"summary_large_image\" \/>\n<meta name=\"twitter:label1\" content=\"Verfasst von\" \/>\n\t<meta name=\"twitter:data1\" content=\"digital-team\" \/>\n\t<meta name=\"twitter:label2\" content=\"Gesch\u00e4tzte Lesezeit\" \/>\n\t<meta name=\"twitter:data2\" content=\"2\u00a0Minuten\" \/>\n<script type=\"application\/ld+json\" class=\"yoast-schema-graph\">{\"@context\":\"https:\\\/\\\/schema.org\",\"@graph\":[{\"@type\":\"Article\",\"@id\":\"https:\\\/\\\/www.fitt.com\\\/de\\\/news\\\/unite-2025-orange-the-world-das-engagement-der-fitt-gruppe-gegen-digitale-geschlechtsspezifische-gewalt\\\/#article\",\"isPartOf\":{\"@id\":\"https:\\\/\\\/www.fitt.com\\\/de\\\/news\\\/unite-2025-orange-the-world-das-engagement-der-fitt-gruppe-gegen-digitale-geschlechtsspezifische-gewalt\\\/\"},\"author\":{\"name\":\"digital-team\",\"@id\":\"https:\\\/\\\/www.fitt.com\\\/de\\\/#\\\/schema\\\/person\\\/dcf4ccbfb4c9980e6a3babe2db2acb48\"},\"headline\":\"UNiTE 2025 \u2013 Orange the World: das Engagement der FITT-Gruppe gegen digitale geschlechtsspezifische Gewalt\",\"datePublished\":\"2025-11-25T09:50:55+00:00\",\"dateModified\":\"2025-11-25T10:23:46+00:00\",\"mainEntityOfPage\":{\"@id\":\"https:\\\/\\\/www.fitt.com\\\/de\\\/news\\\/unite-2025-orange-the-world-das-engagement-der-fitt-gruppe-gegen-digitale-geschlechtsspezifische-gewalt\\\/\"},\"wordCount\":306,\"publisher\":{\"@id\":\"https:\\\/\\\/www.fitt.com\\\/de\\\/#organization\"},\"image\":{\"@id\":\"https:\\\/\\\/www.fitt.com\\\/de\\\/news\\\/unite-2025-orange-the-world-das-engagement-der-fitt-gruppe-gegen-digitale-geschlechtsspezifische-gewalt\\\/#primaryimage\"},\"thumbnailUrl\":\"https:\\\/\\\/www.fitt.com\\\/wp-content\\\/uploads\\\/2025\\\/11\\\/Header-News-Campagna-Unite-1.png\",\"articleSection\":[\"Social Responsibility\",\"Sustainability\"],\"inLanguage\":\"de\"},{\"@type\":\"WebPage\",\"@id\":\"https:\\\/\\\/www.fitt.com\\\/de\\\/news\\\/unite-2025-orange-the-world-das-engagement-der-fitt-gruppe-gegen-digitale-geschlechtsspezifische-gewalt\\\/\",\"url\":\"https:\\\/\\\/www.fitt.com\\\/de\\\/news\\\/unite-2025-orange-the-world-das-engagement-der-fitt-gruppe-gegen-digitale-geschlechtsspezifische-gewalt\\\/\",\"name\":\"UNiTE 2025 \u2013 Orange the World: das Engagement der FITT-Gruppe gegen digitale geschlechtsspezifische Gewalt - FITT\",\"isPartOf\":{\"@id\":\"https:\\\/\\\/www.fitt.com\\\/de\\\/#website\"},\"primaryImageOfPage\":{\"@id\":\"https:\\\/\\\/www.fitt.com\\\/de\\\/news\\\/unite-2025-orange-the-world-das-engagement-der-fitt-gruppe-gegen-digitale-geschlechtsspezifische-gewalt\\\/#primaryimage\"},\"image\":{\"@id\":\"https:\\\/\\\/www.fitt.com\\\/de\\\/news\\\/unite-2025-orange-the-world-das-engagement-der-fitt-gruppe-gegen-digitale-geschlechtsspezifische-gewalt\\\/#primaryimage\"},\"thumbnailUrl\":\"https:\\\/\\\/www.fitt.com\\\/wp-content\\\/uploads\\\/2025\\\/11\\\/Header-News-Campagna-Unite-1.png\",\"datePublished\":\"2025-11-25T09:50:55+00:00\",\"dateModified\":\"2025-11-25T10:23:46+00:00\",\"description\":\"Die FITT-Gruppe beteiligt sich an der Kampagne UNiTE 2025 \u2013 Orange the World anl\u00e4sslich des Internationalen Tags zur Beseitigung von Gewalt gegen Frauen am 25. November und f\u00e4rbt ihre digitalen Ger\u00e4te orange.\",\"breadcrumb\":{\"@id\":\"https:\\\/\\\/www.fitt.com\\\/de\\\/news\\\/unite-2025-orange-the-world-das-engagement-der-fitt-gruppe-gegen-digitale-geschlechtsspezifische-gewalt\\\/#breadcrumb\"},\"inLanguage\":\"de\",\"potentialAction\":[{\"@type\":\"ReadAction\",\"target\":[\"https:\\\/\\\/www.fitt.com\\\/de\\\/news\\\/unite-2025-orange-the-world-das-engagement-der-fitt-gruppe-gegen-digitale-geschlechtsspezifische-gewalt\\\/\"]}]},{\"@type\":\"ImageObject\",\"inLanguage\":\"de\",\"@id\":\"https:\\\/\\\/www.fitt.com\\\/de\\\/news\\\/unite-2025-orange-the-world-das-engagement-der-fitt-gruppe-gegen-digitale-geschlechtsspezifische-gewalt\\\/#primaryimage\",\"url\":\"https:\\\/\\\/www.fitt.com\\\/wp-content\\\/uploads\\\/2025\\\/11\\\/Header-News-Campagna-Unite-1.png\",\"contentUrl\":\"https:\\\/\\\/www.fitt.com\\\/wp-content\\\/uploads\\\/2025\\\/11\\\/Header-News-Campagna-Unite-1.png\",\"width\":3125,\"height\":1188},{\"@type\":\"BreadcrumbList\",\"@id\":\"https:\\\/\\\/www.fitt.com\\\/de\\\/news\\\/unite-2025-orange-the-world-das-engagement-der-fitt-gruppe-gegen-digitale-geschlechtsspezifische-gewalt\\\/#breadcrumb\",\"itemListElement\":[{\"@type\":\"ListItem\",\"position\":1,\"name\":\"Home\",\"item\":\"https:\\\/\\\/www.fitt.com\\\/de\\\/\"},{\"@type\":\"ListItem\",\"position\":2,\"name\":\"UNiTE 2025 \u2013 Orange the World: das Engagement der FITT-Gruppe gegen digitale geschlechtsspezifische Gewalt\"}]},{\"@type\":\"WebSite\",\"@id\":\"https:\\\/\\\/www.fitt.com\\\/de\\\/#website\",\"url\":\"https:\\\/\\\/www.fitt.com\\\/de\\\/\",\"name\":\"FITT\",\"description\":\"FITT Spa\",\"publisher\":{\"@id\":\"https:\\\/\\\/www.fitt.com\\\/de\\\/#organization\"},\"potentialAction\":[{\"@type\":\"SearchAction\",\"target\":{\"@type\":\"EntryPoint\",\"urlTemplate\":\"https:\\\/\\\/www.fitt.com\\\/de\\\/?s={search_term_string}\"},\"query-input\":{\"@type\":\"PropertyValueSpecification\",\"valueRequired\":true,\"valueName\":\"search_term_string\"}}],\"inLanguage\":\"de\"},{\"@type\":\"Organization\",\"@id\":\"https:\\\/\\\/www.fitt.com\\\/de\\\/#organization\",\"name\":\"Fitt SPA\",\"url\":\"https:\\\/\\\/www.fitt.com\\\/de\\\/\",\"logo\":{\"@type\":\"ImageObject\",\"inLanguage\":\"de\",\"@id\":\"https:\\\/\\\/www.fitt.com\\\/de\\\/#\\\/schema\\\/logo\\\/image\\\/\",\"url\":\"https:\\\/\\\/www.fitt.com\\\/wp-content\\\/uploads\\\/2022\\\/05\\\/logo-light.png\",\"contentUrl\":\"https:\\\/\\\/www.fitt.com\\\/wp-content\\\/uploads\\\/2022\\\/05\\\/logo-light.png\",\"width\":827,\"height\":508,\"caption\":\"Fitt SPA\"},\"image\":{\"@id\":\"https:\\\/\\\/www.fitt.com\\\/de\\\/#\\\/schema\\\/logo\\\/image\\\/\"}},{\"@type\":\"Person\",\"@id\":\"https:\\\/\\\/www.fitt.com\\\/de\\\/#\\\/schema\\\/person\\\/dcf4ccbfb4c9980e6a3babe2db2acb48\",\"name\":\"digital-team\"}]}<\/script>\n<!-- \/ Yoast SEO Premium plugin. -->","yoast_head_json":{"title":"UNiTE 2025 \u2013 Orange the World: das Engagement der FITT-Gruppe gegen digitale geschlechtsspezifische Gewalt - FITT","description":"Die FITT-Gruppe beteiligt sich an der Kampagne UNiTE 2025 \u2013 Orange the World anl\u00e4sslich des Internationalen Tags zur Beseitigung von Gewalt gegen Frauen am 25. November und f\u00e4rbt ihre digitalen Ger\u00e4te orange.","robots":{"index":"index","follow":"follow","max-snippet":"max-snippet:-1","max-image-preview":"max-image-preview:large","max-video-preview":"max-video-preview:-1"},"canonical":"https:\/\/www.fitt.com\/de\/news\/unite-2025-orange-the-world-das-engagement-der-fitt-gruppe-gegen-digitale-geschlechtsspezifische-gewalt\/","og_locale":"de_DE","og_type":"article","og_title":"UNiTE 2025 \u2013 Orange the World: das Engagement der FITT-Gruppe gegen digitale geschlechtsspezifische Gewalt","og_description":"Die FITT-Gruppe beteiligt sich an der Kampagne UNiTE 2025 \u2013 Orange the World anl\u00e4sslich des Internationalen Tags zur Beseitigung von Gewalt gegen Frauen am 25. November und f\u00e4rbt ihre digitalen Ger\u00e4te orange.","og_url":"https:\/\/www.fitt.com\/de\/news\/unite-2025-orange-the-world-das-engagement-der-fitt-gruppe-gegen-digitale-geschlechtsspezifische-gewalt\/","og_site_name":"FITT","article_published_time":"2025-11-25T09:50:55+00:00","article_modified_time":"2025-11-25T10:23:46+00:00","og_image":[{"width":800,"height":304,"url":"https:\/\/www.fitt.com\/wp-content\/uploads\/2025\/11\/Header-News-Campagna-Unite.jpg","type":"image\/jpeg"}],"author":"digital-team","twitter_card":"summary_large_image","twitter_misc":{"Verfasst von":"digital-team","Gesch\u00e4tzte Lesezeit":"2\u00a0Minuten"},"schema":{"@context":"https:\/\/schema.org","@graph":[{"@type":"Article","@id":"https:\/\/www.fitt.com\/de\/news\/unite-2025-orange-the-world-das-engagement-der-fitt-gruppe-gegen-digitale-geschlechtsspezifische-gewalt\/#article","isPartOf":{"@id":"https:\/\/www.fitt.com\/de\/news\/unite-2025-orange-the-world-das-engagement-der-fitt-gruppe-gegen-digitale-geschlechtsspezifische-gewalt\/"},"author":{"name":"digital-team","@id":"https:\/\/www.fitt.com\/de\/#\/schema\/person\/dcf4ccbfb4c9980e6a3babe2db2acb48"},"headline":"UNiTE 2025 \u2013 Orange the World: das Engagement der FITT-Gruppe gegen digitale geschlechtsspezifische Gewalt","datePublished":"2025-11-25T09:50:55+00:00","dateModified":"2025-11-25T10:23:46+00:00","mainEntityOfPage":{"@id":"https:\/\/www.fitt.com\/de\/news\/unite-2025-orange-the-world-das-engagement-der-fitt-gruppe-gegen-digitale-geschlechtsspezifische-gewalt\/"},"wordCount":306,"publisher":{"@id":"https:\/\/www.fitt.com\/de\/#organization"},"image":{"@id":"https:\/\/www.fitt.com\/de\/news\/unite-2025-orange-the-world-das-engagement-der-fitt-gruppe-gegen-digitale-geschlechtsspezifische-gewalt\/#primaryimage"},"thumbnailUrl":"https:\/\/www.fitt.com\/wp-content\/uploads\/2025\/11\/Header-News-Campagna-Unite-1.png","articleSection":["Social Responsibility","Sustainability"],"inLanguage":"de"},{"@type":"WebPage","@id":"https:\/\/www.fitt.com\/de\/news\/unite-2025-orange-the-world-das-engagement-der-fitt-gruppe-gegen-digitale-geschlechtsspezifische-gewalt\/","url":"https:\/\/www.fitt.com\/de\/news\/unite-2025-orange-the-world-das-engagement-der-fitt-gruppe-gegen-digitale-geschlechtsspezifische-gewalt\/","name":"UNiTE 2025 \u2013 Orange the World: das Engagement der FITT-Gruppe gegen digitale geschlechtsspezifische Gewalt - FITT","isPartOf":{"@id":"https:\/\/www.fitt.com\/de\/#website"},"primaryImageOfPage":{"@id":"https:\/\/www.fitt.com\/de\/news\/unite-2025-orange-the-world-das-engagement-der-fitt-gruppe-gegen-digitale-geschlechtsspezifische-gewalt\/#primaryimage"},"image":{"@id":"https:\/\/www.fitt.com\/de\/news\/unite-2025-orange-the-world-das-engagement-der-fitt-gruppe-gegen-digitale-geschlechtsspezifische-gewalt\/#primaryimage"},"thumbnailUrl":"https:\/\/www.fitt.com\/wp-content\/uploads\/2025\/11\/Header-News-Campagna-Unite-1.png","datePublished":"2025-11-25T09:50:55+00:00","dateModified":"2025-11-25T10:23:46+00:00","description":"Die FITT-Gruppe beteiligt sich an der Kampagne UNiTE 2025 \u2013 Orange the World anl\u00e4sslich des Internationalen Tags zur Beseitigung von Gewalt gegen Frauen am 25. November und f\u00e4rbt ihre digitalen Ger\u00e4te orange.","breadcrumb":{"@id":"https:\/\/www.fitt.com\/de\/news\/unite-2025-orange-the-world-das-engagement-der-fitt-gruppe-gegen-digitale-geschlechtsspezifische-gewalt\/#breadcrumb"},"inLanguage":"de","potentialAction":[{"@type":"ReadAction","target":["https:\/\/www.fitt.com\/de\/news\/unite-2025-orange-the-world-das-engagement-der-fitt-gruppe-gegen-digitale-geschlechtsspezifische-gewalt\/"]}]},{"@type":"ImageObject","inLanguage":"de","@id":"https:\/\/www.fitt.com\/de\/news\/unite-2025-orange-the-world-das-engagement-der-fitt-gruppe-gegen-digitale-geschlechtsspezifische-gewalt\/#primaryimage","url":"https:\/\/www.fitt.com\/wp-content\/uploads\/2025\/11\/Header-News-Campagna-Unite-1.png","contentUrl":"https:\/\/www.fitt.com\/wp-content\/uploads\/2025\/11\/Header-News-Campagna-Unite-1.png","width":3125,"height":1188},{"@type":"BreadcrumbList","@id":"https:\/\/www.fitt.com\/de\/news\/unite-2025-orange-the-world-das-engagement-der-fitt-gruppe-gegen-digitale-geschlechtsspezifische-gewalt\/#breadcrumb","itemListElement":[{"@type":"ListItem","position":1,"name":"Home","item":"https:\/\/www.fitt.com\/de\/"},{"@type":"ListItem","position":2,"name":"UNiTE 2025 \u2013 Orange the World: das Engagement der FITT-Gruppe gegen digitale geschlechtsspezifische Gewalt"}]},{"@type":"WebSite","@id":"https:\/\/www.fitt.com\/de\/#website","url":"https:\/\/www.fitt.com\/de\/","name":"FITT","description":"FITT Spa","publisher":{"@id":"https:\/\/www.fitt.com\/de\/#organization"},"potentialAction":[{"@type":"SearchAction","target":{"@type":"EntryPoint","urlTemplate":"https:\/\/www.fitt.com\/de\/?s={search_term_string}"},"query-input":{"@type":"PropertyValueSpecification","valueRequired":true,"valueName":"search_term_string"}}],"inLanguage":"de"},{"@type":"Organization","@id":"https:\/\/www.fitt.com\/de\/#organization","name":"Fitt SPA","url":"https:\/\/www.fitt.com\/de\/","logo":{"@type":"ImageObject","inLanguage":"de","@id":"https:\/\/www.fitt.com\/de\/#\/schema\/logo\/image\/","url":"https:\/\/www.fitt.com\/wp-content\/uploads\/2022\/05\/logo-light.png","contentUrl":"https:\/\/www.fitt.com\/wp-content\/uploads\/2022\/05\/logo-light.png","width":827,"height":508,"caption":"Fitt SPA"},"image":{"@id":"https:\/\/www.fitt.com\/de\/#\/schema\/logo\/image\/"}},{"@type":"Person","@id":"https:\/\/www.fitt.com\/de\/#\/schema\/person\/dcf4ccbfb4c9980e6a3babe2db2acb48","name":"digital-team"}]}},"_links":{"self":[{"href":"https:\/\/www.fitt.com\/de\/wp-json\/wp\/v2\/posts\/23187","targetHints":{"allow":["GET"]}}],"collection":[{"href":"https:\/\/www.fitt.com\/de\/wp-json\/wp\/v2\/posts"}],"about":[{"href":"https:\/\/www.fitt.com\/de\/wp-json\/wp\/v2\/types\/post"}],"author":[{"embeddable":true,"href":"https:\/\/www.fitt.com\/de\/wp-json\/wp\/v2\/users\/5"}],"replies":[{"embeddable":true,"href":"https:\/\/www.fitt.com\/de\/wp-json\/wp\/v2\/comments?post=23187"}],"version-history":[{"count":1,"href":"https:\/\/www.fitt.com\/de\/wp-json\/wp\/v2\/posts\/23187\/revisions"}],"predecessor-version":[{"id":23188,"href":"https:\/\/www.fitt.com\/de\/wp-json\/wp\/v2\/posts\/23187\/revisions\/23188"}],"wp:featuredmedia":[{"embeddable":true,"href":"https:\/\/www.fitt.com\/de\/wp-json\/wp\/v2\/media\/23194"}],"wp:attachment":[{"href":"https:\/\/www.fitt.com\/de\/wp-json\/wp\/v2\/media?parent=23187"}],"wp:term":[{"taxonomy":"category","embeddable":true,"href":"https:\/\/www.fitt.com\/de\/wp-json\/wp\/v2\/categories?post=23187"},{"taxonomy":"post_tag","embeddable":true,"href":"https:\/\/www.fitt.com\/de\/wp-json\/wp\/v2\/tags?post=23187"}],"curies":[{"name":"wp","href":"https:\/\/api.w.org\/{rel}","templated":true}]}}