{"id":20734,"date":"2024-07-31T15:16:09","date_gmt":"2024-07-31T13:16:09","guid":{"rendered":"https:\/\/www.fitt.com\/news\/fitt-publie-son-quatrieme-rapport-sur-le-developpement-durable\/"},"modified":"2024-09-11T12:25:04","modified_gmt":"2024-09-11T10:25:04","slug":"fitt-veroeffentlicht-seine-vierte-nachhaltigkeitsbilanz","status":"publish","type":"post","link":"https:\/\/www.fitt.com\/de\/news\/fitt-veroeffentlicht-seine-vierte-nachhaltigkeitsbilanz\/","title":{"rendered":"FITT ver\u00f6ffentlicht seine vierte Nachhaltigkeitsbilanz"},"content":{"rendered":"<p>Die Bilanz wurde nach den Richtlinien und den Standards der Global Reporting Initiative (GRI) erstellt und erm\u00f6glicht es, die Auswirkung von FITT hinsichtlich der wirtschaftlichen, sozialen und umweltbezogenen Leistungen zu bewerten.<\/p>\n<p>Die durch den Einfallsreichtum der Natur inspirierten Abbildungen bilden den Hintergrund des Leseschl\u00fcssels der Nachhaltigkeitsbilanz von FITT: Abl\u00e4ufe und Miteinbeziehung der Stakeholder.<\/p>\n<p>Das Dokument besteht aus 8 Kapiteln: Au\u00dfer der traditionellen Er\u00f6ffnung und Schlie\u00dfung \u2013 f\u00fchrt das erste Kapitel die Gruppe ein und stellt sie vor, das zweite stellt seine Nachhaltigkeitsstrategie dar, und das letzte vertieft die angewendeten Methodologien und die Validit\u00e4t der aufgef\u00fchrten Daten \u2013 die zentralen Kapitel erz\u00e4hlen vom \u00c4nderungsmanagement, von der Innovationsf\u00f6rderung, der Schaffung von Abl\u00e4ufen mit niedriger Auswirkung, der Teilung der internen Energie und der Immersion des Unternehmens in ein \u00d6kosystem von Beziehungen.<\/p>\n<p>Die Beziehungen werden durch Interviews der Stakeholder bezeugt, die im Jahr 2023 bei verschiedenen Gelegenheiten an der Seite von FITT standen: bei der Entwicklung von Produkten mit niedriger Auswirkung bis zur Organisation von Veranstaltungen.<\/p>\n<p><em>\u201eDie allt\u00e4gliche Herausforderung besteht darin, unsere Tendenz zur nachhaltigen Innovation in Realit\u00e4t umzuwandeln.<\/em><em> Wir sind uns bewusst, dass der Weg des \u00f6kologischen \u00dcbergangs und der sozialen Eingliederung kritische Fragen aufwirft, aber auch M\u00f6glichkeiten zum Experimentieren bietet.<\/em> \u2013 erkl\u00e4rt Alessandro Mezzalira, CEO von FITT. \u2013 <em>Ich danke meinen Mitarbeitern, die jeden Tag mit mir in diesem kontinuierlichen Ablauf navigieren und denen es gelingt, die h\u00f6chsten und turbulentesten Wellen in generative Energie umzuwandeln.\u201c<\/em><\/p>\n<p><a href=\"https:\/\/fitt-share.thron.com\/page?id=a357d39c-eab8-4964-b223-3ccc6f2c74bc#\/contents\" target=\"_blank\" rel=\"noopener\">Laden Sie die Nachhaltigkeitsbilanz von FITT herunter<\/a><\/p>\n<p>&nbsp;<\/p>\n","protected":false},"excerpt":{"rendered":"<p>Die Bilanz wurde nach den Richtlinien und den Standards der Global Reporting Initiative (GRI) erstellt und erm\u00f6glicht es, die Auswirkung von FITT hinsichtlich der wirtschaftlichen, sozialen und umweltbezogenen Leistungen zu bewerten. Die durch den Einfallsreichtum der Natur inspirierten Abbildungen bilden den Hintergrund des Leseschl\u00fcssels der Nachhaltigkeitsbilanz von FITT: Abl\u00e4ufe und Miteinbeziehung der Stakeholder. Das Dokument [&hellip;]<\/p>\n","protected":false},"author":5,"featured_media":20644,"comment_status":"closed","ping_status":"closed","sticky":false,"template":"","format":"standard","meta":{"_acf_changed":false,"footnotes":""},"categories":[398],"tags":[],"class_list":["post-20734","post","type-post","status-publish","format-standard","has-post-thumbnail","hentry","category-sustainability-de"],"acf":[],"yoast_head":"<!-- This site is optimized with the Yoast SEO Premium plugin v24.1 (Yoast SEO v27.3) - https:\/\/yoast.com\/product\/yoast-seo-premium-wordpress\/ -->\n<title>FITT ver\u00f6ffentlicht seine vierte Nachhaltigkeitsbilanz - FITT<\/title>\n<meta name=\"description\" content=\"Die Bilanz wurde nach den Richtlinien und den Standards der Global Reporting Initiative (GRI) erstellt und erm\u00f6glicht es, die Auswirkung von FITT hinsichtlich der wirtschaftlichen, sozialen und umweltbezogenen Leistungen zu bewerten.Die durch den Einfallsreichtum der Natur inspirierten Abbildungen bilden den Hintergrund des Leseschl\u00fcssels der Nachhaltigkeitsbilanz von FITT: Abl\u00e4ufe und Miteinbeziehung der Stakeholder.\" \/>\n<meta name=\"robots\" content=\"index, follow, max-snippet:-1, max-image-preview:large, max-video-preview:-1\" \/>\n<link rel=\"canonical\" href=\"https:\/\/www.fitt.com\/de\/news\/fitt-veroeffentlicht-seine-vierte-nachhaltigkeitsbilanz\/\" \/>\n<meta property=\"og:locale\" content=\"de_DE\" \/>\n<meta property=\"og:type\" content=\"article\" \/>\n<meta property=\"og:title\" content=\"FITT ver\u00f6ffentlicht seine vierte Nachhaltigkeitsbilanz\" \/>\n<meta property=\"og:description\" content=\"Die Bilanz wurde nach den Richtlinien und den Standards der Global Reporting Initiative (GRI) erstellt und erm\u00f6glicht es, die Auswirkung von FITT hinsichtlich der wirtschaftlichen, sozialen und umweltbezogenen Leistungen zu bewerten.Die durch den Einfallsreichtum der Natur inspirierten Abbildungen bilden den Hintergrund des Leseschl\u00fcssels der Nachhaltigkeitsbilanz von FITT: Abl\u00e4ufe und Miteinbeziehung der Stakeholder.\" \/>\n<meta property=\"og:url\" content=\"https:\/\/www.fitt.com\/de\/news\/fitt-veroeffentlicht-seine-vierte-nachhaltigkeitsbilanz\/\" \/>\n<meta property=\"og:site_name\" content=\"FITT\" \/>\n<meta property=\"article:published_time\" content=\"2024-07-31T13:16:09+00:00\" \/>\n<meta property=\"article:modified_time\" content=\"2024-09-11T10:25:04+00:00\" \/>\n<meta property=\"og:image\" content=\"https:\/\/www.fitt.com\/wp-content\/uploads\/2024\/07\/Bilancio-di-sostenibilita-2023-header-sito-scaled.jpg\" \/>\n\t<meta property=\"og:image:width\" content=\"2560\" \/>\n\t<meta property=\"og:image:height\" content=\"973\" \/>\n\t<meta property=\"og:image:type\" content=\"image\/jpeg\" \/>\n<meta name=\"author\" content=\"digital-team\" \/>\n<meta name=\"twitter:card\" content=\"summary_large_image\" \/>\n<meta name=\"twitter:label1\" content=\"Verfasst von\" \/>\n\t<meta name=\"twitter:data1\" content=\"digital-team\" \/>\n\t<meta name=\"twitter:label2\" content=\"Gesch\u00e4tzte Lesezeit\" \/>\n\t<meta name=\"twitter:data2\" content=\"2\u00a0Minuten\" \/>\n<script type=\"application\/ld+json\" class=\"yoast-schema-graph\">{\"@context\":\"https:\\\/\\\/schema.org\",\"@graph\":[{\"@type\":\"Article\",\"@id\":\"https:\\\/\\\/www.fitt.com\\\/de\\\/news\\\/fitt-veroeffentlicht-seine-vierte-nachhaltigkeitsbilanz\\\/#article\",\"isPartOf\":{\"@id\":\"https:\\\/\\\/www.fitt.com\\\/de\\\/news\\\/fitt-veroeffentlicht-seine-vierte-nachhaltigkeitsbilanz\\\/\"},\"author\":{\"name\":\"digital-team\",\"@id\":\"https:\\\/\\\/www.fitt.com\\\/de\\\/#\\\/schema\\\/person\\\/dcf4ccbfb4c9980e6a3babe2db2acb48\"},\"headline\":\"FITT ver\u00f6ffentlicht seine vierte Nachhaltigkeitsbilanz\",\"datePublished\":\"2024-07-31T13:16:09+00:00\",\"dateModified\":\"2024-09-11T10:25:04+00:00\",\"mainEntityOfPage\":{\"@id\":\"https:\\\/\\\/www.fitt.com\\\/de\\\/news\\\/fitt-veroeffentlicht-seine-vierte-nachhaltigkeitsbilanz\\\/\"},\"wordCount\":258,\"publisher\":{\"@id\":\"https:\\\/\\\/www.fitt.com\\\/de\\\/#organization\"},\"image\":{\"@id\":\"https:\\\/\\\/www.fitt.com\\\/de\\\/news\\\/fitt-veroeffentlicht-seine-vierte-nachhaltigkeitsbilanz\\\/#primaryimage\"},\"thumbnailUrl\":\"https:\\\/\\\/www.fitt.com\\\/wp-content\\\/uploads\\\/2024\\\/07\\\/Bilancio-di-sostenibilita-2023-header-sito-scaled.jpg\",\"articleSection\":[\"Sustainability\"],\"inLanguage\":\"de\"},{\"@type\":\"WebPage\",\"@id\":\"https:\\\/\\\/www.fitt.com\\\/de\\\/news\\\/fitt-veroeffentlicht-seine-vierte-nachhaltigkeitsbilanz\\\/\",\"url\":\"https:\\\/\\\/www.fitt.com\\\/de\\\/news\\\/fitt-veroeffentlicht-seine-vierte-nachhaltigkeitsbilanz\\\/\",\"name\":\"FITT ver\u00f6ffentlicht seine vierte Nachhaltigkeitsbilanz - FITT\",\"isPartOf\":{\"@id\":\"https:\\\/\\\/www.fitt.com\\\/de\\\/#website\"},\"primaryImageOfPage\":{\"@id\":\"https:\\\/\\\/www.fitt.com\\\/de\\\/news\\\/fitt-veroeffentlicht-seine-vierte-nachhaltigkeitsbilanz\\\/#primaryimage\"},\"image\":{\"@id\":\"https:\\\/\\\/www.fitt.com\\\/de\\\/news\\\/fitt-veroeffentlicht-seine-vierte-nachhaltigkeitsbilanz\\\/#primaryimage\"},\"thumbnailUrl\":\"https:\\\/\\\/www.fitt.com\\\/wp-content\\\/uploads\\\/2024\\\/07\\\/Bilancio-di-sostenibilita-2023-header-sito-scaled.jpg\",\"datePublished\":\"2024-07-31T13:16:09+00:00\",\"dateModified\":\"2024-09-11T10:25:04+00:00\",\"description\":\"Die Bilanz wurde nach den Richtlinien und den Standards der Global Reporting Initiative (GRI) erstellt und erm\u00f6glicht es, die Auswirkung von FITT hinsichtlich der wirtschaftlichen, sozialen und umweltbezogenen Leistungen zu bewerten.Die durch den Einfallsreichtum der Natur inspirierten Abbildungen bilden den Hintergrund des Leseschl\u00fcssels der Nachhaltigkeitsbilanz von FITT: Abl\u00e4ufe und Miteinbeziehung der Stakeholder.\",\"breadcrumb\":{\"@id\":\"https:\\\/\\\/www.fitt.com\\\/de\\\/news\\\/fitt-veroeffentlicht-seine-vierte-nachhaltigkeitsbilanz\\\/#breadcrumb\"},\"inLanguage\":\"de\",\"potentialAction\":[{\"@type\":\"ReadAction\",\"target\":[\"https:\\\/\\\/www.fitt.com\\\/de\\\/news\\\/fitt-veroeffentlicht-seine-vierte-nachhaltigkeitsbilanz\\\/\"]}]},{\"@type\":\"ImageObject\",\"inLanguage\":\"de\",\"@id\":\"https:\\\/\\\/www.fitt.com\\\/de\\\/news\\\/fitt-veroeffentlicht-seine-vierte-nachhaltigkeitsbilanz\\\/#primaryimage\",\"url\":\"https:\\\/\\\/www.fitt.com\\\/wp-content\\\/uploads\\\/2024\\\/07\\\/Bilancio-di-sostenibilita-2023-header-sito-scaled.jpg\",\"contentUrl\":\"https:\\\/\\\/www.fitt.com\\\/wp-content\\\/uploads\\\/2024\\\/07\\\/Bilancio-di-sostenibilita-2023-header-sito-scaled.jpg\",\"width\":2560,\"height\":973},{\"@type\":\"BreadcrumbList\",\"@id\":\"https:\\\/\\\/www.fitt.com\\\/de\\\/news\\\/fitt-veroeffentlicht-seine-vierte-nachhaltigkeitsbilanz\\\/#breadcrumb\",\"itemListElement\":[{\"@type\":\"ListItem\",\"position\":1,\"name\":\"Home\",\"item\":\"https:\\\/\\\/www.fitt.com\\\/de\\\/\"},{\"@type\":\"ListItem\",\"position\":2,\"name\":\"FITT ver\u00f6ffentlicht seine vierte Nachhaltigkeitsbilanz\"}]},{\"@type\":\"WebSite\",\"@id\":\"https:\\\/\\\/www.fitt.com\\\/de\\\/#website\",\"url\":\"https:\\\/\\\/www.fitt.com\\\/de\\\/\",\"name\":\"FITT\",\"description\":\"FITT Spa\",\"publisher\":{\"@id\":\"https:\\\/\\\/www.fitt.com\\\/de\\\/#organization\"},\"potentialAction\":[{\"@type\":\"SearchAction\",\"target\":{\"@type\":\"EntryPoint\",\"urlTemplate\":\"https:\\\/\\\/www.fitt.com\\\/de\\\/?s={search_term_string}\"},\"query-input\":{\"@type\":\"PropertyValueSpecification\",\"valueRequired\":true,\"valueName\":\"search_term_string\"}}],\"inLanguage\":\"de\"},{\"@type\":\"Organization\",\"@id\":\"https:\\\/\\\/www.fitt.com\\\/de\\\/#organization\",\"name\":\"Fitt SPA\",\"url\":\"https:\\\/\\\/www.fitt.com\\\/de\\\/\",\"logo\":{\"@type\":\"ImageObject\",\"inLanguage\":\"de\",\"@id\":\"https:\\\/\\\/www.fitt.com\\\/de\\\/#\\\/schema\\\/logo\\\/image\\\/\",\"url\":\"https:\\\/\\\/www.fitt.com\\\/wp-content\\\/uploads\\\/2022\\\/05\\\/logo-light.png\",\"contentUrl\":\"https:\\\/\\\/www.fitt.com\\\/wp-content\\\/uploads\\\/2022\\\/05\\\/logo-light.png\",\"width\":827,\"height\":508,\"caption\":\"Fitt SPA\"},\"image\":{\"@id\":\"https:\\\/\\\/www.fitt.com\\\/de\\\/#\\\/schema\\\/logo\\\/image\\\/\"}},{\"@type\":\"Person\",\"@id\":\"https:\\\/\\\/www.fitt.com\\\/de\\\/#\\\/schema\\\/person\\\/dcf4ccbfb4c9980e6a3babe2db2acb48\",\"name\":\"digital-team\"}]}<\/script>\n<!-- \/ Yoast SEO Premium plugin. -->","yoast_head_json":{"title":"FITT ver\u00f6ffentlicht seine vierte Nachhaltigkeitsbilanz - FITT","description":"Die Bilanz wurde nach den Richtlinien und den Standards der Global Reporting Initiative (GRI) erstellt und erm\u00f6glicht es, die Auswirkung von FITT hinsichtlich der wirtschaftlichen, sozialen und umweltbezogenen Leistungen zu bewerten.Die durch den Einfallsreichtum der Natur inspirierten Abbildungen bilden den Hintergrund des Leseschl\u00fcssels der Nachhaltigkeitsbilanz von FITT: Abl\u00e4ufe und Miteinbeziehung der Stakeholder.","robots":{"index":"index","follow":"follow","max-snippet":"max-snippet:-1","max-image-preview":"max-image-preview:large","max-video-preview":"max-video-preview:-1"},"canonical":"https:\/\/www.fitt.com\/de\/news\/fitt-veroeffentlicht-seine-vierte-nachhaltigkeitsbilanz\/","og_locale":"de_DE","og_type":"article","og_title":"FITT ver\u00f6ffentlicht seine vierte Nachhaltigkeitsbilanz","og_description":"Die Bilanz wurde nach den Richtlinien und den Standards der Global Reporting Initiative (GRI) erstellt und erm\u00f6glicht es, die Auswirkung von FITT hinsichtlich der wirtschaftlichen, sozialen und umweltbezogenen Leistungen zu bewerten.Die durch den Einfallsreichtum der Natur inspirierten Abbildungen bilden den Hintergrund des Leseschl\u00fcssels der Nachhaltigkeitsbilanz von FITT: Abl\u00e4ufe und Miteinbeziehung der Stakeholder.","og_url":"https:\/\/www.fitt.com\/de\/news\/fitt-veroeffentlicht-seine-vierte-nachhaltigkeitsbilanz\/","og_site_name":"FITT","article_published_time":"2024-07-31T13:16:09+00:00","article_modified_time":"2024-09-11T10:25:04+00:00","og_image":[{"width":2560,"height":973,"url":"https:\/\/www.fitt.com\/wp-content\/uploads\/2024\/07\/Bilancio-di-sostenibilita-2023-header-sito-scaled.jpg","type":"image\/jpeg"}],"author":"digital-team","twitter_card":"summary_large_image","twitter_misc":{"Verfasst von":"digital-team","Gesch\u00e4tzte Lesezeit":"2\u00a0Minuten"},"schema":{"@context":"https:\/\/schema.org","@graph":[{"@type":"Article","@id":"https:\/\/www.fitt.com\/de\/news\/fitt-veroeffentlicht-seine-vierte-nachhaltigkeitsbilanz\/#article","isPartOf":{"@id":"https:\/\/www.fitt.com\/de\/news\/fitt-veroeffentlicht-seine-vierte-nachhaltigkeitsbilanz\/"},"author":{"name":"digital-team","@id":"https:\/\/www.fitt.com\/de\/#\/schema\/person\/dcf4ccbfb4c9980e6a3babe2db2acb48"},"headline":"FITT ver\u00f6ffentlicht seine vierte Nachhaltigkeitsbilanz","datePublished":"2024-07-31T13:16:09+00:00","dateModified":"2024-09-11T10:25:04+00:00","mainEntityOfPage":{"@id":"https:\/\/www.fitt.com\/de\/news\/fitt-veroeffentlicht-seine-vierte-nachhaltigkeitsbilanz\/"},"wordCount":258,"publisher":{"@id":"https:\/\/www.fitt.com\/de\/#organization"},"image":{"@id":"https:\/\/www.fitt.com\/de\/news\/fitt-veroeffentlicht-seine-vierte-nachhaltigkeitsbilanz\/#primaryimage"},"thumbnailUrl":"https:\/\/www.fitt.com\/wp-content\/uploads\/2024\/07\/Bilancio-di-sostenibilita-2023-header-sito-scaled.jpg","articleSection":["Sustainability"],"inLanguage":"de"},{"@type":"WebPage","@id":"https:\/\/www.fitt.com\/de\/news\/fitt-veroeffentlicht-seine-vierte-nachhaltigkeitsbilanz\/","url":"https:\/\/www.fitt.com\/de\/news\/fitt-veroeffentlicht-seine-vierte-nachhaltigkeitsbilanz\/","name":"FITT ver\u00f6ffentlicht seine vierte Nachhaltigkeitsbilanz - FITT","isPartOf":{"@id":"https:\/\/www.fitt.com\/de\/#website"},"primaryImageOfPage":{"@id":"https:\/\/www.fitt.com\/de\/news\/fitt-veroeffentlicht-seine-vierte-nachhaltigkeitsbilanz\/#primaryimage"},"image":{"@id":"https:\/\/www.fitt.com\/de\/news\/fitt-veroeffentlicht-seine-vierte-nachhaltigkeitsbilanz\/#primaryimage"},"thumbnailUrl":"https:\/\/www.fitt.com\/wp-content\/uploads\/2024\/07\/Bilancio-di-sostenibilita-2023-header-sito-scaled.jpg","datePublished":"2024-07-31T13:16:09+00:00","dateModified":"2024-09-11T10:25:04+00:00","description":"Die Bilanz wurde nach den Richtlinien und den Standards der Global Reporting Initiative (GRI) erstellt und erm\u00f6glicht es, die Auswirkung von FITT hinsichtlich der wirtschaftlichen, sozialen und umweltbezogenen Leistungen zu bewerten.Die durch den Einfallsreichtum der Natur inspirierten Abbildungen bilden den Hintergrund des Leseschl\u00fcssels der Nachhaltigkeitsbilanz von FITT: Abl\u00e4ufe und Miteinbeziehung der Stakeholder.","breadcrumb":{"@id":"https:\/\/www.fitt.com\/de\/news\/fitt-veroeffentlicht-seine-vierte-nachhaltigkeitsbilanz\/#breadcrumb"},"inLanguage":"de","potentialAction":[{"@type":"ReadAction","target":["https:\/\/www.fitt.com\/de\/news\/fitt-veroeffentlicht-seine-vierte-nachhaltigkeitsbilanz\/"]}]},{"@type":"ImageObject","inLanguage":"de","@id":"https:\/\/www.fitt.com\/de\/news\/fitt-veroeffentlicht-seine-vierte-nachhaltigkeitsbilanz\/#primaryimage","url":"https:\/\/www.fitt.com\/wp-content\/uploads\/2024\/07\/Bilancio-di-sostenibilita-2023-header-sito-scaled.jpg","contentUrl":"https:\/\/www.fitt.com\/wp-content\/uploads\/2024\/07\/Bilancio-di-sostenibilita-2023-header-sito-scaled.jpg","width":2560,"height":973},{"@type":"BreadcrumbList","@id":"https:\/\/www.fitt.com\/de\/news\/fitt-veroeffentlicht-seine-vierte-nachhaltigkeitsbilanz\/#breadcrumb","itemListElement":[{"@type":"ListItem","position":1,"name":"Home","item":"https:\/\/www.fitt.com\/de\/"},{"@type":"ListItem","position":2,"name":"FITT ver\u00f6ffentlicht seine vierte Nachhaltigkeitsbilanz"}]},{"@type":"WebSite","@id":"https:\/\/www.fitt.com\/de\/#website","url":"https:\/\/www.fitt.com\/de\/","name":"FITT","description":"FITT Spa","publisher":{"@id":"https:\/\/www.fitt.com\/de\/#organization"},"potentialAction":[{"@type":"SearchAction","target":{"@type":"EntryPoint","urlTemplate":"https:\/\/www.fitt.com\/de\/?s={search_term_string}"},"query-input":{"@type":"PropertyValueSpecification","valueRequired":true,"valueName":"search_term_string"}}],"inLanguage":"de"},{"@type":"Organization","@id":"https:\/\/www.fitt.com\/de\/#organization","name":"Fitt SPA","url":"https:\/\/www.fitt.com\/de\/","logo":{"@type":"ImageObject","inLanguage":"de","@id":"https:\/\/www.fitt.com\/de\/#\/schema\/logo\/image\/","url":"https:\/\/www.fitt.com\/wp-content\/uploads\/2022\/05\/logo-light.png","contentUrl":"https:\/\/www.fitt.com\/wp-content\/uploads\/2022\/05\/logo-light.png","width":827,"height":508,"caption":"Fitt SPA"},"image":{"@id":"https:\/\/www.fitt.com\/de\/#\/schema\/logo\/image\/"}},{"@type":"Person","@id":"https:\/\/www.fitt.com\/de\/#\/schema\/person\/dcf4ccbfb4c9980e6a3babe2db2acb48","name":"digital-team"}]}},"_links":{"self":[{"href":"https:\/\/www.fitt.com\/de\/wp-json\/wp\/v2\/posts\/20734","targetHints":{"allow":["GET"]}}],"collection":[{"href":"https:\/\/www.fitt.com\/de\/wp-json\/wp\/v2\/posts"}],"about":[{"href":"https:\/\/www.fitt.com\/de\/wp-json\/wp\/v2\/types\/post"}],"author":[{"embeddable":true,"href":"https:\/\/www.fitt.com\/de\/wp-json\/wp\/v2\/users\/5"}],"replies":[{"embeddable":true,"href":"https:\/\/www.fitt.com\/de\/wp-json\/wp\/v2\/comments?post=20734"}],"version-history":[{"count":2,"href":"https:\/\/www.fitt.com\/de\/wp-json\/wp\/v2\/posts\/20734\/revisions"}],"predecessor-version":[{"id":20736,"href":"https:\/\/www.fitt.com\/de\/wp-json\/wp\/v2\/posts\/20734\/revisions\/20736"}],"wp:featuredmedia":[{"embeddable":true,"href":"https:\/\/www.fitt.com\/de\/wp-json\/wp\/v2\/media\/20644"}],"wp:attachment":[{"href":"https:\/\/www.fitt.com\/de\/wp-json\/wp\/v2\/media?parent=20734"}],"wp:term":[{"taxonomy":"category","embeddable":true,"href":"https:\/\/www.fitt.com\/de\/wp-json\/wp\/v2\/categories?post=20734"},{"taxonomy":"post_tag","embeddable":true,"href":"https:\/\/www.fitt.com\/de\/wp-json\/wp\/v2\/tags?post=20734"}],"curies":[{"name":"wp","href":"https:\/\/api.w.org\/{rel}","templated":true}]}}