{"id":15640,"date":"2021-04-26T00:00:00","date_gmt":"2021-04-25T22:00:00","guid":{"rendered":"https:\/\/www.fitt.com\/news\/fitt-force-raddoppia-e-vince-nuovamente-lif-design-award-2021\/"},"modified":"2022-08-10T12:28:28","modified_gmt":"2022-08-10T10:28:28","slug":"fitt-force-gewinnt-zum-zweiten-mal-den-if-design-award-2021","status":"publish","type":"post","link":"https:\/\/www.fitt.com\/de\/news\/fitt-force-gewinnt-zum-zweiten-mal-den-if-design-award-2021\/","title":{"rendered":"FITT Force gewinnt zum zweiten Mal den iF DESIGN AWARD 2021"},"content":{"rendered":"<p>FITT Force konnte in der Version mit kompakter Spritze im zweiten Jahr in Folge den <strong><a href=\"\"https:\/\/ifworlddesignguide.com\/\"\" target=\"\"_blank\"\" title=\"\"iF DESIGN AWARD \"\">iF DESIGN AWARD<\/a> <\/strong>erringen, einen der weltweit renommiertesten Designpreise.<\/p>\n<p>Der leichte,&nbsp;kompakte und widerstandsf\u00e4hige Schlauch <a href=\"\"https:\/\/www.fitt.com\/de\/produkte\/outdoor-living\/blumen-und-gemuesegarten\/fitt-force\"\" target=\"\"_blank\"\" title=\"\"FITT Force\"\"><strong>FITT Force<\/strong><\/a> f\u00fcr die intensive Nutzung wurde in der Sparte Produkt der Kategorie Garden pr\u00e4miert. Der iF DESIGN AWARD wird jedes Jahr von der iF International Forum Design GmbH ausgetragen, der \u00e4ltesten unabh\u00e4ngigen Designinstitution der Welt, mit Sitz in Hannover.<\/p>\n<p>Die 98-k\u00f6pfige Jury unabh\u00e4ngiger Experten aus aller Welt hat FITT Force aufgrund seiner <strong>Funktionalit\u00e4t,<\/strong> seiner <strong>Unterscheidungsmerkmale<\/strong> in Bezug auf andere handels\u00fcbliche Produkte und seiner <strong>hohen Nachhaltigkeit<\/strong> als Gewinner ausgew\u00e4hlt. Die Konkurrenz war gro\u00df: fast 10.000 Kandidaten aus 52 L\u00e4ndern haben sich beworben, um das begehrte Qualit\u00e4tssiegel zu erhalten.<\/p>\n<p><strong>FITT Force wird nach den Grunds\u00e4tzen des \u00d6ko-Designs hergestellt und entspricht sowohl in Bezug auf Material und Herstellungsprozesse als auch Verpackung und Entsorgung h\u00f6chsten Nachhaltigkeitsstandards. <\/strong><\/p>\n<p>Er wird aus einem innovativen thermoplastischen Vulkanisat (TPV) hergestellt, das die Verwendung von 50% weniger Rohstoffen als f\u00fcr die Herstellung herk\u00f6mmlicher PVC-Schl\u00e4uche erm\u00f6glicht. Das Volumen von FITT Force ist im Vergleich zu anderen Schl\u00e4uchen auf dem Markt um 70% reduziert und er enth\u00e4lt kein PVC.<br \/>\n\u00c4u\u00dferst langlebig: das Hochleistungselastomer TPV verleiht dem Schlauch Flexibilit\u00e4t, Stabilit\u00e4t und eine lange Lebensdauer. Daher ist er auch mit einer 30-j\u00e4hrigen Garantie ausgestattet.<br \/>\nReparierbar: die Kupplungen lassen sich ganz leicht entfernen, so dass der Schlauch bei eventuellen Schnitten oder L\u00f6chern repariert werden kann, was seine Nutzungsdauer verl\u00e4ngert. Bei Gebrauchsende k\u00f6nnen Kupplungen und Schlauch korrekt entsorgt werden, so dass eine <strong>korrekte Wiederverwertung und Wiederverwendung der Rohstoffe m\u00f6glich ist<\/strong>.<br \/>\nKompakte Verpackung: sie besteht aus recycelbarem Karton und bringt auch auf <strong>logistischer Ebene Vorteile mit sich<\/strong>: das Produkt ben\u00f6tigt sowohl im Lager als auch im Transportfahrzeug und Verkaufsregal 50% weniger Platz.<\/p>\n<p>Dank der diesj\u00e4hrigen Auszeichnung kann nun die gesamte Produktserie von FITT Force mit dem Designsiegel versehen werden. Die Schlauchspritze wurde in Zusammenarbeit mit der&nbsp;<strong>Style Agentur MOMODESIGN<\/strong>&nbsp;entwickelt und zeichnet sich durch ihre elegante Note aus. Die&nbsp;<strong>superkompakte und ergonomische Form<\/strong>&nbsp;ist perfekt den Kupplungen angepasst und dadurch \u00e4u\u00dferst praktisch und handlich. Die H\u00fclse mit Dauerstrahl und kontinuierlichem Wasserfluss ist regulierbar und erf\u00fcllt damit unterschiedlichste Bed\u00fcrfnisse. Die weiche Gummibeschichtung und rutschfeste Oberfl\u00e4chenbehandlung garantiert auch mit nassen H\u00e4nden optimale Griffigkeit.<\/p>\n<p>Was auf den ersten Blick wie ein einfacher Gartenschlauch aussieht, enth\u00e4lt einen hohes Ma\u00df an Technologie, Forschung, Innovation und Design.<br \/>\nDieser zweite iF DESIGN AWARD ist daf\u00fcr ein exzellenter Beweis.<\/p>\n","protected":false},"excerpt":{"rendered":"<p>FITT Force konnte in der Version mit kompakter Spritze im zweiten Jahr in Folge den iF DESIGN AWARD erringen, einen der weltweit renommiertesten Designpreise. Der leichte,&nbsp;kompakte und widerstandsf\u00e4hige Schlauch FITT Force f\u00fcr die intensive Nutzung wurde in der Sparte Produkt der Kategorie Garden pr\u00e4miert. Der iF DESIGN AWARD wird jedes Jahr von der iF International [&hellip;]<\/p>\n","protected":false},"author":1,"featured_media":14010,"comment_status":"closed","ping_status":"open","sticky":false,"template":"","format":"standard","meta":{"_acf_changed":false,"footnotes":""},"categories":[391,390,397],"tags":[],"class_list":["post-15640","post","type-post","status-publish","format-standard","has-post-thumbnail","hentry","category-garden-de","category-news-de","category-premio-de"],"acf":[],"yoast_head":"<!-- This site is optimized with the Yoast SEO Premium plugin v24.1 (Yoast SEO v27.3) - https:\/\/yoast.com\/product\/yoast-seo-premium-wordpress\/ -->\n<title>FITT Force gewinnt zum zweiten Mal den iF DESIGN AWARD 2021 - FITT<\/title>\n<meta name=\"robots\" content=\"index, follow, max-snippet:-1, max-image-preview:large, max-video-preview:-1\" \/>\n<link rel=\"canonical\" href=\"https:\/\/www.fitt.com\/de\/news\/fitt-force-gewinnt-zum-zweiten-mal-den-if-design-award-2021\/\" \/>\n<meta property=\"og:locale\" content=\"de_DE\" \/>\n<meta property=\"og:type\" content=\"article\" \/>\n<meta property=\"og:title\" content=\"FITT Force gewinnt zum zweiten Mal den iF DESIGN AWARD 2021\" \/>\n<meta property=\"og:description\" content=\"FITT Force konnte in der Version mit kompakter Spritze im zweiten Jahr in Folge den iF DESIGN AWARD erringen, einen der weltweit renommiertesten Designpreise. Der leichte,&nbsp;kompakte und widerstandsf\u00e4hige Schlauch FITT Force f\u00fcr die intensive Nutzung wurde in der Sparte Produkt der Kategorie Garden pr\u00e4miert. Der iF DESIGN AWARD wird jedes Jahr von der iF International [&hellip;]\" \/>\n<meta property=\"og:url\" content=\"https:\/\/www.fitt.com\/de\/news\/fitt-force-gewinnt-zum-zweiten-mal-den-if-design-award-2021\/\" \/>\n<meta property=\"og:site_name\" content=\"FITT\" \/>\n<meta property=\"article:published_time\" content=\"2021-04-25T22:00:00+00:00\" \/>\n<meta property=\"article:modified_time\" content=\"2022-08-10T10:28:28+00:00\" \/>\n<meta property=\"og:image\" content=\"https:\/\/www.fitt.com\/wp-content\/uploads\/2021\/04\/award-1.jpg\" \/>\n\t<meta property=\"og:image:width\" content=\"1280\" \/>\n\t<meta property=\"og:image:height\" content=\"520\" \/>\n\t<meta property=\"og:image:type\" content=\"image\/jpeg\" \/>\n<meta name=\"author\" content=\"system\" \/>\n<meta name=\"twitter:card\" content=\"summary_large_image\" \/>\n<meta name=\"twitter:label1\" content=\"Verfasst von\" \/>\n\t<meta name=\"twitter:data1\" content=\"system\" \/>\n\t<meta name=\"twitter:label2\" content=\"Gesch\u00e4tzte Lesezeit\" \/>\n\t<meta name=\"twitter:data2\" content=\"2\u00a0Minuten\" \/>\n<script type=\"application\/ld+json\" class=\"yoast-schema-graph\">{\"@context\":\"https:\\\/\\\/schema.org\",\"@graph\":[{\"@type\":\"Article\",\"@id\":\"https:\\\/\\\/www.fitt.com\\\/de\\\/news\\\/fitt-force-gewinnt-zum-zweiten-mal-den-if-design-award-2021\\\/#article\",\"isPartOf\":{\"@id\":\"https:\\\/\\\/www.fitt.com\\\/de\\\/news\\\/fitt-force-gewinnt-zum-zweiten-mal-den-if-design-award-2021\\\/\"},\"author\":{\"name\":\"system\",\"@id\":\"https:\\\/\\\/www.fitt.com\\\/de\\\/#\\\/schema\\\/person\\\/88ed5d9863be31118f9ec9ee37f028a2\"},\"headline\":\"FITT Force gewinnt zum zweiten Mal den iF DESIGN AWARD 2021\",\"datePublished\":\"2021-04-25T22:00:00+00:00\",\"dateModified\":\"2022-08-10T10:28:28+00:00\",\"mainEntityOfPage\":{\"@id\":\"https:\\\/\\\/www.fitt.com\\\/de\\\/news\\\/fitt-force-gewinnt-zum-zweiten-mal-den-if-design-award-2021\\\/\"},\"wordCount\":442,\"publisher\":{\"@id\":\"https:\\\/\\\/www.fitt.com\\\/de\\\/#organization\"},\"image\":{\"@id\":\"https:\\\/\\\/www.fitt.com\\\/de\\\/news\\\/fitt-force-gewinnt-zum-zweiten-mal-den-if-design-award-2021\\\/#primaryimage\"},\"thumbnailUrl\":\"https:\\\/\\\/www.fitt.com\\\/wp-content\\\/uploads\\\/2021\\\/04\\\/award-1.jpg\",\"articleSection\":[\"Garden\",\"News\",\"Premio\"],\"inLanguage\":\"de\"},{\"@type\":\"WebPage\",\"@id\":\"https:\\\/\\\/www.fitt.com\\\/de\\\/news\\\/fitt-force-gewinnt-zum-zweiten-mal-den-if-design-award-2021\\\/\",\"url\":\"https:\\\/\\\/www.fitt.com\\\/de\\\/news\\\/fitt-force-gewinnt-zum-zweiten-mal-den-if-design-award-2021\\\/\",\"name\":\"FITT Force gewinnt zum zweiten Mal den iF DESIGN AWARD 2021 - FITT\",\"isPartOf\":{\"@id\":\"https:\\\/\\\/www.fitt.com\\\/de\\\/#website\"},\"primaryImageOfPage\":{\"@id\":\"https:\\\/\\\/www.fitt.com\\\/de\\\/news\\\/fitt-force-gewinnt-zum-zweiten-mal-den-if-design-award-2021\\\/#primaryimage\"},\"image\":{\"@id\":\"https:\\\/\\\/www.fitt.com\\\/de\\\/news\\\/fitt-force-gewinnt-zum-zweiten-mal-den-if-design-award-2021\\\/#primaryimage\"},\"thumbnailUrl\":\"https:\\\/\\\/www.fitt.com\\\/wp-content\\\/uploads\\\/2021\\\/04\\\/award-1.jpg\",\"datePublished\":\"2021-04-25T22:00:00+00:00\",\"dateModified\":\"2022-08-10T10:28:28+00:00\",\"breadcrumb\":{\"@id\":\"https:\\\/\\\/www.fitt.com\\\/de\\\/news\\\/fitt-force-gewinnt-zum-zweiten-mal-den-if-design-award-2021\\\/#breadcrumb\"},\"inLanguage\":\"de\",\"potentialAction\":[{\"@type\":\"ReadAction\",\"target\":[\"https:\\\/\\\/www.fitt.com\\\/de\\\/news\\\/fitt-force-gewinnt-zum-zweiten-mal-den-if-design-award-2021\\\/\"]}]},{\"@type\":\"ImageObject\",\"inLanguage\":\"de\",\"@id\":\"https:\\\/\\\/www.fitt.com\\\/de\\\/news\\\/fitt-force-gewinnt-zum-zweiten-mal-den-if-design-award-2021\\\/#primaryimage\",\"url\":\"https:\\\/\\\/www.fitt.com\\\/wp-content\\\/uploads\\\/2021\\\/04\\\/award-1.jpg\",\"contentUrl\":\"https:\\\/\\\/www.fitt.com\\\/wp-content\\\/uploads\\\/2021\\\/04\\\/award-1.jpg\",\"width\":1280,\"height\":520},{\"@type\":\"BreadcrumbList\",\"@id\":\"https:\\\/\\\/www.fitt.com\\\/de\\\/news\\\/fitt-force-gewinnt-zum-zweiten-mal-den-if-design-award-2021\\\/#breadcrumb\",\"itemListElement\":[{\"@type\":\"ListItem\",\"position\":1,\"name\":\"Home\",\"item\":\"https:\\\/\\\/www.fitt.com\\\/de\\\/\"},{\"@type\":\"ListItem\",\"position\":2,\"name\":\"FITT Force gewinnt zum zweiten Mal den iF DESIGN AWARD 2021\"}]},{\"@type\":\"WebSite\",\"@id\":\"https:\\\/\\\/www.fitt.com\\\/de\\\/#website\",\"url\":\"https:\\\/\\\/www.fitt.com\\\/de\\\/\",\"name\":\"FITT\",\"description\":\"FITT Spa\",\"publisher\":{\"@id\":\"https:\\\/\\\/www.fitt.com\\\/de\\\/#organization\"},\"potentialAction\":[{\"@type\":\"SearchAction\",\"target\":{\"@type\":\"EntryPoint\",\"urlTemplate\":\"https:\\\/\\\/www.fitt.com\\\/de\\\/?s={search_term_string}\"},\"query-input\":{\"@type\":\"PropertyValueSpecification\",\"valueRequired\":true,\"valueName\":\"search_term_string\"}}],\"inLanguage\":\"de\"},{\"@type\":\"Organization\",\"@id\":\"https:\\\/\\\/www.fitt.com\\\/de\\\/#organization\",\"name\":\"Fitt SPA\",\"url\":\"https:\\\/\\\/www.fitt.com\\\/de\\\/\",\"logo\":{\"@type\":\"ImageObject\",\"inLanguage\":\"de\",\"@id\":\"https:\\\/\\\/www.fitt.com\\\/de\\\/#\\\/schema\\\/logo\\\/image\\\/\",\"url\":\"https:\\\/\\\/www.fitt.com\\\/wp-content\\\/uploads\\\/2022\\\/05\\\/logo-light.png\",\"contentUrl\":\"https:\\\/\\\/www.fitt.com\\\/wp-content\\\/uploads\\\/2022\\\/05\\\/logo-light.png\",\"width\":827,\"height\":508,\"caption\":\"Fitt SPA\"},\"image\":{\"@id\":\"https:\\\/\\\/www.fitt.com\\\/de\\\/#\\\/schema\\\/logo\\\/image\\\/\"}},{\"@type\":\"Person\",\"@id\":\"https:\\\/\\\/www.fitt.com\\\/de\\\/#\\\/schema\\\/person\\\/88ed5d9863be31118f9ec9ee37f028a2\",\"name\":\"system\",\"sameAs\":[\"https:\\\/\\\/www.fitt.com\\\/\"]}]}<\/script>\n<!-- \/ Yoast SEO Premium plugin. -->","yoast_head_json":{"title":"FITT Force gewinnt zum zweiten Mal den iF DESIGN AWARD 2021 - FITT","robots":{"index":"index","follow":"follow","max-snippet":"max-snippet:-1","max-image-preview":"max-image-preview:large","max-video-preview":"max-video-preview:-1"},"canonical":"https:\/\/www.fitt.com\/de\/news\/fitt-force-gewinnt-zum-zweiten-mal-den-if-design-award-2021\/","og_locale":"de_DE","og_type":"article","og_title":"FITT Force gewinnt zum zweiten Mal den iF DESIGN AWARD 2021","og_description":"FITT Force konnte in der Version mit kompakter Spritze im zweiten Jahr in Folge den iF DESIGN AWARD erringen, einen der weltweit renommiertesten Designpreise. Der leichte,&nbsp;kompakte und widerstandsf\u00e4hige Schlauch FITT Force f\u00fcr die intensive Nutzung wurde in der Sparte Produkt der Kategorie Garden pr\u00e4miert. Der iF DESIGN AWARD wird jedes Jahr von der iF International [&hellip;]","og_url":"https:\/\/www.fitt.com\/de\/news\/fitt-force-gewinnt-zum-zweiten-mal-den-if-design-award-2021\/","og_site_name":"FITT","article_published_time":"2021-04-25T22:00:00+00:00","article_modified_time":"2022-08-10T10:28:28+00:00","og_image":[{"width":1280,"height":520,"url":"https:\/\/www.fitt.com\/wp-content\/uploads\/2021\/04\/award-1.jpg","type":"image\/jpeg"}],"author":"system","twitter_card":"summary_large_image","twitter_misc":{"Verfasst von":"system","Gesch\u00e4tzte Lesezeit":"2\u00a0Minuten"},"schema":{"@context":"https:\/\/schema.org","@graph":[{"@type":"Article","@id":"https:\/\/www.fitt.com\/de\/news\/fitt-force-gewinnt-zum-zweiten-mal-den-if-design-award-2021\/#article","isPartOf":{"@id":"https:\/\/www.fitt.com\/de\/news\/fitt-force-gewinnt-zum-zweiten-mal-den-if-design-award-2021\/"},"author":{"name":"system","@id":"https:\/\/www.fitt.com\/de\/#\/schema\/person\/88ed5d9863be31118f9ec9ee37f028a2"},"headline":"FITT Force gewinnt zum zweiten Mal den iF DESIGN AWARD 2021","datePublished":"2021-04-25T22:00:00+00:00","dateModified":"2022-08-10T10:28:28+00:00","mainEntityOfPage":{"@id":"https:\/\/www.fitt.com\/de\/news\/fitt-force-gewinnt-zum-zweiten-mal-den-if-design-award-2021\/"},"wordCount":442,"publisher":{"@id":"https:\/\/www.fitt.com\/de\/#organization"},"image":{"@id":"https:\/\/www.fitt.com\/de\/news\/fitt-force-gewinnt-zum-zweiten-mal-den-if-design-award-2021\/#primaryimage"},"thumbnailUrl":"https:\/\/www.fitt.com\/wp-content\/uploads\/2021\/04\/award-1.jpg","articleSection":["Garden","News","Premio"],"inLanguage":"de"},{"@type":"WebPage","@id":"https:\/\/www.fitt.com\/de\/news\/fitt-force-gewinnt-zum-zweiten-mal-den-if-design-award-2021\/","url":"https:\/\/www.fitt.com\/de\/news\/fitt-force-gewinnt-zum-zweiten-mal-den-if-design-award-2021\/","name":"FITT Force gewinnt zum zweiten Mal den iF DESIGN AWARD 2021 - FITT","isPartOf":{"@id":"https:\/\/www.fitt.com\/de\/#website"},"primaryImageOfPage":{"@id":"https:\/\/www.fitt.com\/de\/news\/fitt-force-gewinnt-zum-zweiten-mal-den-if-design-award-2021\/#primaryimage"},"image":{"@id":"https:\/\/www.fitt.com\/de\/news\/fitt-force-gewinnt-zum-zweiten-mal-den-if-design-award-2021\/#primaryimage"},"thumbnailUrl":"https:\/\/www.fitt.com\/wp-content\/uploads\/2021\/04\/award-1.jpg","datePublished":"2021-04-25T22:00:00+00:00","dateModified":"2022-08-10T10:28:28+00:00","breadcrumb":{"@id":"https:\/\/www.fitt.com\/de\/news\/fitt-force-gewinnt-zum-zweiten-mal-den-if-design-award-2021\/#breadcrumb"},"inLanguage":"de","potentialAction":[{"@type":"ReadAction","target":["https:\/\/www.fitt.com\/de\/news\/fitt-force-gewinnt-zum-zweiten-mal-den-if-design-award-2021\/"]}]},{"@type":"ImageObject","inLanguage":"de","@id":"https:\/\/www.fitt.com\/de\/news\/fitt-force-gewinnt-zum-zweiten-mal-den-if-design-award-2021\/#primaryimage","url":"https:\/\/www.fitt.com\/wp-content\/uploads\/2021\/04\/award-1.jpg","contentUrl":"https:\/\/www.fitt.com\/wp-content\/uploads\/2021\/04\/award-1.jpg","width":1280,"height":520},{"@type":"BreadcrumbList","@id":"https:\/\/www.fitt.com\/de\/news\/fitt-force-gewinnt-zum-zweiten-mal-den-if-design-award-2021\/#breadcrumb","itemListElement":[{"@type":"ListItem","position":1,"name":"Home","item":"https:\/\/www.fitt.com\/de\/"},{"@type":"ListItem","position":2,"name":"FITT Force gewinnt zum zweiten Mal den iF DESIGN AWARD 2021"}]},{"@type":"WebSite","@id":"https:\/\/www.fitt.com\/de\/#website","url":"https:\/\/www.fitt.com\/de\/","name":"FITT","description":"FITT Spa","publisher":{"@id":"https:\/\/www.fitt.com\/de\/#organization"},"potentialAction":[{"@type":"SearchAction","target":{"@type":"EntryPoint","urlTemplate":"https:\/\/www.fitt.com\/de\/?s={search_term_string}"},"query-input":{"@type":"PropertyValueSpecification","valueRequired":true,"valueName":"search_term_string"}}],"inLanguage":"de"},{"@type":"Organization","@id":"https:\/\/www.fitt.com\/de\/#organization","name":"Fitt SPA","url":"https:\/\/www.fitt.com\/de\/","logo":{"@type":"ImageObject","inLanguage":"de","@id":"https:\/\/www.fitt.com\/de\/#\/schema\/logo\/image\/","url":"https:\/\/www.fitt.com\/wp-content\/uploads\/2022\/05\/logo-light.png","contentUrl":"https:\/\/www.fitt.com\/wp-content\/uploads\/2022\/05\/logo-light.png","width":827,"height":508,"caption":"Fitt SPA"},"image":{"@id":"https:\/\/www.fitt.com\/de\/#\/schema\/logo\/image\/"}},{"@type":"Person","@id":"https:\/\/www.fitt.com\/de\/#\/schema\/person\/88ed5d9863be31118f9ec9ee37f028a2","name":"system","sameAs":["https:\/\/www.fitt.com\/"]}]}},"_links":{"self":[{"href":"https:\/\/www.fitt.com\/de\/wp-json\/wp\/v2\/posts\/15640","targetHints":{"allow":["GET"]}}],"collection":[{"href":"https:\/\/www.fitt.com\/de\/wp-json\/wp\/v2\/posts"}],"about":[{"href":"https:\/\/www.fitt.com\/de\/wp-json\/wp\/v2\/types\/post"}],"author":[{"embeddable":true,"href":"https:\/\/www.fitt.com\/de\/wp-json\/wp\/v2\/users\/1"}],"replies":[{"embeddable":true,"href":"https:\/\/www.fitt.com\/de\/wp-json\/wp\/v2\/comments?post=15640"}],"version-history":[{"count":1,"href":"https:\/\/www.fitt.com\/de\/wp-json\/wp\/v2\/posts\/15640\/revisions"}],"predecessor-version":[{"id":15641,"href":"https:\/\/www.fitt.com\/de\/wp-json\/wp\/v2\/posts\/15640\/revisions\/15641"}],"wp:featuredmedia":[{"embeddable":true,"href":"https:\/\/www.fitt.com\/de\/wp-json\/wp\/v2\/media\/14010"}],"wp:attachment":[{"href":"https:\/\/www.fitt.com\/de\/wp-json\/wp\/v2\/media?parent=15640"}],"wp:term":[{"taxonomy":"category","embeddable":true,"href":"https:\/\/www.fitt.com\/de\/wp-json\/wp\/v2\/categories?post=15640"},{"taxonomy":"post_tag","embeddable":true,"href":"https:\/\/www.fitt.com\/de\/wp-json\/wp\/v2\/tags?post=15640"}],"curies":[{"name":"wp","href":"https:\/\/api.w.org\/{rel}","templated":true}]}}