{"id":15627,"date":"2020-05-26T17:53:28","date_gmt":"2020-05-26T15:53:28","guid":{"rendered":"https:\/\/www.fitt.com\/news\/fitt-tra-i-volti-della-sostenibilita-al-salone-della-csr-e-dellinnovazione-sociale\/"},"modified":"2022-08-10T11:32:43","modified_gmt":"2022-08-10T09:32:43","slug":"fitt-gehoert-zu-den-gesichtern-der-nachhaltigkeit-beim-salone-della-csr-e-dellinnovazione-sociale-meeting-fuer-csr-und-soziale-innovation","status":"publish","type":"post","link":"https:\/\/www.fitt.com\/de\/news\/fitt-gehoert-zu-den-gesichtern-der-nachhaltigkeit-beim-salone-della-csr-e-dellinnovazione-sociale-meeting-fuer-csr-und-soziale-innovation\/","title":{"rendered":"FITT geh\u00f6rt zu den \u201eGesichtern der Nachhaltigkeit\u201c beim \u201eSalone della CSR e dell\u2019innovazione sociale\u201c [Meeting f\u00fcr CSR und Soziale Innovation]"},"content":{"rendered":"<p>Der seit 2013 organisierte <a href=\"\"http:\/\/www.csreinnovazionesociale.it\/\"\" target=\"\"_blank\"\" title=\"\"Salone della CSR\"\"><strong><em>\u201eSalone della CSR e dell\u2019innovazione sociale\u201c<\/em><\/strong><\/a> findet bereits zum achten Mal statt und geh\u00f6rt zu den wichtigsten italienischen Events zum Thema Nachhaltigkeit. Er wird im kommenden Herbst an der Mail\u00e4nder Universit\u00e4t Bocconi abgehalten, nachdem vorher in 14 verschiedenen St\u00e4dten Italiens bereits ein <strong>\u201e<em>Giro d\u2019Italia della CSR\u201c<\/em> <\/strong>organisiert wurde. <strong>Eine Reihe von Meetings mit dem Ziel, nachhaltige Gesch\u00e4ftsmodelle, die Wertsch\u00e4tzung der Erfahrungen von Unternehmen und Regionen sowie die Nachahmung vorbildlicher Modelle zu f\u00f6rdern<\/strong>.<\/p>\n<p>Thema der Ausgabe 2020 des <em>\u201eSalone della CSR e dell\u2019innovazione sociale\u201c<\/em> sind <strong>\u201e<em>Die Gesichter der Nachhaltigkeit\u201c<\/em><\/strong>. Es besch\u00e4ftigt sich mit Personen, die das Thema der Nachhaltigkeit in den Vordergrund stellen, sich direkt f\u00fcr seine Umsetzung engagieren und das Ziel verfolgen, Lebensstile, Konsum und Produktionsprozesse im Zeichen der Nachhaltigkeit zu organisieren.<\/p>\n<p>Auch wir von FITT haben uns bereit erkl\u00e4rt, an diesem Erfahrungsaustausch mitzuwirken. Nicht nur, weil die <strong>Nachhaltigkeit <\/strong>ein grundlegender Aspekt unserer gegenw\u00e4rtigen und zuk\u00fcnftigen Gesch\u00e4ftsstrategie darstellt, sondern auch, weil wir ein nachhaltiges Denken auf allen Ebenen f\u00f6rdern, auch durch Schulung die unserer Mitarbeiter, gegen\u00fcber denen wir eine wichtige Vorbildfunktion haben.<br \/>\n<strong>Bei FITT ist jeder Mitarbeiter ein \u201eGesicht der Nachhaltigkeit\u201c<\/strong>: Mitwirkung ist ein weiterer wichtiger Aspekt unserer Unternehmenskultur, denn jede Firma formt und pr\u00e4gt ihre Zukunft durch das Engagement aller Beteiligten.<\/p>\n<p>Unsere Vorstellung von Nachhaltigkeit basiert also auf der <strong>Einbeziehung und Weiterbildung der Personen<\/strong>, <strong>die diesen Ansatz in der allt\u00e4glichen Arbeitspraxis umsetzen<\/strong>.<\/p>\n<p>Seit einigen Jahren setzt FITT bei der <strong>Produktentwicklung auf die Grunds\u00e4tze des \u00d6kodesigns<\/strong>, die vor allem zwei Aspekte betreffen: einerseits den<strong> Bereich der Recycling-Materialien<\/strong> dank einer kompletten internen Reduzierung von Produktionsabf\u00e4llen in Kombination mit hoher Energieeffizienz durch zwei Kraft-W\u00e4rme-Kopplungsanlagen an den wichtigsten Produktionsst\u00e4tten, andererseits die <strong>Entwicklung von Produkten aus innovativen Materialien<\/strong>, die h\u00f6here Leistungen mit der geringstm\u00f6glichen Verwendung von Rohstoffen und einer h\u00f6chstm\u00f6glichen Kompatibilit\u00e4t der Komponenten bei der Entsorgung verbindet.<\/p>\n<p>Ein nachhaltiger Ansatz kommt jedoch nicht von selbst und l\u00e4sst sich nicht improvisieren: er muss stets auf transparenten, wissenschaftlichen, messbaren und zertifizierten Daten basieren, wie im Falle der <strong>Umwelt-Produktdeklaration (EPD) f\u00fcr die PVC-A Wasserleitungsrohre<a href=\"\"https:\/\/www.fitt.com\/de\/produkte\/infrastrukturnetze\/wasserleitungen\/fitt-bluforce\"\" target=\"\"_blank\"\" title=\"\"FITT Bluforce\"\"> FITT Bluforce<\/a><\/strong>. <strong>Ein freiwilliges Umweltsiegel<\/strong>, bei dem das Verantwortungsbewusstsein gegen\u00fcber Region, Partnern, Stakeholdern und Verbrauchern&nbsp; im Vordergrund steht.<\/p>\n<p><strong>Personen, Unternehmen, Produkte, Prozesse und Zertifizierungen<\/strong>: sie alle sind ein grundlegender Bestandteil unserer Vorstellung von einer integrierten Nachhaltigkeit.<\/p>\n","protected":false},"excerpt":{"rendered":"<p>Der seit 2013 organisierte \u201eSalone della CSR e dell\u2019innovazione sociale\u201c findet bereits zum achten Mal statt und geh\u00f6rt zu den wichtigsten italienischen Events zum Thema Nachhaltigkeit. Er wird im kommenden Herbst an der Mail\u00e4nder Universit\u00e4t Bocconi abgehalten, nachdem vorher in 14 verschiedenen St\u00e4dten Italiens bereits ein \u201eGiro d\u2019Italia della CSR\u201c organisiert wurde. Eine Reihe von [&hellip;]<\/p>\n","protected":false},"author":1,"featured_media":13983,"comment_status":"closed","ping_status":"open","sticky":false,"template":"","format":"standard","meta":{"_acf_changed":false,"footnotes":""},"categories":[393,390,398],"tags":[],"class_list":["post-15627","post","type-post","status-publish","format-standard","has-post-thumbnail","hentry","category-eventi-de","category-news-de","category-sustainability-de"],"acf":[],"yoast_head":"<!-- This site is optimized with the Yoast SEO Premium plugin v24.1 (Yoast SEO v27.3) - https:\/\/yoast.com\/product\/yoast-seo-premium-wordpress\/ -->\n<title>FITT geh\u00f6rt zu den \u201eGesichtern der Nachhaltigkeit\u201c beim \u201eSalone della CSR e dell\u2019innovazione sociale\u201c [Meeting f\u00fcr CSR und Soziale Innovation] - FITT<\/title>\n<meta name=\"robots\" content=\"index, follow, max-snippet:-1, max-image-preview:large, max-video-preview:-1\" \/>\n<link rel=\"canonical\" href=\"https:\/\/www.fitt.com\/de\/news\/fitt-gehoert-zu-den-gesichtern-der-nachhaltigkeit-beim-salone-della-csr-e-dellinnovazione-sociale-meeting-fuer-csr-und-soziale-innovation\/\" \/>\n<meta property=\"og:locale\" content=\"de_DE\" \/>\n<meta property=\"og:type\" content=\"article\" \/>\n<meta property=\"og:title\" content=\"FITT geh\u00f6rt zu den \u201eGesichtern der Nachhaltigkeit\u201c beim \u201eSalone della CSR e dell\u2019innovazione sociale\u201c [Meeting f\u00fcr CSR und Soziale Innovation]\" \/>\n<meta property=\"og:description\" content=\"Der seit 2013 organisierte \u201eSalone della CSR e dell\u2019innovazione sociale\u201c findet bereits zum achten Mal statt und geh\u00f6rt zu den wichtigsten italienischen Events zum Thema Nachhaltigkeit. Er wird im kommenden Herbst an der Mail\u00e4nder Universit\u00e4t Bocconi abgehalten, nachdem vorher in 14 verschiedenen St\u00e4dten Italiens bereits ein \u201eGiro d\u2019Italia della CSR\u201c organisiert wurde. Eine Reihe von [&hellip;]\" \/>\n<meta property=\"og:url\" content=\"https:\/\/www.fitt.com\/de\/news\/fitt-gehoert-zu-den-gesichtern-der-nachhaltigkeit-beim-salone-della-csr-e-dellinnovazione-sociale-meeting-fuer-csr-und-soziale-innovation\/\" \/>\n<meta property=\"og:site_name\" content=\"FITT\" \/>\n<meta property=\"article:published_time\" content=\"2020-05-26T15:53:28+00:00\" \/>\n<meta property=\"article:modified_time\" content=\"2022-08-10T09:32:43+00:00\" \/>\n<meta property=\"og:image\" content=\"https:\/\/www.fitt.com\/wp-content\/uploads\/2020\/05\/FITT-tra-I-volti-della-sostenibilita-al-Salone-della-CSR-e-dellinnovazione-sociale.jpg\" \/>\n\t<meta property=\"og:image:width\" content=\"1600\" \/>\n\t<meta property=\"og:image:height\" content=\"650\" \/>\n\t<meta property=\"og:image:type\" content=\"image\/jpeg\" \/>\n<meta name=\"author\" content=\"system\" \/>\n<meta name=\"twitter:card\" content=\"summary_large_image\" \/>\n<meta name=\"twitter:label1\" content=\"Verfasst von\" \/>\n\t<meta name=\"twitter:data1\" content=\"system\" \/>\n\t<meta name=\"twitter:label2\" content=\"Gesch\u00e4tzte Lesezeit\" \/>\n\t<meta name=\"twitter:data2\" content=\"2\u00a0Minuten\" \/>\n<script type=\"application\/ld+json\" class=\"yoast-schema-graph\">{\"@context\":\"https:\\\/\\\/schema.org\",\"@graph\":[{\"@type\":\"Article\",\"@id\":\"https:\\\/\\\/www.fitt.com\\\/de\\\/news\\\/fitt-gehoert-zu-den-gesichtern-der-nachhaltigkeit-beim-salone-della-csr-e-dellinnovazione-sociale-meeting-fuer-csr-und-soziale-innovation\\\/#article\",\"isPartOf\":{\"@id\":\"https:\\\/\\\/www.fitt.com\\\/de\\\/news\\\/fitt-gehoert-zu-den-gesichtern-der-nachhaltigkeit-beim-salone-della-csr-e-dellinnovazione-sociale-meeting-fuer-csr-und-soziale-innovation\\\/\"},\"author\":{\"name\":\"system\",\"@id\":\"https:\\\/\\\/www.fitt.com\\\/de\\\/#\\\/schema\\\/person\\\/88ed5d9863be31118f9ec9ee37f028a2\"},\"headline\":\"FITT geh\u00f6rt zu den \u201eGesichtern der Nachhaltigkeit\u201c beim \u201eSalone della CSR e dell\u2019innovazione sociale\u201c [Meeting f\u00fcr CSR und Soziale Innovation]\",\"datePublished\":\"2020-05-26T15:53:28+00:00\",\"dateModified\":\"2022-08-10T09:32:43+00:00\",\"mainEntityOfPage\":{\"@id\":\"https:\\\/\\\/www.fitt.com\\\/de\\\/news\\\/fitt-gehoert-zu-den-gesichtern-der-nachhaltigkeit-beim-salone-della-csr-e-dellinnovazione-sociale-meeting-fuer-csr-und-soziale-innovation\\\/\"},\"wordCount\":420,\"publisher\":{\"@id\":\"https:\\\/\\\/www.fitt.com\\\/de\\\/#organization\"},\"image\":{\"@id\":\"https:\\\/\\\/www.fitt.com\\\/de\\\/news\\\/fitt-gehoert-zu-den-gesichtern-der-nachhaltigkeit-beim-salone-della-csr-e-dellinnovazione-sociale-meeting-fuer-csr-und-soziale-innovation\\\/#primaryimage\"},\"thumbnailUrl\":\"https:\\\/\\\/www.fitt.com\\\/wp-content\\\/uploads\\\/2020\\\/05\\\/FITT-tra-I-volti-della-sostenibilita-al-Salone-della-CSR-e-dellinnovazione-sociale.jpg\",\"articleSection\":[\"Eventi\",\"News\",\"Sustainability\"],\"inLanguage\":\"de\"},{\"@type\":\"WebPage\",\"@id\":\"https:\\\/\\\/www.fitt.com\\\/de\\\/news\\\/fitt-gehoert-zu-den-gesichtern-der-nachhaltigkeit-beim-salone-della-csr-e-dellinnovazione-sociale-meeting-fuer-csr-und-soziale-innovation\\\/\",\"url\":\"https:\\\/\\\/www.fitt.com\\\/de\\\/news\\\/fitt-gehoert-zu-den-gesichtern-der-nachhaltigkeit-beim-salone-della-csr-e-dellinnovazione-sociale-meeting-fuer-csr-und-soziale-innovation\\\/\",\"name\":\"FITT geh\u00f6rt zu den \u201eGesichtern der Nachhaltigkeit\u201c beim \u201eSalone della CSR e dell\u2019innovazione sociale\u201c [Meeting f\u00fcr CSR und Soziale Innovation] - FITT\",\"isPartOf\":{\"@id\":\"https:\\\/\\\/www.fitt.com\\\/de\\\/#website\"},\"primaryImageOfPage\":{\"@id\":\"https:\\\/\\\/www.fitt.com\\\/de\\\/news\\\/fitt-gehoert-zu-den-gesichtern-der-nachhaltigkeit-beim-salone-della-csr-e-dellinnovazione-sociale-meeting-fuer-csr-und-soziale-innovation\\\/#primaryimage\"},\"image\":{\"@id\":\"https:\\\/\\\/www.fitt.com\\\/de\\\/news\\\/fitt-gehoert-zu-den-gesichtern-der-nachhaltigkeit-beim-salone-della-csr-e-dellinnovazione-sociale-meeting-fuer-csr-und-soziale-innovation\\\/#primaryimage\"},\"thumbnailUrl\":\"https:\\\/\\\/www.fitt.com\\\/wp-content\\\/uploads\\\/2020\\\/05\\\/FITT-tra-I-volti-della-sostenibilita-al-Salone-della-CSR-e-dellinnovazione-sociale.jpg\",\"datePublished\":\"2020-05-26T15:53:28+00:00\",\"dateModified\":\"2022-08-10T09:32:43+00:00\",\"breadcrumb\":{\"@id\":\"https:\\\/\\\/www.fitt.com\\\/de\\\/news\\\/fitt-gehoert-zu-den-gesichtern-der-nachhaltigkeit-beim-salone-della-csr-e-dellinnovazione-sociale-meeting-fuer-csr-und-soziale-innovation\\\/#breadcrumb\"},\"inLanguage\":\"de\",\"potentialAction\":[{\"@type\":\"ReadAction\",\"target\":[\"https:\\\/\\\/www.fitt.com\\\/de\\\/news\\\/fitt-gehoert-zu-den-gesichtern-der-nachhaltigkeit-beim-salone-della-csr-e-dellinnovazione-sociale-meeting-fuer-csr-und-soziale-innovation\\\/\"]}]},{\"@type\":\"ImageObject\",\"inLanguage\":\"de\",\"@id\":\"https:\\\/\\\/www.fitt.com\\\/de\\\/news\\\/fitt-gehoert-zu-den-gesichtern-der-nachhaltigkeit-beim-salone-della-csr-e-dellinnovazione-sociale-meeting-fuer-csr-und-soziale-innovation\\\/#primaryimage\",\"url\":\"https:\\\/\\\/www.fitt.com\\\/wp-content\\\/uploads\\\/2020\\\/05\\\/FITT-tra-I-volti-della-sostenibilita-al-Salone-della-CSR-e-dellinnovazione-sociale.jpg\",\"contentUrl\":\"https:\\\/\\\/www.fitt.com\\\/wp-content\\\/uploads\\\/2020\\\/05\\\/FITT-tra-I-volti-della-sostenibilita-al-Salone-della-CSR-e-dellinnovazione-sociale.jpg\",\"width\":1600,\"height\":650},{\"@type\":\"BreadcrumbList\",\"@id\":\"https:\\\/\\\/www.fitt.com\\\/de\\\/news\\\/fitt-gehoert-zu-den-gesichtern-der-nachhaltigkeit-beim-salone-della-csr-e-dellinnovazione-sociale-meeting-fuer-csr-und-soziale-innovation\\\/#breadcrumb\",\"itemListElement\":[{\"@type\":\"ListItem\",\"position\":1,\"name\":\"Home\",\"item\":\"https:\\\/\\\/www.fitt.com\\\/de\\\/\"},{\"@type\":\"ListItem\",\"position\":2,\"name\":\"FITT geh\u00f6rt zu den \u201eGesichtern der Nachhaltigkeit\u201c beim \u201eSalone della CSR e dell\u2019innovazione sociale\u201c [Meeting f\u00fcr CSR und Soziale Innovation]\"}]},{\"@type\":\"WebSite\",\"@id\":\"https:\\\/\\\/www.fitt.com\\\/de\\\/#website\",\"url\":\"https:\\\/\\\/www.fitt.com\\\/de\\\/\",\"name\":\"FITT\",\"description\":\"FITT Spa\",\"publisher\":{\"@id\":\"https:\\\/\\\/www.fitt.com\\\/de\\\/#organization\"},\"potentialAction\":[{\"@type\":\"SearchAction\",\"target\":{\"@type\":\"EntryPoint\",\"urlTemplate\":\"https:\\\/\\\/www.fitt.com\\\/de\\\/?s={search_term_string}\"},\"query-input\":{\"@type\":\"PropertyValueSpecification\",\"valueRequired\":true,\"valueName\":\"search_term_string\"}}],\"inLanguage\":\"de\"},{\"@type\":\"Organization\",\"@id\":\"https:\\\/\\\/www.fitt.com\\\/de\\\/#organization\",\"name\":\"Fitt SPA\",\"url\":\"https:\\\/\\\/www.fitt.com\\\/de\\\/\",\"logo\":{\"@type\":\"ImageObject\",\"inLanguage\":\"de\",\"@id\":\"https:\\\/\\\/www.fitt.com\\\/de\\\/#\\\/schema\\\/logo\\\/image\\\/\",\"url\":\"https:\\\/\\\/www.fitt.com\\\/wp-content\\\/uploads\\\/2022\\\/05\\\/logo-light.png\",\"contentUrl\":\"https:\\\/\\\/www.fitt.com\\\/wp-content\\\/uploads\\\/2022\\\/05\\\/logo-light.png\",\"width\":827,\"height\":508,\"caption\":\"Fitt SPA\"},\"image\":{\"@id\":\"https:\\\/\\\/www.fitt.com\\\/de\\\/#\\\/schema\\\/logo\\\/image\\\/\"}},{\"@type\":\"Person\",\"@id\":\"https:\\\/\\\/www.fitt.com\\\/de\\\/#\\\/schema\\\/person\\\/88ed5d9863be31118f9ec9ee37f028a2\",\"name\":\"system\",\"sameAs\":[\"https:\\\/\\\/www.fitt.com\\\/\"]}]}<\/script>\n<!-- \/ Yoast SEO Premium plugin. -->","yoast_head_json":{"title":"FITT geh\u00f6rt zu den \u201eGesichtern der Nachhaltigkeit\u201c beim \u201eSalone della CSR e dell\u2019innovazione sociale\u201c [Meeting f\u00fcr CSR und Soziale Innovation] - FITT","robots":{"index":"index","follow":"follow","max-snippet":"max-snippet:-1","max-image-preview":"max-image-preview:large","max-video-preview":"max-video-preview:-1"},"canonical":"https:\/\/www.fitt.com\/de\/news\/fitt-gehoert-zu-den-gesichtern-der-nachhaltigkeit-beim-salone-della-csr-e-dellinnovazione-sociale-meeting-fuer-csr-und-soziale-innovation\/","og_locale":"de_DE","og_type":"article","og_title":"FITT geh\u00f6rt zu den \u201eGesichtern der Nachhaltigkeit\u201c beim \u201eSalone della CSR e dell\u2019innovazione sociale\u201c [Meeting f\u00fcr CSR und Soziale Innovation]","og_description":"Der seit 2013 organisierte \u201eSalone della CSR e dell\u2019innovazione sociale\u201c findet bereits zum achten Mal statt und geh\u00f6rt zu den wichtigsten italienischen Events zum Thema Nachhaltigkeit. Er wird im kommenden Herbst an der Mail\u00e4nder Universit\u00e4t Bocconi abgehalten, nachdem vorher in 14 verschiedenen St\u00e4dten Italiens bereits ein \u201eGiro d\u2019Italia della CSR\u201c organisiert wurde. Eine Reihe von [&hellip;]","og_url":"https:\/\/www.fitt.com\/de\/news\/fitt-gehoert-zu-den-gesichtern-der-nachhaltigkeit-beim-salone-della-csr-e-dellinnovazione-sociale-meeting-fuer-csr-und-soziale-innovation\/","og_site_name":"FITT","article_published_time":"2020-05-26T15:53:28+00:00","article_modified_time":"2022-08-10T09:32:43+00:00","og_image":[{"width":1600,"height":650,"url":"https:\/\/www.fitt.com\/wp-content\/uploads\/2020\/05\/FITT-tra-I-volti-della-sostenibilita-al-Salone-della-CSR-e-dellinnovazione-sociale.jpg","type":"image\/jpeg"}],"author":"system","twitter_card":"summary_large_image","twitter_misc":{"Verfasst von":"system","Gesch\u00e4tzte Lesezeit":"2\u00a0Minuten"},"schema":{"@context":"https:\/\/schema.org","@graph":[{"@type":"Article","@id":"https:\/\/www.fitt.com\/de\/news\/fitt-gehoert-zu-den-gesichtern-der-nachhaltigkeit-beim-salone-della-csr-e-dellinnovazione-sociale-meeting-fuer-csr-und-soziale-innovation\/#article","isPartOf":{"@id":"https:\/\/www.fitt.com\/de\/news\/fitt-gehoert-zu-den-gesichtern-der-nachhaltigkeit-beim-salone-della-csr-e-dellinnovazione-sociale-meeting-fuer-csr-und-soziale-innovation\/"},"author":{"name":"system","@id":"https:\/\/www.fitt.com\/de\/#\/schema\/person\/88ed5d9863be31118f9ec9ee37f028a2"},"headline":"FITT geh\u00f6rt zu den \u201eGesichtern der Nachhaltigkeit\u201c beim \u201eSalone della CSR e dell\u2019innovazione sociale\u201c [Meeting f\u00fcr CSR und Soziale Innovation]","datePublished":"2020-05-26T15:53:28+00:00","dateModified":"2022-08-10T09:32:43+00:00","mainEntityOfPage":{"@id":"https:\/\/www.fitt.com\/de\/news\/fitt-gehoert-zu-den-gesichtern-der-nachhaltigkeit-beim-salone-della-csr-e-dellinnovazione-sociale-meeting-fuer-csr-und-soziale-innovation\/"},"wordCount":420,"publisher":{"@id":"https:\/\/www.fitt.com\/de\/#organization"},"image":{"@id":"https:\/\/www.fitt.com\/de\/news\/fitt-gehoert-zu-den-gesichtern-der-nachhaltigkeit-beim-salone-della-csr-e-dellinnovazione-sociale-meeting-fuer-csr-und-soziale-innovation\/#primaryimage"},"thumbnailUrl":"https:\/\/www.fitt.com\/wp-content\/uploads\/2020\/05\/FITT-tra-I-volti-della-sostenibilita-al-Salone-della-CSR-e-dellinnovazione-sociale.jpg","articleSection":["Eventi","News","Sustainability"],"inLanguage":"de"},{"@type":"WebPage","@id":"https:\/\/www.fitt.com\/de\/news\/fitt-gehoert-zu-den-gesichtern-der-nachhaltigkeit-beim-salone-della-csr-e-dellinnovazione-sociale-meeting-fuer-csr-und-soziale-innovation\/","url":"https:\/\/www.fitt.com\/de\/news\/fitt-gehoert-zu-den-gesichtern-der-nachhaltigkeit-beim-salone-della-csr-e-dellinnovazione-sociale-meeting-fuer-csr-und-soziale-innovation\/","name":"FITT geh\u00f6rt zu den \u201eGesichtern der Nachhaltigkeit\u201c beim \u201eSalone della CSR e dell\u2019innovazione sociale\u201c [Meeting f\u00fcr CSR und Soziale Innovation] - FITT","isPartOf":{"@id":"https:\/\/www.fitt.com\/de\/#website"},"primaryImageOfPage":{"@id":"https:\/\/www.fitt.com\/de\/news\/fitt-gehoert-zu-den-gesichtern-der-nachhaltigkeit-beim-salone-della-csr-e-dellinnovazione-sociale-meeting-fuer-csr-und-soziale-innovation\/#primaryimage"},"image":{"@id":"https:\/\/www.fitt.com\/de\/news\/fitt-gehoert-zu-den-gesichtern-der-nachhaltigkeit-beim-salone-della-csr-e-dellinnovazione-sociale-meeting-fuer-csr-und-soziale-innovation\/#primaryimage"},"thumbnailUrl":"https:\/\/www.fitt.com\/wp-content\/uploads\/2020\/05\/FITT-tra-I-volti-della-sostenibilita-al-Salone-della-CSR-e-dellinnovazione-sociale.jpg","datePublished":"2020-05-26T15:53:28+00:00","dateModified":"2022-08-10T09:32:43+00:00","breadcrumb":{"@id":"https:\/\/www.fitt.com\/de\/news\/fitt-gehoert-zu-den-gesichtern-der-nachhaltigkeit-beim-salone-della-csr-e-dellinnovazione-sociale-meeting-fuer-csr-und-soziale-innovation\/#breadcrumb"},"inLanguage":"de","potentialAction":[{"@type":"ReadAction","target":["https:\/\/www.fitt.com\/de\/news\/fitt-gehoert-zu-den-gesichtern-der-nachhaltigkeit-beim-salone-della-csr-e-dellinnovazione-sociale-meeting-fuer-csr-und-soziale-innovation\/"]}]},{"@type":"ImageObject","inLanguage":"de","@id":"https:\/\/www.fitt.com\/de\/news\/fitt-gehoert-zu-den-gesichtern-der-nachhaltigkeit-beim-salone-della-csr-e-dellinnovazione-sociale-meeting-fuer-csr-und-soziale-innovation\/#primaryimage","url":"https:\/\/www.fitt.com\/wp-content\/uploads\/2020\/05\/FITT-tra-I-volti-della-sostenibilita-al-Salone-della-CSR-e-dellinnovazione-sociale.jpg","contentUrl":"https:\/\/www.fitt.com\/wp-content\/uploads\/2020\/05\/FITT-tra-I-volti-della-sostenibilita-al-Salone-della-CSR-e-dellinnovazione-sociale.jpg","width":1600,"height":650},{"@type":"BreadcrumbList","@id":"https:\/\/www.fitt.com\/de\/news\/fitt-gehoert-zu-den-gesichtern-der-nachhaltigkeit-beim-salone-della-csr-e-dellinnovazione-sociale-meeting-fuer-csr-und-soziale-innovation\/#breadcrumb","itemListElement":[{"@type":"ListItem","position":1,"name":"Home","item":"https:\/\/www.fitt.com\/de\/"},{"@type":"ListItem","position":2,"name":"FITT geh\u00f6rt zu den \u201eGesichtern der Nachhaltigkeit\u201c beim \u201eSalone della CSR e dell\u2019innovazione sociale\u201c [Meeting f\u00fcr CSR und Soziale Innovation]"}]},{"@type":"WebSite","@id":"https:\/\/www.fitt.com\/de\/#website","url":"https:\/\/www.fitt.com\/de\/","name":"FITT","description":"FITT Spa","publisher":{"@id":"https:\/\/www.fitt.com\/de\/#organization"},"potentialAction":[{"@type":"SearchAction","target":{"@type":"EntryPoint","urlTemplate":"https:\/\/www.fitt.com\/de\/?s={search_term_string}"},"query-input":{"@type":"PropertyValueSpecification","valueRequired":true,"valueName":"search_term_string"}}],"inLanguage":"de"},{"@type":"Organization","@id":"https:\/\/www.fitt.com\/de\/#organization","name":"Fitt SPA","url":"https:\/\/www.fitt.com\/de\/","logo":{"@type":"ImageObject","inLanguage":"de","@id":"https:\/\/www.fitt.com\/de\/#\/schema\/logo\/image\/","url":"https:\/\/www.fitt.com\/wp-content\/uploads\/2022\/05\/logo-light.png","contentUrl":"https:\/\/www.fitt.com\/wp-content\/uploads\/2022\/05\/logo-light.png","width":827,"height":508,"caption":"Fitt SPA"},"image":{"@id":"https:\/\/www.fitt.com\/de\/#\/schema\/logo\/image\/"}},{"@type":"Person","@id":"https:\/\/www.fitt.com\/de\/#\/schema\/person\/88ed5d9863be31118f9ec9ee37f028a2","name":"system","sameAs":["https:\/\/www.fitt.com\/"]}]}},"_links":{"self":[{"href":"https:\/\/www.fitt.com\/de\/wp-json\/wp\/v2\/posts\/15627","targetHints":{"allow":["GET"]}}],"collection":[{"href":"https:\/\/www.fitt.com\/de\/wp-json\/wp\/v2\/posts"}],"about":[{"href":"https:\/\/www.fitt.com\/de\/wp-json\/wp\/v2\/types\/post"}],"author":[{"embeddable":true,"href":"https:\/\/www.fitt.com\/de\/wp-json\/wp\/v2\/users\/1"}],"replies":[{"embeddable":true,"href":"https:\/\/www.fitt.com\/de\/wp-json\/wp\/v2\/comments?post=15627"}],"version-history":[{"count":1,"href":"https:\/\/www.fitt.com\/de\/wp-json\/wp\/v2\/posts\/15627\/revisions"}],"predecessor-version":[{"id":15628,"href":"https:\/\/www.fitt.com\/de\/wp-json\/wp\/v2\/posts\/15627\/revisions\/15628"}],"wp:featuredmedia":[{"embeddable":true,"href":"https:\/\/www.fitt.com\/de\/wp-json\/wp\/v2\/media\/13983"}],"wp:attachment":[{"href":"https:\/\/www.fitt.com\/de\/wp-json\/wp\/v2\/media?parent=15627"}],"wp:term":[{"taxonomy":"category","embeddable":true,"href":"https:\/\/www.fitt.com\/de\/wp-json\/wp\/v2\/categories?post=15627"},{"taxonomy":"post_tag","embeddable":true,"href":"https:\/\/www.fitt.com\/de\/wp-json\/wp\/v2\/tags?post=15627"}],"curies":[{"name":"wp","href":"https:\/\/api.w.org\/{rel}","templated":true}]}}