{"id":15600,"date":"2019-08-27T00:00:00","date_gmt":"2019-08-26T22:00:00","guid":{"rendered":"https:\/\/www.fitt.com\/news\/fitt-sbarca-a-genova-per-la-prima-volta\/"},"modified":"2022-08-10T11:01:12","modified_gmt":"2022-08-10T09:01:12","slug":"fitt-zum-ersten-mal-in-genua","status":"publish","type":"post","link":"https:\/\/www.fitt.com\/de\/news\/fitt-zum-ersten-mal-in-genua\/","title":{"rendered":"FITT zum ersten Mal in Genua"},"content":{"rendered":"<p>FITT ist in diesem Jahr zum ersten Mal bei der gr\u00f6\u00dften Bootsmesse des Mittelmeers vertreten, dem <a href=\"\"https:\/\/salonenautico.com\/en\/\"\" target=\"\"_blank\"\" title=\"\"Salone Nautico in Genua\"\"><strong>Salone Nautico in Genua<\/strong><\/a>, um den Besuchern seine L\u00f6sungen f\u00fcr ein sorgloses Bootsvergn\u00fcgen vorzustellen.<\/p>\n<p>Aush\u00e4ngeschild der Serie FITT Marine ist <a href=\"\"https:\/\/www.fitt.com\/de\/node\/262\"\" target=\"\"_blank\"\" title=\"\"FITT Diamond\"\"><strong>FITT Diamond<\/strong><\/a>, ein h\u00f6chst flexibler, metallfreier Schlauch mit geruchshemmender Wirkung, der die Schiffsr\u00e4ume von unangenehmen Ger\u00fcchen freih\u00e4lt.<\/p>\n<p>Entdecken Sie FITT Diamond und die speziell f\u00fcr den Boots- und Schiffsbereich entwickelte Produktpalette von FITT vom <strong>19. bis 24. September in der Tech Trade-Halle, Stand U16<\/strong>.<\/p>\n","protected":false},"excerpt":{"rendered":"<p>FITT ist in diesem Jahr zum ersten Mal bei der gr\u00f6\u00dften Bootsmesse des Mittelmeers vertreten, dem Salone Nautico in Genua, um den Besuchern seine L\u00f6sungen f\u00fcr ein sorgloses Bootsvergn\u00fcgen vorzustellen. Aush\u00e4ngeschild der Serie FITT Marine ist FITT Diamond, ein h\u00f6chst flexibler, metallfreier Schlauch mit geruchshemmender Wirkung, der die Schiffsr\u00e4ume von unangenehmen Ger\u00fcchen freih\u00e4lt. Entdecken Sie [&hellip;]<\/p>\n","protected":false},"author":1,"featured_media":14005,"comment_status":"closed","ping_status":"open","sticky":false,"template":"","format":"standard","meta":{"_acf_changed":false,"footnotes":""},"categories":[392,390],"tags":[],"class_list":["post-15600","post","type-post","status-publish","format-standard","has-post-thumbnail","hentry","category-industrial-de","category-news-de"],"acf":[],"yoast_head":"<!-- This site is optimized with the Yoast SEO Premium plugin v24.1 (Yoast SEO v27.3) - https:\/\/yoast.com\/product\/yoast-seo-premium-wordpress\/ -->\n<title>FITT zum ersten Mal in Genua - FITT<\/title>\n<meta name=\"robots\" content=\"index, follow, max-snippet:-1, max-image-preview:large, max-video-preview:-1\" \/>\n<link rel=\"canonical\" href=\"https:\/\/www.fitt.com\/de\/news\/fitt-zum-ersten-mal-in-genua\/\" \/>\n<meta property=\"og:locale\" content=\"de_DE\" \/>\n<meta property=\"og:type\" content=\"article\" \/>\n<meta property=\"og:title\" content=\"FITT zum ersten Mal in Genua\" \/>\n<meta property=\"og:description\" content=\"FITT ist in diesem Jahr zum ersten Mal bei der gr\u00f6\u00dften Bootsmesse des Mittelmeers vertreten, dem Salone Nautico in Genua, um den Besuchern seine L\u00f6sungen f\u00fcr ein sorgloses Bootsvergn\u00fcgen vorzustellen. Aush\u00e4ngeschild der Serie FITT Marine ist FITT Diamond, ein h\u00f6chst flexibler, metallfreier Schlauch mit geruchshemmender Wirkung, der die Schiffsr\u00e4ume von unangenehmen Ger\u00fcchen freih\u00e4lt. Entdecken Sie [&hellip;]\" \/>\n<meta property=\"og:url\" content=\"https:\/\/www.fitt.com\/de\/news\/fitt-zum-ersten-mal-in-genua\/\" \/>\n<meta property=\"og:site_name\" content=\"FITT\" \/>\n<meta property=\"article:published_time\" content=\"2019-08-26T22:00:00+00:00\" \/>\n<meta property=\"article:modified_time\" content=\"2022-08-10T09:01:12+00:00\" \/>\n<meta property=\"og:image\" content=\"https:\/\/www.fitt.com\/wp-content\/uploads\/2019\/08\/FITT-sbarca-a-Genova-per-la-prima-volta.jpg\" \/>\n\t<meta property=\"og:image:width\" content=\"1600\" \/>\n\t<meta property=\"og:image:height\" content=\"650\" \/>\n\t<meta property=\"og:image:type\" content=\"image\/jpeg\" \/>\n<meta name=\"author\" content=\"system\" \/>\n<meta name=\"twitter:card\" content=\"summary_large_image\" \/>\n<meta name=\"twitter:label1\" content=\"Verfasst von\" \/>\n\t<meta name=\"twitter:data1\" content=\"system\" \/>\n<script type=\"application\/ld+json\" class=\"yoast-schema-graph\">{\"@context\":\"https:\\\/\\\/schema.org\",\"@graph\":[{\"@type\":\"Article\",\"@id\":\"https:\\\/\\\/www.fitt.com\\\/de\\\/news\\\/fitt-zum-ersten-mal-in-genua\\\/#article\",\"isPartOf\":{\"@id\":\"https:\\\/\\\/www.fitt.com\\\/de\\\/news\\\/fitt-zum-ersten-mal-in-genua\\\/\"},\"author\":{\"name\":\"system\",\"@id\":\"https:\\\/\\\/www.fitt.com\\\/de\\\/#\\\/schema\\\/person\\\/88ed5d9863be31118f9ec9ee37f028a2\"},\"headline\":\"FITT zum ersten Mal in Genua\",\"datePublished\":\"2019-08-26T22:00:00+00:00\",\"dateModified\":\"2022-08-10T09:01:12+00:00\",\"mainEntityOfPage\":{\"@id\":\"https:\\\/\\\/www.fitt.com\\\/de\\\/news\\\/fitt-zum-ersten-mal-in-genua\\\/\"},\"wordCount\":94,\"publisher\":{\"@id\":\"https:\\\/\\\/www.fitt.com\\\/de\\\/#organization\"},\"image\":{\"@id\":\"https:\\\/\\\/www.fitt.com\\\/de\\\/news\\\/fitt-zum-ersten-mal-in-genua\\\/#primaryimage\"},\"thumbnailUrl\":\"https:\\\/\\\/www.fitt.com\\\/wp-content\\\/uploads\\\/2019\\\/08\\\/FITT-sbarca-a-Genova-per-la-prima-volta.jpg\",\"articleSection\":[\"Industrial\",\"News\"],\"inLanguage\":\"de\"},{\"@type\":\"WebPage\",\"@id\":\"https:\\\/\\\/www.fitt.com\\\/de\\\/news\\\/fitt-zum-ersten-mal-in-genua\\\/\",\"url\":\"https:\\\/\\\/www.fitt.com\\\/de\\\/news\\\/fitt-zum-ersten-mal-in-genua\\\/\",\"name\":\"FITT zum ersten Mal in Genua - FITT\",\"isPartOf\":{\"@id\":\"https:\\\/\\\/www.fitt.com\\\/de\\\/#website\"},\"primaryImageOfPage\":{\"@id\":\"https:\\\/\\\/www.fitt.com\\\/de\\\/news\\\/fitt-zum-ersten-mal-in-genua\\\/#primaryimage\"},\"image\":{\"@id\":\"https:\\\/\\\/www.fitt.com\\\/de\\\/news\\\/fitt-zum-ersten-mal-in-genua\\\/#primaryimage\"},\"thumbnailUrl\":\"https:\\\/\\\/www.fitt.com\\\/wp-content\\\/uploads\\\/2019\\\/08\\\/FITT-sbarca-a-Genova-per-la-prima-volta.jpg\",\"datePublished\":\"2019-08-26T22:00:00+00:00\",\"dateModified\":\"2022-08-10T09:01:12+00:00\",\"breadcrumb\":{\"@id\":\"https:\\\/\\\/www.fitt.com\\\/de\\\/news\\\/fitt-zum-ersten-mal-in-genua\\\/#breadcrumb\"},\"inLanguage\":\"de\",\"potentialAction\":[{\"@type\":\"ReadAction\",\"target\":[\"https:\\\/\\\/www.fitt.com\\\/de\\\/news\\\/fitt-zum-ersten-mal-in-genua\\\/\"]}]},{\"@type\":\"ImageObject\",\"inLanguage\":\"de\",\"@id\":\"https:\\\/\\\/www.fitt.com\\\/de\\\/news\\\/fitt-zum-ersten-mal-in-genua\\\/#primaryimage\",\"url\":\"https:\\\/\\\/www.fitt.com\\\/wp-content\\\/uploads\\\/2019\\\/08\\\/FITT-sbarca-a-Genova-per-la-prima-volta.jpg\",\"contentUrl\":\"https:\\\/\\\/www.fitt.com\\\/wp-content\\\/uploads\\\/2019\\\/08\\\/FITT-sbarca-a-Genova-per-la-prima-volta.jpg\",\"width\":1600,\"height\":650},{\"@type\":\"BreadcrumbList\",\"@id\":\"https:\\\/\\\/www.fitt.com\\\/de\\\/news\\\/fitt-zum-ersten-mal-in-genua\\\/#breadcrumb\",\"itemListElement\":[{\"@type\":\"ListItem\",\"position\":1,\"name\":\"Home\",\"item\":\"https:\\\/\\\/www.fitt.com\\\/de\\\/\"},{\"@type\":\"ListItem\",\"position\":2,\"name\":\"FITT zum ersten Mal in Genua\"}]},{\"@type\":\"WebSite\",\"@id\":\"https:\\\/\\\/www.fitt.com\\\/de\\\/#website\",\"url\":\"https:\\\/\\\/www.fitt.com\\\/de\\\/\",\"name\":\"FITT\",\"description\":\"FITT Spa\",\"publisher\":{\"@id\":\"https:\\\/\\\/www.fitt.com\\\/de\\\/#organization\"},\"potentialAction\":[{\"@type\":\"SearchAction\",\"target\":{\"@type\":\"EntryPoint\",\"urlTemplate\":\"https:\\\/\\\/www.fitt.com\\\/de\\\/?s={search_term_string}\"},\"query-input\":{\"@type\":\"PropertyValueSpecification\",\"valueRequired\":true,\"valueName\":\"search_term_string\"}}],\"inLanguage\":\"de\"},{\"@type\":\"Organization\",\"@id\":\"https:\\\/\\\/www.fitt.com\\\/de\\\/#organization\",\"name\":\"Fitt SPA\",\"url\":\"https:\\\/\\\/www.fitt.com\\\/de\\\/\",\"logo\":{\"@type\":\"ImageObject\",\"inLanguage\":\"de\",\"@id\":\"https:\\\/\\\/www.fitt.com\\\/de\\\/#\\\/schema\\\/logo\\\/image\\\/\",\"url\":\"https:\\\/\\\/www.fitt.com\\\/wp-content\\\/uploads\\\/2022\\\/05\\\/logo-light.png\",\"contentUrl\":\"https:\\\/\\\/www.fitt.com\\\/wp-content\\\/uploads\\\/2022\\\/05\\\/logo-light.png\",\"width\":827,\"height\":508,\"caption\":\"Fitt SPA\"},\"image\":{\"@id\":\"https:\\\/\\\/www.fitt.com\\\/de\\\/#\\\/schema\\\/logo\\\/image\\\/\"}},{\"@type\":\"Person\",\"@id\":\"https:\\\/\\\/www.fitt.com\\\/de\\\/#\\\/schema\\\/person\\\/88ed5d9863be31118f9ec9ee37f028a2\",\"name\":\"system\",\"sameAs\":[\"https:\\\/\\\/www.fitt.com\\\/\"]}]}<\/script>\n<!-- \/ Yoast SEO Premium plugin. -->","yoast_head_json":{"title":"FITT zum ersten Mal in Genua - FITT","robots":{"index":"index","follow":"follow","max-snippet":"max-snippet:-1","max-image-preview":"max-image-preview:large","max-video-preview":"max-video-preview:-1"},"canonical":"https:\/\/www.fitt.com\/de\/news\/fitt-zum-ersten-mal-in-genua\/","og_locale":"de_DE","og_type":"article","og_title":"FITT zum ersten Mal in Genua","og_description":"FITT ist in diesem Jahr zum ersten Mal bei der gr\u00f6\u00dften Bootsmesse des Mittelmeers vertreten, dem Salone Nautico in Genua, um den Besuchern seine L\u00f6sungen f\u00fcr ein sorgloses Bootsvergn\u00fcgen vorzustellen. Aush\u00e4ngeschild der Serie FITT Marine ist FITT Diamond, ein h\u00f6chst flexibler, metallfreier Schlauch mit geruchshemmender Wirkung, der die Schiffsr\u00e4ume von unangenehmen Ger\u00fcchen freih\u00e4lt. Entdecken Sie [&hellip;]","og_url":"https:\/\/www.fitt.com\/de\/news\/fitt-zum-ersten-mal-in-genua\/","og_site_name":"FITT","article_published_time":"2019-08-26T22:00:00+00:00","article_modified_time":"2022-08-10T09:01:12+00:00","og_image":[{"width":1600,"height":650,"url":"https:\/\/www.fitt.com\/wp-content\/uploads\/2019\/08\/FITT-sbarca-a-Genova-per-la-prima-volta.jpg","type":"image\/jpeg"}],"author":"system","twitter_card":"summary_large_image","twitter_misc":{"Verfasst von":"system"},"schema":{"@context":"https:\/\/schema.org","@graph":[{"@type":"Article","@id":"https:\/\/www.fitt.com\/de\/news\/fitt-zum-ersten-mal-in-genua\/#article","isPartOf":{"@id":"https:\/\/www.fitt.com\/de\/news\/fitt-zum-ersten-mal-in-genua\/"},"author":{"name":"system","@id":"https:\/\/www.fitt.com\/de\/#\/schema\/person\/88ed5d9863be31118f9ec9ee37f028a2"},"headline":"FITT zum ersten Mal in Genua","datePublished":"2019-08-26T22:00:00+00:00","dateModified":"2022-08-10T09:01:12+00:00","mainEntityOfPage":{"@id":"https:\/\/www.fitt.com\/de\/news\/fitt-zum-ersten-mal-in-genua\/"},"wordCount":94,"publisher":{"@id":"https:\/\/www.fitt.com\/de\/#organization"},"image":{"@id":"https:\/\/www.fitt.com\/de\/news\/fitt-zum-ersten-mal-in-genua\/#primaryimage"},"thumbnailUrl":"https:\/\/www.fitt.com\/wp-content\/uploads\/2019\/08\/FITT-sbarca-a-Genova-per-la-prima-volta.jpg","articleSection":["Industrial","News"],"inLanguage":"de"},{"@type":"WebPage","@id":"https:\/\/www.fitt.com\/de\/news\/fitt-zum-ersten-mal-in-genua\/","url":"https:\/\/www.fitt.com\/de\/news\/fitt-zum-ersten-mal-in-genua\/","name":"FITT zum ersten Mal in Genua - FITT","isPartOf":{"@id":"https:\/\/www.fitt.com\/de\/#website"},"primaryImageOfPage":{"@id":"https:\/\/www.fitt.com\/de\/news\/fitt-zum-ersten-mal-in-genua\/#primaryimage"},"image":{"@id":"https:\/\/www.fitt.com\/de\/news\/fitt-zum-ersten-mal-in-genua\/#primaryimage"},"thumbnailUrl":"https:\/\/www.fitt.com\/wp-content\/uploads\/2019\/08\/FITT-sbarca-a-Genova-per-la-prima-volta.jpg","datePublished":"2019-08-26T22:00:00+00:00","dateModified":"2022-08-10T09:01:12+00:00","breadcrumb":{"@id":"https:\/\/www.fitt.com\/de\/news\/fitt-zum-ersten-mal-in-genua\/#breadcrumb"},"inLanguage":"de","potentialAction":[{"@type":"ReadAction","target":["https:\/\/www.fitt.com\/de\/news\/fitt-zum-ersten-mal-in-genua\/"]}]},{"@type":"ImageObject","inLanguage":"de","@id":"https:\/\/www.fitt.com\/de\/news\/fitt-zum-ersten-mal-in-genua\/#primaryimage","url":"https:\/\/www.fitt.com\/wp-content\/uploads\/2019\/08\/FITT-sbarca-a-Genova-per-la-prima-volta.jpg","contentUrl":"https:\/\/www.fitt.com\/wp-content\/uploads\/2019\/08\/FITT-sbarca-a-Genova-per-la-prima-volta.jpg","width":1600,"height":650},{"@type":"BreadcrumbList","@id":"https:\/\/www.fitt.com\/de\/news\/fitt-zum-ersten-mal-in-genua\/#breadcrumb","itemListElement":[{"@type":"ListItem","position":1,"name":"Home","item":"https:\/\/www.fitt.com\/de\/"},{"@type":"ListItem","position":2,"name":"FITT zum ersten Mal in Genua"}]},{"@type":"WebSite","@id":"https:\/\/www.fitt.com\/de\/#website","url":"https:\/\/www.fitt.com\/de\/","name":"FITT","description":"FITT Spa","publisher":{"@id":"https:\/\/www.fitt.com\/de\/#organization"},"potentialAction":[{"@type":"SearchAction","target":{"@type":"EntryPoint","urlTemplate":"https:\/\/www.fitt.com\/de\/?s={search_term_string}"},"query-input":{"@type":"PropertyValueSpecification","valueRequired":true,"valueName":"search_term_string"}}],"inLanguage":"de"},{"@type":"Organization","@id":"https:\/\/www.fitt.com\/de\/#organization","name":"Fitt SPA","url":"https:\/\/www.fitt.com\/de\/","logo":{"@type":"ImageObject","inLanguage":"de","@id":"https:\/\/www.fitt.com\/de\/#\/schema\/logo\/image\/","url":"https:\/\/www.fitt.com\/wp-content\/uploads\/2022\/05\/logo-light.png","contentUrl":"https:\/\/www.fitt.com\/wp-content\/uploads\/2022\/05\/logo-light.png","width":827,"height":508,"caption":"Fitt SPA"},"image":{"@id":"https:\/\/www.fitt.com\/de\/#\/schema\/logo\/image\/"}},{"@type":"Person","@id":"https:\/\/www.fitt.com\/de\/#\/schema\/person\/88ed5d9863be31118f9ec9ee37f028a2","name":"system","sameAs":["https:\/\/www.fitt.com\/"]}]}},"_links":{"self":[{"href":"https:\/\/www.fitt.com\/de\/wp-json\/wp\/v2\/posts\/15600","targetHints":{"allow":["GET"]}}],"collection":[{"href":"https:\/\/www.fitt.com\/de\/wp-json\/wp\/v2\/posts"}],"about":[{"href":"https:\/\/www.fitt.com\/de\/wp-json\/wp\/v2\/types\/post"}],"author":[{"embeddable":true,"href":"https:\/\/www.fitt.com\/de\/wp-json\/wp\/v2\/users\/1"}],"replies":[{"embeddable":true,"href":"https:\/\/www.fitt.com\/de\/wp-json\/wp\/v2\/comments?post=15600"}],"version-history":[{"count":1,"href":"https:\/\/www.fitt.com\/de\/wp-json\/wp\/v2\/posts\/15600\/revisions"}],"predecessor-version":[{"id":15601,"href":"https:\/\/www.fitt.com\/de\/wp-json\/wp\/v2\/posts\/15600\/revisions\/15601"}],"wp:featuredmedia":[{"embeddable":true,"href":"https:\/\/www.fitt.com\/de\/wp-json\/wp\/v2\/media\/14005"}],"wp:attachment":[{"href":"https:\/\/www.fitt.com\/de\/wp-json\/wp\/v2\/media?parent=15600"}],"wp:term":[{"taxonomy":"category","embeddable":true,"href":"https:\/\/www.fitt.com\/de\/wp-json\/wp\/v2\/categories?post=15600"},{"taxonomy":"post_tag","embeddable":true,"href":"https:\/\/www.fitt.com\/de\/wp-json\/wp\/v2\/tags?post=15600"}],"curies":[{"name":"wp","href":"https:\/\/api.w.org\/{rel}","templated":true}]}}