{"id":15581,"date":"2017-06-10T00:00:00","date_gmt":"2017-06-09T22:00:00","guid":{"rendered":"https:\/\/www.fitt.com\/news\/la-visione-di-fitt-per-il-futuro-fitt-together-2017\/"},"modified":"2022-08-10T10:40:42","modified_gmt":"2022-08-10T08:40:42","slug":"die-vision-von-fitt-fuer-die-zukunft-fitt-together-2017","status":"publish","type":"post","link":"https:\/\/www.fitt.com\/de\/news\/die-vision-von-fitt-fuer-die-zukunft-fitt-together-2017\/","title":{"rendered":"Die Vision von Fitt f\u00fcr die Zukunft Fitt Together 2017"},"content":{"rendered":"<p>Die Vision von Fitt f\u00fcr die Zukunft wurde dem gesamten Unternehmen auf einer denkw\u00fcrdigen, allen Mitarbeitern gewidmeten Convention vorgestellt: \u201eFitt Together 2023\u201c<\/p>\n<h2>Die Vision von Fitt f\u00fcr die Zukunft: die Latte wurde auf 2023 gelegt<\/h2>\n<blockquote>\n<p>\u201eWIR M\u00d6CHTEN DER ZUKUNFT MUTIG ENTGEGENTRETEN. HEUTE IST DIESES KONZEPT SCHWIERIG UMZUSETZEN UND VORW\u00c4RTS ZU TREIBEN, ABER DADURCH K\u00d6NNEN WIR UNSERE M\u00d6GLICHKEITEN OPTIMIEREN\u201c.<\/p>\n<\/blockquote>\n<p>Das ist die Vision, mit der der Gesch\u00e4ftsf\u00fchrer von Fitt SpA, Alessandro Mezzalira in Vicenza eine geschichtstr\u00e4chtige und einzigartige Convention er\u00f6ffnet hat, die ausschlie\u00dflich den Mitarbeitern von Fitt (\u00fcber 600&nbsp;Personen) gewidmet ist und auf der die Strategien und Mittel pr\u00e4sentiert wurden, mit denen das Unternehmen die Zukunft sicher in Angriff nehmen m\u00f6chte.<\/p>\n<p>Eine denkw\u00fcrdige Convention, da Fitt zum ersten Mal alle Produktionslinien angehalten und das gesamte Personal versammelt hat, um gemeinsam im Zuge eines gro\u00df angelegten, aber doch famili\u00e4ren Events mit dem bezeichnenden Namen \u201eFITTogether 2023\u201c die Vision der nahen Unternehmenszukunft zu besiegeln.<\/p>\n<p>&nbsp;<\/p>\n<blockquote>\n<p>\u201eUNSERE KRAFT STELLT GEMEINSAM MIT DER QUALIT\u00c4T UNSERER PRODUKTE DIE GEMEINSAMKEIT, DAS GEMEINSAME BESCHREITEN DES WEGES HIN ZU DEN ZIELEN, DIE WIR UNS GESTECKT HABEN, DAR. ALLEINE ERREICHT MAN HEUTE GAR NICHTS MEHR. VEREINT, ZUM AUSTAUSCH VON IDEEN UND ZUR TEILUNG DER RESSOURCEN, WERDEN WIR UNSERE TR\u00c4UME VERWIRKLICHEN. ICH GLAUBE DARAN.\u201c<\/p>\n<\/blockquote>\n<p>FITT hat einen wichtigen Wandlungsprozess eingeleitet: FITT wird zu einer Marke und festigt die \u00fcber die Jahre erworbene industrielle und kulturelle Vormachtstellung am Markt. \u00dcber 230&nbsp;Millionen Umsatz im Jahr 2016, davon 72&nbsp;% auf dem ausl\u00e4ndischen Markt, 850&nbsp;Mitarbeiter in ganz Europa, 6&nbsp;Produktionsst\u00e4tten in Italien und 3&nbsp;im Ausland, 11&nbsp;Logistikstandorte in Italien, Frankreich, Spanien, China und Polen. 6&nbsp;Gesch\u00e4ftsstellen in Italien, Frankreich, Spanien und China.<\/p>\n<blockquote>\n<p>\u201eWIR HABEN DAMIT BEGONNEN, NEUE UNTERNEHMERISCHE WERTE ZU \u00dcBERNEHMEN, DIE MIT EINEM IN DER GANZEN GRUPPE ANGEWANDTEN BOTTOM-UP KONZEPT ENTWICKELT WURDEN. IN DIESER NEUEN VISION IST DIE TATSACHE AUSSCHLAGGEBEND, DASS DAS INDIVIDUUM UND DIE GEMEINSAME POSITIVE UND PROAKTIVE ARBEIT IM MITTELPUNKT STEHEN:\u201c<\/p>\n<\/blockquote>\n<h2>Vereinfachte Verfahren und neue Organisation<\/h2>\n<p>Eine neue, in Businesseinheiten (Garden, Building und Industrial) aufgeteilte Organisation, die eine verbesserte Fokussierung auf die verschiedenen Bed\u00fcrfnisse und Ansprechpartner am Markt gew\u00e4hrleisten soll. Die neue Struktur stellt eine kleine Revolution dar und hat gro\u00dfe Bem\u00fchungen aus organisatorischer und gedanklicher Sicht mit sich gebracht, jedoch gleichzeitig eine Dispersion verhindert und die Energie der Gruppe optimiert, die sich weiterhin auf einen gemeinsamen Background aus Know-How und Kompetenzen st\u00fctzen kann.<\/p>\n<h2>Der Kunde im Mittelpunkt<\/h2>\n<p>Der Logik B2B, durch die wir uns seit jeher bei der Lieferung von Produkten auszeichnen, stellen wird die Logik B2C zur Seite und wenden uns mit L\u00f6sungen der Marke FITT (zum Beispiel YOYO) direkt an den Endverbraucher. Zentralit\u00e4t bedeutet auch, den Markt zu ber\u00fccksichtigen, seine Vorschl\u00e4ge anzunehmen, mit dem Kunden zu kommunizieren und direkt mit ihm in Kontakt zu treten, wobei f\u00fcr die Kontaktaufnahme alle f\u00fcr das aktuelle, aus permanenten Verbindungen zwischen den Personen bestehende sozio\u00f6konomische \u00d6kosystem geeignete Kan\u00e4le verwendet werden.<\/p>\n<h2>Innovation<\/h2>\n<p>Der Begriff Innovation wird h\u00e4ufig missbraucht und banalisiert: in Wahrheit jedoch ist er Teil der Unternehmens-DNA von Fitt. In unserer 50-j\u00e4hrigen Geschichte haben Forschung und Innovation nie ein Ende gefunden. Innovation nicht nur in Bezug auf das Produkt, sondern auch auf die Strategie, die Dynamik und die Art und Weise, mit der wir dem Markt und den Kunden gegen\u00fcbertreten. Zum Beispiel Innovation der Art, in der wir die Bed\u00fcrfnisse der Konsumenten durch Marktforschungen analysieren oder NPD (New Product Development) betreiben und L\u00f6sungen entwickeln, die unsere Kunden\/Konsumenten vollst\u00e4ndig zufrieden stellen. Innovation bis hin zu den Unternehmensverfahren durch Umsetzung moderner LEAN-Methoden. Innovation auch beim \u00dcbergang von einer Strategie, die eine einzelne Komponenten auf den Markt bringt zu jener, die ein integriertes, einsatzbereites System inklusive entsprechender Dienstleistungen anbietet. Innovation des Produkts bedeutet f\u00fcr uns auch, patentierte L\u00f6sungen anzubieten, die dank der Zusammenarbeit und den Partnerschaften mit den Universit\u00e4ten von Padua und Vicenza, Forschungsinstituten, und Zertifizierungsstellen wie dem T\u00dcV entwickelt wurden. Innovation bedeutet die Entwicklung einer Produktpalette mit einem Spitzenprodukt f\u00fcr jede einzelne Businesseinheit. YOYO f\u00fcr Garden, FITT B-Active f\u00fcr Industrial, Bluforce f\u00fcr Building.<\/p>\n<h2>Digital first<\/h2>\n<p>Wir glauben fest an die Verwendung von innovativen Kan\u00e4len, die den herk\u00f6mmlichen Kommunikations- und Gesch\u00e4ftsmitteln\/-ger\u00e4ten zur Seite gestellt werden. Wir wissen, dass in naher Zukunft Internet eine immer wichtigere Rolle bei der Vermarktung unserer Produkte spielen wird, und aus diesem Grund haben wir eine Strategie der \u201eDigital Transformation\u201c entwickelt, bei der FITT die Haupt- und nicht die Nebenrolle spielt. Schon in diesem Jahr haben wir begonnen, den Look und die Struktur unserer Webseite zu \u00fcberarbeiten und wir setzen verst\u00e4rkt auf die Kommunikation auf allen wichtigen Social- und Kommunikationsplattformen im Web. In diesem Jahr werden wir auch den Grundstein f\u00fcr den europaweiten E-Commerce legen und ihn dann weiterentwickeln bis er ein wichtiges Asset der Einnahmen des Unternehmens darstellt.<\/p>\n<h2>Die Zukunftsvision von Fitt und die Entwicklung des Business<\/h2>\n<p>Die vom Unternehmen erstellten Entwicklungsprogramme sehen ehrgeizige und weitgreifende Strategien vor. Bis zum Jahr 2023 m\u00f6chten wir neue M\u00e4rkte erobern, allen voran jenen der Vereinigten Staaten. Wir sind bereits seit vielen Jahren in den USA mit einer \u00e4u\u00dferst erfolgreichen Patentlizenzierung pr\u00e4sent, m\u00f6chten jedoch mit einer Markenstrategie unsere Position festigen. Hauptziel ist die Entwicklung eines neuen, auf der Marke aufbauenden Businessmodells, sowohl im Hinblick auf das Unternehmen (FITT), als auch auf die einzelnen Produkte.<\/p>\n","protected":false},"excerpt":{"rendered":"<p>Die Vision von Fitt f\u00fcr die Zukunft wurde dem gesamten Unternehmen auf einer denkw\u00fcrdigen, allen Mitarbeitern gewidmeten Convention vorgestellt: \u201eFitt Together 2023\u201c Die Vision von Fitt f\u00fcr die Zukunft: die Latte wurde auf 2023 gelegt \u201eWIR M\u00d6CHTEN DER ZUKUNFT MUTIG ENTGEGENTRETEN. HEUTE IST DIESES KONZEPT SCHWIERIG UMZUSETZEN UND VORW\u00c4RTS ZU TREIBEN, ABER DADURCH K\u00d6NNEN WIR [&hellip;]<\/p>\n","protected":false},"author":1,"featured_media":14522,"comment_status":"closed","ping_status":"open","sticky":false,"template":"","format":"standard","meta":{"_acf_changed":false,"footnotes":""},"categories":[393,390,396],"tags":[],"class_list":["post-15581","post","type-post","status-publish","format-standard","has-post-thumbnail","hentry","category-eventi-de","category-news-de","category-people-de"],"acf":[],"yoast_head":"<!-- This site is optimized with the Yoast SEO Premium plugin v24.1 (Yoast SEO v27.3) - https:\/\/yoast.com\/product\/yoast-seo-premium-wordpress\/ -->\n<title>Die Vision von Fitt f\u00fcr die Zukunft Fitt Together 2017 - FITT<\/title>\n<meta name=\"robots\" content=\"index, follow, max-snippet:-1, max-image-preview:large, max-video-preview:-1\" \/>\n<link rel=\"canonical\" href=\"https:\/\/www.fitt.com\/de\/news\/die-vision-von-fitt-fuer-die-zukunft-fitt-together-2017\/\" \/>\n<meta property=\"og:locale\" content=\"de_DE\" \/>\n<meta property=\"og:type\" content=\"article\" \/>\n<meta property=\"og:title\" content=\"Die Vision von Fitt f\u00fcr die Zukunft Fitt Together 2017\" \/>\n<meta property=\"og:description\" content=\"Die Vision von Fitt f\u00fcr die Zukunft wurde dem gesamten Unternehmen auf einer denkw\u00fcrdigen, allen Mitarbeitern gewidmeten Convention vorgestellt: \u201eFitt Together 2023\u201c Die Vision von Fitt f\u00fcr die Zukunft: die Latte wurde auf 2023 gelegt \u201eWIR M\u00d6CHTEN DER ZUKUNFT MUTIG ENTGEGENTRETEN. HEUTE IST DIESES KONZEPT SCHWIERIG UMZUSETZEN UND VORW\u00c4RTS ZU TREIBEN, ABER DADURCH K\u00d6NNEN WIR [&hellip;]\" \/>\n<meta property=\"og:url\" content=\"https:\/\/www.fitt.com\/de\/news\/die-vision-von-fitt-fuer-die-zukunft-fitt-together-2017\/\" \/>\n<meta property=\"og:site_name\" content=\"FITT\" \/>\n<meta property=\"article:published_time\" content=\"2017-06-09T22:00:00+00:00\" \/>\n<meta property=\"article:modified_time\" content=\"2022-08-10T08:40:42+00:00\" \/>\n<meta property=\"og:image\" content=\"https:\/\/www.fitt.com\/wp-content\/uploads\/2017\/06\/17191931_1871188803151000_568484608304454004_o-1600x1066-1.jpg\" \/>\n\t<meta property=\"og:image:width\" content=\"1280\" \/>\n\t<meta property=\"og:image:height\" content=\"853\" \/>\n\t<meta property=\"og:image:type\" content=\"image\/jpeg\" \/>\n<meta name=\"author\" content=\"system\" \/>\n<meta name=\"twitter:card\" content=\"summary_large_image\" \/>\n<meta name=\"twitter:label1\" content=\"Verfasst von\" \/>\n\t<meta name=\"twitter:data1\" content=\"system\" \/>\n\t<meta name=\"twitter:label2\" content=\"Gesch\u00e4tzte Lesezeit\" \/>\n\t<meta name=\"twitter:data2\" content=\"5\u00a0Minuten\" \/>\n<script type=\"application\/ld+json\" class=\"yoast-schema-graph\">{\"@context\":\"https:\\\/\\\/schema.org\",\"@graph\":[{\"@type\":\"Article\",\"@id\":\"https:\\\/\\\/www.fitt.com\\\/de\\\/news\\\/die-vision-von-fitt-fuer-die-zukunft-fitt-together-2017\\\/#article\",\"isPartOf\":{\"@id\":\"https:\\\/\\\/www.fitt.com\\\/de\\\/news\\\/die-vision-von-fitt-fuer-die-zukunft-fitt-together-2017\\\/\"},\"author\":{\"name\":\"system\",\"@id\":\"https:\\\/\\\/www.fitt.com\\\/de\\\/#\\\/schema\\\/person\\\/88ed5d9863be31118f9ec9ee37f028a2\"},\"headline\":\"Die Vision von Fitt f\u00fcr die Zukunft Fitt Together 2017\",\"datePublished\":\"2017-06-09T22:00:00+00:00\",\"dateModified\":\"2022-08-10T08:40:42+00:00\",\"mainEntityOfPage\":{\"@id\":\"https:\\\/\\\/www.fitt.com\\\/de\\\/news\\\/die-vision-von-fitt-fuer-die-zukunft-fitt-together-2017\\\/\"},\"wordCount\":921,\"publisher\":{\"@id\":\"https:\\\/\\\/www.fitt.com\\\/de\\\/#organization\"},\"image\":{\"@id\":\"https:\\\/\\\/www.fitt.com\\\/de\\\/news\\\/die-vision-von-fitt-fuer-die-zukunft-fitt-together-2017\\\/#primaryimage\"},\"thumbnailUrl\":\"https:\\\/\\\/www.fitt.com\\\/wp-content\\\/uploads\\\/2017\\\/06\\\/17191931_1871188803151000_568484608304454004_o-1600x1066-1.jpg\",\"articleSection\":[\"Eventi\",\"News\",\"People\"],\"inLanguage\":\"de\"},{\"@type\":\"WebPage\",\"@id\":\"https:\\\/\\\/www.fitt.com\\\/de\\\/news\\\/die-vision-von-fitt-fuer-die-zukunft-fitt-together-2017\\\/\",\"url\":\"https:\\\/\\\/www.fitt.com\\\/de\\\/news\\\/die-vision-von-fitt-fuer-die-zukunft-fitt-together-2017\\\/\",\"name\":\"Die Vision von Fitt f\u00fcr die Zukunft Fitt Together 2017 - FITT\",\"isPartOf\":{\"@id\":\"https:\\\/\\\/www.fitt.com\\\/de\\\/#website\"},\"primaryImageOfPage\":{\"@id\":\"https:\\\/\\\/www.fitt.com\\\/de\\\/news\\\/die-vision-von-fitt-fuer-die-zukunft-fitt-together-2017\\\/#primaryimage\"},\"image\":{\"@id\":\"https:\\\/\\\/www.fitt.com\\\/de\\\/news\\\/die-vision-von-fitt-fuer-die-zukunft-fitt-together-2017\\\/#primaryimage\"},\"thumbnailUrl\":\"https:\\\/\\\/www.fitt.com\\\/wp-content\\\/uploads\\\/2017\\\/06\\\/17191931_1871188803151000_568484608304454004_o-1600x1066-1.jpg\",\"datePublished\":\"2017-06-09T22:00:00+00:00\",\"dateModified\":\"2022-08-10T08:40:42+00:00\",\"breadcrumb\":{\"@id\":\"https:\\\/\\\/www.fitt.com\\\/de\\\/news\\\/die-vision-von-fitt-fuer-die-zukunft-fitt-together-2017\\\/#breadcrumb\"},\"inLanguage\":\"de\",\"potentialAction\":[{\"@type\":\"ReadAction\",\"target\":[\"https:\\\/\\\/www.fitt.com\\\/de\\\/news\\\/die-vision-von-fitt-fuer-die-zukunft-fitt-together-2017\\\/\"]}]},{\"@type\":\"ImageObject\",\"inLanguage\":\"de\",\"@id\":\"https:\\\/\\\/www.fitt.com\\\/de\\\/news\\\/die-vision-von-fitt-fuer-die-zukunft-fitt-together-2017\\\/#primaryimage\",\"url\":\"https:\\\/\\\/www.fitt.com\\\/wp-content\\\/uploads\\\/2017\\\/06\\\/17191931_1871188803151000_568484608304454004_o-1600x1066-1.jpg\",\"contentUrl\":\"https:\\\/\\\/www.fitt.com\\\/wp-content\\\/uploads\\\/2017\\\/06\\\/17191931_1871188803151000_568484608304454004_o-1600x1066-1.jpg\",\"width\":1280,\"height\":853},{\"@type\":\"BreadcrumbList\",\"@id\":\"https:\\\/\\\/www.fitt.com\\\/de\\\/news\\\/die-vision-von-fitt-fuer-die-zukunft-fitt-together-2017\\\/#breadcrumb\",\"itemListElement\":[{\"@type\":\"ListItem\",\"position\":1,\"name\":\"Home\",\"item\":\"https:\\\/\\\/www.fitt.com\\\/de\\\/\"},{\"@type\":\"ListItem\",\"position\":2,\"name\":\"Die Vision von Fitt f\u00fcr die Zukunft Fitt Together 2017\"}]},{\"@type\":\"WebSite\",\"@id\":\"https:\\\/\\\/www.fitt.com\\\/de\\\/#website\",\"url\":\"https:\\\/\\\/www.fitt.com\\\/de\\\/\",\"name\":\"FITT\",\"description\":\"FITT Spa\",\"publisher\":{\"@id\":\"https:\\\/\\\/www.fitt.com\\\/de\\\/#organization\"},\"potentialAction\":[{\"@type\":\"SearchAction\",\"target\":{\"@type\":\"EntryPoint\",\"urlTemplate\":\"https:\\\/\\\/www.fitt.com\\\/de\\\/?s={search_term_string}\"},\"query-input\":{\"@type\":\"PropertyValueSpecification\",\"valueRequired\":true,\"valueName\":\"search_term_string\"}}],\"inLanguage\":\"de\"},{\"@type\":\"Organization\",\"@id\":\"https:\\\/\\\/www.fitt.com\\\/de\\\/#organization\",\"name\":\"Fitt SPA\",\"url\":\"https:\\\/\\\/www.fitt.com\\\/de\\\/\",\"logo\":{\"@type\":\"ImageObject\",\"inLanguage\":\"de\",\"@id\":\"https:\\\/\\\/www.fitt.com\\\/de\\\/#\\\/schema\\\/logo\\\/image\\\/\",\"url\":\"https:\\\/\\\/www.fitt.com\\\/wp-content\\\/uploads\\\/2022\\\/05\\\/logo-light.png\",\"contentUrl\":\"https:\\\/\\\/www.fitt.com\\\/wp-content\\\/uploads\\\/2022\\\/05\\\/logo-light.png\",\"width\":827,\"height\":508,\"caption\":\"Fitt SPA\"},\"image\":{\"@id\":\"https:\\\/\\\/www.fitt.com\\\/de\\\/#\\\/schema\\\/logo\\\/image\\\/\"}},{\"@type\":\"Person\",\"@id\":\"https:\\\/\\\/www.fitt.com\\\/de\\\/#\\\/schema\\\/person\\\/88ed5d9863be31118f9ec9ee37f028a2\",\"name\":\"system\",\"sameAs\":[\"https:\\\/\\\/www.fitt.com\\\/\"]}]}<\/script>\n<!-- \/ Yoast SEO Premium plugin. -->","yoast_head_json":{"title":"Die Vision von Fitt f\u00fcr die Zukunft Fitt Together 2017 - FITT","robots":{"index":"index","follow":"follow","max-snippet":"max-snippet:-1","max-image-preview":"max-image-preview:large","max-video-preview":"max-video-preview:-1"},"canonical":"https:\/\/www.fitt.com\/de\/news\/die-vision-von-fitt-fuer-die-zukunft-fitt-together-2017\/","og_locale":"de_DE","og_type":"article","og_title":"Die Vision von Fitt f\u00fcr die Zukunft Fitt Together 2017","og_description":"Die Vision von Fitt f\u00fcr die Zukunft wurde dem gesamten Unternehmen auf einer denkw\u00fcrdigen, allen Mitarbeitern gewidmeten Convention vorgestellt: \u201eFitt Together 2023\u201c Die Vision von Fitt f\u00fcr die Zukunft: die Latte wurde auf 2023 gelegt \u201eWIR M\u00d6CHTEN DER ZUKUNFT MUTIG ENTGEGENTRETEN. HEUTE IST DIESES KONZEPT SCHWIERIG UMZUSETZEN UND VORW\u00c4RTS ZU TREIBEN, ABER DADURCH K\u00d6NNEN WIR [&hellip;]","og_url":"https:\/\/www.fitt.com\/de\/news\/die-vision-von-fitt-fuer-die-zukunft-fitt-together-2017\/","og_site_name":"FITT","article_published_time":"2017-06-09T22:00:00+00:00","article_modified_time":"2022-08-10T08:40:42+00:00","og_image":[{"width":1280,"height":853,"url":"https:\/\/www.fitt.com\/wp-content\/uploads\/2017\/06\/17191931_1871188803151000_568484608304454004_o-1600x1066-1.jpg","type":"image\/jpeg"}],"author":"system","twitter_card":"summary_large_image","twitter_misc":{"Verfasst von":"system","Gesch\u00e4tzte Lesezeit":"5\u00a0Minuten"},"schema":{"@context":"https:\/\/schema.org","@graph":[{"@type":"Article","@id":"https:\/\/www.fitt.com\/de\/news\/die-vision-von-fitt-fuer-die-zukunft-fitt-together-2017\/#article","isPartOf":{"@id":"https:\/\/www.fitt.com\/de\/news\/die-vision-von-fitt-fuer-die-zukunft-fitt-together-2017\/"},"author":{"name":"system","@id":"https:\/\/www.fitt.com\/de\/#\/schema\/person\/88ed5d9863be31118f9ec9ee37f028a2"},"headline":"Die Vision von Fitt f\u00fcr die Zukunft Fitt Together 2017","datePublished":"2017-06-09T22:00:00+00:00","dateModified":"2022-08-10T08:40:42+00:00","mainEntityOfPage":{"@id":"https:\/\/www.fitt.com\/de\/news\/die-vision-von-fitt-fuer-die-zukunft-fitt-together-2017\/"},"wordCount":921,"publisher":{"@id":"https:\/\/www.fitt.com\/de\/#organization"},"image":{"@id":"https:\/\/www.fitt.com\/de\/news\/die-vision-von-fitt-fuer-die-zukunft-fitt-together-2017\/#primaryimage"},"thumbnailUrl":"https:\/\/www.fitt.com\/wp-content\/uploads\/2017\/06\/17191931_1871188803151000_568484608304454004_o-1600x1066-1.jpg","articleSection":["Eventi","News","People"],"inLanguage":"de"},{"@type":"WebPage","@id":"https:\/\/www.fitt.com\/de\/news\/die-vision-von-fitt-fuer-die-zukunft-fitt-together-2017\/","url":"https:\/\/www.fitt.com\/de\/news\/die-vision-von-fitt-fuer-die-zukunft-fitt-together-2017\/","name":"Die Vision von Fitt f\u00fcr die Zukunft Fitt Together 2017 - FITT","isPartOf":{"@id":"https:\/\/www.fitt.com\/de\/#website"},"primaryImageOfPage":{"@id":"https:\/\/www.fitt.com\/de\/news\/die-vision-von-fitt-fuer-die-zukunft-fitt-together-2017\/#primaryimage"},"image":{"@id":"https:\/\/www.fitt.com\/de\/news\/die-vision-von-fitt-fuer-die-zukunft-fitt-together-2017\/#primaryimage"},"thumbnailUrl":"https:\/\/www.fitt.com\/wp-content\/uploads\/2017\/06\/17191931_1871188803151000_568484608304454004_o-1600x1066-1.jpg","datePublished":"2017-06-09T22:00:00+00:00","dateModified":"2022-08-10T08:40:42+00:00","breadcrumb":{"@id":"https:\/\/www.fitt.com\/de\/news\/die-vision-von-fitt-fuer-die-zukunft-fitt-together-2017\/#breadcrumb"},"inLanguage":"de","potentialAction":[{"@type":"ReadAction","target":["https:\/\/www.fitt.com\/de\/news\/die-vision-von-fitt-fuer-die-zukunft-fitt-together-2017\/"]}]},{"@type":"ImageObject","inLanguage":"de","@id":"https:\/\/www.fitt.com\/de\/news\/die-vision-von-fitt-fuer-die-zukunft-fitt-together-2017\/#primaryimage","url":"https:\/\/www.fitt.com\/wp-content\/uploads\/2017\/06\/17191931_1871188803151000_568484608304454004_o-1600x1066-1.jpg","contentUrl":"https:\/\/www.fitt.com\/wp-content\/uploads\/2017\/06\/17191931_1871188803151000_568484608304454004_o-1600x1066-1.jpg","width":1280,"height":853},{"@type":"BreadcrumbList","@id":"https:\/\/www.fitt.com\/de\/news\/die-vision-von-fitt-fuer-die-zukunft-fitt-together-2017\/#breadcrumb","itemListElement":[{"@type":"ListItem","position":1,"name":"Home","item":"https:\/\/www.fitt.com\/de\/"},{"@type":"ListItem","position":2,"name":"Die Vision von Fitt f\u00fcr die Zukunft Fitt Together 2017"}]},{"@type":"WebSite","@id":"https:\/\/www.fitt.com\/de\/#website","url":"https:\/\/www.fitt.com\/de\/","name":"FITT","description":"FITT Spa","publisher":{"@id":"https:\/\/www.fitt.com\/de\/#organization"},"potentialAction":[{"@type":"SearchAction","target":{"@type":"EntryPoint","urlTemplate":"https:\/\/www.fitt.com\/de\/?s={search_term_string}"},"query-input":{"@type":"PropertyValueSpecification","valueRequired":true,"valueName":"search_term_string"}}],"inLanguage":"de"},{"@type":"Organization","@id":"https:\/\/www.fitt.com\/de\/#organization","name":"Fitt SPA","url":"https:\/\/www.fitt.com\/de\/","logo":{"@type":"ImageObject","inLanguage":"de","@id":"https:\/\/www.fitt.com\/de\/#\/schema\/logo\/image\/","url":"https:\/\/www.fitt.com\/wp-content\/uploads\/2022\/05\/logo-light.png","contentUrl":"https:\/\/www.fitt.com\/wp-content\/uploads\/2022\/05\/logo-light.png","width":827,"height":508,"caption":"Fitt SPA"},"image":{"@id":"https:\/\/www.fitt.com\/de\/#\/schema\/logo\/image\/"}},{"@type":"Person","@id":"https:\/\/www.fitt.com\/de\/#\/schema\/person\/88ed5d9863be31118f9ec9ee37f028a2","name":"system","sameAs":["https:\/\/www.fitt.com\/"]}]}},"_links":{"self":[{"href":"https:\/\/www.fitt.com\/de\/wp-json\/wp\/v2\/posts\/15581","targetHints":{"allow":["GET"]}}],"collection":[{"href":"https:\/\/www.fitt.com\/de\/wp-json\/wp\/v2\/posts"}],"about":[{"href":"https:\/\/www.fitt.com\/de\/wp-json\/wp\/v2\/types\/post"}],"author":[{"embeddable":true,"href":"https:\/\/www.fitt.com\/de\/wp-json\/wp\/v2\/users\/1"}],"replies":[{"embeddable":true,"href":"https:\/\/www.fitt.com\/de\/wp-json\/wp\/v2\/comments?post=15581"}],"version-history":[{"count":1,"href":"https:\/\/www.fitt.com\/de\/wp-json\/wp\/v2\/posts\/15581\/revisions"}],"predecessor-version":[{"id":15582,"href":"https:\/\/www.fitt.com\/de\/wp-json\/wp\/v2\/posts\/15581\/revisions\/15582"}],"wp:featuredmedia":[{"embeddable":true,"href":"https:\/\/www.fitt.com\/de\/wp-json\/wp\/v2\/media\/14522"}],"wp:attachment":[{"href":"https:\/\/www.fitt.com\/de\/wp-json\/wp\/v2\/media?parent=15581"}],"wp:term":[{"taxonomy":"category","embeddable":true,"href":"https:\/\/www.fitt.com\/de\/wp-json\/wp\/v2\/categories?post=15581"},{"taxonomy":"post_tag","embeddable":true,"href":"https:\/\/www.fitt.com\/de\/wp-json\/wp\/v2\/tags?post=15581"}],"curies":[{"name":"wp","href":"https:\/\/api.w.org\/{rel}","templated":true}]}}