{"id":15541,"date":"2018-02-20T00:00:00","date_gmt":"2018-02-19T23:00:00","guid":{"rendered":"https:\/\/www.fitt.com\/news\/alessandro-mezzalira-ceo-di-fitt-allo-speciale-top-500\/"},"modified":"2022-08-10T10:00:46","modified_gmt":"2022-08-10T08:00:46","slug":"der-ceo-von-fitt-alessandro-mezzalira-zu-gast-auf-dem-event-top-500","status":"publish","type":"post","link":"https:\/\/www.fitt.com\/de\/news\/der-ceo-von-fitt-alessandro-mezzalira-zu-gast-auf-dem-event-top-500\/","title":{"rendered":"Der CEO von FITT, Alessandro Mezzalira, zu Gast auf dem Event TOP 500"},"content":{"rendered":"<div class='custom_gallery' data-module='gallery-modal'>\n<div class='outside-gallery-container row'>\n<div class='col-md-4 col-sm-6 btn-modal'>\n<div class='image-container' data-index='0'>\n<img decoding=\"async\" src=\"https:\/\/www.fitt.com\/wp-content\/uploads\/2018\/02\/FITT-Top500-Cuoa-Interna.jpg\"><\/div>\n<\/div>\n<\/div>\n\n      <div class=\"ud_modal modal-js js_gallery\">\n        <div class=\"box\">\n          <div class=\"btn-close\">\n            <span class=\"icon-close\">\n              <svg viewBox=\"0 0 27 27\" xmlns=\"http:\/\/www.w3.org\/2000\/svg\">\n                <rect id=\"rect-1\" x=\"2.25146\" y=\"0.129944\" width=\"35\" height=\"3\" rx=\"1.5\" transform=\"rotate(45 2.25146 0.129944)\"\/>\n                <rect id=\"rect-2\" width=\"35\" height=\"3\" rx=\"1.5\" transform=\"matrix(-0.707107 0.707107 0.707107 0.707107 24.8135 0.0649719)\"\/>\n              <\/svg>\n            <\/span>\n          <\/div>\n          <div class=\"content mx-md-n32\">\n            <div class=\"slider\">\n              <div class=\"swiper-wrapper\">\n                <div class='swiper-slide'>\n<img decoding=\"async\" src=\"https:\/\/www.fitt.com\/wp-content\/uploads\/2018\/02\/FITT-Top500-Cuoa-Interna.jpg\"><\/div>\n\n              <\/div>\n            <\/div>\n          <\/div>\n\n          <div class=\"ud_slider__nav--prev\">\n            <svg fill=\"none\" height=\"20\" viewBox=\"0 0 14 20\" width=\"14\" xmlns=\"http:\/\/www.w3.org\/2000\/svg\">\n              <path d=\"m12.9706 9.20759c.52.40031.52 1.18451 0 1.58481l-10.8606 8.3605c-.65757.5062-1.609999.0375-1.609999-.7924l-.000001-16.72102c0-.829843.95243-1.298607 1.60999-.79241z\" fill=\"#000\"><\/path>\n            <\/svg>\n          <\/div>\n          <div class=\"ud_slider__nav--next\">\n            <svg fill=\"none\" height=\"20\" viewBox=\"0 0 14 20\" width=\"14\" xmlns=\"http:\/\/www.w3.org\/2000\/svg\">\n              <path d=\"m12.9706 9.20759c.52.40031.52 1.18451 0 1.58481l-10.8606 8.3605c-.65757.5062-1.609999.0375-1.609999-.7924l-.000001-16.72102c0-.829843.95243-1.298607 1.60999-.79241z\" fill=\"#000\"><\/path>\n            <\/svg>\n          <\/div>\n        <\/div>\n      <\/div>\n    <\/div>\n<p><strong>\u201eDie Industrie in der Umgebung von Vicenza ist in Bewegung\u201c<\/strong>, so lautet der Titel der&nbsp;<strong>Sonderbeilage TOP 500<\/strong>, die den&nbsp;<strong>umsatzst\u00e4rksten Unternehmen<\/strong>&nbsp;gewidmet ist. Sie wurde heute von der Tageszeitung&nbsp;<strong>Giornale di Vicenza<\/strong>&nbsp;ver\u00f6ffentlicht und gestern Nachmittag in der&nbsp;<a href=\"\"https:\/\/www.cuoa.it\/ita\/\"\" rel=\"\"noopener\"\" target=\"\"_blank\"\"><strong>CUOA Business School&nbsp;<\/strong><\/a>in Altavilla pr\u00e4sentiert.<\/p>\n<p>Hierbei standen die Hauptdarsteller einer R\u00fcckkehr und einer Festigung&nbsp;<strong>des strategischen und starken wirtschaftlichen Aufschwungs<\/strong>, der nicht nur ausschlie\u00dflich auf dem Umsatz, sondern auf einer Wertsteigerung der unternehmerischen Aktivit\u00e4ten basiert (was auch von den EBITDA-Kennzahlen in Bezug auf die Betriebsgewinne best\u00e4tigt wird) im Mittelpunkt.<\/p>\n<p>Die von der&nbsp;<strong>Fakult\u00e4t f\u00fcr Betriebswirtschaft der Universit\u00e4t Verona<\/strong>&nbsp;und dem Netzwerk f\u00fcr branchenspezifische Dienstleistungen&nbsp;<a href=\"\"https:\/\/www.pwc.com\/it\/it.html\"\" rel=\"\"noopener\"\" target=\"\"_blank\"\"><strong>PwC<\/strong><\/a>durchgef\u00fchrte Studie umfasst gut&nbsp;<strong>15.000 Unternehmen aus der Umgebung<\/strong>&nbsp;und hat ergeben, dass der&nbsp;<strong>Wachstumstrend<\/strong>&nbsp;in etwa&nbsp;<strong>2,7 %<\/strong>betr\u00e4gt. Allgemein gelten&nbsp;<strong>drei Schl\u00fcsselfaktoren<\/strong>&nbsp;als Ursache f\u00fcr das Wachstum:&nbsp;<strong>Moderne Technologie, industrielles Know-How und Design<\/strong>, innovative Bereiche, die immer mehr Investitionen anziehen und auch auf eine verst\u00e4rkte Tendenz zu mehr unternehmerischen Risiken als in der Vergangenheit hinweisen.<\/p>\n<p>Ein weiterer gemeinsamer Zugfaktor ist der&nbsp;<strong>Export<\/strong>, der eine \u00dcbergangsphase in dem Internationalisierungsprozess der Unternehmen darstellt. Die Unternehmen weiten sich immer mehr auf die ausl\u00e4ndischen M\u00e4rkte aus, mit einer starken und gefestigten Pr\u00e4senz (direkte Teilnahme mit Partnerfirmen vor Ort\/Handelsvertrieben des Unternehmens), was jedoch keines Falls mit einer Abwanderung verwechselt werden darf.<\/p>\n<p>Bei der von dem&nbsp;<strong>Journalisten Marino Smiderele<\/strong>&nbsp;geleiteten&nbsp;<strong>Diskussionsrunde<\/strong>&nbsp;wurden die Vortragenden aufgefordert, von ihren Wachstumsstrategien zu berichten und dabei die einzelnen Priorit\u00e4ten hervorzuheben.<\/p>\n<p>Der&nbsp;<strong>CEO von FITT, Alessandro Mezzalira,<\/strong>&nbsp;hat sich dabei vor allem auf den Bildungsprozess der&nbsp;<strong>Vision<\/strong>&nbsp;gest\u00fctzt, mit der Entscheidung, den Umsatz vor\u00fcbergehend in den Hintergrund zu r\u00fccken, und zwar zu Gunsten einer&nbsp;<strong>kultivierten Umwandlung<\/strong>, bei der die Personen und die neuen Talente im Mittelpunkt stehen, wof\u00fcr er auf eine Zusammenarbeit mit der Welt der Universit\u00e4t und der Forschung setzt. Eine&nbsp;<strong>andersartige und weitblickende Zukunft<\/strong>, die auf der Entscheidung basiert, zu einer Marke auf den M\u00e4rkten des Sektors zu werden.&nbsp;<strong>&nbsp;<\/strong><\/p>\n<p><strong>Mauro Fanin von Cereal Docks<\/strong>&nbsp;hat die Bedeutung einer Managementstruktur unterstrichen, in der die&nbsp;<strong>Entscheidungsbefugnis aufgeteilt ist<\/strong>, mit dem Bewusstsein, dass eine Person alleine nicht in der Lage ist, ein Unternehmen zu leiten.<\/p>\n<p>Der&nbsp;<strong>wissenschaftliche Leiter des Bereichs Unternehmertum der CUOA, Paolo Gubitt,<\/strong>&nbsp;hat die Runde mit einem Vortrag \u00fcber das&nbsp;<strong>Employer Branding<\/strong>&nbsp;und die Notwendigkeit, die&nbsp;<strong>Millenials<\/strong>in den Unternehmen aufzunehmen, abgeschlossen und dabei ein System vorgeschlagen, dem die hierarchischen Strukturen entzogen wurden und das darauf abzielt, ein Gleichgewicht zwischen der Erfahrung und den innovativen Kenntnissen der neuen Mitarbeiter herzustellen.<\/p>\n<p>Morgen, 21. Februar, werden den behandelten Themen in der Tageszeitung Il Giornale di Vicenza acht Seiten gewidmet.<\/p>\n","protected":false},"excerpt":{"rendered":"<p>\u201eDie Industrie in der Umgebung von Vicenza ist in Bewegung\u201c, so lautet der Titel der&nbsp;Sonderbeilage TOP 500, die den&nbsp;umsatzst\u00e4rksten Unternehmen&nbsp;gewidmet ist. Sie wurde heute von der Tageszeitung&nbsp;Giornale di Vicenza&nbsp;ver\u00f6ffentlicht und gestern Nachmittag in der&nbsp;CUOA Business School&nbsp;in Altavilla pr\u00e4sentiert. Hierbei standen die Hauptdarsteller einer R\u00fcckkehr und einer Festigung&nbsp;des strategischen und starken wirtschaftlichen Aufschwungs, der nicht nur [&hellip;]<\/p>\n","protected":false},"author":1,"featured_media":14349,"comment_status":"closed","ping_status":"open","sticky":false,"template":"","format":"standard","meta":{"_acf_changed":false,"footnotes":""},"categories":[390],"tags":[],"class_list":["post-15541","post","type-post","status-publish","format-standard","has-post-thumbnail","hentry","category-news-de"],"acf":[],"yoast_head":"<!-- This site is optimized with the Yoast SEO Premium plugin v24.1 (Yoast SEO v27.3) - https:\/\/yoast.com\/product\/yoast-seo-premium-wordpress\/ -->\n<title>Der CEO von FITT, Alessandro Mezzalira, zu Gast auf dem Event TOP 500 - FITT<\/title>\n<meta name=\"robots\" content=\"index, follow, max-snippet:-1, max-image-preview:large, max-video-preview:-1\" \/>\n<link rel=\"canonical\" href=\"https:\/\/www.fitt.com\/de\/news\/der-ceo-von-fitt-alessandro-mezzalira-zu-gast-auf-dem-event-top-500\/\" \/>\n<meta property=\"og:locale\" content=\"de_DE\" \/>\n<meta property=\"og:type\" content=\"article\" \/>\n<meta property=\"og:title\" content=\"Der CEO von FITT, Alessandro Mezzalira, zu Gast auf dem Event TOP 500\" \/>\n<meta property=\"og:description\" content=\"\u201eDie Industrie in der Umgebung von Vicenza ist in Bewegung\u201c, so lautet der Titel der&nbsp;Sonderbeilage TOP 500, die den&nbsp;umsatzst\u00e4rksten Unternehmen&nbsp;gewidmet ist. Sie wurde heute von der Tageszeitung&nbsp;Giornale di Vicenza&nbsp;ver\u00f6ffentlicht und gestern Nachmittag in der&nbsp;CUOA Business School&nbsp;in Altavilla pr\u00e4sentiert. Hierbei standen die Hauptdarsteller einer R\u00fcckkehr und einer Festigung&nbsp;des strategischen und starken wirtschaftlichen Aufschwungs, der nicht nur [&hellip;]\" \/>\n<meta property=\"og:url\" content=\"https:\/\/www.fitt.com\/de\/news\/der-ceo-von-fitt-alessandro-mezzalira-zu-gast-auf-dem-event-top-500\/\" \/>\n<meta property=\"og:site_name\" content=\"FITT\" \/>\n<meta property=\"article:published_time\" content=\"2018-02-19T23:00:00+00:00\" \/>\n<meta property=\"article:modified_time\" content=\"2022-08-10T08:00:46+00:00\" \/>\n<meta property=\"og:image\" content=\"https:\/\/www.fitt.com\/wp-content\/uploads\/2018\/02\/FITT-Top500-Cuoa-Header-1600x650-1.jpg\" \/>\n\t<meta property=\"og:image:width\" content=\"1280\" \/>\n\t<meta property=\"og:image:height\" content=\"520\" \/>\n\t<meta property=\"og:image:type\" content=\"image\/jpeg\" \/>\n<meta name=\"author\" content=\"system\" \/>\n<meta name=\"twitter:card\" content=\"summary_large_image\" \/>\n<meta name=\"twitter:label1\" content=\"Verfasst von\" \/>\n\t<meta name=\"twitter:data1\" content=\"system\" \/>\n\t<meta name=\"twitter:label2\" content=\"Gesch\u00e4tzte Lesezeit\" \/>\n\t<meta name=\"twitter:data2\" content=\"2\u00a0Minuten\" \/>\n<script type=\"application\/ld+json\" class=\"yoast-schema-graph\">{\"@context\":\"https:\\\/\\\/schema.org\",\"@graph\":[{\"@type\":\"Article\",\"@id\":\"https:\\\/\\\/www.fitt.com\\\/de\\\/news\\\/der-ceo-von-fitt-alessandro-mezzalira-zu-gast-auf-dem-event-top-500\\\/#article\",\"isPartOf\":{\"@id\":\"https:\\\/\\\/www.fitt.com\\\/de\\\/news\\\/der-ceo-von-fitt-alessandro-mezzalira-zu-gast-auf-dem-event-top-500\\\/\"},\"author\":{\"name\":\"system\",\"@id\":\"https:\\\/\\\/www.fitt.com\\\/de\\\/#\\\/schema\\\/person\\\/88ed5d9863be31118f9ec9ee37f028a2\"},\"headline\":\"Der CEO von FITT, Alessandro Mezzalira, zu Gast auf dem Event TOP 500\",\"datePublished\":\"2018-02-19T23:00:00+00:00\",\"dateModified\":\"2022-08-10T08:00:46+00:00\",\"mainEntityOfPage\":{\"@id\":\"https:\\\/\\\/www.fitt.com\\\/de\\\/news\\\/der-ceo-von-fitt-alessandro-mezzalira-zu-gast-auf-dem-event-top-500\\\/\"},\"wordCount\":499,\"publisher\":{\"@id\":\"https:\\\/\\\/www.fitt.com\\\/de\\\/#organization\"},\"image\":{\"@id\":\"https:\\\/\\\/www.fitt.com\\\/de\\\/news\\\/der-ceo-von-fitt-alessandro-mezzalira-zu-gast-auf-dem-event-top-500\\\/#primaryimage\"},\"thumbnailUrl\":\"https:\\\/\\\/www.fitt.com\\\/wp-content\\\/uploads\\\/2018\\\/02\\\/FITT-Top500-Cuoa-Header-1600x650-1.jpg\",\"articleSection\":[\"News\"],\"inLanguage\":\"de\"},{\"@type\":\"WebPage\",\"@id\":\"https:\\\/\\\/www.fitt.com\\\/de\\\/news\\\/der-ceo-von-fitt-alessandro-mezzalira-zu-gast-auf-dem-event-top-500\\\/\",\"url\":\"https:\\\/\\\/www.fitt.com\\\/de\\\/news\\\/der-ceo-von-fitt-alessandro-mezzalira-zu-gast-auf-dem-event-top-500\\\/\",\"name\":\"Der CEO von FITT, Alessandro Mezzalira, zu Gast auf dem Event TOP 500 - FITT\",\"isPartOf\":{\"@id\":\"https:\\\/\\\/www.fitt.com\\\/de\\\/#website\"},\"primaryImageOfPage\":{\"@id\":\"https:\\\/\\\/www.fitt.com\\\/de\\\/news\\\/der-ceo-von-fitt-alessandro-mezzalira-zu-gast-auf-dem-event-top-500\\\/#primaryimage\"},\"image\":{\"@id\":\"https:\\\/\\\/www.fitt.com\\\/de\\\/news\\\/der-ceo-von-fitt-alessandro-mezzalira-zu-gast-auf-dem-event-top-500\\\/#primaryimage\"},\"thumbnailUrl\":\"https:\\\/\\\/www.fitt.com\\\/wp-content\\\/uploads\\\/2018\\\/02\\\/FITT-Top500-Cuoa-Header-1600x650-1.jpg\",\"datePublished\":\"2018-02-19T23:00:00+00:00\",\"dateModified\":\"2022-08-10T08:00:46+00:00\",\"breadcrumb\":{\"@id\":\"https:\\\/\\\/www.fitt.com\\\/de\\\/news\\\/der-ceo-von-fitt-alessandro-mezzalira-zu-gast-auf-dem-event-top-500\\\/#breadcrumb\"},\"inLanguage\":\"de\",\"potentialAction\":[{\"@type\":\"ReadAction\",\"target\":[\"https:\\\/\\\/www.fitt.com\\\/de\\\/news\\\/der-ceo-von-fitt-alessandro-mezzalira-zu-gast-auf-dem-event-top-500\\\/\"]}]},{\"@type\":\"ImageObject\",\"inLanguage\":\"de\",\"@id\":\"https:\\\/\\\/www.fitt.com\\\/de\\\/news\\\/der-ceo-von-fitt-alessandro-mezzalira-zu-gast-auf-dem-event-top-500\\\/#primaryimage\",\"url\":\"https:\\\/\\\/www.fitt.com\\\/wp-content\\\/uploads\\\/2018\\\/02\\\/FITT-Top500-Cuoa-Header-1600x650-1.jpg\",\"contentUrl\":\"https:\\\/\\\/www.fitt.com\\\/wp-content\\\/uploads\\\/2018\\\/02\\\/FITT-Top500-Cuoa-Header-1600x650-1.jpg\",\"width\":1280,\"height\":520},{\"@type\":\"BreadcrumbList\",\"@id\":\"https:\\\/\\\/www.fitt.com\\\/de\\\/news\\\/der-ceo-von-fitt-alessandro-mezzalira-zu-gast-auf-dem-event-top-500\\\/#breadcrumb\",\"itemListElement\":[{\"@type\":\"ListItem\",\"position\":1,\"name\":\"Home\",\"item\":\"https:\\\/\\\/www.fitt.com\\\/de\\\/\"},{\"@type\":\"ListItem\",\"position\":2,\"name\":\"Der CEO von FITT, Alessandro Mezzalira, zu Gast auf dem Event TOP 500\"}]},{\"@type\":\"WebSite\",\"@id\":\"https:\\\/\\\/www.fitt.com\\\/de\\\/#website\",\"url\":\"https:\\\/\\\/www.fitt.com\\\/de\\\/\",\"name\":\"FITT\",\"description\":\"FITT Spa\",\"publisher\":{\"@id\":\"https:\\\/\\\/www.fitt.com\\\/de\\\/#organization\"},\"potentialAction\":[{\"@type\":\"SearchAction\",\"target\":{\"@type\":\"EntryPoint\",\"urlTemplate\":\"https:\\\/\\\/www.fitt.com\\\/de\\\/?s={search_term_string}\"},\"query-input\":{\"@type\":\"PropertyValueSpecification\",\"valueRequired\":true,\"valueName\":\"search_term_string\"}}],\"inLanguage\":\"de\"},{\"@type\":\"Organization\",\"@id\":\"https:\\\/\\\/www.fitt.com\\\/de\\\/#organization\",\"name\":\"Fitt SPA\",\"url\":\"https:\\\/\\\/www.fitt.com\\\/de\\\/\",\"logo\":{\"@type\":\"ImageObject\",\"inLanguage\":\"de\",\"@id\":\"https:\\\/\\\/www.fitt.com\\\/de\\\/#\\\/schema\\\/logo\\\/image\\\/\",\"url\":\"https:\\\/\\\/www.fitt.com\\\/wp-content\\\/uploads\\\/2022\\\/05\\\/logo-light.png\",\"contentUrl\":\"https:\\\/\\\/www.fitt.com\\\/wp-content\\\/uploads\\\/2022\\\/05\\\/logo-light.png\",\"width\":827,\"height\":508,\"caption\":\"Fitt SPA\"},\"image\":{\"@id\":\"https:\\\/\\\/www.fitt.com\\\/de\\\/#\\\/schema\\\/logo\\\/image\\\/\"}},{\"@type\":\"Person\",\"@id\":\"https:\\\/\\\/www.fitt.com\\\/de\\\/#\\\/schema\\\/person\\\/88ed5d9863be31118f9ec9ee37f028a2\",\"name\":\"system\",\"sameAs\":[\"https:\\\/\\\/www.fitt.com\\\/\"]}]}<\/script>\n<!-- \/ Yoast SEO Premium plugin. -->","yoast_head_json":{"title":"Der CEO von FITT, Alessandro Mezzalira, zu Gast auf dem Event TOP 500 - FITT","robots":{"index":"index","follow":"follow","max-snippet":"max-snippet:-1","max-image-preview":"max-image-preview:large","max-video-preview":"max-video-preview:-1"},"canonical":"https:\/\/www.fitt.com\/de\/news\/der-ceo-von-fitt-alessandro-mezzalira-zu-gast-auf-dem-event-top-500\/","og_locale":"de_DE","og_type":"article","og_title":"Der CEO von FITT, Alessandro Mezzalira, zu Gast auf dem Event TOP 500","og_description":"\u201eDie Industrie in der Umgebung von Vicenza ist in Bewegung\u201c, so lautet der Titel der&nbsp;Sonderbeilage TOP 500, die den&nbsp;umsatzst\u00e4rksten Unternehmen&nbsp;gewidmet ist. Sie wurde heute von der Tageszeitung&nbsp;Giornale di Vicenza&nbsp;ver\u00f6ffentlicht und gestern Nachmittag in der&nbsp;CUOA Business School&nbsp;in Altavilla pr\u00e4sentiert. Hierbei standen die Hauptdarsteller einer R\u00fcckkehr und einer Festigung&nbsp;des strategischen und starken wirtschaftlichen Aufschwungs, der nicht nur [&hellip;]","og_url":"https:\/\/www.fitt.com\/de\/news\/der-ceo-von-fitt-alessandro-mezzalira-zu-gast-auf-dem-event-top-500\/","og_site_name":"FITT","article_published_time":"2018-02-19T23:00:00+00:00","article_modified_time":"2022-08-10T08:00:46+00:00","og_image":[{"width":1280,"height":520,"url":"https:\/\/www.fitt.com\/wp-content\/uploads\/2018\/02\/FITT-Top500-Cuoa-Header-1600x650-1.jpg","type":"image\/jpeg"}],"author":"system","twitter_card":"summary_large_image","twitter_misc":{"Verfasst von":"system","Gesch\u00e4tzte Lesezeit":"2\u00a0Minuten"},"schema":{"@context":"https:\/\/schema.org","@graph":[{"@type":"Article","@id":"https:\/\/www.fitt.com\/de\/news\/der-ceo-von-fitt-alessandro-mezzalira-zu-gast-auf-dem-event-top-500\/#article","isPartOf":{"@id":"https:\/\/www.fitt.com\/de\/news\/der-ceo-von-fitt-alessandro-mezzalira-zu-gast-auf-dem-event-top-500\/"},"author":{"name":"system","@id":"https:\/\/www.fitt.com\/de\/#\/schema\/person\/88ed5d9863be31118f9ec9ee37f028a2"},"headline":"Der CEO von FITT, Alessandro Mezzalira, zu Gast auf dem Event TOP 500","datePublished":"2018-02-19T23:00:00+00:00","dateModified":"2022-08-10T08:00:46+00:00","mainEntityOfPage":{"@id":"https:\/\/www.fitt.com\/de\/news\/der-ceo-von-fitt-alessandro-mezzalira-zu-gast-auf-dem-event-top-500\/"},"wordCount":499,"publisher":{"@id":"https:\/\/www.fitt.com\/de\/#organization"},"image":{"@id":"https:\/\/www.fitt.com\/de\/news\/der-ceo-von-fitt-alessandro-mezzalira-zu-gast-auf-dem-event-top-500\/#primaryimage"},"thumbnailUrl":"https:\/\/www.fitt.com\/wp-content\/uploads\/2018\/02\/FITT-Top500-Cuoa-Header-1600x650-1.jpg","articleSection":["News"],"inLanguage":"de"},{"@type":"WebPage","@id":"https:\/\/www.fitt.com\/de\/news\/der-ceo-von-fitt-alessandro-mezzalira-zu-gast-auf-dem-event-top-500\/","url":"https:\/\/www.fitt.com\/de\/news\/der-ceo-von-fitt-alessandro-mezzalira-zu-gast-auf-dem-event-top-500\/","name":"Der CEO von FITT, Alessandro Mezzalira, zu Gast auf dem Event TOP 500 - FITT","isPartOf":{"@id":"https:\/\/www.fitt.com\/de\/#website"},"primaryImageOfPage":{"@id":"https:\/\/www.fitt.com\/de\/news\/der-ceo-von-fitt-alessandro-mezzalira-zu-gast-auf-dem-event-top-500\/#primaryimage"},"image":{"@id":"https:\/\/www.fitt.com\/de\/news\/der-ceo-von-fitt-alessandro-mezzalira-zu-gast-auf-dem-event-top-500\/#primaryimage"},"thumbnailUrl":"https:\/\/www.fitt.com\/wp-content\/uploads\/2018\/02\/FITT-Top500-Cuoa-Header-1600x650-1.jpg","datePublished":"2018-02-19T23:00:00+00:00","dateModified":"2022-08-10T08:00:46+00:00","breadcrumb":{"@id":"https:\/\/www.fitt.com\/de\/news\/der-ceo-von-fitt-alessandro-mezzalira-zu-gast-auf-dem-event-top-500\/#breadcrumb"},"inLanguage":"de","potentialAction":[{"@type":"ReadAction","target":["https:\/\/www.fitt.com\/de\/news\/der-ceo-von-fitt-alessandro-mezzalira-zu-gast-auf-dem-event-top-500\/"]}]},{"@type":"ImageObject","inLanguage":"de","@id":"https:\/\/www.fitt.com\/de\/news\/der-ceo-von-fitt-alessandro-mezzalira-zu-gast-auf-dem-event-top-500\/#primaryimage","url":"https:\/\/www.fitt.com\/wp-content\/uploads\/2018\/02\/FITT-Top500-Cuoa-Header-1600x650-1.jpg","contentUrl":"https:\/\/www.fitt.com\/wp-content\/uploads\/2018\/02\/FITT-Top500-Cuoa-Header-1600x650-1.jpg","width":1280,"height":520},{"@type":"BreadcrumbList","@id":"https:\/\/www.fitt.com\/de\/news\/der-ceo-von-fitt-alessandro-mezzalira-zu-gast-auf-dem-event-top-500\/#breadcrumb","itemListElement":[{"@type":"ListItem","position":1,"name":"Home","item":"https:\/\/www.fitt.com\/de\/"},{"@type":"ListItem","position":2,"name":"Der CEO von FITT, Alessandro Mezzalira, zu Gast auf dem Event TOP 500"}]},{"@type":"WebSite","@id":"https:\/\/www.fitt.com\/de\/#website","url":"https:\/\/www.fitt.com\/de\/","name":"FITT","description":"FITT Spa","publisher":{"@id":"https:\/\/www.fitt.com\/de\/#organization"},"potentialAction":[{"@type":"SearchAction","target":{"@type":"EntryPoint","urlTemplate":"https:\/\/www.fitt.com\/de\/?s={search_term_string}"},"query-input":{"@type":"PropertyValueSpecification","valueRequired":true,"valueName":"search_term_string"}}],"inLanguage":"de"},{"@type":"Organization","@id":"https:\/\/www.fitt.com\/de\/#organization","name":"Fitt SPA","url":"https:\/\/www.fitt.com\/de\/","logo":{"@type":"ImageObject","inLanguage":"de","@id":"https:\/\/www.fitt.com\/de\/#\/schema\/logo\/image\/","url":"https:\/\/www.fitt.com\/wp-content\/uploads\/2022\/05\/logo-light.png","contentUrl":"https:\/\/www.fitt.com\/wp-content\/uploads\/2022\/05\/logo-light.png","width":827,"height":508,"caption":"Fitt SPA"},"image":{"@id":"https:\/\/www.fitt.com\/de\/#\/schema\/logo\/image\/"}},{"@type":"Person","@id":"https:\/\/www.fitt.com\/de\/#\/schema\/person\/88ed5d9863be31118f9ec9ee37f028a2","name":"system","sameAs":["https:\/\/www.fitt.com\/"]}]}},"_links":{"self":[{"href":"https:\/\/www.fitt.com\/de\/wp-json\/wp\/v2\/posts\/15541","targetHints":{"allow":["GET"]}}],"collection":[{"href":"https:\/\/www.fitt.com\/de\/wp-json\/wp\/v2\/posts"}],"about":[{"href":"https:\/\/www.fitt.com\/de\/wp-json\/wp\/v2\/types\/post"}],"author":[{"embeddable":true,"href":"https:\/\/www.fitt.com\/de\/wp-json\/wp\/v2\/users\/1"}],"replies":[{"embeddable":true,"href":"https:\/\/www.fitt.com\/de\/wp-json\/wp\/v2\/comments?post=15541"}],"version-history":[{"count":1,"href":"https:\/\/www.fitt.com\/de\/wp-json\/wp\/v2\/posts\/15541\/revisions"}],"predecessor-version":[{"id":15542,"href":"https:\/\/www.fitt.com\/de\/wp-json\/wp\/v2\/posts\/15541\/revisions\/15542"}],"wp:featuredmedia":[{"embeddable":true,"href":"https:\/\/www.fitt.com\/de\/wp-json\/wp\/v2\/media\/14349"}],"wp:attachment":[{"href":"https:\/\/www.fitt.com\/de\/wp-json\/wp\/v2\/media?parent=15541"}],"wp:term":[{"taxonomy":"category","embeddable":true,"href":"https:\/\/www.fitt.com\/de\/wp-json\/wp\/v2\/categories?post=15541"},{"taxonomy":"post_tag","embeddable":true,"href":"https:\/\/www.fitt.com\/de\/wp-json\/wp\/v2\/tags?post=15541"}],"curies":[{"name":"wp","href":"https:\/\/api.w.org\/{rel}","templated":true}]}}