{"id":15522,"date":"2018-04-12T00:00:00","date_gmt":"2018-04-11T22:00:00","guid":{"rendered":"https:\/\/www.fitt.com\/news\/fitt-a-foire-de-paris\/"},"modified":"2022-08-10T09:26:18","modified_gmt":"2022-08-10T07:26:18","slug":"fitt-a-foire-de-paris","status":"publish","type":"post","link":"https:\/\/www.fitt.com\/de\/news\/fitt-a-foire-de-paris\/","title":{"rendered":"FITT beim Foire de Paris"},"content":{"rendered":"<p>Vom 27. April bis 8. Mai nimmt FITT am&nbsp;<strong>Foire de Paris<\/strong>, der seit 112 Jahren&nbsp;<strong>gr\u00f6\u00dften Living-Ausstellung Europas<\/strong>teil, die auf der Pariser Expo Porte de Versailles stattfindet und 3.500 Aussteller umfasst.<\/p>\n<p>Auf diesem einzigartigen Event k\u00f6nnen die Besucher Produkte f\u00fcr Haushalt, Freizeit, Gastronomie, Sch\u00f6nheitspflege und vieles mehr entdecken, testen und vergleichen. Mit dabei ist auch&nbsp;<a href=\"\"https:\/\/www.yoyoflexiblergartenschlauch.de\/\"\"><strong>YOYO<\/strong><\/a>,&nbsp;<strong>das rote, innovative, leichte und kompakte Mehrzweck-System<\/strong>.<\/p>\n<p>Die Besucher k\u00f6nnen YOYO dank des Demobereichs am Stand selbst kennenlernen und ausprobieren und ihre Erfahrungen in den sozialen Netzwerken \u00fcber den Hashtag&nbsp;<a href=\"\"https:\/\/www.instagram.com\/explore\/tags\/yoyobyfitt\/\"\"><strong>#YOYObyFITT<\/strong><\/a>teilen.<\/p>\n<p>Am Er\u00f6ffnungstag findet im Espace Bulle \u00c9ph\u00e9m\u00e8re von Hall 1 die&nbsp;<strong>\u00dcbergabezeremonie der 6. Ausgabe der Etiketten \u201eVon Frauen gew\u00e4hlt\u201c<\/strong>statt, einer vom Women\u2019s Garden Executive Club organisierten Auszeichnung. Die Vereinigung wurde von Frauen aus dem Fachbereich Gartenbau gegr\u00fcndet, die der Garten-Welt einen Hauch Weiblichkeit verleihen m\u00f6chten.<\/p>\n<p><strong>YOYO nimmt das gewonnene Etikett der Kategorie \u201eVon Frauen f\u00fcr Frauen gew\u00e4hlt\u201c entgegen<\/strong>: ein ambitionierter Preis, der auf die Troph\u00e4en-Pinnwand kommt.<\/p>\n<p><strong>YOYO erwartet Sie in Hall 1, Stand G058.<\/strong><\/p>\n","protected":false},"excerpt":{"rendered":"<p>Vom 27. April bis 8. Mai nimmt FITT am&nbsp;Foire de Paris, der seit 112 Jahren&nbsp;gr\u00f6\u00dften Living-Ausstellung Europasteil, die auf der Pariser Expo Porte de Versailles stattfindet und 3.500 Aussteller umfasst. Auf diesem einzigartigen Event k\u00f6nnen die Besucher Produkte f\u00fcr Haushalt, Freizeit, Gastronomie, Sch\u00f6nheitspflege und vieles mehr entdecken, testen und vergleichen. Mit dabei ist auch&nbsp;YOYO,&nbsp;das rote, [&hellip;]<\/p>\n","protected":false},"author":1,"featured_media":14293,"comment_status":"closed","ping_status":"open","sticky":false,"template":"","format":"standard","meta":{"_acf_changed":false,"footnotes":""},"categories":[393,391],"tags":[],"class_list":["post-15522","post","type-post","status-publish","format-standard","has-post-thumbnail","hentry","category-eventi-de","category-garden-de"],"acf":[],"yoast_head":"<!-- This site is optimized with the Yoast SEO Premium plugin v24.1 (Yoast SEO v27.3) - https:\/\/yoast.com\/product\/yoast-seo-premium-wordpress\/ -->\n<title>FITT beim Foire de Paris - FITT<\/title>\n<meta name=\"robots\" content=\"index, follow, max-snippet:-1, max-image-preview:large, max-video-preview:-1\" \/>\n<link rel=\"canonical\" href=\"https:\/\/www.fitt.com\/de\/news\/fitt-a-foire-de-paris\/\" \/>\n<meta property=\"og:locale\" content=\"de_DE\" \/>\n<meta property=\"og:type\" content=\"article\" \/>\n<meta property=\"og:title\" content=\"FITT beim Foire de Paris\" \/>\n<meta property=\"og:description\" content=\"Vom 27. April bis 8. Mai nimmt FITT am&nbsp;Foire de Paris, der seit 112 Jahren&nbsp;gr\u00f6\u00dften Living-Ausstellung Europasteil, die auf der Pariser Expo Porte de Versailles stattfindet und 3.500 Aussteller umfasst. Auf diesem einzigartigen Event k\u00f6nnen die Besucher Produkte f\u00fcr Haushalt, Freizeit, Gastronomie, Sch\u00f6nheitspflege und vieles mehr entdecken, testen und vergleichen. Mit dabei ist auch&nbsp;YOYO,&nbsp;das rote, [&hellip;]\" \/>\n<meta property=\"og:url\" content=\"https:\/\/www.fitt.com\/de\/news\/fitt-a-foire-de-paris\/\" \/>\n<meta property=\"og:site_name\" content=\"FITT\" \/>\n<meta property=\"article:published_time\" content=\"2018-04-11T22:00:00+00:00\" \/>\n<meta property=\"article:modified_time\" content=\"2022-08-10T07:26:18+00:00\" \/>\n<meta property=\"og:image\" content=\"https:\/\/www.fitt.com\/wp-content\/uploads\/2018\/04\/FITT-Foire-de-Paris-1600x650-1.jpg\" \/>\n\t<meta property=\"og:image:width\" content=\"1280\" \/>\n\t<meta property=\"og:image:height\" content=\"520\" \/>\n\t<meta property=\"og:image:type\" content=\"image\/jpeg\" \/>\n<meta name=\"author\" content=\"system\" \/>\n<meta name=\"twitter:card\" content=\"summary_large_image\" \/>\n<meta name=\"twitter:label1\" content=\"Verfasst von\" \/>\n\t<meta name=\"twitter:data1\" content=\"system\" \/>\n\t<meta name=\"twitter:label2\" content=\"Gesch\u00e4tzte Lesezeit\" \/>\n\t<meta name=\"twitter:data2\" content=\"1\u00a0Minute\" \/>\n<script type=\"application\/ld+json\" class=\"yoast-schema-graph\">{\"@context\":\"https:\\\/\\\/schema.org\",\"@graph\":[{\"@type\":\"Article\",\"@id\":\"https:\\\/\\\/www.fitt.com\\\/de\\\/news\\\/fitt-a-foire-de-paris\\\/#article\",\"isPartOf\":{\"@id\":\"https:\\\/\\\/www.fitt.com\\\/de\\\/news\\\/fitt-a-foire-de-paris\\\/\"},\"author\":{\"name\":\"system\",\"@id\":\"https:\\\/\\\/www.fitt.com\\\/de\\\/#\\\/schema\\\/person\\\/88ed5d9863be31118f9ec9ee37f028a2\"},\"headline\":\"FITT beim Foire de Paris\",\"datePublished\":\"2018-04-11T22:00:00+00:00\",\"dateModified\":\"2022-08-10T07:26:18+00:00\",\"mainEntityOfPage\":{\"@id\":\"https:\\\/\\\/www.fitt.com\\\/de\\\/news\\\/fitt-a-foire-de-paris\\\/\"},\"wordCount\":184,\"publisher\":{\"@id\":\"https:\\\/\\\/www.fitt.com\\\/de\\\/#organization\"},\"image\":{\"@id\":\"https:\\\/\\\/www.fitt.com\\\/de\\\/news\\\/fitt-a-foire-de-paris\\\/#primaryimage\"},\"thumbnailUrl\":\"https:\\\/\\\/www.fitt.com\\\/wp-content\\\/uploads\\\/2018\\\/04\\\/FITT-Foire-de-Paris-1600x650-1.jpg\",\"articleSection\":[\"Eventi\",\"Garden\"],\"inLanguage\":\"de\"},{\"@type\":\"WebPage\",\"@id\":\"https:\\\/\\\/www.fitt.com\\\/de\\\/news\\\/fitt-a-foire-de-paris\\\/\",\"url\":\"https:\\\/\\\/www.fitt.com\\\/de\\\/news\\\/fitt-a-foire-de-paris\\\/\",\"name\":\"FITT beim Foire de Paris - FITT\",\"isPartOf\":{\"@id\":\"https:\\\/\\\/www.fitt.com\\\/de\\\/#website\"},\"primaryImageOfPage\":{\"@id\":\"https:\\\/\\\/www.fitt.com\\\/de\\\/news\\\/fitt-a-foire-de-paris\\\/#primaryimage\"},\"image\":{\"@id\":\"https:\\\/\\\/www.fitt.com\\\/de\\\/news\\\/fitt-a-foire-de-paris\\\/#primaryimage\"},\"thumbnailUrl\":\"https:\\\/\\\/www.fitt.com\\\/wp-content\\\/uploads\\\/2018\\\/04\\\/FITT-Foire-de-Paris-1600x650-1.jpg\",\"datePublished\":\"2018-04-11T22:00:00+00:00\",\"dateModified\":\"2022-08-10T07:26:18+00:00\",\"breadcrumb\":{\"@id\":\"https:\\\/\\\/www.fitt.com\\\/de\\\/news\\\/fitt-a-foire-de-paris\\\/#breadcrumb\"},\"inLanguage\":\"de\",\"potentialAction\":[{\"@type\":\"ReadAction\",\"target\":[\"https:\\\/\\\/www.fitt.com\\\/de\\\/news\\\/fitt-a-foire-de-paris\\\/\"]}]},{\"@type\":\"ImageObject\",\"inLanguage\":\"de\",\"@id\":\"https:\\\/\\\/www.fitt.com\\\/de\\\/news\\\/fitt-a-foire-de-paris\\\/#primaryimage\",\"url\":\"https:\\\/\\\/www.fitt.com\\\/wp-content\\\/uploads\\\/2018\\\/04\\\/FITT-Foire-de-Paris-1600x650-1.jpg\",\"contentUrl\":\"https:\\\/\\\/www.fitt.com\\\/wp-content\\\/uploads\\\/2018\\\/04\\\/FITT-Foire-de-Paris-1600x650-1.jpg\",\"width\":1280,\"height\":520},{\"@type\":\"BreadcrumbList\",\"@id\":\"https:\\\/\\\/www.fitt.com\\\/de\\\/news\\\/fitt-a-foire-de-paris\\\/#breadcrumb\",\"itemListElement\":[{\"@type\":\"ListItem\",\"position\":1,\"name\":\"Home\",\"item\":\"https:\\\/\\\/www.fitt.com\\\/de\\\/\"},{\"@type\":\"ListItem\",\"position\":2,\"name\":\"FITT beim Foire de Paris\"}]},{\"@type\":\"WebSite\",\"@id\":\"https:\\\/\\\/www.fitt.com\\\/de\\\/#website\",\"url\":\"https:\\\/\\\/www.fitt.com\\\/de\\\/\",\"name\":\"FITT\",\"description\":\"FITT Spa\",\"publisher\":{\"@id\":\"https:\\\/\\\/www.fitt.com\\\/de\\\/#organization\"},\"potentialAction\":[{\"@type\":\"SearchAction\",\"target\":{\"@type\":\"EntryPoint\",\"urlTemplate\":\"https:\\\/\\\/www.fitt.com\\\/de\\\/?s={search_term_string}\"},\"query-input\":{\"@type\":\"PropertyValueSpecification\",\"valueRequired\":true,\"valueName\":\"search_term_string\"}}],\"inLanguage\":\"de\"},{\"@type\":\"Organization\",\"@id\":\"https:\\\/\\\/www.fitt.com\\\/de\\\/#organization\",\"name\":\"Fitt SPA\",\"url\":\"https:\\\/\\\/www.fitt.com\\\/de\\\/\",\"logo\":{\"@type\":\"ImageObject\",\"inLanguage\":\"de\",\"@id\":\"https:\\\/\\\/www.fitt.com\\\/de\\\/#\\\/schema\\\/logo\\\/image\\\/\",\"url\":\"https:\\\/\\\/www.fitt.com\\\/wp-content\\\/uploads\\\/2022\\\/05\\\/logo-light.png\",\"contentUrl\":\"https:\\\/\\\/www.fitt.com\\\/wp-content\\\/uploads\\\/2022\\\/05\\\/logo-light.png\",\"width\":827,\"height\":508,\"caption\":\"Fitt SPA\"},\"image\":{\"@id\":\"https:\\\/\\\/www.fitt.com\\\/de\\\/#\\\/schema\\\/logo\\\/image\\\/\"}},{\"@type\":\"Person\",\"@id\":\"https:\\\/\\\/www.fitt.com\\\/de\\\/#\\\/schema\\\/person\\\/88ed5d9863be31118f9ec9ee37f028a2\",\"name\":\"system\",\"sameAs\":[\"https:\\\/\\\/www.fitt.com\\\/\"]}]}<\/script>\n<!-- \/ Yoast SEO Premium plugin. -->","yoast_head_json":{"title":"FITT beim Foire de Paris - FITT","robots":{"index":"index","follow":"follow","max-snippet":"max-snippet:-1","max-image-preview":"max-image-preview:large","max-video-preview":"max-video-preview:-1"},"canonical":"https:\/\/www.fitt.com\/de\/news\/fitt-a-foire-de-paris\/","og_locale":"de_DE","og_type":"article","og_title":"FITT beim Foire de Paris","og_description":"Vom 27. April bis 8. Mai nimmt FITT am&nbsp;Foire de Paris, der seit 112 Jahren&nbsp;gr\u00f6\u00dften Living-Ausstellung Europasteil, die auf der Pariser Expo Porte de Versailles stattfindet und 3.500 Aussteller umfasst. Auf diesem einzigartigen Event k\u00f6nnen die Besucher Produkte f\u00fcr Haushalt, Freizeit, Gastronomie, Sch\u00f6nheitspflege und vieles mehr entdecken, testen und vergleichen. Mit dabei ist auch&nbsp;YOYO,&nbsp;das rote, [&hellip;]","og_url":"https:\/\/www.fitt.com\/de\/news\/fitt-a-foire-de-paris\/","og_site_name":"FITT","article_published_time":"2018-04-11T22:00:00+00:00","article_modified_time":"2022-08-10T07:26:18+00:00","og_image":[{"width":1280,"height":520,"url":"https:\/\/www.fitt.com\/wp-content\/uploads\/2018\/04\/FITT-Foire-de-Paris-1600x650-1.jpg","type":"image\/jpeg"}],"author":"system","twitter_card":"summary_large_image","twitter_misc":{"Verfasst von":"system","Gesch\u00e4tzte Lesezeit":"1\u00a0Minute"},"schema":{"@context":"https:\/\/schema.org","@graph":[{"@type":"Article","@id":"https:\/\/www.fitt.com\/de\/news\/fitt-a-foire-de-paris\/#article","isPartOf":{"@id":"https:\/\/www.fitt.com\/de\/news\/fitt-a-foire-de-paris\/"},"author":{"name":"system","@id":"https:\/\/www.fitt.com\/de\/#\/schema\/person\/88ed5d9863be31118f9ec9ee37f028a2"},"headline":"FITT beim Foire de Paris","datePublished":"2018-04-11T22:00:00+00:00","dateModified":"2022-08-10T07:26:18+00:00","mainEntityOfPage":{"@id":"https:\/\/www.fitt.com\/de\/news\/fitt-a-foire-de-paris\/"},"wordCount":184,"publisher":{"@id":"https:\/\/www.fitt.com\/de\/#organization"},"image":{"@id":"https:\/\/www.fitt.com\/de\/news\/fitt-a-foire-de-paris\/#primaryimage"},"thumbnailUrl":"https:\/\/www.fitt.com\/wp-content\/uploads\/2018\/04\/FITT-Foire-de-Paris-1600x650-1.jpg","articleSection":["Eventi","Garden"],"inLanguage":"de"},{"@type":"WebPage","@id":"https:\/\/www.fitt.com\/de\/news\/fitt-a-foire-de-paris\/","url":"https:\/\/www.fitt.com\/de\/news\/fitt-a-foire-de-paris\/","name":"FITT beim Foire de Paris - FITT","isPartOf":{"@id":"https:\/\/www.fitt.com\/de\/#website"},"primaryImageOfPage":{"@id":"https:\/\/www.fitt.com\/de\/news\/fitt-a-foire-de-paris\/#primaryimage"},"image":{"@id":"https:\/\/www.fitt.com\/de\/news\/fitt-a-foire-de-paris\/#primaryimage"},"thumbnailUrl":"https:\/\/www.fitt.com\/wp-content\/uploads\/2018\/04\/FITT-Foire-de-Paris-1600x650-1.jpg","datePublished":"2018-04-11T22:00:00+00:00","dateModified":"2022-08-10T07:26:18+00:00","breadcrumb":{"@id":"https:\/\/www.fitt.com\/de\/news\/fitt-a-foire-de-paris\/#breadcrumb"},"inLanguage":"de","potentialAction":[{"@type":"ReadAction","target":["https:\/\/www.fitt.com\/de\/news\/fitt-a-foire-de-paris\/"]}]},{"@type":"ImageObject","inLanguage":"de","@id":"https:\/\/www.fitt.com\/de\/news\/fitt-a-foire-de-paris\/#primaryimage","url":"https:\/\/www.fitt.com\/wp-content\/uploads\/2018\/04\/FITT-Foire-de-Paris-1600x650-1.jpg","contentUrl":"https:\/\/www.fitt.com\/wp-content\/uploads\/2018\/04\/FITT-Foire-de-Paris-1600x650-1.jpg","width":1280,"height":520},{"@type":"BreadcrumbList","@id":"https:\/\/www.fitt.com\/de\/news\/fitt-a-foire-de-paris\/#breadcrumb","itemListElement":[{"@type":"ListItem","position":1,"name":"Home","item":"https:\/\/www.fitt.com\/de\/"},{"@type":"ListItem","position":2,"name":"FITT beim Foire de Paris"}]},{"@type":"WebSite","@id":"https:\/\/www.fitt.com\/de\/#website","url":"https:\/\/www.fitt.com\/de\/","name":"FITT","description":"FITT Spa","publisher":{"@id":"https:\/\/www.fitt.com\/de\/#organization"},"potentialAction":[{"@type":"SearchAction","target":{"@type":"EntryPoint","urlTemplate":"https:\/\/www.fitt.com\/de\/?s={search_term_string}"},"query-input":{"@type":"PropertyValueSpecification","valueRequired":true,"valueName":"search_term_string"}}],"inLanguage":"de"},{"@type":"Organization","@id":"https:\/\/www.fitt.com\/de\/#organization","name":"Fitt SPA","url":"https:\/\/www.fitt.com\/de\/","logo":{"@type":"ImageObject","inLanguage":"de","@id":"https:\/\/www.fitt.com\/de\/#\/schema\/logo\/image\/","url":"https:\/\/www.fitt.com\/wp-content\/uploads\/2022\/05\/logo-light.png","contentUrl":"https:\/\/www.fitt.com\/wp-content\/uploads\/2022\/05\/logo-light.png","width":827,"height":508,"caption":"Fitt SPA"},"image":{"@id":"https:\/\/www.fitt.com\/de\/#\/schema\/logo\/image\/"}},{"@type":"Person","@id":"https:\/\/www.fitt.com\/de\/#\/schema\/person\/88ed5d9863be31118f9ec9ee37f028a2","name":"system","sameAs":["https:\/\/www.fitt.com\/"]}]}},"_links":{"self":[{"href":"https:\/\/www.fitt.com\/de\/wp-json\/wp\/v2\/posts\/15522","targetHints":{"allow":["GET"]}}],"collection":[{"href":"https:\/\/www.fitt.com\/de\/wp-json\/wp\/v2\/posts"}],"about":[{"href":"https:\/\/www.fitt.com\/de\/wp-json\/wp\/v2\/types\/post"}],"author":[{"embeddable":true,"href":"https:\/\/www.fitt.com\/de\/wp-json\/wp\/v2\/users\/1"}],"replies":[{"embeddable":true,"href":"https:\/\/www.fitt.com\/de\/wp-json\/wp\/v2\/comments?post=15522"}],"version-history":[{"count":1,"href":"https:\/\/www.fitt.com\/de\/wp-json\/wp\/v2\/posts\/15522\/revisions"}],"predecessor-version":[{"id":15523,"href":"https:\/\/www.fitt.com\/de\/wp-json\/wp\/v2\/posts\/15522\/revisions\/15523"}],"wp:featuredmedia":[{"embeddable":true,"href":"https:\/\/www.fitt.com\/de\/wp-json\/wp\/v2\/media\/14293"}],"wp:attachment":[{"href":"https:\/\/www.fitt.com\/de\/wp-json\/wp\/v2\/media?parent=15522"}],"wp:term":[{"taxonomy":"category","embeddable":true,"href":"https:\/\/www.fitt.com\/de\/wp-json\/wp\/v2\/categories?post=15522"},{"taxonomy":"post_tag","embeddable":true,"href":"https:\/\/www.fitt.com\/de\/wp-json\/wp\/v2\/tags?post=15522"}],"curies":[{"name":"wp","href":"https:\/\/api.w.org\/{rel}","templated":true}]}}