{"id":15513,"date":"2019-01-31T00:00:00","date_gmt":"2019-01-30T23:00:00","guid":{"rendered":"https:\/\/www.fitt.com\/news\/tour-delleuropa-per-fitt\/"},"modified":"2022-08-10T09:09:25","modified_gmt":"2022-08-10T07:09:25","slug":"rundreise-durch-europa-fur-fitt","status":"publish","type":"post","link":"https:\/\/www.fitt.com\/de\/news\/rundreise-durch-europa-fur-fitt\/","title":{"rendered":"Rundreise durch Europa f\u00fcr FITT"},"content":{"rendered":"<div class='custom_gallery' data-module='gallery-modal'>\n<div class='outside-gallery-container row'>\n<div class='col-md-4 col-sm-6 btn-modal'>\n<div class='image-container' data-index='0'>\n<img decoding=\"async\" src=\"https:\/\/www.fitt.com\/wp-content\/uploads\/2019\/01\/5dbed6c8c79aae7fcb15c0269f147c0085d83d3c33593512522c5167e00f2b1c.jpg\"><\/div>\n<\/div>\n<div class='col-md-4 col-sm-6 btn-modal'>\n<div class='image-container' data-index='1'>\n<img decoding=\"async\" src=\"https:\/\/www.fitt.com\/wp-content\/uploads\/2019\/01\/20190118_100122.jpg\"><\/div>\n<\/div>\n<div class='col-md-4 col-sm-6 btn-modal'>\n<div class='image-container' data-index='2'>\n<img decoding=\"async\" src=\"https:\/\/www.fitt.com\/wp-content\/uploads\/2019\/01\/20190121_115024.jpg\"><\/div>\n<\/div>\n<div class='col-md-4 col-sm-6 btn-modal'>\n<div class='image-container' data-index='3'>\n<img decoding=\"async\" src=\"https:\/\/www.fitt.com\/wp-content\/uploads\/2019\/01\/IMG-20190114-WA0018.jpg\"><\/div>\n<\/div>\n<div class='col-md-4 col-sm-6 btn-modal'>\n<div class='image-container' data-index='4'>\n<img decoding=\"async\" src=\"https:\/\/www.fitt.com\/wp-content\/uploads\/2019\/01\/IMG-20190121-WA0000.jpg\"><\/div>\n<\/div>\n<div class='col-md-4 col-sm-6 btn-modal'>\n<div class='image-container' data-index='5'>\n<img decoding=\"async\" src=\"https:\/\/www.fitt.com\/wp-content\/uploads\/2019\/01\/IMG-20190121-WA0001.jpg\"><\/div>\n<\/div>\n<div class='col-md-4 col-sm-6 btn-modal'>\n<div class='image-container' data-index='6'>\n<img decoding=\"async\" src=\"https:\/\/www.fitt.com\/wp-content\/uploads\/2019\/01\/Img-LinkedIn.jpg\"><\/div>\n<\/div>\n<div class='col-md-4 col-sm-6 btn-modal'>\n<div class='image-container' data-index='7'>\n<img decoding=\"async\" src=\"https:\/\/www.fitt.com\/wp-content\/uploads\/2019\/01\/20190117_093446.jpg\"><\/div>\n<\/div>\n<div class='col-md-4 col-sm-6 btn-modal'>\n<div class='image-container' data-index='8'>\n<img decoding=\"async\" src=\"https:\/\/www.fitt.com\/wp-content\/uploads\/2019\/01\/20190117_112047.jpg\"><\/div>\n<\/div>\n<\/div>\n\n      <div class=\"ud_modal modal-js js_gallery\">\n        <div class=\"box\">\n          <div class=\"btn-close\">\n            <span class=\"icon-close\">\n              <svg viewBox=\"0 0 27 27\" xmlns=\"http:\/\/www.w3.org\/2000\/svg\">\n                <rect id=\"rect-1\" x=\"2.25146\" y=\"0.129944\" width=\"35\" height=\"3\" rx=\"1.5\" transform=\"rotate(45 2.25146 0.129944)\"\/>\n                <rect id=\"rect-2\" width=\"35\" height=\"3\" rx=\"1.5\" transform=\"matrix(-0.707107 0.707107 0.707107 0.707107 24.8135 0.0649719)\"\/>\n              <\/svg>\n            <\/span>\n          <\/div>\n          <div class=\"content mx-md-n32\">\n            <div class=\"slider\">\n              <div class=\"swiper-wrapper\">\n                <div class='swiper-slide'>\n<img decoding=\"async\" src=\"https:\/\/www.fitt.com\/wp-content\/uploads\/2019\/01\/5dbed6c8c79aae7fcb15c0269f147c0085d83d3c33593512522c5167e00f2b1c.jpg\"><\/div>\n<div class='swiper-slide'>\n<img decoding=\"async\" src=\"https:\/\/www.fitt.com\/wp-content\/uploads\/2019\/01\/20190118_100122.jpg\"><\/div>\n<div class='swiper-slide'>\n<img decoding=\"async\" src=\"https:\/\/www.fitt.com\/wp-content\/uploads\/2019\/01\/20190121_115024.jpg\"><\/div>\n<div class='swiper-slide'>\n<img decoding=\"async\" src=\"https:\/\/www.fitt.com\/wp-content\/uploads\/2019\/01\/IMG-20190114-WA0018.jpg\"><\/div>\n<div class='swiper-slide'>\n<img decoding=\"async\" src=\"https:\/\/www.fitt.com\/wp-content\/uploads\/2019\/01\/IMG-20190121-WA0000.jpg\"><\/div>\n<div class='swiper-slide'>\n<img decoding=\"async\" src=\"https:\/\/www.fitt.com\/wp-content\/uploads\/2019\/01\/IMG-20190121-WA0001.jpg\"><\/div>\n<div class='swiper-slide'>\n<img decoding=\"async\" src=\"https:\/\/www.fitt.com\/wp-content\/uploads\/2019\/01\/Img-LinkedIn.jpg\"><\/div>\n<div class='swiper-slide'>\n<img decoding=\"async\" src=\"https:\/\/www.fitt.com\/wp-content\/uploads\/2019\/01\/20190117_093446.jpg\"><\/div>\n<div class='swiper-slide'>\n<img decoding=\"async\" src=\"https:\/\/www.fitt.com\/wp-content\/uploads\/2019\/01\/20190117_112047.jpg\"><\/div>\n\n              <\/div>\n            <\/div>\n          <\/div>\n\n          <div class=\"ud_slider__nav--prev\">\n            <svg fill=\"none\" height=\"20\" viewBox=\"0 0 14 20\" width=\"14\" xmlns=\"http:\/\/www.w3.org\/2000\/svg\">\n              <path d=\"m12.9706 9.20759c.52.40031.52 1.18451 0 1.58481l-10.8606 8.3605c-.65757.5062-1.609999.0375-1.609999-.7924l-.000001-16.72102c0-.829843.95243-1.298607 1.60999-.79241z\" fill=\"#000\"><\/path>\n            <\/svg>\n          <\/div>\n          <div class=\"ud_slider__nav--next\">\n            <svg fill=\"none\" height=\"20\" viewBox=\"0 0 14 20\" width=\"14\" xmlns=\"http:\/\/www.w3.org\/2000\/svg\">\n              <path d=\"m12.9706 9.20759c.52.40031.52 1.18451 0 1.58481l-10.8606 8.3605c-.65757.5062-1.609999.0375-1.609999-.7924l-.000001-16.72102c0-.829843.95243-1.298607 1.60999-.79241z\" fill=\"#000\"><\/path>\n            <\/svg>\n          <\/div>\n        <\/div>\n      <\/div>\n    <\/div>\n<p>Da es bis zum Fr\u00fchling und Beginn der neuen Gartensaison nicht mehr weit ist, war der Januar f\u00fcr&nbsp;<a href=\"\"https:\/\/www.fitt.com\/de\"\" rel=\"\"noopener\"\" target=\"\"_blank\"\">FITT<\/a>&nbsp;ein idealer Moment, um die Verbindungen zu den Garten-Centern in Deutschland, Italien und Gro\u00dfbritannien zu vertiefen, strategischen Absatzkan\u00e4len f\u00fcr&nbsp;<a href=\"\"https:\/\/yoyo.fitt.com\/de\/\"\" rel=\"\"noopener\"\" target=\"\"_blank\"\">YOYO<\/a>&nbsp;in den Ausf\u00fchrungen Bag und Club.<br \/>\nFITT nahm als&nbsp;<strong>Mitglied<\/strong>&nbsp;der Vereinigungen&nbsp;<a href=\"\"https:\/\/www.garten-center.de\/\"\" rel=\"\"noopener\"\" target=\"\"_blank\"\">VDG<\/a>,&nbsp;<a href=\"\"http:\/\/www.aicg.it\/\"\" rel=\"\"noopener\"\" target=\"\"_blank\"\">AICG<\/a>&nbsp;und&nbsp;<a href=\"\"https:\/\/gca.org.uk\/\"\" rel=\"\"noopener\"\" target=\"\"_blank\"\">GCA<\/a>, den Verb\u00e4nden der deutschen, italienischen und englischen Garten-Center, an den jeweiligen L\u00e4nder-Tagungen in Berlin, Brindisi und Luton teil.<\/p>\n<p>Bei diesen drei Treffen konnte&nbsp;<strong>FITT<\/strong>&nbsp;gegen\u00fcber den Garten-Centern&nbsp;<strong>die Bedeutung seines qualitativ hochwertigen Angebots<\/strong>&nbsp;nicht nur in Bezug auf das Produkt an sich, sondern auch auf seine langj\u00e4hrigen Erfahrungen und das Augenmerk auf die Kundenbed\u00fcrfnisse verdeutlichen.<\/p>\n<p>Garden-Center sind Orte, die von einem breiten Publikum aus Interessierten, Profis und Familien nicht nur aufgesucht werden, um Produkte zu erwerben, sondern auch um Erlebnisse und Erfahrungen zu sammeln. Daher ist es besonders wichtig, d<strong>as Angebot zu differenzieren, kundenspezifisch abzustimmen und mit Botschaften zu f\u00fcllen<\/strong>, die von den Besuchern empfangen und aufgenommen werden.<\/p>\n<p>Damit setzt FITT die im letzten Jahr begonnene Strategie fort,&nbsp;<strong>die auf der Bereitstellung von anspruchsvollen Produkten, Informationen und Erfahrungen<\/strong>&nbsp;f\u00fcr unterschiedlichste Arten von Naturfans basiert.<\/p>\n","protected":false},"excerpt":{"rendered":"<p>Da es bis zum Fr\u00fchling und Beginn der neuen Gartensaison nicht mehr weit ist, war der Januar f\u00fcr&nbsp;FITT&nbsp;ein idealer Moment, um die Verbindungen zu den Garten-Centern in Deutschland, Italien und Gro\u00dfbritannien zu vertiefen, strategischen Absatzkan\u00e4len f\u00fcr&nbsp;YOYO&nbsp;in den Ausf\u00fchrungen Bag und Club. FITT nahm als&nbsp;Mitglied&nbsp;der Vereinigungen&nbsp;VDG,&nbsp;AICG&nbsp;und&nbsp;GCA, den Verb\u00e4nden der deutschen, italienischen und englischen Garten-Center, an den [&hellip;]<\/p>\n","protected":false},"author":1,"featured_media":14183,"comment_status":"closed","ping_status":"open","sticky":false,"template":"","format":"standard","meta":{"_acf_changed":false,"footnotes":""},"categories":[391,390],"tags":[],"class_list":["post-15513","post","type-post","status-publish","format-standard","has-post-thumbnail","hentry","category-garden-de","category-news-de"],"acf":[],"yoast_head":"<!-- This site is optimized with the Yoast SEO Premium plugin v24.1 (Yoast SEO v27.3) - https:\/\/yoast.com\/product\/yoast-seo-premium-wordpress\/ -->\n<title>Rundreise durch Europa f\u00fcr FITT - FITT<\/title>\n<meta name=\"robots\" content=\"index, follow, max-snippet:-1, max-image-preview:large, max-video-preview:-1\" \/>\n<link rel=\"canonical\" href=\"https:\/\/www.fitt.com\/de\/news\/rundreise-durch-europa-fur-fitt\/\" \/>\n<meta property=\"og:locale\" content=\"de_DE\" \/>\n<meta property=\"og:type\" content=\"article\" \/>\n<meta property=\"og:title\" content=\"Rundreise durch Europa f\u00fcr FITT\" \/>\n<meta property=\"og:description\" content=\"Da es bis zum Fr\u00fchling und Beginn der neuen Gartensaison nicht mehr weit ist, war der Januar f\u00fcr&nbsp;FITT&nbsp;ein idealer Moment, um die Verbindungen zu den Garten-Centern in Deutschland, Italien und Gro\u00dfbritannien zu vertiefen, strategischen Absatzkan\u00e4len f\u00fcr&nbsp;YOYO&nbsp;in den Ausf\u00fchrungen Bag und Club. FITT nahm als&nbsp;Mitglied&nbsp;der Vereinigungen&nbsp;VDG,&nbsp;AICG&nbsp;und&nbsp;GCA, den Verb\u00e4nden der deutschen, italienischen und englischen Garten-Center, an den [&hellip;]\" \/>\n<meta property=\"og:url\" content=\"https:\/\/www.fitt.com\/de\/news\/rundreise-durch-europa-fur-fitt\/\" \/>\n<meta property=\"og:site_name\" content=\"FITT\" \/>\n<meta property=\"article:published_time\" content=\"2019-01-30T23:00:00+00:00\" \/>\n<meta property=\"article:modified_time\" content=\"2022-08-10T07:09:25+00:00\" \/>\n<meta property=\"og:image\" content=\"https:\/\/www.fitt.com\/wp-content\/uploads\/2019\/01\/tour-europa-FITT-header-1600x650-1.jpg\" \/>\n\t<meta property=\"og:image:width\" content=\"1280\" \/>\n\t<meta property=\"og:image:height\" content=\"520\" \/>\n\t<meta property=\"og:image:type\" content=\"image\/jpeg\" \/>\n<meta name=\"author\" content=\"system\" \/>\n<meta name=\"twitter:card\" content=\"summary_large_image\" \/>\n<meta name=\"twitter:label1\" content=\"Verfasst von\" \/>\n\t<meta name=\"twitter:data1\" content=\"system\" \/>\n\t<meta name=\"twitter:label2\" content=\"Gesch\u00e4tzte Lesezeit\" \/>\n\t<meta name=\"twitter:data2\" content=\"1\u00a0Minute\" \/>\n<script type=\"application\/ld+json\" class=\"yoast-schema-graph\">{\"@context\":\"https:\\\/\\\/schema.org\",\"@graph\":[{\"@type\":\"Article\",\"@id\":\"https:\\\/\\\/www.fitt.com\\\/de\\\/news\\\/rundreise-durch-europa-fur-fitt\\\/#article\",\"isPartOf\":{\"@id\":\"https:\\\/\\\/www.fitt.com\\\/de\\\/news\\\/rundreise-durch-europa-fur-fitt\\\/\"},\"author\":{\"name\":\"system\",\"@id\":\"https:\\\/\\\/www.fitt.com\\\/de\\\/#\\\/schema\\\/person\\\/88ed5d9863be31118f9ec9ee37f028a2\"},\"headline\":\"Rundreise durch Europa f\u00fcr FITT\",\"datePublished\":\"2019-01-30T23:00:00+00:00\",\"dateModified\":\"2022-08-10T07:09:25+00:00\",\"mainEntityOfPage\":{\"@id\":\"https:\\\/\\\/www.fitt.com\\\/de\\\/news\\\/rundreise-durch-europa-fur-fitt\\\/\"},\"wordCount\":226,\"publisher\":{\"@id\":\"https:\\\/\\\/www.fitt.com\\\/de\\\/#organization\"},\"image\":{\"@id\":\"https:\\\/\\\/www.fitt.com\\\/de\\\/news\\\/rundreise-durch-europa-fur-fitt\\\/#primaryimage\"},\"thumbnailUrl\":\"https:\\\/\\\/www.fitt.com\\\/wp-content\\\/uploads\\\/2019\\\/01\\\/tour-europa-FITT-header-1600x650-1.jpg\",\"articleSection\":[\"Garden\",\"News\"],\"inLanguage\":\"de\"},{\"@type\":\"WebPage\",\"@id\":\"https:\\\/\\\/www.fitt.com\\\/de\\\/news\\\/rundreise-durch-europa-fur-fitt\\\/\",\"url\":\"https:\\\/\\\/www.fitt.com\\\/de\\\/news\\\/rundreise-durch-europa-fur-fitt\\\/\",\"name\":\"Rundreise durch Europa f\u00fcr FITT - FITT\",\"isPartOf\":{\"@id\":\"https:\\\/\\\/www.fitt.com\\\/de\\\/#website\"},\"primaryImageOfPage\":{\"@id\":\"https:\\\/\\\/www.fitt.com\\\/de\\\/news\\\/rundreise-durch-europa-fur-fitt\\\/#primaryimage\"},\"image\":{\"@id\":\"https:\\\/\\\/www.fitt.com\\\/de\\\/news\\\/rundreise-durch-europa-fur-fitt\\\/#primaryimage\"},\"thumbnailUrl\":\"https:\\\/\\\/www.fitt.com\\\/wp-content\\\/uploads\\\/2019\\\/01\\\/tour-europa-FITT-header-1600x650-1.jpg\",\"datePublished\":\"2019-01-30T23:00:00+00:00\",\"dateModified\":\"2022-08-10T07:09:25+00:00\",\"breadcrumb\":{\"@id\":\"https:\\\/\\\/www.fitt.com\\\/de\\\/news\\\/rundreise-durch-europa-fur-fitt\\\/#breadcrumb\"},\"inLanguage\":\"de\",\"potentialAction\":[{\"@type\":\"ReadAction\",\"target\":[\"https:\\\/\\\/www.fitt.com\\\/de\\\/news\\\/rundreise-durch-europa-fur-fitt\\\/\"]}]},{\"@type\":\"ImageObject\",\"inLanguage\":\"de\",\"@id\":\"https:\\\/\\\/www.fitt.com\\\/de\\\/news\\\/rundreise-durch-europa-fur-fitt\\\/#primaryimage\",\"url\":\"https:\\\/\\\/www.fitt.com\\\/wp-content\\\/uploads\\\/2019\\\/01\\\/tour-europa-FITT-header-1600x650-1.jpg\",\"contentUrl\":\"https:\\\/\\\/www.fitt.com\\\/wp-content\\\/uploads\\\/2019\\\/01\\\/tour-europa-FITT-header-1600x650-1.jpg\",\"width\":1280,\"height\":520},{\"@type\":\"BreadcrumbList\",\"@id\":\"https:\\\/\\\/www.fitt.com\\\/de\\\/news\\\/rundreise-durch-europa-fur-fitt\\\/#breadcrumb\",\"itemListElement\":[{\"@type\":\"ListItem\",\"position\":1,\"name\":\"Home\",\"item\":\"https:\\\/\\\/www.fitt.com\\\/de\\\/\"},{\"@type\":\"ListItem\",\"position\":2,\"name\":\"Rundreise durch Europa f\u00fcr FITT\"}]},{\"@type\":\"WebSite\",\"@id\":\"https:\\\/\\\/www.fitt.com\\\/de\\\/#website\",\"url\":\"https:\\\/\\\/www.fitt.com\\\/de\\\/\",\"name\":\"FITT\",\"description\":\"FITT Spa\",\"publisher\":{\"@id\":\"https:\\\/\\\/www.fitt.com\\\/de\\\/#organization\"},\"potentialAction\":[{\"@type\":\"SearchAction\",\"target\":{\"@type\":\"EntryPoint\",\"urlTemplate\":\"https:\\\/\\\/www.fitt.com\\\/de\\\/?s={search_term_string}\"},\"query-input\":{\"@type\":\"PropertyValueSpecification\",\"valueRequired\":true,\"valueName\":\"search_term_string\"}}],\"inLanguage\":\"de\"},{\"@type\":\"Organization\",\"@id\":\"https:\\\/\\\/www.fitt.com\\\/de\\\/#organization\",\"name\":\"Fitt SPA\",\"url\":\"https:\\\/\\\/www.fitt.com\\\/de\\\/\",\"logo\":{\"@type\":\"ImageObject\",\"inLanguage\":\"de\",\"@id\":\"https:\\\/\\\/www.fitt.com\\\/de\\\/#\\\/schema\\\/logo\\\/image\\\/\",\"url\":\"https:\\\/\\\/www.fitt.com\\\/wp-content\\\/uploads\\\/2022\\\/05\\\/logo-light.png\",\"contentUrl\":\"https:\\\/\\\/www.fitt.com\\\/wp-content\\\/uploads\\\/2022\\\/05\\\/logo-light.png\",\"width\":827,\"height\":508,\"caption\":\"Fitt SPA\"},\"image\":{\"@id\":\"https:\\\/\\\/www.fitt.com\\\/de\\\/#\\\/schema\\\/logo\\\/image\\\/\"}},{\"@type\":\"Person\",\"@id\":\"https:\\\/\\\/www.fitt.com\\\/de\\\/#\\\/schema\\\/person\\\/88ed5d9863be31118f9ec9ee37f028a2\",\"name\":\"system\",\"sameAs\":[\"https:\\\/\\\/www.fitt.com\\\/\"]}]}<\/script>\n<!-- \/ Yoast SEO Premium plugin. -->","yoast_head_json":{"title":"Rundreise durch Europa f\u00fcr FITT - FITT","robots":{"index":"index","follow":"follow","max-snippet":"max-snippet:-1","max-image-preview":"max-image-preview:large","max-video-preview":"max-video-preview:-1"},"canonical":"https:\/\/www.fitt.com\/de\/news\/rundreise-durch-europa-fur-fitt\/","og_locale":"de_DE","og_type":"article","og_title":"Rundreise durch Europa f\u00fcr FITT","og_description":"Da es bis zum Fr\u00fchling und Beginn der neuen Gartensaison nicht mehr weit ist, war der Januar f\u00fcr&nbsp;FITT&nbsp;ein idealer Moment, um die Verbindungen zu den Garten-Centern in Deutschland, Italien und Gro\u00dfbritannien zu vertiefen, strategischen Absatzkan\u00e4len f\u00fcr&nbsp;YOYO&nbsp;in den Ausf\u00fchrungen Bag und Club. FITT nahm als&nbsp;Mitglied&nbsp;der Vereinigungen&nbsp;VDG,&nbsp;AICG&nbsp;und&nbsp;GCA, den Verb\u00e4nden der deutschen, italienischen und englischen Garten-Center, an den [&hellip;]","og_url":"https:\/\/www.fitt.com\/de\/news\/rundreise-durch-europa-fur-fitt\/","og_site_name":"FITT","article_published_time":"2019-01-30T23:00:00+00:00","article_modified_time":"2022-08-10T07:09:25+00:00","og_image":[{"width":1280,"height":520,"url":"https:\/\/www.fitt.com\/wp-content\/uploads\/2019\/01\/tour-europa-FITT-header-1600x650-1.jpg","type":"image\/jpeg"}],"author":"system","twitter_card":"summary_large_image","twitter_misc":{"Verfasst von":"system","Gesch\u00e4tzte Lesezeit":"1\u00a0Minute"},"schema":{"@context":"https:\/\/schema.org","@graph":[{"@type":"Article","@id":"https:\/\/www.fitt.com\/de\/news\/rundreise-durch-europa-fur-fitt\/#article","isPartOf":{"@id":"https:\/\/www.fitt.com\/de\/news\/rundreise-durch-europa-fur-fitt\/"},"author":{"name":"system","@id":"https:\/\/www.fitt.com\/de\/#\/schema\/person\/88ed5d9863be31118f9ec9ee37f028a2"},"headline":"Rundreise durch Europa f\u00fcr FITT","datePublished":"2019-01-30T23:00:00+00:00","dateModified":"2022-08-10T07:09:25+00:00","mainEntityOfPage":{"@id":"https:\/\/www.fitt.com\/de\/news\/rundreise-durch-europa-fur-fitt\/"},"wordCount":226,"publisher":{"@id":"https:\/\/www.fitt.com\/de\/#organization"},"image":{"@id":"https:\/\/www.fitt.com\/de\/news\/rundreise-durch-europa-fur-fitt\/#primaryimage"},"thumbnailUrl":"https:\/\/www.fitt.com\/wp-content\/uploads\/2019\/01\/tour-europa-FITT-header-1600x650-1.jpg","articleSection":["Garden","News"],"inLanguage":"de"},{"@type":"WebPage","@id":"https:\/\/www.fitt.com\/de\/news\/rundreise-durch-europa-fur-fitt\/","url":"https:\/\/www.fitt.com\/de\/news\/rundreise-durch-europa-fur-fitt\/","name":"Rundreise durch Europa f\u00fcr FITT - FITT","isPartOf":{"@id":"https:\/\/www.fitt.com\/de\/#website"},"primaryImageOfPage":{"@id":"https:\/\/www.fitt.com\/de\/news\/rundreise-durch-europa-fur-fitt\/#primaryimage"},"image":{"@id":"https:\/\/www.fitt.com\/de\/news\/rundreise-durch-europa-fur-fitt\/#primaryimage"},"thumbnailUrl":"https:\/\/www.fitt.com\/wp-content\/uploads\/2019\/01\/tour-europa-FITT-header-1600x650-1.jpg","datePublished":"2019-01-30T23:00:00+00:00","dateModified":"2022-08-10T07:09:25+00:00","breadcrumb":{"@id":"https:\/\/www.fitt.com\/de\/news\/rundreise-durch-europa-fur-fitt\/#breadcrumb"},"inLanguage":"de","potentialAction":[{"@type":"ReadAction","target":["https:\/\/www.fitt.com\/de\/news\/rundreise-durch-europa-fur-fitt\/"]}]},{"@type":"ImageObject","inLanguage":"de","@id":"https:\/\/www.fitt.com\/de\/news\/rundreise-durch-europa-fur-fitt\/#primaryimage","url":"https:\/\/www.fitt.com\/wp-content\/uploads\/2019\/01\/tour-europa-FITT-header-1600x650-1.jpg","contentUrl":"https:\/\/www.fitt.com\/wp-content\/uploads\/2019\/01\/tour-europa-FITT-header-1600x650-1.jpg","width":1280,"height":520},{"@type":"BreadcrumbList","@id":"https:\/\/www.fitt.com\/de\/news\/rundreise-durch-europa-fur-fitt\/#breadcrumb","itemListElement":[{"@type":"ListItem","position":1,"name":"Home","item":"https:\/\/www.fitt.com\/de\/"},{"@type":"ListItem","position":2,"name":"Rundreise durch Europa f\u00fcr FITT"}]},{"@type":"WebSite","@id":"https:\/\/www.fitt.com\/de\/#website","url":"https:\/\/www.fitt.com\/de\/","name":"FITT","description":"FITT Spa","publisher":{"@id":"https:\/\/www.fitt.com\/de\/#organization"},"potentialAction":[{"@type":"SearchAction","target":{"@type":"EntryPoint","urlTemplate":"https:\/\/www.fitt.com\/de\/?s={search_term_string}"},"query-input":{"@type":"PropertyValueSpecification","valueRequired":true,"valueName":"search_term_string"}}],"inLanguage":"de"},{"@type":"Organization","@id":"https:\/\/www.fitt.com\/de\/#organization","name":"Fitt SPA","url":"https:\/\/www.fitt.com\/de\/","logo":{"@type":"ImageObject","inLanguage":"de","@id":"https:\/\/www.fitt.com\/de\/#\/schema\/logo\/image\/","url":"https:\/\/www.fitt.com\/wp-content\/uploads\/2022\/05\/logo-light.png","contentUrl":"https:\/\/www.fitt.com\/wp-content\/uploads\/2022\/05\/logo-light.png","width":827,"height":508,"caption":"Fitt SPA"},"image":{"@id":"https:\/\/www.fitt.com\/de\/#\/schema\/logo\/image\/"}},{"@type":"Person","@id":"https:\/\/www.fitt.com\/de\/#\/schema\/person\/88ed5d9863be31118f9ec9ee37f028a2","name":"system","sameAs":["https:\/\/www.fitt.com\/"]}]}},"_links":{"self":[{"href":"https:\/\/www.fitt.com\/de\/wp-json\/wp\/v2\/posts\/15513","targetHints":{"allow":["GET"]}}],"collection":[{"href":"https:\/\/www.fitt.com\/de\/wp-json\/wp\/v2\/posts"}],"about":[{"href":"https:\/\/www.fitt.com\/de\/wp-json\/wp\/v2\/types\/post"}],"author":[{"embeddable":true,"href":"https:\/\/www.fitt.com\/de\/wp-json\/wp\/v2\/users\/1"}],"replies":[{"embeddable":true,"href":"https:\/\/www.fitt.com\/de\/wp-json\/wp\/v2\/comments?post=15513"}],"version-history":[{"count":1,"href":"https:\/\/www.fitt.com\/de\/wp-json\/wp\/v2\/posts\/15513\/revisions"}],"predecessor-version":[{"id":15514,"href":"https:\/\/www.fitt.com\/de\/wp-json\/wp\/v2\/posts\/15513\/revisions\/15514"}],"wp:featuredmedia":[{"embeddable":true,"href":"https:\/\/www.fitt.com\/de\/wp-json\/wp\/v2\/media\/14183"}],"wp:attachment":[{"href":"https:\/\/www.fitt.com\/de\/wp-json\/wp\/v2\/media?parent=15513"}],"wp:term":[{"taxonomy":"category","embeddable":true,"href":"https:\/\/www.fitt.com\/de\/wp-json\/wp\/v2\/categories?post=15513"},{"taxonomy":"post_tag","embeddable":true,"href":"https:\/\/www.fitt.com\/de\/wp-json\/wp\/v2\/tags?post=15513"}],"curies":[{"name":"wp","href":"https:\/\/api.w.org\/{rel}","templated":true}]}}